{"id":12348,"date":"2026-02-16T21:27:26","date_gmt":"2026-02-17T00:27:26","guid":{"rendered":"https:\/\/radioclanfm.com\/clanespectaculos\/?p=12348"},"modified":"2026-02-16T21:27:26","modified_gmt":"2026-02-17T00:27:26","slug":"la-emocion-de-juli-puente-al-anunciar-el-sexo-y-el-nombre-de-su-bebe","status":"publish","type":"post","link":"https:\/\/radioclanfm.com\/clanespectaculos\/la-emocion-de-juli-puente-al-anunciar-el-sexo-y-el-nombre-de-su-bebe\/","title":{"rendered":"La emoci\u00f3n de Juli Puente al anunciar el sexo y el nombre de su beb\u00e9"},"content":{"rendered":"<p>La influencer mostr\u00f3 c\u00f3mo fue la revelaci\u00f3n de g\u00e9nero en un especial posteo.<\/p>\n<div class=\"col-content\"><main class=\"col-content\"><\/p>\n<div class=\"default-article-color article__body article__article\">\n<p class=\"paragraph font__body-regular\">Luego de anunciar su embarazo,\u00a0<b>Julieta Puente<\/b><b>\u00a0<\/b>hizo una \u00edntima\u00a0<b>celebraci\u00f3n para revelar el sexo del beb\u00e9<\/b>\u00a0junto a su marido, Facundo Miguelena, y comparti\u00f3 el video del especial momento en sus redes sociales.<\/p>\n<div class=\"AV6543bedcd858799fe90b5c47\">\n<div id=\"aniBox\">\n<div id=\"aniplayer_AV6543bedcd858799fe90b5c47-1771288007856\">\n<div id=\"aniplayer_AV6543bedcd858799fe90b5c47-1771288007856gui\">\n<div id=\"av-caption\">\n<div id=\"av-close-btn-overlay\" class=\"av-pos-top-left\"><\/div>\n<\/div>\n<\/div>\n<\/div>\n<\/div>\n<\/div>\n<div id=\"ad-slot-infeed\" class=\"infeed-container ad-slot-infeed ad-slot\" data-adtype=\"infeed\" data-lazyload=\"1\" data-google-query-id=\"COi80f-h35IDFRlc3QIdM64pzQ\">\n<div id=\"google_ads_iframe_\/113951150\/tn-arc\/nota\/infeed_0__container__\"><\/div>\n<\/div>\n<p class=\"paragraph font__body-regular\">Para el gran anuncio, el pap\u00e1 del beb\u00e9 sostuvo una bengala que lanz\u00f3 humo rosa al aire, confirmando que\u00a0<b>est\u00e1n esperando una nena.<\/b><\/p>\n<p class=\"paragraph font__body-regular\">En la descripci\u00f3n del posteo, tambi\u00e9n dieron a conocer el nombre de la beba: \u201cNo tiene sentido lo mucho que te manifestamos y so\u00f1amos desde mucho antes de que llegues,\u00a0<b>nuestra peque\u00f1a Serena<\/b>\u201d.<\/p>\n<figure class=\"\" data-testid=\"figure-testid\">\n<div class=\"aspect_ratio__container\"><picture class=\"responsive-image\"><source srcset=\"https:\/\/tn.com.ar\/resizer\/v2\/julieta-puente-anuncio-que-va-a-tener-una-nena-foto-instagramjulietapuente-TXJPA4Z5ERFHVI5UIPFKVXIFK4.PNG?auth=524ce0c33ebcd3897c068b1784a8d46bca05530062598a8972a737f2c7cfb0b4&amp;width=767\" type=\"image\/jpg\" media=\"(max-width: 728px)\" \/><source srcset=\"https:\/\/tn.com.ar\/resizer\/v2\/julieta-puente-anuncio-que-va-a-tener-una-nena-foto-instagramjulietapuente-TXJPA4Z5ERFHVI5UIPFKVXIFK4.PNG?auth=524ce0c33ebcd3897c068b1784a8d46bca05530062598a8972a737f2c7cfb0b4&amp;width=1023\" type=\"image\/jpg\" media=\"(max-width: 1023px)\" \/><source srcset=\"https:\/\/tn.com.ar\/resizer\/v2\/julieta-puente-anuncio-que-va-a-tener-una-nena-foto-instagramjulietapuente-TXJPA4Z5ERFHVI5UIPFKVXIFK4.PNG?auth=524ce0c33ebcd3897c068b1784a8d46bca05530062598a8972a737f2c7cfb0b4&amp;width=1440\" type=\"image\/jpg\" \/><img loading=\"lazy\" decoding=\"async\" class=\"image content-image image_placeholder\" src=\"https:\/\/tn.com.ar\/resizer\/v2\/julieta-puente-anuncio-que-va-a-tener-una-nena-foto-instagramjulietapuente-TXJPA4Z5ERFHVI5UIPFKVXIFK4.PNG?auth=524ce0c33ebcd3897c068b1784a8d46bca05530062598a8972a737f2c7cfb0b4&amp;width=767\" alt=\"Julieta Puente anunci\u00f3 que va a tener una nena. (Foto: Instagram\/julieta_puente)\" width=\"767\" height=\"604\" data-testid=\"loading-testid\" \/><\/picture><\/div><figcaption class=\"caption_image\" data-testid=\"figcaption-testid\">\n<div class=\"image_caption \">Julieta Puente anunci\u00f3 que va a tener una nena. (Foto: Instagram\/julieta_puente)<\/div>\n<\/figcaption><\/figure>\n<p class=\"paragraph font__body-regular\">\u201cUna mitad de pap\u00e1, otra de mam\u00e1.<b>\u00a0<\/b>Tenemos una ansiedad por conocerte<b>\u00a0<\/b>y, desde que nos enteramos de tu llegada, toda\u00a0<b>nuestra vida se ilumin\u00f3 por completo.<\/b>\u00a0Nuestra felicidad es tan grande como el amor con el que te esperamos, mi chiquita, mi Sere\u201d, escribi\u00f3 Julieta.<\/p>\n<p class=\"paragraph font__body-regular\">El video obtuvo m\u00e1s de\u00a0<b>tres millones de reproducciones<\/b>\u00a0e inmediatamente se llen\u00f3 de mensajes de cari\u00f1o y felicitaciones para la pareja.<\/p>\n<h2 class=\"font--primary font__display\">El dif\u00edcil tratamiento que hizo Julieta Puente para quedar embarazada<\/h2>\n<p class=\"paragraph font__body-regular\"><b>Julieta Puente<\/b><b>\u00a0<\/b>est\u00e1 atravesando uno de los momentos m\u00e1s felices de su vida. Luego de anunciar su embarazo, mostr\u00f3 parte del proceso que pas\u00f3 para lograrlo y\u00a0<b>cont\u00f3 que se realiz\u00f3 un tratamiento de fertilidad.<\/b><\/p>\n<p class=\"paragraph font__body-regular\">\u201c<b>Te so\u00f1amos con mucha fuerza y llegaste, beb\u00e9.<\/b>\u00a0Nuestro coraz\u00f3n est\u00e1 lleno de amor y te esperamos cada d\u00eda con m\u00e1s ganas que el anterior&#8221;, escribi\u00f3 en la publicaci\u00f3n.<\/p>\n<div class=\"genoa_video raw relative\">\n<div class=\"video_placeholder\">\n<div class=\"aspect_ratio__container\"><picture class=\"responsive-image\"><source srcset=\"https:\/\/tn.com.ar\/resizer\/v2\/https%3A%2F%2Fthumbs.vodgc.net%2F1-14-nUMdgZ1769688921470-1769689471.jpg?auth=38e7e43ab0cae68742d03b835f1b9de0f3bc34460a75c7e7f579d7826bd3481a&amp;width=767\" type=\"image\/jpg\" media=\"(max-width: 728px)\" \/><source srcset=\"https:\/\/tn.com.ar\/resizer\/v2\/https%3A%2F%2Fthumbs.vodgc.net%2F1-14-nUMdgZ1769688921470-1769689471.jpg?auth=38e7e43ab0cae68742d03b835f1b9de0f3bc34460a75c7e7f579d7826bd3481a&amp;width=1023\" type=\"image\/jpg\" media=\"(max-width: 1023px)\" \/><source srcset=\"https:\/\/tn.com.ar\/resizer\/v2\/https%3A%2F%2Fthumbs.vodgc.net%2F1-14-nUMdgZ1769688921470-1769689471.jpg?auth=38e7e43ab0cae68742d03b835f1b9de0f3bc34460a75c7e7f579d7826bd3481a&amp;width=1440\" type=\"image\/jpg\" \/><\/picture><\/div>\n<p><button type=\"button\" data-testid=\"video-placeholder-button\"><\/button><\/div>\n<\/div>\n<div class=\"genoa_description font__body-regular\"><\/div>\n<p class=\"paragraph font__body-regular\">En el video,\u00a0<b>se ve c\u00f3mo transit\u00f3 las distintas etapas del tratamiento:\u00a0<\/b>pas\u00f3 por la frustraci\u00f3n de test negativos y momentos de ansiedad, y dej\u00f3 en claro que no fue un camino f\u00e1cil.<\/p>\n<p class=\"paragraph font__body-regular\">Finalmente, lleg\u00f3 el momento del positivo y poco despu\u00e9s vivieron otras dos grandes situaciones: tuvieron la\u00a0<b>primera ecograf\u00eda<\/b>\u00a0<b>y escucharon los latidos del beb\u00e9.<\/b><\/p>\n<figure class=\"\" data-testid=\"figure-testid\">\n<div class=\"aspect_ratio__container\"><picture class=\"responsive-image\"><source srcset=\"https:\/\/tn.com.ar\/resizer\/v2\/julieta-puente-mostro-el-duro-camino-que-atraveso-hasta-quedar-embarazada-foto-instagramjulietapuente-6OD6J7M6DFAG5FI2LB5ZA7BDVI.PNG?auth=1229514c31819a5b034240a3ec179de9c16efa2ce63de872219e912ecf4cf553&amp;width=767\" type=\"image\/jpg\" media=\"(max-width: 728px)\" \/><source srcset=\"https:\/\/tn.com.ar\/resizer\/v2\/julieta-puente-mostro-el-duro-camino-que-atraveso-hasta-quedar-embarazada-foto-instagramjulietapuente-6OD6J7M6DFAG5FI2LB5ZA7BDVI.PNG?auth=1229514c31819a5b034240a3ec179de9c16efa2ce63de872219e912ecf4cf553&amp;width=1023\" type=\"image\/jpg\" media=\"(max-width: 1023px)\" \/><source srcset=\"https:\/\/tn.com.ar\/resizer\/v2\/julieta-puente-mostro-el-duro-camino-que-atraveso-hasta-quedar-embarazada-foto-instagramjulietapuente-6OD6J7M6DFAG5FI2LB5ZA7BDVI.PNG?auth=1229514c31819a5b034240a3ec179de9c16efa2ce63de872219e912ecf4cf553&amp;width=1440\" type=\"image\/jpg\" \/><img loading=\"lazy\" decoding=\"async\" class=\"image content-image image_placeholder\" src=\"https:\/\/tn.com.ar\/resizer\/v2\/julieta-puente-mostro-el-duro-camino-que-atraveso-hasta-quedar-embarazada-foto-instagramjulietapuente-6OD6J7M6DFAG5FI2LB5ZA7BDVI.PNG?auth=1229514c31819a5b034240a3ec179de9c16efa2ce63de872219e912ecf4cf553&amp;width=767\" alt=\"Julieta Puente mostr\u00f3 el duro camino que atraves\u00f3 hasta quedar embarazada. (Foto: Instagram\/julieta_puente)\" width=\"767\" height=\"529\" data-testid=\"loading-testid\" \/><\/picture><\/div><figcaption class=\"caption_image\" data-testid=\"figcaption-testid\">\n<div class=\"image_caption \">Julieta Puente mostr\u00f3 el duro camino que atraves\u00f3 hasta quedar embarazada. (Foto: Instagram\/julieta_puente)<\/div>\n<\/figcaption><\/figure>\n<p class=\"paragraph font__body-regular\">Por \u00faltimo, la influencer dej\u00f3 en su publicaci\u00f3n un importante mensaje para aquellas mujeres que tienen el deseo de ser mam\u00e1s.<\/p>\n<p class=\"paragraph font__body-regular\">\u201cA todas las que sienten que nunca les llega el momento,\u00a0<b>sepan que todo llega.<\/b>\u00a0No se desesperen viendo los tiempos de otras mujeres; respeten el propio. Porque cuando les toque, va a ser m\u00e1s m\u00e1gico que el de cualquiera. \u00a1Las quiero!\u201c, expres\u00f3.<\/p>\n<\/div>\n<p><\/main><\/div>\n<aside class=\"col-right-rail right-rail\">\n<div id=\"parent-ad-slot-caja\" class=\"ad-container caja_ad \">\n<div class=\"ad-content\"><\/div>\n<\/div>\n<\/aside>\n<p>&nbsp;<\/p>\n","protected":false},"excerpt":{"rendered":"<p>La influencer mostr\u00f3 c\u00f3mo fue la revelaci\u00f3n de g\u00e9nero en un especial posteo. Luego de anunciar su embarazo,\u00a0Julieta Puente\u00a0hizo una \u00edntima\u00a0celebraci\u00f3n para revelar el sexo del beb\u00e9\u00a0junto a su marido, Facundo Miguelena, y comparti\u00f3 el video del especial momento en sus redes sociales. Para el gran anuncio, el pap\u00e1 del beb\u00e9 sostuvo una bengala que [&hellip;]<\/p>\n","protected":false},"author":1,"featured_media":12351,"comment_status":"open","ping_status":"open","sticky":false,"template":"","format":"standard","meta":{"rop_custom_images_group":[],"rop_custom_messages_group":[],"rop_publish_now":"initial","rop_publish_now_accounts":[],"rop_publish_now_history":[],"rop_publish_now_status":"pending","footnotes":"","jetpack_publicize_message":"","jetpack_publicize_feature_enabled":true,"jetpack_social_post_already_shared":true,"jetpack_social_options":{"image_generator_settings":{"template":"highway","enabled":false},"version":2}},"categories":[12],"tags":[],"class_list":{"0":"post-12348","1":"post","2":"type-post","3":"status-publish","4":"format-standard","5":"has-post-thumbnail","7":"category-espectaculos"},"jetpack_publicize_connections":[],"yoast_head":"<!-- This site is optimized with the Yoast SEO plugin v27.3 - https:\/\/yoast.com\/product\/yoast-seo-wordpress\/ -->\n<title>La emoci\u00f3n de Juli Puente al anunciar el sexo y el nombre de su beb\u00e9 - CLAN ESPECTACULOS<\/title>\n<meta name=\"robots\" content=\"index, follow, max-snippet:-1, max-image-preview:large, max-video-preview:-1\" \/>\n<link rel=\"canonical\" href=\"https:\/\/radioclanfm.com\/clanespectaculos\/la-emocion-de-juli-puente-al-anunciar-el-sexo-y-el-nombre-de-su-bebe\/\" \/>\n<meta property=\"og:locale\" content=\"es_ES\" \/>\n<meta property=\"og:type\" content=\"article\" \/>\n<meta property=\"og:title\" content=\"La emoci\u00f3n de Juli Puente al anunciar el sexo y el nombre de su beb\u00e9 - CLAN ESPECTACULOS\" \/>\n<meta property=\"og:description\" content=\"La influencer mostr\u00f3 c\u00f3mo fue la revelaci\u00f3n de g\u00e9nero en un especial posteo. Luego de anunciar su embarazo,\u00a0Julieta Puente\u00a0hizo una \u00edntima\u00a0celebraci\u00f3n para revelar el sexo del beb\u00e9\u00a0junto a su marido, Facundo Miguelena, y comparti\u00f3 el video del especial momento en sus redes sociales. Para el gran anuncio, el pap\u00e1 del beb\u00e9 sostuvo una bengala que [&hellip;]\" \/>\n<meta property=\"og:url\" content=\"https:\/\/radioclanfm.com\/clanespectaculos\/la-emocion-de-juli-puente-al-anunciar-el-sexo-y-el-nombre-de-su-bebe\/\" \/>\n<meta property=\"og:site_name\" content=\"CLAN ESPECTACULOS\" \/>\n<meta property=\"article:publisher\" content=\"https:\/\/www.facebook.com\/clanespectaculos\/\" \/>\n<meta property=\"article:published_time\" content=\"2026-02-17T00:27:26+00:00\" \/>\n<meta property=\"og:image\" content=\"https:\/\/radioclanfm.com\/clanespectaculos\/wp-content\/uploads\/sites\/2\/2026\/02\/VbtNfl8P.jpg\" \/>\n\t<meta property=\"og:image:width\" content=\"900\" \/>\n\t<meta property=\"og:image:height\" content=\"505\" \/>\n\t<meta property=\"og:image:type\" content=\"image\/jpeg\" \/>\n<meta name=\"author\" content=\"E-GRUPOCLAN\" \/>\n<meta name=\"twitter:card\" content=\"summary_large_image\" \/>\n<meta name=\"twitter:creator\" content=\"@clanespectok\" \/>\n<meta name=\"twitter:site\" content=\"@clanespectok\" \/>\n<meta name=\"twitter:label1\" content=\"Escrito por\" \/>\n\t<meta name=\"twitter:data1\" content=\"E-GRUPOCLAN\" \/>\n\t<meta name=\"twitter:label2\" content=\"Tiempo de lectura\" \/>\n\t<meta name=\"twitter:data2\" content=\"2 minutos\" \/>\n<script type=\"application\/ld+json\" class=\"yoast-schema-graph\">{\"@context\":\"https:\\\/\\\/schema.org\",\"@graph\":[{\"@type\":\"Article\",\"@id\":\"https:\\\/\\\/radioclanfm.com\\\/clanespectaculos\\\/la-emocion-de-juli-puente-al-anunciar-el-sexo-y-el-nombre-de-su-bebe\\\/#article\",\"isPartOf\":{\"@id\":\"https:\\\/\\\/radioclanfm.com\\\/clanespectaculos\\\/la-emocion-de-juli-puente-al-anunciar-el-sexo-y-el-nombre-de-su-bebe\\\/\"},\"author\":{\"name\":\"E-GRUPOCLAN\",\"@id\":\"https:\\\/\\\/radioclanfm.com\\\/clanespectaculos\\\/#\\\/schema\\\/person\\\/9734813083303230f3ad84d99171b20c\"},\"headline\":\"La emoci\u00f3n de Juli Puente al anunciar el sexo y el nombre de su beb\u00e9\",\"datePublished\":\"2026-02-17T00:27:26+00:00\",\"mainEntityOfPage\":{\"@id\":\"https:\\\/\\\/radioclanfm.com\\\/clanespectaculos\\\/la-emocion-de-juli-puente-al-anunciar-el-sexo-y-el-nombre-de-su-bebe\\\/\"},\"wordCount\":438,\"commentCount\":0,\"publisher\":{\"@id\":\"https:\\\/\\\/radioclanfm.com\\\/clanespectaculos\\\/#organization\"},\"image\":{\"@id\":\"https:\\\/\\\/radioclanfm.com\\\/clanespectaculos\\\/la-emocion-de-juli-puente-al-anunciar-el-sexo-y-el-nombre-de-su-bebe\\\/#primaryimage\"},\"thumbnailUrl\":\"https:\\\/\\\/radioclanfm.com\\\/clanespectaculos\\\/wp-content\\\/uploads\\\/sites\\\/2\\\/2026\\\/02\\\/VbtNfl8P.jpg\",\"articleSection\":[\"Espectaculos\"],\"inLanguage\":\"es-AR\",\"potentialAction\":[{\"@type\":\"CommentAction\",\"name\":\"Comment\",\"target\":[\"https:\\\/\\\/radioclanfm.com\\\/clanespectaculos\\\/la-emocion-de-juli-puente-al-anunciar-el-sexo-y-el-nombre-de-su-bebe\\\/#respond\"]}]},{\"@type\":\"WebPage\",\"@id\":\"https:\\\/\\\/radioclanfm.com\\\/clanespectaculos\\\/la-emocion-de-juli-puente-al-anunciar-el-sexo-y-el-nombre-de-su-bebe\\\/\",\"url\":\"https:\\\/\\\/radioclanfm.com\\\/clanespectaculos\\\/la-emocion-de-juli-puente-al-anunciar-el-sexo-y-el-nombre-de-su-bebe\\\/\",\"name\":\"La emoci\u00f3n de Juli Puente al anunciar el sexo y el nombre de su beb\u00e9 - CLAN ESPECTACULOS\",\"isPartOf\":{\"@id\":\"https:\\\/\\\/radioclanfm.com\\\/clanespectaculos\\\/#website\"},\"primaryImageOfPage\":{\"@id\":\"https:\\\/\\\/radioclanfm.com\\\/clanespectaculos\\\/la-emocion-de-juli-puente-al-anunciar-el-sexo-y-el-nombre-de-su-bebe\\\/#primaryimage\"},\"image\":{\"@id\":\"https:\\\/\\\/radioclanfm.com\\\/clanespectaculos\\\/la-emocion-de-juli-puente-al-anunciar-el-sexo-y-el-nombre-de-su-bebe\\\/#primaryimage\"},\"thumbnailUrl\":\"https:\\\/\\\/radioclanfm.com\\\/clanespectaculos\\\/wp-content\\\/uploads\\\/sites\\\/2\\\/2026\\\/02\\\/VbtNfl8P.jpg\",\"datePublished\":\"2026-02-17T00:27:26+00:00\",\"breadcrumb\":{\"@id\":\"https:\\\/\\\/radioclanfm.com\\\/clanespectaculos\\\/la-emocion-de-juli-puente-al-anunciar-el-sexo-y-el-nombre-de-su-bebe\\\/#breadcrumb\"},\"inLanguage\":\"es-AR\",\"potentialAction\":[{\"@type\":\"ReadAction\",\"target\":[\"https:\\\/\\\/radioclanfm.com\\\/clanespectaculos\\\/la-emocion-de-juli-puente-al-anunciar-el-sexo-y-el-nombre-de-su-bebe\\\/\"]}]},{\"@type\":\"ImageObject\",\"inLanguage\":\"es-AR\",\"@id\":\"https:\\\/\\\/radioclanfm.com\\\/clanespectaculos\\\/la-emocion-de-juli-puente-al-anunciar-el-sexo-y-el-nombre-de-su-bebe\\\/#primaryimage\",\"url\":\"https:\\\/\\\/radioclanfm.com\\\/clanespectaculos\\\/wp-content\\\/uploads\\\/sites\\\/2\\\/2026\\\/02\\\/VbtNfl8P.jpg\",\"contentUrl\":\"https:\\\/\\\/radioclanfm.com\\\/clanespectaculos\\\/wp-content\\\/uploads\\\/sites\\\/2\\\/2026\\\/02\\\/VbtNfl8P.jpg\",\"width\":900,\"height\":505},{\"@type\":\"BreadcrumbList\",\"@id\":\"https:\\\/\\\/radioclanfm.com\\\/clanespectaculos\\\/la-emocion-de-juli-puente-al-anunciar-el-sexo-y-el-nombre-de-su-bebe\\\/#breadcrumb\",\"itemListElement\":[{\"@type\":\"ListItem\",\"position\":1,\"name\":\"Inicio\",\"item\":\"https:\\\/\\\/radioclanfm.com\\\/clanespectaculos\\\/\"},{\"@type\":\"ListItem\",\"position\":2,\"name\":\"La emoci\u00f3n de Juli Puente al anunciar el sexo y el nombre de su beb\u00e9\"}]},{\"@type\":\"WebSite\",\"@id\":\"https:\\\/\\\/radioclanfm.com\\\/clanespectaculos\\\/#website\",\"url\":\"https:\\\/\\\/radioclanfm.com\\\/clanespectaculos\\\/\",\"name\":\"CLAN ESPECTACULOS\",\"description\":\"\",\"publisher\":{\"@id\":\"https:\\\/\\\/radioclanfm.com\\\/clanespectaculos\\\/#organization\"},\"potentialAction\":[{\"@type\":\"SearchAction\",\"target\":{\"@type\":\"EntryPoint\",\"urlTemplate\":\"https:\\\/\\\/radioclanfm.com\\\/clanespectaculos\\\/?s={search_term_string}\"},\"query-input\":{\"@type\":\"PropertyValueSpecification\",\"valueRequired\":true,\"valueName\":\"search_term_string\"}}],\"inLanguage\":\"es-AR\"},{\"@type\":\"Organization\",\"@id\":\"https:\\\/\\\/radioclanfm.com\\\/clanespectaculos\\\/#organization\",\"name\":\"CLAN ESPECTACULOS\",\"url\":\"https:\\\/\\\/radioclanfm.com\\\/clanespectaculos\\\/\",\"logo\":{\"@type\":\"ImageObject\",\"inLanguage\":\"es-AR\",\"@id\":\"https:\\\/\\\/radioclanfm.com\\\/clanespectaculos\\\/#\\\/schema\\\/logo\\\/image\\\/\",\"url\":\"https:\\\/\\\/radioclanfm.com\\\/clanespectaculos\\\/wp-content\\\/uploads\\\/sites\\\/2\\\/2026\\\/04\\\/ChatGPT-Image-23-mar-2026-10_09_00.png\",\"contentUrl\":\"https:\\\/\\\/radioclanfm.com\\\/clanespectaculos\\\/wp-content\\\/uploads\\\/sites\\\/2\\\/2026\\\/04\\\/ChatGPT-Image-23-mar-2026-10_09_00.png\",\"width\":1024,\"height\":1024,\"caption\":\"CLAN ESPECTACULOS\"},\"image\":{\"@id\":\"https:\\\/\\\/radioclanfm.com\\\/clanespectaculos\\\/#\\\/schema\\\/logo\\\/image\\\/\"},\"sameAs\":[\"https:\\\/\\\/www.facebook.com\\\/clanespectaculos\\\/\",\"https:\\\/\\\/x.com\\\/clanespectok\"]},{\"@type\":\"Person\",\"@id\":\"https:\\\/\\\/radioclanfm.com\\\/clanespectaculos\\\/#\\\/schema\\\/person\\\/9734813083303230f3ad84d99171b20c\",\"name\":\"E-GRUPOCLAN\",\"image\":{\"@type\":\"ImageObject\",\"inLanguage\":\"es-AR\",\"@id\":\"https:\\\/\\\/secure.gravatar.com\\\/avatar\\\/af6e19837c3d6a212034a48c7b3818d2ac1826f6025df0155da5a186ad321d79?s=96&d=mm&r=g\",\"url\":\"https:\\\/\\\/secure.gravatar.com\\\/avatar\\\/af6e19837c3d6a212034a48c7b3818d2ac1826f6025df0155da5a186ad321d79?s=96&d=mm&r=g\",\"contentUrl\":\"https:\\\/\\\/secure.gravatar.com\\\/avatar\\\/af6e19837c3d6a212034a48c7b3818d2ac1826f6025df0155da5a186ad321d79?s=96&d=mm&r=g\",\"caption\":\"E-GRUPOCLAN\"},\"sameAs\":[\"https:\\\/\\\/radioclanfm.com\"],\"url\":\"https:\\\/\\\/radioclanfm.com\\\/clanespectaculos\\\/author\\\/admin\\\/\"}]}<\/script>\n<!-- \/ Yoast SEO plugin. -->","yoast_head_json":{"title":"La emoci\u00f3n de Juli Puente al anunciar el sexo y el nombre de su beb\u00e9 - CLAN ESPECTACULOS","robots":{"index":"index","follow":"follow","max-snippet":"max-snippet:-1","max-image-preview":"max-image-preview:large","max-video-preview":"max-video-preview:-1"},"canonical":"https:\/\/radioclanfm.com\/clanespectaculos\/la-emocion-de-juli-puente-al-anunciar-el-sexo-y-el-nombre-de-su-bebe\/","og_locale":"es_ES","og_type":"article","og_title":"La emoci\u00f3n de Juli Puente al anunciar el sexo y el nombre de su beb\u00e9 - CLAN ESPECTACULOS","og_description":"La influencer mostr\u00f3 c\u00f3mo fue la revelaci\u00f3n de g\u00e9nero en un especial posteo. Luego de anunciar su embarazo,\u00a0Julieta Puente\u00a0hizo una \u00edntima\u00a0celebraci\u00f3n para revelar el sexo del beb\u00e9\u00a0junto a su marido, Facundo Miguelena, y comparti\u00f3 el video del especial momento en sus redes sociales. Para el gran anuncio, el pap\u00e1 del beb\u00e9 sostuvo una bengala que [&hellip;]","og_url":"https:\/\/radioclanfm.com\/clanespectaculos\/la-emocion-de-juli-puente-al-anunciar-el-sexo-y-el-nombre-de-su-bebe\/","og_site_name":"CLAN ESPECTACULOS","article_publisher":"https:\/\/www.facebook.com\/clanespectaculos\/","article_published_time":"2026-02-17T00:27:26+00:00","og_image":[{"width":900,"height":505,"url":"https:\/\/radioclanfm.com\/clanespectaculos\/wp-content\/uploads\/sites\/2\/2026\/02\/VbtNfl8P.jpg","type":"image\/jpeg"}],"author":"E-GRUPOCLAN","twitter_card":"summary_large_image","twitter_creator":"@clanespectok","twitter_site":"@clanespectok","twitter_misc":{"Escrito por":"E-GRUPOCLAN","Tiempo de lectura":"2 minutos"},"schema":{"@context":"https:\/\/schema.org","@graph":[{"@type":"Article","@id":"https:\/\/radioclanfm.com\/clanespectaculos\/la-emocion-de-juli-puente-al-anunciar-el-sexo-y-el-nombre-de-su-bebe\/#article","isPartOf":{"@id":"https:\/\/radioclanfm.com\/clanespectaculos\/la-emocion-de-juli-puente-al-anunciar-el-sexo-y-el-nombre-de-su-bebe\/"},"author":{"name":"E-GRUPOCLAN","@id":"https:\/\/radioclanfm.com\/clanespectaculos\/#\/schema\/person\/9734813083303230f3ad84d99171b20c"},"headline":"La emoci\u00f3n de Juli Puente al anunciar el sexo y el nombre de su beb\u00e9","datePublished":"2026-02-17T00:27:26+00:00","mainEntityOfPage":{"@id":"https:\/\/radioclanfm.com\/clanespectaculos\/la-emocion-de-juli-puente-al-anunciar-el-sexo-y-el-nombre-de-su-bebe\/"},"wordCount":438,"commentCount":0,"publisher":{"@id":"https:\/\/radioclanfm.com\/clanespectaculos\/#organization"},"image":{"@id":"https:\/\/radioclanfm.com\/clanespectaculos\/la-emocion-de-juli-puente-al-anunciar-el-sexo-y-el-nombre-de-su-bebe\/#primaryimage"},"thumbnailUrl":"https:\/\/radioclanfm.com\/clanespectaculos\/wp-content\/uploads\/sites\/2\/2026\/02\/VbtNfl8P.jpg","articleSection":["Espectaculos"],"inLanguage":"es-AR","potentialAction":[{"@type":"CommentAction","name":"Comment","target":["https:\/\/radioclanfm.com\/clanespectaculos\/la-emocion-de-juli-puente-al-anunciar-el-sexo-y-el-nombre-de-su-bebe\/#respond"]}]},{"@type":"WebPage","@id":"https:\/\/radioclanfm.com\/clanespectaculos\/la-emocion-de-juli-puente-al-anunciar-el-sexo-y-el-nombre-de-su-bebe\/","url":"https:\/\/radioclanfm.com\/clanespectaculos\/la-emocion-de-juli-puente-al-anunciar-el-sexo-y-el-nombre-de-su-bebe\/","name":"La emoci\u00f3n de Juli Puente al anunciar el sexo y el nombre de su beb\u00e9 - CLAN ESPECTACULOS","isPartOf":{"@id":"https:\/\/radioclanfm.com\/clanespectaculos\/#website"},"primaryImageOfPage":{"@id":"https:\/\/radioclanfm.com\/clanespectaculos\/la-emocion-de-juli-puente-al-anunciar-el-sexo-y-el-nombre-de-su-bebe\/#primaryimage"},"image":{"@id":"https:\/\/radioclanfm.com\/clanespectaculos\/la-emocion-de-juli-puente-al-anunciar-el-sexo-y-el-nombre-de-su-bebe\/#primaryimage"},"thumbnailUrl":"https:\/\/radioclanfm.com\/clanespectaculos\/wp-content\/uploads\/sites\/2\/2026\/02\/VbtNfl8P.jpg","datePublished":"2026-02-17T00:27:26+00:00","breadcrumb":{"@id":"https:\/\/radioclanfm.com\/clanespectaculos\/la-emocion-de-juli-puente-al-anunciar-el-sexo-y-el-nombre-de-su-bebe\/#breadcrumb"},"inLanguage":"es-AR","potentialAction":[{"@type":"ReadAction","target":["https:\/\/radioclanfm.com\/clanespectaculos\/la-emocion-de-juli-puente-al-anunciar-el-sexo-y-el-nombre-de-su-bebe\/"]}]},{"@type":"ImageObject","inLanguage":"es-AR","@id":"https:\/\/radioclanfm.com\/clanespectaculos\/la-emocion-de-juli-puente-al-anunciar-el-sexo-y-el-nombre-de-su-bebe\/#primaryimage","url":"https:\/\/radioclanfm.com\/clanespectaculos\/wp-content\/uploads\/sites\/2\/2026\/02\/VbtNfl8P.jpg","contentUrl":"https:\/\/radioclanfm.com\/clanespectaculos\/wp-content\/uploads\/sites\/2\/2026\/02\/VbtNfl8P.jpg","width":900,"height":505},{"@type":"BreadcrumbList","@id":"https:\/\/radioclanfm.com\/clanespectaculos\/la-emocion-de-juli-puente-al-anunciar-el-sexo-y-el-nombre-de-su-bebe\/#breadcrumb","itemListElement":[{"@type":"ListItem","position":1,"name":"Inicio","item":"https:\/\/radioclanfm.com\/clanespectaculos\/"},{"@type":"ListItem","position":2,"name":"La emoci\u00f3n de Juli Puente al anunciar el sexo y el nombre de su beb\u00e9"}]},{"@type":"WebSite","@id":"https:\/\/radioclanfm.com\/clanespectaculos\/#website","url":"https:\/\/radioclanfm.com\/clanespectaculos\/","name":"CLAN ESPECTACULOS","description":"","publisher":{"@id":"https:\/\/radioclanfm.com\/clanespectaculos\/#organization"},"potentialAction":[{"@type":"SearchAction","target":{"@type":"EntryPoint","urlTemplate":"https:\/\/radioclanfm.com\/clanespectaculos\/?s={search_term_string}"},"query-input":{"@type":"PropertyValueSpecification","valueRequired":true,"valueName":"search_term_string"}}],"inLanguage":"es-AR"},{"@type":"Organization","@id":"https:\/\/radioclanfm.com\/clanespectaculos\/#organization","name":"CLAN ESPECTACULOS","url":"https:\/\/radioclanfm.com\/clanespectaculos\/","logo":{"@type":"ImageObject","inLanguage":"es-AR","@id":"https:\/\/radioclanfm.com\/clanespectaculos\/#\/schema\/logo\/image\/","url":"https:\/\/radioclanfm.com\/clanespectaculos\/wp-content\/uploads\/sites\/2\/2026\/04\/ChatGPT-Image-23-mar-2026-10_09_00.png","contentUrl":"https:\/\/radioclanfm.com\/clanespectaculos\/wp-content\/uploads\/sites\/2\/2026\/04\/ChatGPT-Image-23-mar-2026-10_09_00.png","width":1024,"height":1024,"caption":"CLAN ESPECTACULOS"},"image":{"@id":"https:\/\/radioclanfm.com\/clanespectaculos\/#\/schema\/logo\/image\/"},"sameAs":["https:\/\/www.facebook.com\/clanespectaculos\/","https:\/\/x.com\/clanespectok"]},{"@type":"Person","@id":"https:\/\/radioclanfm.com\/clanespectaculos\/#\/schema\/person\/9734813083303230f3ad84d99171b20c","name":"E-GRUPOCLAN","image":{"@type":"ImageObject","inLanguage":"es-AR","@id":"https:\/\/secure.gravatar.com\/avatar\/af6e19837c3d6a212034a48c7b3818d2ac1826f6025df0155da5a186ad321d79?s=96&d=mm&r=g","url":"https:\/\/secure.gravatar.com\/avatar\/af6e19837c3d6a212034a48c7b3818d2ac1826f6025df0155da5a186ad321d79?s=96&d=mm&r=g","contentUrl":"https:\/\/secure.gravatar.com\/avatar\/af6e19837c3d6a212034a48c7b3818d2ac1826f6025df0155da5a186ad321d79?s=96&d=mm&r=g","caption":"E-GRUPOCLAN"},"sameAs":["https:\/\/radioclanfm.com"],"url":"https:\/\/radioclanfm.com\/clanespectaculos\/author\/admin\/"}]}},"_links":{"self":[{"href":"https:\/\/radioclanfm.com\/clanespectaculos\/wp-json\/wp\/v2\/posts\/12348","targetHints":{"allow":["GET"]}}],"collection":[{"href":"https:\/\/radioclanfm.com\/clanespectaculos\/wp-json\/wp\/v2\/posts"}],"about":[{"href":"https:\/\/radioclanfm.com\/clanespectaculos\/wp-json\/wp\/v2\/types\/post"}],"author":[{"embeddable":true,"href":"https:\/\/radioclanfm.com\/clanespectaculos\/wp-json\/wp\/v2\/users\/1"}],"replies":[{"embeddable":true,"href":"https:\/\/radioclanfm.com\/clanespectaculos\/wp-json\/wp\/v2\/comments?post=12348"}],"version-history":[{"count":1,"href":"https:\/\/radioclanfm.com\/clanespectaculos\/wp-json\/wp\/v2\/posts\/12348\/revisions"}],"predecessor-version":[{"id":12352,"href":"https:\/\/radioclanfm.com\/clanespectaculos\/wp-json\/wp\/v2\/posts\/12348\/revisions\/12352"}],"wp:featuredmedia":[{"embeddable":true,"href":"https:\/\/radioclanfm.com\/clanespectaculos\/wp-json\/wp\/v2\/media\/12351"}],"wp:attachment":[{"href":"https:\/\/radioclanfm.com\/clanespectaculos\/wp-json\/wp\/v2\/media?parent=12348"}],"wp:term":[{"taxonomy":"category","embeddable":true,"href":"https:\/\/radioclanfm.com\/clanespectaculos\/wp-json\/wp\/v2\/categories?post=12348"},{"taxonomy":"post_tag","embeddable":true,"href":"https:\/\/radioclanfm.com\/clanespectaculos\/wp-json\/wp\/v2\/tags?post=12348"}],"curies":[{"name":"wp","href":"https:\/\/api.w.org\/{rel}","templated":true}]}}