{"id":1234,"date":"2025-06-03T22:59:31","date_gmt":"2025-06-04T01:59:31","guid":{"rendered":"https:\/\/radioclanfm.com\/clanespectaculos\/?p=1234"},"modified":"2025-06-03T22:59:31","modified_gmt":"2025-06-04T01:59:31","slug":"el-viaje-interior-de-sofia-jujuy-jimenez-y-su-papa-a-chile-sanar-heridas-de-la-infancia","status":"publish","type":"post","link":"https:\/\/radioclanfm.com\/clanespectaculos\/el-viaje-interior-de-sofia-jujuy-jimenez-y-su-papa-a-chile-sanar-heridas-de-la-infancia\/","title":{"rendered":"El viaje interior de Sof\u00eda Jujuy Jim\u00e9nez y su pap\u00e1 a Chile: \u201cSanar heridas de la infancia\u201d"},"content":{"rendered":"<p class=\"paragraph\" data-mrf-recirculation=\"Links inline\">En los \u00faltimos d\u00edas,<b>\u00a0Sof\u00eda Jujuy Jim\u00e9nez<\/b><b>\u00a0<\/b>se encontr\u00f3 en el ojo de la tormenta tras hacer\u00a0una reflexi\u00f3n que comenz\u00f3 con una pol\u00e9mica frase\u00a0sobre la infidelidad. Acaso para tomar distancia de esto, sorprendi\u00f3 a sus seguidores al compartir el relato de un viaje \u00edntimo y transformador junto a su pap\u00e1 a la ciudad de Valpara\u00edso, Chile. A trav\u00e9s de sus redes sociales, la modelo y conductora abri\u00f3 las puertas de su vida personal para narrar c\u00f3mo esta experiencia inesperada se<b>\u00a0convirti\u00f3 en un punto de inflexi\u00f3n en su v\u00ednculo familiar y en su propio camino de autoconocimiento y sanaci\u00f3n emocional<\/b>.<\/p>\n<div class=\"news-module\" data-mrf-recirculation=\"IL_Ct0zZTd2RqSjHGMXsLzz7w\" data-testid=\"text-html\" data-mrf-experience=\"IL_Ct0zZTd2RqSjHGMXsLzz7w\">\n<div class=\"recommended-card__image-container\"><\/div>\n<\/div>\n<p class=\"paragraph\" data-mrf-recirculation=\"Links inline\">Sof\u00eda comenz\u00f3 su reflexi\u00f3n con honestidad y relat\u00f3: \u201c<b>No s\u00e9 por d\u00f3nde empezar\u2026 nunca imagin\u00e9 que necesitaba TANTO un viaje as\u00ed con mi pap\u00e1. \u00bfC\u00f3mo es que no lo hice antes? Me pregunto. Y al mismo tiempo, siento qu\u00e9 bueno que se me ocurri\u00f3 invitarlo<\/b>\u201d. Expres\u00f3 as\u00ed con claridad la sorpresa y la satisfacci\u00f3n que sinti\u00f3 por haberse animado a vivir este encuentro. \u201cAy Dios m\u00edo,\u00a0<i>papiiiito<\/i>\u00a0de mi coraz\u00f3n, qu\u00e9 lindo ser humano sos\u201d, fueron las palabras que le dedic\u00f3 a su progenitor.<\/p>\n<div class=\"inline ad-wrapper\">\n<div class=\"dfpAd ad-inline\"><\/div>\n<\/div>\n<p class=\"paragraph\" data-mrf-recirculation=\"Links inline\">En las primeras fotos se puede ver a la dupla arriba del avi\u00f3n a la espera de llegar a su destino, con los ojos brillantes de la emoci\u00f3n y grandes sonrisas. Padre e hija disfrutaron de una de las bodegas que se encuentra en la ciudad trasandina, donde hicieron una cata y posaron junto a los barriles de roble. Durante su estad\u00eda el clima los acompa\u00f1\u00f3, sin embargo, no hubo sol que les permitiera meterse al mar en medio del clima fresca, apenas acercarse lo suficiente para tocar el oc\u00e9ano Pac\u00edfico.<\/p>\n<div class=\"news-module\" data-mrf-recirculation=\"IL_RjJ8XQ94SCCdND4VX9YvyQ\" data-testid=\"text-html\" data-mrf-experience=\"IL_RjJ8XQ94SCCdND4VX9YvyQ\">\n<div class=\"recommended-card__image-container\"><\/div>\n<\/div>\n<div class=\"visual__image\"><picture><source srcset=\"https:\/\/www.infobae.com\/resizer\/v2\/BC2F4LZRHBD33IG7AYDGJXS6T4.jpg?auth=e29c1703b8a5617756cbc18038bff65c9671b8748f591e197a1e8dafb48ccb80&amp;smart=true&amp;width=992&amp;height=1323&amp;quality=85\" media=\"(min-width: 1000px)\" \/><source srcset=\"https:\/\/www.infobae.com\/resizer\/v2\/BC2F4LZRHBD33IG7AYDGJXS6T4.jpg?auth=e29c1703b8a5617756cbc18038bff65c9671b8748f591e197a1e8dafb48ccb80&amp;smart=true&amp;width=768&amp;height=1024&amp;quality=85\" media=\"(min-width: 768px)\" \/><source srcset=\"https:\/\/www.infobae.com\/resizer\/v2\/BC2F4LZRHBD33IG7AYDGJXS6T4.jpg?auth=e29c1703b8a5617756cbc18038bff65c9671b8748f591e197a1e8dafb48ccb80&amp;smart=true&amp;width=577&amp;height=769&amp;quality=85\" media=\"(min-width: 580px)\" \/><source srcset=\"https:\/\/www.infobae.com\/resizer\/v2\/BC2F4LZRHBD33IG7AYDGJXS6T4.jpg?auth=e29c1703b8a5617756cbc18038bff65c9671b8748f591e197a1e8dafb48ccb80&amp;smart=true&amp;width=420&amp;height=560&amp;quality=85\" media=\"(min-width: 350px)\" \/><source srcset=\"https:\/\/www.infobae.com\/resizer\/v2\/BC2F4LZRHBD33IG7AYDGJXS6T4.jpg?auth=e29c1703b8a5617756cbc18038bff65c9671b8748f591e197a1e8dafb48ccb80&amp;smart=true&amp;width=350&amp;height=467&amp;quality=85\" media=\"(min-width: 80px)\" \/><img loading=\"lazy\" decoding=\"async\" class=\"global-image\" src=\"https:\/\/www.infobae.com\/resizer\/v2\/BC2F4LZRHBD33IG7AYDGJXS6T4.jpg?auth=e29c1703b8a5617756cbc18038bff65c9671b8748f591e197a1e8dafb48ccb80&amp;smart=true&amp;width=350&amp;height=467&amp;quality=85\" alt=\"Jujuy y su pap\u00e1 a\" width=\"1080\" height=\"1433\" \/><\/picture>Jujuy y su pap\u00e1 a punto de partir para Valpara\u00edso<\/div>\n<div class=\"visual__image\"><picture><source srcset=\"https:\/\/www.infobae.com\/resizer\/v2\/KPYHJSJPJJHIBE5I2ALXKG4BQI.jpg?auth=4b4c1e609083d22c1947af1e5ce95c9bd5a1e5b7c6cc86ba7dfec38fcaa6abb3&amp;smart=true&amp;width=992&amp;height=1323&amp;quality=85\" media=\"(min-width: 1000px)\" \/><source srcset=\"https:\/\/www.infobae.com\/resizer\/v2\/KPYHJSJPJJHIBE5I2ALXKG4BQI.jpg?auth=4b4c1e609083d22c1947af1e5ce95c9bd5a1e5b7c6cc86ba7dfec38fcaa6abb3&amp;smart=true&amp;width=768&amp;height=1024&amp;quality=85\" media=\"(min-width: 768px)\" \/><source srcset=\"https:\/\/www.infobae.com\/resizer\/v2\/KPYHJSJPJJHIBE5I2ALXKG4BQI.jpg?auth=4b4c1e609083d22c1947af1e5ce95c9bd5a1e5b7c6cc86ba7dfec38fcaa6abb3&amp;smart=true&amp;width=577&amp;height=769&amp;quality=85\" media=\"(min-width: 580px)\" \/><source srcset=\"https:\/\/www.infobae.com\/resizer\/v2\/KPYHJSJPJJHIBE5I2ALXKG4BQI.jpg?auth=4b4c1e609083d22c1947af1e5ce95c9bd5a1e5b7c6cc86ba7dfec38fcaa6abb3&amp;smart=true&amp;width=420&amp;height=560&amp;quality=85\" media=\"(min-width: 350px)\" \/><source srcset=\"https:\/\/www.infobae.com\/resizer\/v2\/KPYHJSJPJJHIBE5I2ALXKG4BQI.jpg?auth=4b4c1e609083d22c1947af1e5ce95c9bd5a1e5b7c6cc86ba7dfec38fcaa6abb3&amp;smart=true&amp;width=350&amp;height=467&amp;quality=85\" media=\"(min-width: 80px)\" \/><img loading=\"lazy\" decoding=\"async\" class=\"global-image\" src=\"https:\/\/www.infobae.com\/resizer\/v2\/KPYHJSJPJJHIBE5I2ALXKG4BQI.jpg?auth=4b4c1e609083d22c1947af1e5ce95c9bd5a1e5b7c6cc86ba7dfec38fcaa6abb3&amp;smart=true&amp;width=350&amp;height=467&amp;quality=85\" alt=\"Padre e hija fueron a\" width=\"1080\" height=\"1433\" \/><\/picture>Padre e hija fueron a una bodega<\/div>\n<div class=\"visual__image\"><picture><source srcset=\"https:\/\/www.infobae.com\/resizer\/v2\/UBOOZGEAKVGWDMYTE5BOIVHZRU.jpg?auth=d21ac1026cff83b8bdcd816aebb749a79d0098b32bfe9e804c1a6c8cc541cc52&amp;smart=true&amp;width=992&amp;height=1323&amp;quality=85\" media=\"(min-width: 1000px)\" \/><source srcset=\"https:\/\/www.infobae.com\/resizer\/v2\/UBOOZGEAKVGWDMYTE5BOIVHZRU.jpg?auth=d21ac1026cff83b8bdcd816aebb749a79d0098b32bfe9e804c1a6c8cc541cc52&amp;smart=true&amp;width=768&amp;height=1024&amp;quality=85\" media=\"(min-width: 768px)\" \/><source srcset=\"https:\/\/www.infobae.com\/resizer\/v2\/UBOOZGEAKVGWDMYTE5BOIVHZRU.jpg?auth=d21ac1026cff83b8bdcd816aebb749a79d0098b32bfe9e804c1a6c8cc541cc52&amp;smart=true&amp;width=577&amp;height=769&amp;quality=85\" media=\"(min-width: 580px)\" \/><source srcset=\"https:\/\/www.infobae.com\/resizer\/v2\/UBOOZGEAKVGWDMYTE5BOIVHZRU.jpg?auth=d21ac1026cff83b8bdcd816aebb749a79d0098b32bfe9e804c1a6c8cc541cc52&amp;smart=true&amp;width=420&amp;height=560&amp;quality=85\" media=\"(min-width: 350px)\" \/><source srcset=\"https:\/\/www.infobae.com\/resizer\/v2\/UBOOZGEAKVGWDMYTE5BOIVHZRU.jpg?auth=d21ac1026cff83b8bdcd816aebb749a79d0098b32bfe9e804c1a6c8cc541cc52&amp;smart=true&amp;width=350&amp;height=467&amp;quality=85\" media=\"(min-width: 80px)\" \/><img loading=\"lazy\" decoding=\"async\" class=\"global-image\" src=\"https:\/\/www.infobae.com\/resizer\/v2\/UBOOZGEAKVGWDMYTE5BOIVHZRU.jpg?auth=d21ac1026cff83b8bdcd816aebb749a79d0098b32bfe9e804c1a6c8cc541cc52&amp;smart=true&amp;width=350&amp;height=467&amp;quality=85\" alt=\"Sof\u00eda eligi\u00f3 un look c\u00f3modo\" width=\"1080\" height=\"1433\" \/><\/picture>Sof\u00eda eligi\u00f3 un look c\u00f3modo y abrigado<\/div>\n<p class=\"paragraph\" data-mrf-recirculation=\"Links inline\">El viaje forma parte de un proceso que finalmente puede transitar. \u201c<b>Agradezco con toda mi alma el laburo interno que vengo haciendo, haberme animado a sanar heridas de la infancia, heridas que quiz\u00e1s ni siquiera son m\u00edas, pero las tra\u00eda. Las relaciones son tan especiales y \u00fanicas<\/b>\u201d, analiz\u00f3. Adem\u00e1s, detall\u00f3 las diferencias en el v\u00ednculo con sus padres: \u201cHab\u00eda algo que no me permit\u00eda tener como la misma relaci\u00f3n que con mi mam\u00e1, y si obvio son personas diferentes, que me generan cosas diferentes, pero que me aman con la misma intensidad, eso lo tengo clar\u00edsimo, porque lo puedo sentir en el alma\u201d. Al mirar hacia atr\u00e1s, record\u00f3: \u201c<b>Quiz\u00e1s de ni\u00f1a lo idealic\u00e9 tanto y esperaba que fuera de la manera que yo me imaginaba, (mi superh\u00e9roe) que por momentos me generaba enojo, o desilusi\u00f3n<\/b>\u201d.<\/p>\n<div class=\"inline_2_DSK ad-wrapper ad-desktop\">\n<div class=\"dfpAd ad-inline\">\n<div id=\"infobae\/teleshow\/nota\/inline_2_DSK\" class=\"infobae\/teleshow\/nota\/inline_2_DSK arcad\" data-google-query-id=\"CKzskK7V1o0DFbRU3QIddZoaMQ\">\n<div id=\"google_ads_iframe_\/1058609\/infobae\/teleshow\/nota\/inline_2_DSK_0__container__\"><\/div>\n<\/div>\n<\/div>\n<\/div>\n<p class=\"paragraph\" data-mrf-recirculation=\"Links inline\">Jujuy cont\u00f3 c\u00f3mo el paso del tiempo le permiti\u00f3 una nueva mirada: \u201cPero qu\u00e9 regalo enorme haber crecido y hoy poder mirarte con otros ojos, Eddy de mi coraz\u00f3n; se siente tan lindo, tan liviano, tan sanador\u2026\u201d. Y reafirm\u00f3 el cari\u00f1o y reconocimiento hacia su pap\u00e1, escribiendo: \u201c\u00a1Siempre supe internamente que tengo el mejor pap\u00e1 del mundo, que bueno que hoy lo pude reconfirmar, gracias por tu sencillez, tu nobleza, tu ternura, por tu amor!\u00a0<b>Te amo infinito pa, y perd\u00f3n por si alguna vez te demostr\u00e9 lo contrario<\/b>\u201d.<\/p>\n<div class=\"news-module\" data-mrf-recirculation=\"IL_wPVu_IE4S76a5Gsl0lX8mA\" data-testid=\"text-html\" data-mrf-experience=\"IL_wPVu_IE4S76a5Gsl0lX8mA\">\n<div class=\"recommended-card__image-container\"><\/div>\n<\/div>\n<p class=\"paragraph\" data-mrf-recirculation=\"Links inline\">La gastronom\u00eda tambi\u00e9n tuvo su momento. En un restaurante cerca del mar, que ten\u00eda como decoraci\u00f3n una camiseta vintage de Boca-club del que la modelo es fan\u00e1tica-, comieron unas empanadas fritas con queso y pollo, a la que acompa\u00f1aron con una cerveza fr\u00eda. Finalmente, dej\u00f3 un deseo abierto para el futuro: \u201cP\/d: Ojal\u00e1 tengamos mil millones de momentos como estos\u201d.<\/p>\n<div class=\"visual__image\"><picture><source srcset=\"https:\/\/www.infobae.com\/resizer\/v2\/65AMCRXE4RF4PL6LOBNBZJLTAE.jpg?auth=14ff295c962f06cd849408e77ef9c2eb83398ad253a045ffbbccc5d9ee62e41e&amp;smart=true&amp;width=992&amp;height=1323&amp;quality=85\" media=\"(min-width: 1000px)\" \/><source srcset=\"https:\/\/www.infobae.com\/resizer\/v2\/65AMCRXE4RF4PL6LOBNBZJLTAE.jpg?auth=14ff295c962f06cd849408e77ef9c2eb83398ad253a045ffbbccc5d9ee62e41e&amp;smart=true&amp;width=768&amp;height=1024&amp;quality=85\" media=\"(min-width: 768px)\" \/><source srcset=\"https:\/\/www.infobae.com\/resizer\/v2\/65AMCRXE4RF4PL6LOBNBZJLTAE.jpg?auth=14ff295c962f06cd849408e77ef9c2eb83398ad253a045ffbbccc5d9ee62e41e&amp;smart=true&amp;width=577&amp;height=769&amp;quality=85\" media=\"(min-width: 580px)\" \/><source srcset=\"https:\/\/www.infobae.com\/resizer\/v2\/65AMCRXE4RF4PL6LOBNBZJLTAE.jpg?auth=14ff295c962f06cd849408e77ef9c2eb83398ad253a045ffbbccc5d9ee62e41e&amp;smart=true&amp;width=420&amp;height=560&amp;quality=85\" media=\"(min-width: 350px)\" \/><source srcset=\"https:\/\/www.infobae.com\/resizer\/v2\/65AMCRXE4RF4PL6LOBNBZJLTAE.jpg?auth=14ff295c962f06cd849408e77ef9c2eb83398ad253a045ffbbccc5d9ee62e41e&amp;smart=true&amp;width=350&amp;height=467&amp;quality=85\" media=\"(min-width: 80px)\" \/><img loading=\"lazy\" decoding=\"async\" class=\"global-image\" src=\"https:\/\/www.infobae.com\/resizer\/v2\/65AMCRXE4RF4PL6LOBNBZJLTAE.jpg?auth=14ff295c962f06cd849408e77ef9c2eb83398ad253a045ffbbccc5d9ee62e41e&amp;smart=true&amp;width=350&amp;height=467&amp;quality=85\" alt=\"Una de las comidas consisti\u00f3\" width=\"1080\" height=\"1440\" \/><\/picture>Una de las comidas consisti\u00f3 en empanadas fritas<\/div>\n<div class=\"visual__image\"><picture><source srcset=\"https:\/\/www.infobae.com\/resizer\/v2\/LU3K7STBG5EQPIJRIID4SVBUVU.jpg?auth=003d5fdbb92e32b7bc91a1fb5e8e9e29c99cbb36c340983ae214d605b89707d3&amp;smart=true&amp;width=992&amp;height=1323&amp;quality=85\" media=\"(min-width: 1000px)\" \/><source srcset=\"https:\/\/www.infobae.com\/resizer\/v2\/LU3K7STBG5EQPIJRIID4SVBUVU.jpg?auth=003d5fdbb92e32b7bc91a1fb5e8e9e29c99cbb36c340983ae214d605b89707d3&amp;smart=true&amp;width=768&amp;height=1024&amp;quality=85\" media=\"(min-width: 768px)\" \/><source srcset=\"https:\/\/www.infobae.com\/resizer\/v2\/LU3K7STBG5EQPIJRIID4SVBUVU.jpg?auth=003d5fdbb92e32b7bc91a1fb5e8e9e29c99cbb36c340983ae214d605b89707d3&amp;smart=true&amp;width=577&amp;height=769&amp;quality=85\" media=\"(min-width: 580px)\" \/><source srcset=\"https:\/\/www.infobae.com\/resizer\/v2\/LU3K7STBG5EQPIJRIID4SVBUVU.jpg?auth=003d5fdbb92e32b7bc91a1fb5e8e9e29c99cbb36c340983ae214d605b89707d3&amp;smart=true&amp;width=420&amp;height=560&amp;quality=85\" media=\"(min-width: 350px)\" \/><source srcset=\"https:\/\/www.infobae.com\/resizer\/v2\/LU3K7STBG5EQPIJRIID4SVBUVU.jpg?auth=003d5fdbb92e32b7bc91a1fb5e8e9e29c99cbb36c340983ae214d605b89707d3&amp;smart=true&amp;width=350&amp;height=467&amp;quality=85\" media=\"(min-width: 80px)\" \/><img loading=\"lazy\" decoding=\"async\" class=\"global-image\" src=\"https:\/\/www.infobae.com\/resizer\/v2\/LU3K7STBG5EQPIJRIID4SVBUVU.jpg?auth=003d5fdbb92e32b7bc91a1fb5e8e9e29c99cbb36c340983ae214d605b89707d3&amp;smart=true&amp;width=350&amp;height=467&amp;quality=85\" alt=\"\u201cTe amo infinito pa, y\" width=\"1080\" height=\"1440\" \/><\/picture>\u201cTe amo infinito pa, y perd\u00f3n por si alguna vez te demostr\u00e9 lo contrario\u201d, la declaraci\u00f3n de amor de Jujuy a su pap\u00e1 (Foto: Instagram\/sofijuok)<\/div>\n<div><\/div>\n<p class=\"paragraph\" data-mrf-recirculation=\"Links inline\">El viaje de Sof\u00eda Jujuy Jim\u00e9nez junto a su padre a Valpara\u00edso result\u00f3 una experiencia que marc\u00f3 un antes y un despu\u00e9s en su v\u00ednculo, permiti\u00e9ndole redescubrir la relaci\u00f3n y expresar sentimientos guardados durante a\u00f1os. Sus palabras, compartidas abiertamente en redes sociales, reflejaron no solo el valor de esos momentos compartidos, sino tambi\u00e9n la importancia de los procesos personales que hacen posible mirar a los seres queridos desde una perspectiva renovada y aut\u00e9ntica.<\/p>\n<div class=\"second-saved-buttons\">\n<div class=\"body-share-note\"><\/div>\n<\/div>\n","protected":false},"excerpt":{"rendered":"<p>En los \u00faltimos d\u00edas,\u00a0Sof\u00eda Jujuy Jim\u00e9nez\u00a0se encontr\u00f3 en el ojo de la tormenta tras hacer\u00a0una reflexi\u00f3n que comenz\u00f3 con una pol\u00e9mica frase\u00a0sobre la infidelidad. Acaso para tomar distancia de esto, sorprendi\u00f3 a sus seguidores al compartir el relato de un viaje \u00edntimo y transformador junto a su pap\u00e1 a la ciudad de Valpara\u00edso, Chile. A [&hellip;]<\/p>\n","protected":false},"author":1,"featured_media":1237,"comment_status":"open","ping_status":"open","sticky":false,"template":"","format":"standard","meta":{"rop_custom_images_group":[],"rop_custom_messages_group":[],"rop_publish_now":"initial","rop_publish_now_accounts":[],"rop_publish_now_history":[],"rop_publish_now_status":"pending","footnotes":"","jetpack_publicize_message":"","jetpack_publicize_feature_enabled":true,"jetpack_social_post_already_shared":true,"jetpack_social_options":{"image_generator_settings":{"template":"highway","enabled":false},"version":2}},"categories":[12],"tags":[],"class_list":{"0":"post-1234","1":"post","2":"type-post","3":"status-publish","4":"format-standard","5":"has-post-thumbnail","7":"category-espectaculos"},"jetpack_publicize_connections":[],"yoast_head":"<!-- This site is optimized with the Yoast SEO plugin v27.3 - https:\/\/yoast.com\/product\/yoast-seo-wordpress\/ -->\n<title>El viaje interior de Sof\u00eda Jujuy Jim\u00e9nez y su pap\u00e1 a Chile: \u201cSanar heridas de la infancia\u201d - CLAN ESPECTACULOS<\/title>\n<meta name=\"robots\" content=\"index, follow, max-snippet:-1, max-image-preview:large, max-video-preview:-1\" \/>\n<link rel=\"canonical\" href=\"https:\/\/radioclanfm.com\/clanespectaculos\/el-viaje-interior-de-sofia-jujuy-jimenez-y-su-papa-a-chile-sanar-heridas-de-la-infancia\/\" \/>\n<meta property=\"og:locale\" content=\"es_ES\" \/>\n<meta property=\"og:type\" content=\"article\" \/>\n<meta property=\"og:title\" content=\"El viaje interior de Sof\u00eda Jujuy Jim\u00e9nez y su pap\u00e1 a Chile: \u201cSanar heridas de la infancia\u201d - CLAN ESPECTACULOS\" \/>\n<meta property=\"og:description\" content=\"En los \u00faltimos d\u00edas,\u00a0Sof\u00eda Jujuy Jim\u00e9nez\u00a0se encontr\u00f3 en el ojo de la tormenta tras hacer\u00a0una reflexi\u00f3n que comenz\u00f3 con una pol\u00e9mica frase\u00a0sobre la infidelidad. Acaso para tomar distancia de esto, sorprendi\u00f3 a sus seguidores al compartir el relato de un viaje \u00edntimo y transformador junto a su pap\u00e1 a la ciudad de Valpara\u00edso, Chile. A [&hellip;]\" \/>\n<meta property=\"og:url\" content=\"https:\/\/radioclanfm.com\/clanespectaculos\/el-viaje-interior-de-sofia-jujuy-jimenez-y-su-papa-a-chile-sanar-heridas-de-la-infancia\/\" \/>\n<meta property=\"og:site_name\" content=\"CLAN ESPECTACULOS\" \/>\n<meta property=\"article:publisher\" content=\"https:\/\/www.facebook.com\/clanespectaculos\/\" \/>\n<meta property=\"article:published_time\" content=\"2025-06-04T01:59:31+00:00\" \/>\n<meta property=\"og:image\" content=\"https:\/\/radioclanfm.com\/clanespectaculos\/wp-content\/uploads\/sites\/2\/2025\/06\/9jS-bBso.jpg\" \/>\n\t<meta property=\"og:image:width\" content=\"900\" \/>\n\t<meta property=\"og:image:height\" content=\"450\" \/>\n\t<meta property=\"og:image:type\" content=\"image\/jpeg\" \/>\n<meta name=\"author\" content=\"E-GRUPOCLAN\" \/>\n<meta name=\"twitter:card\" content=\"summary_large_image\" \/>\n<meta name=\"twitter:creator\" content=\"@clanespectok\" \/>\n<meta name=\"twitter:site\" content=\"@clanespectok\" \/>\n<meta name=\"twitter:label1\" content=\"Escrito por\" \/>\n\t<meta name=\"twitter:data1\" content=\"E-GRUPOCLAN\" \/>\n\t<meta name=\"twitter:label2\" content=\"Tiempo de lectura\" \/>\n\t<meta name=\"twitter:data2\" content=\"4 minutos\" \/>\n<script type=\"application\/ld+json\" class=\"yoast-schema-graph\">{\"@context\":\"https:\\\/\\\/schema.org\",\"@graph\":[{\"@type\":\"Article\",\"@id\":\"https:\\\/\\\/radioclanfm.com\\\/clanespectaculos\\\/el-viaje-interior-de-sofia-jujuy-jimenez-y-su-papa-a-chile-sanar-heridas-de-la-infancia\\\/#article\",\"isPartOf\":{\"@id\":\"https:\\\/\\\/radioclanfm.com\\\/clanespectaculos\\\/el-viaje-interior-de-sofia-jujuy-jimenez-y-su-papa-a-chile-sanar-heridas-de-la-infancia\\\/\"},\"author\":{\"name\":\"E-GRUPOCLAN\",\"@id\":\"https:\\\/\\\/radioclanfm.com\\\/clanespectaculos\\\/#\\\/schema\\\/person\\\/9734813083303230f3ad84d99171b20c\"},\"headline\":\"El viaje interior de Sof\u00eda Jujuy Jim\u00e9nez y su pap\u00e1 a Chile: \u201cSanar heridas de la infancia\u201d\",\"datePublished\":\"2025-06-04T01:59:31+00:00\",\"mainEntityOfPage\":{\"@id\":\"https:\\\/\\\/radioclanfm.com\\\/clanespectaculos\\\/el-viaje-interior-de-sofia-jujuy-jimenez-y-su-papa-a-chile-sanar-heridas-de-la-infancia\\\/\"},\"wordCount\":775,\"commentCount\":0,\"publisher\":{\"@id\":\"https:\\\/\\\/radioclanfm.com\\\/clanespectaculos\\\/#organization\"},\"image\":{\"@id\":\"https:\\\/\\\/radioclanfm.com\\\/clanespectaculos\\\/el-viaje-interior-de-sofia-jujuy-jimenez-y-su-papa-a-chile-sanar-heridas-de-la-infancia\\\/#primaryimage\"},\"thumbnailUrl\":\"https:\\\/\\\/radioclanfm.com\\\/clanespectaculos\\\/wp-content\\\/uploads\\\/sites\\\/2\\\/2025\\\/06\\\/9jS-bBso.jpg\",\"articleSection\":[\"Espectaculos\"],\"inLanguage\":\"es-AR\",\"potentialAction\":[{\"@type\":\"CommentAction\",\"name\":\"Comment\",\"target\":[\"https:\\\/\\\/radioclanfm.com\\\/clanespectaculos\\\/el-viaje-interior-de-sofia-jujuy-jimenez-y-su-papa-a-chile-sanar-heridas-de-la-infancia\\\/#respond\"]}]},{\"@type\":\"WebPage\",\"@id\":\"https:\\\/\\\/radioclanfm.com\\\/clanespectaculos\\\/el-viaje-interior-de-sofia-jujuy-jimenez-y-su-papa-a-chile-sanar-heridas-de-la-infancia\\\/\",\"url\":\"https:\\\/\\\/radioclanfm.com\\\/clanespectaculos\\\/el-viaje-interior-de-sofia-jujuy-jimenez-y-su-papa-a-chile-sanar-heridas-de-la-infancia\\\/\",\"name\":\"El viaje interior de Sof\u00eda Jujuy Jim\u00e9nez y su pap\u00e1 a Chile: \u201cSanar heridas de la infancia\u201d - CLAN ESPECTACULOS\",\"isPartOf\":{\"@id\":\"https:\\\/\\\/radioclanfm.com\\\/clanespectaculos\\\/#website\"},\"primaryImageOfPage\":{\"@id\":\"https:\\\/\\\/radioclanfm.com\\\/clanespectaculos\\\/el-viaje-interior-de-sofia-jujuy-jimenez-y-su-papa-a-chile-sanar-heridas-de-la-infancia\\\/#primaryimage\"},\"image\":{\"@id\":\"https:\\\/\\\/radioclanfm.com\\\/clanespectaculos\\\/el-viaje-interior-de-sofia-jujuy-jimenez-y-su-papa-a-chile-sanar-heridas-de-la-infancia\\\/#primaryimage\"},\"thumbnailUrl\":\"https:\\\/\\\/radioclanfm.com\\\/clanespectaculos\\\/wp-content\\\/uploads\\\/sites\\\/2\\\/2025\\\/06\\\/9jS-bBso.jpg\",\"datePublished\":\"2025-06-04T01:59:31+00:00\",\"breadcrumb\":{\"@id\":\"https:\\\/\\\/radioclanfm.com\\\/clanespectaculos\\\/el-viaje-interior-de-sofia-jujuy-jimenez-y-su-papa-a-chile-sanar-heridas-de-la-infancia\\\/#breadcrumb\"},\"inLanguage\":\"es-AR\",\"potentialAction\":[{\"@type\":\"ReadAction\",\"target\":[\"https:\\\/\\\/radioclanfm.com\\\/clanespectaculos\\\/el-viaje-interior-de-sofia-jujuy-jimenez-y-su-papa-a-chile-sanar-heridas-de-la-infancia\\\/\"]}]},{\"@type\":\"ImageObject\",\"inLanguage\":\"es-AR\",\"@id\":\"https:\\\/\\\/radioclanfm.com\\\/clanespectaculos\\\/el-viaje-interior-de-sofia-jujuy-jimenez-y-su-papa-a-chile-sanar-heridas-de-la-infancia\\\/#primaryimage\",\"url\":\"https:\\\/\\\/radioclanfm.com\\\/clanespectaculos\\\/wp-content\\\/uploads\\\/sites\\\/2\\\/2025\\\/06\\\/9jS-bBso.jpg\",\"contentUrl\":\"https:\\\/\\\/radioclanfm.com\\\/clanespectaculos\\\/wp-content\\\/uploads\\\/sites\\\/2\\\/2025\\\/06\\\/9jS-bBso.jpg\",\"width\":900,\"height\":450},{\"@type\":\"BreadcrumbList\",\"@id\":\"https:\\\/\\\/radioclanfm.com\\\/clanespectaculos\\\/el-viaje-interior-de-sofia-jujuy-jimenez-y-su-papa-a-chile-sanar-heridas-de-la-infancia\\\/#breadcrumb\",\"itemListElement\":[{\"@type\":\"ListItem\",\"position\":1,\"name\":\"Inicio\",\"item\":\"https:\\\/\\\/radioclanfm.com\\\/clanespectaculos\\\/\"},{\"@type\":\"ListItem\",\"position\":2,\"name\":\"El viaje interior de Sof\u00eda Jujuy Jim\u00e9nez y su pap\u00e1 a Chile: \u201cSanar heridas de la infancia\u201d\"}]},{\"@type\":\"WebSite\",\"@id\":\"https:\\\/\\\/radioclanfm.com\\\/clanespectaculos\\\/#website\",\"url\":\"https:\\\/\\\/radioclanfm.com\\\/clanespectaculos\\\/\",\"name\":\"CLAN ESPECTACULOS\",\"description\":\"\",\"publisher\":{\"@id\":\"https:\\\/\\\/radioclanfm.com\\\/clanespectaculos\\\/#organization\"},\"potentialAction\":[{\"@type\":\"SearchAction\",\"target\":{\"@type\":\"EntryPoint\",\"urlTemplate\":\"https:\\\/\\\/radioclanfm.com\\\/clanespectaculos\\\/?s={search_term_string}\"},\"query-input\":{\"@type\":\"PropertyValueSpecification\",\"valueRequired\":true,\"valueName\":\"search_term_string\"}}],\"inLanguage\":\"es-AR\"},{\"@type\":\"Organization\",\"@id\":\"https:\\\/\\\/radioclanfm.com\\\/clanespectaculos\\\/#organization\",\"name\":\"CLAN ESPECTACULOS\",\"url\":\"https:\\\/\\\/radioclanfm.com\\\/clanespectaculos\\\/\",\"logo\":{\"@type\":\"ImageObject\",\"inLanguage\":\"es-AR\",\"@id\":\"https:\\\/\\\/radioclanfm.com\\\/clanespectaculos\\\/#\\\/schema\\\/logo\\\/image\\\/\",\"url\":\"https:\\\/\\\/radioclanfm.com\\\/clanespectaculos\\\/wp-content\\\/uploads\\\/sites\\\/2\\\/2026\\\/04\\\/ChatGPT-Image-23-mar-2026-10_09_00.png\",\"contentUrl\":\"https:\\\/\\\/radioclanfm.com\\\/clanespectaculos\\\/wp-content\\\/uploads\\\/sites\\\/2\\\/2026\\\/04\\\/ChatGPT-Image-23-mar-2026-10_09_00.png\",\"width\":1024,\"height\":1024,\"caption\":\"CLAN ESPECTACULOS\"},\"image\":{\"@id\":\"https:\\\/\\\/radioclanfm.com\\\/clanespectaculos\\\/#\\\/schema\\\/logo\\\/image\\\/\"},\"sameAs\":[\"https:\\\/\\\/www.facebook.com\\\/clanespectaculos\\\/\",\"https:\\\/\\\/x.com\\\/clanespectok\"]},{\"@type\":\"Person\",\"@id\":\"https:\\\/\\\/radioclanfm.com\\\/clanespectaculos\\\/#\\\/schema\\\/person\\\/9734813083303230f3ad84d99171b20c\",\"name\":\"E-GRUPOCLAN\",\"image\":{\"@type\":\"ImageObject\",\"inLanguage\":\"es-AR\",\"@id\":\"https:\\\/\\\/secure.gravatar.com\\\/avatar\\\/af6e19837c3d6a212034a48c7b3818d2ac1826f6025df0155da5a186ad321d79?s=96&d=mm&r=g\",\"url\":\"https:\\\/\\\/secure.gravatar.com\\\/avatar\\\/af6e19837c3d6a212034a48c7b3818d2ac1826f6025df0155da5a186ad321d79?s=96&d=mm&r=g\",\"contentUrl\":\"https:\\\/\\\/secure.gravatar.com\\\/avatar\\\/af6e19837c3d6a212034a48c7b3818d2ac1826f6025df0155da5a186ad321d79?s=96&d=mm&r=g\",\"caption\":\"E-GRUPOCLAN\"},\"sameAs\":[\"https:\\\/\\\/radioclanfm.com\"],\"url\":\"https:\\\/\\\/radioclanfm.com\\\/clanespectaculos\\\/author\\\/admin\\\/\"}]}<\/script>\n<!-- \/ Yoast SEO plugin. -->","yoast_head_json":{"title":"El viaje interior de Sof\u00eda Jujuy Jim\u00e9nez y su pap\u00e1 a Chile: \u201cSanar heridas de la infancia\u201d - CLAN ESPECTACULOS","robots":{"index":"index","follow":"follow","max-snippet":"max-snippet:-1","max-image-preview":"max-image-preview:large","max-video-preview":"max-video-preview:-1"},"canonical":"https:\/\/radioclanfm.com\/clanespectaculos\/el-viaje-interior-de-sofia-jujuy-jimenez-y-su-papa-a-chile-sanar-heridas-de-la-infancia\/","og_locale":"es_ES","og_type":"article","og_title":"El viaje interior de Sof\u00eda Jujuy Jim\u00e9nez y su pap\u00e1 a Chile: \u201cSanar heridas de la infancia\u201d - CLAN ESPECTACULOS","og_description":"En los \u00faltimos d\u00edas,\u00a0Sof\u00eda Jujuy Jim\u00e9nez\u00a0se encontr\u00f3 en el ojo de la tormenta tras hacer\u00a0una reflexi\u00f3n que comenz\u00f3 con una pol\u00e9mica frase\u00a0sobre la infidelidad. Acaso para tomar distancia de esto, sorprendi\u00f3 a sus seguidores al compartir el relato de un viaje \u00edntimo y transformador junto a su pap\u00e1 a la ciudad de Valpara\u00edso, Chile. A [&hellip;]","og_url":"https:\/\/radioclanfm.com\/clanespectaculos\/el-viaje-interior-de-sofia-jujuy-jimenez-y-su-papa-a-chile-sanar-heridas-de-la-infancia\/","og_site_name":"CLAN ESPECTACULOS","article_publisher":"https:\/\/www.facebook.com\/clanespectaculos\/","article_published_time":"2025-06-04T01:59:31+00:00","og_image":[{"width":900,"height":450,"url":"https:\/\/radioclanfm.com\/clanespectaculos\/wp-content\/uploads\/sites\/2\/2025\/06\/9jS-bBso.jpg","type":"image\/jpeg"}],"author":"E-GRUPOCLAN","twitter_card":"summary_large_image","twitter_creator":"@clanespectok","twitter_site":"@clanespectok","twitter_misc":{"Escrito por":"E-GRUPOCLAN","Tiempo de lectura":"4 minutos"},"schema":{"@context":"https:\/\/schema.org","@graph":[{"@type":"Article","@id":"https:\/\/radioclanfm.com\/clanespectaculos\/el-viaje-interior-de-sofia-jujuy-jimenez-y-su-papa-a-chile-sanar-heridas-de-la-infancia\/#article","isPartOf":{"@id":"https:\/\/radioclanfm.com\/clanespectaculos\/el-viaje-interior-de-sofia-jujuy-jimenez-y-su-papa-a-chile-sanar-heridas-de-la-infancia\/"},"author":{"name":"E-GRUPOCLAN","@id":"https:\/\/radioclanfm.com\/clanespectaculos\/#\/schema\/person\/9734813083303230f3ad84d99171b20c"},"headline":"El viaje interior de Sof\u00eda Jujuy Jim\u00e9nez y su pap\u00e1 a Chile: \u201cSanar heridas de la infancia\u201d","datePublished":"2025-06-04T01:59:31+00:00","mainEntityOfPage":{"@id":"https:\/\/radioclanfm.com\/clanespectaculos\/el-viaje-interior-de-sofia-jujuy-jimenez-y-su-papa-a-chile-sanar-heridas-de-la-infancia\/"},"wordCount":775,"commentCount":0,"publisher":{"@id":"https:\/\/radioclanfm.com\/clanespectaculos\/#organization"},"image":{"@id":"https:\/\/radioclanfm.com\/clanespectaculos\/el-viaje-interior-de-sofia-jujuy-jimenez-y-su-papa-a-chile-sanar-heridas-de-la-infancia\/#primaryimage"},"thumbnailUrl":"https:\/\/radioclanfm.com\/clanespectaculos\/wp-content\/uploads\/sites\/2\/2025\/06\/9jS-bBso.jpg","articleSection":["Espectaculos"],"inLanguage":"es-AR","potentialAction":[{"@type":"CommentAction","name":"Comment","target":["https:\/\/radioclanfm.com\/clanespectaculos\/el-viaje-interior-de-sofia-jujuy-jimenez-y-su-papa-a-chile-sanar-heridas-de-la-infancia\/#respond"]}]},{"@type":"WebPage","@id":"https:\/\/radioclanfm.com\/clanespectaculos\/el-viaje-interior-de-sofia-jujuy-jimenez-y-su-papa-a-chile-sanar-heridas-de-la-infancia\/","url":"https:\/\/radioclanfm.com\/clanespectaculos\/el-viaje-interior-de-sofia-jujuy-jimenez-y-su-papa-a-chile-sanar-heridas-de-la-infancia\/","name":"El viaje interior de Sof\u00eda Jujuy Jim\u00e9nez y su pap\u00e1 a Chile: \u201cSanar heridas de la infancia\u201d - CLAN ESPECTACULOS","isPartOf":{"@id":"https:\/\/radioclanfm.com\/clanespectaculos\/#website"},"primaryImageOfPage":{"@id":"https:\/\/radioclanfm.com\/clanespectaculos\/el-viaje-interior-de-sofia-jujuy-jimenez-y-su-papa-a-chile-sanar-heridas-de-la-infancia\/#primaryimage"},"image":{"@id":"https:\/\/radioclanfm.com\/clanespectaculos\/el-viaje-interior-de-sofia-jujuy-jimenez-y-su-papa-a-chile-sanar-heridas-de-la-infancia\/#primaryimage"},"thumbnailUrl":"https:\/\/radioclanfm.com\/clanespectaculos\/wp-content\/uploads\/sites\/2\/2025\/06\/9jS-bBso.jpg","datePublished":"2025-06-04T01:59:31+00:00","breadcrumb":{"@id":"https:\/\/radioclanfm.com\/clanespectaculos\/el-viaje-interior-de-sofia-jujuy-jimenez-y-su-papa-a-chile-sanar-heridas-de-la-infancia\/#breadcrumb"},"inLanguage":"es-AR","potentialAction":[{"@type":"ReadAction","target":["https:\/\/radioclanfm.com\/clanespectaculos\/el-viaje-interior-de-sofia-jujuy-jimenez-y-su-papa-a-chile-sanar-heridas-de-la-infancia\/"]}]},{"@type":"ImageObject","inLanguage":"es-AR","@id":"https:\/\/radioclanfm.com\/clanespectaculos\/el-viaje-interior-de-sofia-jujuy-jimenez-y-su-papa-a-chile-sanar-heridas-de-la-infancia\/#primaryimage","url":"https:\/\/radioclanfm.com\/clanespectaculos\/wp-content\/uploads\/sites\/2\/2025\/06\/9jS-bBso.jpg","contentUrl":"https:\/\/radioclanfm.com\/clanespectaculos\/wp-content\/uploads\/sites\/2\/2025\/06\/9jS-bBso.jpg","width":900,"height":450},{"@type":"BreadcrumbList","@id":"https:\/\/radioclanfm.com\/clanespectaculos\/el-viaje-interior-de-sofia-jujuy-jimenez-y-su-papa-a-chile-sanar-heridas-de-la-infancia\/#breadcrumb","itemListElement":[{"@type":"ListItem","position":1,"name":"Inicio","item":"https:\/\/radioclanfm.com\/clanespectaculos\/"},{"@type":"ListItem","position":2,"name":"El viaje interior de Sof\u00eda Jujuy Jim\u00e9nez y su pap\u00e1 a Chile: \u201cSanar heridas de la infancia\u201d"}]},{"@type":"WebSite","@id":"https:\/\/radioclanfm.com\/clanespectaculos\/#website","url":"https:\/\/radioclanfm.com\/clanespectaculos\/","name":"CLAN ESPECTACULOS","description":"","publisher":{"@id":"https:\/\/radioclanfm.com\/clanespectaculos\/#organization"},"potentialAction":[{"@type":"SearchAction","target":{"@type":"EntryPoint","urlTemplate":"https:\/\/radioclanfm.com\/clanespectaculos\/?s={search_term_string}"},"query-input":{"@type":"PropertyValueSpecification","valueRequired":true,"valueName":"search_term_string"}}],"inLanguage":"es-AR"},{"@type":"Organization","@id":"https:\/\/radioclanfm.com\/clanespectaculos\/#organization","name":"CLAN ESPECTACULOS","url":"https:\/\/radioclanfm.com\/clanespectaculos\/","logo":{"@type":"ImageObject","inLanguage":"es-AR","@id":"https:\/\/radioclanfm.com\/clanespectaculos\/#\/schema\/logo\/image\/","url":"https:\/\/radioclanfm.com\/clanespectaculos\/wp-content\/uploads\/sites\/2\/2026\/04\/ChatGPT-Image-23-mar-2026-10_09_00.png","contentUrl":"https:\/\/radioclanfm.com\/clanespectaculos\/wp-content\/uploads\/sites\/2\/2026\/04\/ChatGPT-Image-23-mar-2026-10_09_00.png","width":1024,"height":1024,"caption":"CLAN ESPECTACULOS"},"image":{"@id":"https:\/\/radioclanfm.com\/clanespectaculos\/#\/schema\/logo\/image\/"},"sameAs":["https:\/\/www.facebook.com\/clanespectaculos\/","https:\/\/x.com\/clanespectok"]},{"@type":"Person","@id":"https:\/\/radioclanfm.com\/clanespectaculos\/#\/schema\/person\/9734813083303230f3ad84d99171b20c","name":"E-GRUPOCLAN","image":{"@type":"ImageObject","inLanguage":"es-AR","@id":"https:\/\/secure.gravatar.com\/avatar\/af6e19837c3d6a212034a48c7b3818d2ac1826f6025df0155da5a186ad321d79?s=96&d=mm&r=g","url":"https:\/\/secure.gravatar.com\/avatar\/af6e19837c3d6a212034a48c7b3818d2ac1826f6025df0155da5a186ad321d79?s=96&d=mm&r=g","contentUrl":"https:\/\/secure.gravatar.com\/avatar\/af6e19837c3d6a212034a48c7b3818d2ac1826f6025df0155da5a186ad321d79?s=96&d=mm&r=g","caption":"E-GRUPOCLAN"},"sameAs":["https:\/\/radioclanfm.com"],"url":"https:\/\/radioclanfm.com\/clanespectaculos\/author\/admin\/"}]}},"_links":{"self":[{"href":"https:\/\/radioclanfm.com\/clanespectaculos\/wp-json\/wp\/v2\/posts\/1234","targetHints":{"allow":["GET"]}}],"collection":[{"href":"https:\/\/radioclanfm.com\/clanespectaculos\/wp-json\/wp\/v2\/posts"}],"about":[{"href":"https:\/\/radioclanfm.com\/clanespectaculos\/wp-json\/wp\/v2\/types\/post"}],"author":[{"embeddable":true,"href":"https:\/\/radioclanfm.com\/clanespectaculos\/wp-json\/wp\/v2\/users\/1"}],"replies":[{"embeddable":true,"href":"https:\/\/radioclanfm.com\/clanespectaculos\/wp-json\/wp\/v2\/comments?post=1234"}],"version-history":[{"count":1,"href":"https:\/\/radioclanfm.com\/clanespectaculos\/wp-json\/wp\/v2\/posts\/1234\/revisions"}],"predecessor-version":[{"id":1238,"href":"https:\/\/radioclanfm.com\/clanespectaculos\/wp-json\/wp\/v2\/posts\/1234\/revisions\/1238"}],"wp:featuredmedia":[{"embeddable":true,"href":"https:\/\/radioclanfm.com\/clanespectaculos\/wp-json\/wp\/v2\/media\/1237"}],"wp:attachment":[{"href":"https:\/\/radioclanfm.com\/clanespectaculos\/wp-json\/wp\/v2\/media?parent=1234"}],"wp:term":[{"taxonomy":"category","embeddable":true,"href":"https:\/\/radioclanfm.com\/clanespectaculos\/wp-json\/wp\/v2\/categories?post=1234"},{"taxonomy":"post_tag","embeddable":true,"href":"https:\/\/radioclanfm.com\/clanespectaculos\/wp-json\/wp\/v2\/tags?post=1234"}],"curies":[{"name":"wp","href":"https:\/\/api.w.org\/{rel}","templated":true}]}}