{"id":12298,"date":"2026-02-13T15:36:34","date_gmt":"2026-02-13T18:36:34","guid":{"rendered":"https:\/\/radioclanfm.com\/clanespectaculos\/?p=12298"},"modified":"2026-02-13T15:36:34","modified_gmt":"2026-02-13T18:36:34","slug":"las-famosas-lucen-remeras-solidarias-para-ayudar-a-los-chicos-con-cancer","status":"publish","type":"post","link":"https:\/\/radioclanfm.com\/clanespectaculos\/las-famosas-lucen-remeras-solidarias-para-ayudar-a-los-chicos-con-cancer\/","title":{"rendered":"Las famosas lucen remeras solidarias para ayudar a los chicos con c\u00e1ncer"},"content":{"rendered":"<p>La campa\u00f1a \u201cTe abrazo\u201d de la Fundaci\u00f3n Natal\u00ed Flexer busca recaudar fondos para ayudar a m\u00e1s de 2.800 chicos y sus familias.<\/p>\n<p class=\"paragraph font__body-regular\">En el marco del<b>\u00a0Mes del C\u00e1ncer Infanto-Juvenil<\/b>,<b>\u00a0<\/b><b>Fundaci\u00f3n Natal\u00ed Flexer\u00a0<\/b>impulsa la campa\u00f1a\u00a0<i><b>TE ABRAZO<\/b><\/i>, una iniciativa solidaria que invita a ponerse la camiseta por los chicos con c\u00e1ncer a trav\u00e9s de<b>\u00a0la compra de la remera #YoAbrazo<\/b>, cuya recaudaci\u00f3n sostiene los<b>\u00a0programas de apoyo de la Fundaci\u00f3n Flexer.<\/b><\/p>\n<p>&nbsp;<\/p>\n<p class=\"paragraph font__body-regular\">Reconocidas mujeres del mundo del espect\u00e1culo y la moda se unieron a esta campa\u00f1a y posaron con la remera.<b><\/b><\/p>\n<figure class=\"\" data-testid=\"figure-testid\">\n<div class=\"aspect_ratio__container\"><picture class=\"responsive-image\"><source srcset=\"https:\/\/tn.com.ar\/resizer\/v2\/agustina-rossi-la-primera-en-sumarse-a-la-campana-foto-centro-rossi-XEADEINZDRALLPR3HRBDHWNOSE.jpeg?auth=1b6380b9cf2430577c110a33e553bfe6301a52ff549ad573127d4ccd641353f8&amp;width=767\" type=\"image\/jpg\" media=\"(max-width: 728px)\" \/><source srcset=\"https:\/\/tn.com.ar\/resizer\/v2\/agustina-rossi-la-primera-en-sumarse-a-la-campana-foto-centro-rossi-XEADEINZDRALLPR3HRBDHWNOSE.jpeg?auth=1b6380b9cf2430577c110a33e553bfe6301a52ff549ad573127d4ccd641353f8&amp;width=1023\" type=\"image\/jpg\" media=\"(max-width: 1023px)\" \/><source srcset=\"https:\/\/tn.com.ar\/resizer\/v2\/agustina-rossi-la-primera-en-sumarse-a-la-campana-foto-centro-rossi-XEADEINZDRALLPR3HRBDHWNOSE.jpeg?auth=1b6380b9cf2430577c110a33e553bfe6301a52ff549ad573127d4ccd641353f8&amp;width=1440\" type=\"image\/jpg\" \/><img loading=\"lazy\" decoding=\"async\" class=\"image content-image image_placeholder\" src=\"https:\/\/tn.com.ar\/resizer\/v2\/agustina-rossi-la-primera-en-sumarse-a-la-campana-foto-centro-rossi-XEADEINZDRALLPR3HRBDHWNOSE.jpeg?auth=1b6380b9cf2430577c110a33e553bfe6301a52ff549ad573127d4ccd641353f8&amp;width=767\" alt=\"Agustina Rossi, la primera en sumarse a la campa\u00f1a. (Foto: Centro Rossi)\" width=\"767\" height=\"1609\" data-testid=\"loading-testid\" \/><\/picture><\/div><figcaption class=\"caption_image\" data-testid=\"figcaption-testid\">\n<div class=\"image_caption \">Agustina Rossi, la primera en sumarse a la campa\u00f1a. (Foto: Centro Rossi)<\/div>\n<\/figcaption><\/figure>\n<p class=\"paragraph font__body-regular\"><b>Agustina Rossi, Evelyn Scheild,\u00a0<\/b><b>Elina Costantini<\/b><b>, Dominique Metzger, Luciana Pedraza, Mar\u00eda Claudia Pedrayes, Moira Berntz, Patricia Della Giovampaola,\u00a0<\/b><b>Teresa Calandra<\/b><b>, Titi V\u00e1zquez y Ver\u00f3nica Lozano<\/b>\u00a0se sumaron desinteresadamente para amplificar el mensaje y acompa\u00f1ar esta causa.<\/p>\n<figure class=\"\" data-testid=\"figure-testid\">\n<div class=\"aspect_ratio__container\"><picture class=\"responsive-image\"><source srcset=\"https:\/\/tn.com.ar\/resizer\/v2\/patricia-della-giovampaola-se-sumo-a-la-campana-foto-fundacion-natali-dafne-flexer-KCN6SJJ36JAXRNK5QLOTOZRO2E.jpeg?auth=ef22f58d1baa93908889c9e0c6bcdfdccbf46fa8059119e04ff771989a10dca4&amp;width=767\" type=\"image\/jpg\" media=\"(max-width: 728px)\" \/><source srcset=\"https:\/\/tn.com.ar\/resizer\/v2\/patricia-della-giovampaola-se-sumo-a-la-campana-foto-fundacion-natali-dafne-flexer-KCN6SJJ36JAXRNK5QLOTOZRO2E.jpeg?auth=ef22f58d1baa93908889c9e0c6bcdfdccbf46fa8059119e04ff771989a10dca4&amp;width=1023\" type=\"image\/jpg\" media=\"(max-width: 1023px)\" \/><source srcset=\"https:\/\/tn.com.ar\/resizer\/v2\/patricia-della-giovampaola-se-sumo-a-la-campana-foto-fundacion-natali-dafne-flexer-KCN6SJJ36JAXRNK5QLOTOZRO2E.jpeg?auth=ef22f58d1baa93908889c9e0c6bcdfdccbf46fa8059119e04ff771989a10dca4&amp;width=1440\" type=\"image\/jpg\" \/><img loading=\"lazy\" decoding=\"async\" class=\"image content-image image_placeholder\" src=\"https:\/\/tn.com.ar\/resizer\/v2\/patricia-della-giovampaola-se-sumo-a-la-campana-foto-fundacion-natali-dafne-flexer-KCN6SJJ36JAXRNK5QLOTOZRO2E.jpeg?auth=ef22f58d1baa93908889c9e0c6bcdfdccbf46fa8059119e04ff771989a10dca4&amp;width=767\" alt=\"Patricia Della Giovampaola se sum\u00f3 a la campa\u00f1a. (Foto: Fundaci\u00f3n Natal\u00ed Dafne Flexer)\" width=\"767\" height=\"1181\" data-testid=\"loading-testid\" \/><\/picture><\/div><figcaption class=\"caption_image\" data-testid=\"figcaption-testid\">\n<div class=\"image_caption \">Patricia Della Giovampaola se sum\u00f3 a la campa\u00f1a. (Foto: Fundaci\u00f3n Natal\u00ed Dafne Flexer)<\/div>\n<\/figcaption><\/figure>\n<p class=\"paragraph font__body-regular\">Las participantes grabaron un video, con la camiseta puesta, y dejaron un mensaje para invitar a colaborar.<b>\u00a0\u201cHay muchas injusticias en la vida que me duelen, pero hay una que me duele m\u00e1s que las otras, y es el c\u00e1ncer infantil\u201d,\u00a0<\/b>dijo Patricia Della Giovampaola.<b>\u00a0\u201cSer\u00eda buen\u00edsimo que vos tambi\u00e9n te pongas la camiseta, abraces y ayudemos entre todos\u201d<\/b>, sum\u00f3 la modelo Moira Berntz.<\/p>\n<div class=\"genoa_video raw relative vertical\">\n<div class=\"video_placeholder vertical\">\n<div class=\"aspect_ratio__container\"><picture class=\"responsive-image\"><source srcset=\"https:\/\/tn.com.ar\/resizer\/v2\/https%3A%2F%2Fthumbs.vodgc.net%2F1-14-Z6QfOX1770816135250_720P.jpg?auth=c9c41c52a0d029e1f23bf1f07b310e839c1060d931e1ca39fca6e8979e94c73f&amp;width=767\" type=\"image\/jpg\" media=\"(max-width: 728px)\" \/><source srcset=\"https:\/\/tn.com.ar\/resizer\/v2\/https%3A%2F%2Fthumbs.vodgc.net%2F1-14-Z6QfOX1770816135250_720P.jpg?auth=c9c41c52a0d029e1f23bf1f07b310e839c1060d931e1ca39fca6e8979e94c73f&amp;width=1023\" type=\"image\/jpg\" media=\"(max-width: 1023px)\" \/><source srcset=\"https:\/\/tn.com.ar\/resizer\/v2\/https%3A%2F%2Fthumbs.vodgc.net%2F1-14-Z6QfOX1770816135250_720P.jpg?auth=c9c41c52a0d029e1f23bf1f07b310e839c1060d931e1ca39fca6e8979e94c73f&amp;width=1440\" type=\"image\/jpg\" \/><\/picture><\/div>\n<p><button type=\"button\" data-testid=\"video-placeholder-button\"><\/button><\/div>\n<\/div>\n<div class=\"genoa_description font__body-regular\">Famosas en la campa\u00f1a de la Fundaci\u00f3n Natal\u00ed Flexer. (Video: Instagram\/@fndflexer)<\/div>\n<p class=\"paragraph font__body-regular\">A trav\u00e9s de la camiseta #YoAbrazo, la campa\u00f1a busca<b>\u00a0visibilizar y sostener los programas de acompa\u00f1amiento integral que la Fundaci\u00f3n brinda de manera gratuita a 2.800 chicos con c\u00e1ncer y sus familias\u00a0<\/b>en todo el pa\u00eds.<\/p>\n<figure class=\"\" data-testid=\"figure-testid\">\n<div class=\"aspect_ratio__container\"><picture class=\"responsive-image\"><source srcset=\"https:\/\/tn.com.ar\/resizer\/v2\/dominique-metzger-con-la-camiseta-yo-te-abrazo-foto-fundacion-natali-dafne-flexer-XLFFUWAS4JCTRNZMT5IWAXXZEA.jpeg?auth=5109326b7b3cac11bccd8d1c21d82a57421ae47cd1881679b94e366939af9964&amp;width=767\" type=\"image\/jpg\" media=\"(max-width: 728px)\" \/><source srcset=\"https:\/\/tn.com.ar\/resizer\/v2\/dominique-metzger-con-la-camiseta-yo-te-abrazo-foto-fundacion-natali-dafne-flexer-XLFFUWAS4JCTRNZMT5IWAXXZEA.jpeg?auth=5109326b7b3cac11bccd8d1c21d82a57421ae47cd1881679b94e366939af9964&amp;width=1023\" type=\"image\/jpg\" media=\"(max-width: 1023px)\" \/><source srcset=\"https:\/\/tn.com.ar\/resizer\/v2\/dominique-metzger-con-la-camiseta-yo-te-abrazo-foto-fundacion-natali-dafne-flexer-XLFFUWAS4JCTRNZMT5IWAXXZEA.jpeg?auth=5109326b7b3cac11bccd8d1c21d82a57421ae47cd1881679b94e366939af9964&amp;width=1440\" type=\"image\/jpg\" \/><img loading=\"lazy\" decoding=\"async\" class=\"image content-image image_placeholder\" src=\"https:\/\/tn.com.ar\/resizer\/v2\/dominique-metzger-con-la-camiseta-yo-te-abrazo-foto-fundacion-natali-dafne-flexer-XLFFUWAS4JCTRNZMT5IWAXXZEA.jpeg?auth=5109326b7b3cac11bccd8d1c21d82a57421ae47cd1881679b94e366939af9964&amp;width=767\" alt=\"Dominique Metzger con la camiseta &quot;Yo te abrazo&quot;. (Foto: Fundaci\u00f3n Natal\u00ed Dafne Flexer)\" width=\"767\" height=\"1023\" data-testid=\"loading-testid\" \/><\/picture><\/div><figcaption class=\"caption_image\" data-testid=\"figcaption-testid\">\n<div class=\"image_caption \">Dominique Metzger con la camiseta &#8220;Yo te abrazo&#8221;. (Foto: Fundaci\u00f3n Natal\u00ed Dafne Flexer)<\/div>\n<\/figcaption><\/figure>\n<p class=\"paragraph font__body-regular\">La adquisici\u00f3n de la camiseta #YoAbrazo constituye una forma directa de\u00a0<b>colaboraci\u00f3n con los programas de contenci\u00f3n, acompa\u00f1amiento y asistencia que desarrolla la Fundaci\u00f3n Natal\u00ed Flexer\u00a0<\/b>junto a los chicos con c\u00e1ncer y sus familias, con el apoyo de\u00a0<b>Centro Rossi y la Fundaci\u00f3n Rossi.<\/b><\/p>\n<figure class=\"\" data-testid=\"figure-testid\">\n<div class=\"aspect_ratio__container\"><picture class=\"responsive-image\"><source srcset=\"https:\/\/tn.com.ar\/resizer\/v2\/elina-costantini-con-la-camiseta-de-la-campana-de-visibilizacion-del-cancer-infantil-foto-fundacion-natali-dafne-flexer-SWYQW4Y33VEHJKFQQWLDBJESDE.jpeg?auth=b31a5db1bcfaf96c216f9dba594503f304eb6c8d02a135f1d309bc3122df419d&amp;width=767\" type=\"image\/jpg\" media=\"(max-width: 728px)\" \/><source srcset=\"https:\/\/tn.com.ar\/resizer\/v2\/elina-costantini-con-la-camiseta-de-la-campana-de-visibilizacion-del-cancer-infantil-foto-fundacion-natali-dafne-flexer-SWYQW4Y33VEHJKFQQWLDBJESDE.jpeg?auth=b31a5db1bcfaf96c216f9dba594503f304eb6c8d02a135f1d309bc3122df419d&amp;width=1023\" type=\"image\/jpg\" media=\"(max-width: 1023px)\" \/><source srcset=\"https:\/\/tn.com.ar\/resizer\/v2\/elina-costantini-con-la-camiseta-de-la-campana-de-visibilizacion-del-cancer-infantil-foto-fundacion-natali-dafne-flexer-SWYQW4Y33VEHJKFQQWLDBJESDE.jpeg?auth=b31a5db1bcfaf96c216f9dba594503f304eb6c8d02a135f1d309bc3122df419d&amp;width=1440\" type=\"image\/jpg\" \/><img loading=\"lazy\" decoding=\"async\" class=\"image content-image image_placeholder\" src=\"https:\/\/tn.com.ar\/resizer\/v2\/elina-costantini-con-la-camiseta-de-la-campana-de-visibilizacion-del-cancer-infantil-foto-fundacion-natali-dafne-flexer-SWYQW4Y33VEHJKFQQWLDBJESDE.jpeg?auth=b31a5db1bcfaf96c216f9dba594503f304eb6c8d02a135f1d309bc3122df419d&amp;width=767\" alt=\"Elina Costantini con la camiseta de la campa\u00f1a de visibilizaci\u00f3n del c\u00e1ncer infantil. (Foto: Fundaci\u00f3n Natal\u00ed Dafne Flexer)\" width=\"767\" height=\"1023\" data-testid=\"loading-testid\" \/><\/picture><\/div><figcaption class=\"caption_image\" data-testid=\"figcaption-testid\">\n<div class=\"image_caption \">Elina Costantini con la camiseta de la campa\u00f1a de visibilizaci\u00f3n del c\u00e1ncer infantil. (Foto: Fundaci\u00f3n Natal\u00ed Dafne Flexer)<\/div>\n<\/figcaption><\/figure>\n<p class=\"paragraph font__body-regular\">Quienes deseen sumarse pueden ingresar a\u00a0<b>www.ponetelacamiseta.org\u00a0<\/b>y realizar su donaci\u00f3n a trav\u00e9s de la compra de la camiseta. Las camisetas cuentan con env\u00edo gratuito a todo el pa\u00eds.<\/p>\n<figure class=\"\" data-testid=\"figure-testid\">\n<div class=\"aspect_ratio__container\"><picture class=\"responsive-image\"><source srcset=\"https:\/\/tn.com.ar\/resizer\/v2\/la-remera-de-la-campana-yo-te-abrazo-se-puede-adquirir-por-la-web-y-tiene-envio-gratis-a-todo-el-pais-foto-fundacion-natali-dafne-flexer-RFKE7VFU2ZBX5BF5SEAIC4N6QM.png?auth=f249506cf82e333bcb4223ffc6c8ab09e5c1c109e7867959231510996f78bd82&amp;width=767\" type=\"image\/jpg\" media=\"(max-width: 728px)\" \/><source srcset=\"https:\/\/tn.com.ar\/resizer\/v2\/la-remera-de-la-campana-yo-te-abrazo-se-puede-adquirir-por-la-web-y-tiene-envio-gratis-a-todo-el-pais-foto-fundacion-natali-dafne-flexer-RFKE7VFU2ZBX5BF5SEAIC4N6QM.png?auth=f249506cf82e333bcb4223ffc6c8ab09e5c1c109e7867959231510996f78bd82&amp;width=1023\" type=\"image\/jpg\" media=\"(max-width: 1023px)\" \/><source srcset=\"https:\/\/tn.com.ar\/resizer\/v2\/la-remera-de-la-campana-yo-te-abrazo-se-puede-adquirir-por-la-web-y-tiene-envio-gratis-a-todo-el-pais-foto-fundacion-natali-dafne-flexer-RFKE7VFU2ZBX5BF5SEAIC4N6QM.png?auth=f249506cf82e333bcb4223ffc6c8ab09e5c1c109e7867959231510996f78bd82&amp;width=1440\" type=\"image\/jpg\" \/><img loading=\"lazy\" decoding=\"async\" class=\"image content-image image_placeholder\" src=\"https:\/\/tn.com.ar\/resizer\/v2\/la-remera-de-la-campana-yo-te-abrazo-se-puede-adquirir-por-la-web-y-tiene-envio-gratis-a-todo-el-pais-foto-fundacion-natali-dafne-flexer-RFKE7VFU2ZBX5BF5SEAIC4N6QM.png?auth=f249506cf82e333bcb4223ffc6c8ab09e5c1c109e7867959231510996f78bd82&amp;width=767\" alt=\"La remera de la campa\u00f1a &quot;Yo te abrazo&quot; se puede adquirir por la web y tiene env\u00edo gratis a todo el pa\u00eds. (Foto: Fundaci\u00f3n Natal\u00ed Dafne Flexer)\" width=\"767\" height=\"740\" data-testid=\"loading-testid\" \/><\/picture><\/div><figcaption class=\"caption_image\" data-testid=\"figcaption-testid\">\n<div class=\"image_caption \">La remera de la campa\u00f1a &#8220;Yo te abrazo&#8221; se puede adquirir por la web y tiene env\u00edo gratis a todo el pa\u00eds. (Foto: Fundaci\u00f3n Natal\u00ed Dafne Flexer)<\/div>\n<\/figcaption><\/figure>\n<p class=\"paragraph font__body-regular\">El\u00a0<b>13 de febrero<\/b>, la camiseta se podr\u00e1 adquirir en\u00a0<b>Alto Palermo<\/b>. Por cada remera adquirida ese d\u00eda,<b>\u00a0el\u00a0<\/b><i><b>shopping\u00a0<\/b><\/i><b>duplicar\u00e1 la donaci\u00f3n.<\/b><\/p>\n<figure class=\"\" data-testid=\"figure-testid\">\n<div class=\"aspect_ratio__container\"><picture class=\"responsive-image\"><source srcset=\"https:\/\/tn.com.ar\/resizer\/v2\/maria-claudia-pedrayes-se-puso-la-camiseta-foto-express-news-SFE2GRFWKJHNHOYY7ATGYD2UPI.jpeg?auth=66c4e2fad98c8edf8c9b244a07b3353df21e68d44d801fbabe65831b3e96b0fd&amp;width=767\" type=\"image\/jpg\" media=\"(max-width: 728px)\" \/><source srcset=\"https:\/\/tn.com.ar\/resizer\/v2\/maria-claudia-pedrayes-se-puso-la-camiseta-foto-express-news-SFE2GRFWKJHNHOYY7ATGYD2UPI.jpeg?auth=66c4e2fad98c8edf8c9b244a07b3353df21e68d44d801fbabe65831b3e96b0fd&amp;width=1023\" type=\"image\/jpg\" media=\"(max-width: 1023px)\" \/><source srcset=\"https:\/\/tn.com.ar\/resizer\/v2\/maria-claudia-pedrayes-se-puso-la-camiseta-foto-express-news-SFE2GRFWKJHNHOYY7ATGYD2UPI.jpeg?auth=66c4e2fad98c8edf8c9b244a07b3353df21e68d44d801fbabe65831b3e96b0fd&amp;width=1440\" type=\"image\/jpg\" \/><img loading=\"lazy\" decoding=\"async\" class=\"image content-image image_placeholder\" src=\"https:\/\/tn.com.ar\/resizer\/v2\/maria-claudia-pedrayes-se-puso-la-camiseta-foto-express-news-SFE2GRFWKJHNHOYY7ATGYD2UPI.jpeg?auth=66c4e2fad98c8edf8c9b244a07b3353df21e68d44d801fbabe65831b3e96b0fd&amp;width=767\" alt=\"Mar\u00eda Claudia Pedrayes se puso la camiseta. (Foto: Express News)\" width=\"767\" height=\"1023\" data-testid=\"loading-testid\" \/><\/picture><\/div><figcaption class=\"caption_image\" data-testid=\"figcaption-testid\">\n<div class=\"image_caption \">Mar\u00eda Claudia Pedrayes se puso la camiseta. (Foto: Express News)<\/div>\n<\/figcaption><\/figure>\n<p class=\"paragraph font__body-regular\">La campa\u00f1a Ponete La Camiseta fue creada hace 24 a\u00f1os por la Fundaci\u00f3n Natal\u00ed Dafne Flexer para dar ayuda a\u00a0<b>chicos y adolescentes con c\u00e1ncer<\/b>, luego de que la Organizaci\u00f3n Internacional de C\u00e1ncer Infantil declarara al\u00a0<b>15 de febrero como el D\u00eda Internacional del C\u00e1ncer Infanto-Juvenil<\/b>, con el prop\u00f3sito de generar conciencia y sensibilizar sobre la problem\u00e1tica.<\/p>\n<figure class=\"\" data-testid=\"figure-testid\">\n<div class=\"aspect_ratio__container\"><picture class=\"responsive-image\"><source srcset=\"https:\/\/tn.com.ar\/resizer\/v2\/lucia-pedrazza-se-sumo-a-la-campana-foto-express-news-PNVNUGAIRRHALOIM3JK5UAMJAA.jpeg?auth=c6a567be9a02fdac89801b3b0661e88d8f1018a29e30ebc2d0d2d142b231b5b3&amp;width=767\" type=\"image\/jpg\" media=\"(max-width: 728px)\" \/><source srcset=\"https:\/\/tn.com.ar\/resizer\/v2\/lucia-pedrazza-se-sumo-a-la-campana-foto-express-news-PNVNUGAIRRHALOIM3JK5UAMJAA.jpeg?auth=c6a567be9a02fdac89801b3b0661e88d8f1018a29e30ebc2d0d2d142b231b5b3&amp;width=1023\" type=\"image\/jpg\" media=\"(max-width: 1023px)\" \/><source srcset=\"https:\/\/tn.com.ar\/resizer\/v2\/lucia-pedrazza-se-sumo-a-la-campana-foto-express-news-PNVNUGAIRRHALOIM3JK5UAMJAA.jpeg?auth=c6a567be9a02fdac89801b3b0661e88d8f1018a29e30ebc2d0d2d142b231b5b3&amp;width=1440\" type=\"image\/jpg\" \/><img loading=\"lazy\" decoding=\"async\" class=\"image content-image image_placeholder\" src=\"https:\/\/tn.com.ar\/resizer\/v2\/lucia-pedrazza-se-sumo-a-la-campana-foto-express-news-PNVNUGAIRRHALOIM3JK5UAMJAA.jpeg?auth=c6a567be9a02fdac89801b3b0661e88d8f1018a29e30ebc2d0d2d142b231b5b3&amp;width=767\" alt=\"Lucia Pedrazza se sum\u00f3 a la campa\u00f1a. (Foto: Express News)\" width=\"767\" height=\"1023\" data-testid=\"loading-testid\" \/><\/picture><\/div><figcaption class=\"caption_image\" data-testid=\"figcaption-testid\">\n<div class=\"image_caption \">Lucia Pedrazza se sum\u00f3 a la campa\u00f1a. (Foto: Express News)<\/div>\n<\/figcaption><\/figure>\n<p class=\"paragraph font__body-regular\">La fundaci\u00f3n brinda\u00a0<b>apoyo al tratamiento, contenci\u00f3n emocional, recreativo y material informativo\u00a0<\/b>a 2.800 chicos y sus familias cada a\u00f1o.<\/p>\n<p>&nbsp;<\/p>\n","protected":false},"excerpt":{"rendered":"<p>La campa\u00f1a \u201cTe abrazo\u201d de la Fundaci\u00f3n Natal\u00ed Flexer busca recaudar fondos para ayudar a m\u00e1s de 2.800 chicos y sus familias. En el marco del\u00a0Mes del C\u00e1ncer Infanto-Juvenil,\u00a0Fundaci\u00f3n Natal\u00ed Flexer\u00a0impulsa la campa\u00f1a\u00a0TE ABRAZO, una iniciativa solidaria que invita a ponerse la camiseta por los chicos con c\u00e1ncer a trav\u00e9s de\u00a0la compra de la remera [&hellip;]<\/p>\n","protected":false},"author":1,"featured_media":12301,"comment_status":"open","ping_status":"open","sticky":false,"template":"","format":"standard","meta":{"rop_custom_images_group":[],"rop_custom_messages_group":[],"rop_publish_now":"initial","rop_publish_now_accounts":[],"rop_publish_now_history":[],"rop_publish_now_status":"pending","footnotes":"","jetpack_publicize_message":"","jetpack_publicize_feature_enabled":true,"jetpack_social_post_already_shared":true,"jetpack_social_options":{"image_generator_settings":{"template":"highway","enabled":false},"version":2}},"categories":[16],"tags":[],"class_list":{"0":"post-12298","1":"post","2":"type-post","3":"status-publish","4":"format-standard","5":"has-post-thumbnail","7":"category-tendencias"},"jetpack_publicize_connections":[],"yoast_head":"<!-- This site is optimized with the Yoast SEO plugin v27.3 - https:\/\/yoast.com\/product\/yoast-seo-wordpress\/ -->\n<title>Las famosas lucen remeras solidarias para ayudar a los chicos con c\u00e1ncer - CLAN ESPECTACULOS<\/title>\n<meta name=\"robots\" content=\"index, follow, max-snippet:-1, max-image-preview:large, max-video-preview:-1\" \/>\n<link rel=\"canonical\" href=\"https:\/\/radioclanfm.com\/clanespectaculos\/las-famosas-lucen-remeras-solidarias-para-ayudar-a-los-chicos-con-cancer\/\" \/>\n<meta property=\"og:locale\" content=\"es_ES\" \/>\n<meta property=\"og:type\" content=\"article\" \/>\n<meta property=\"og:title\" content=\"Las famosas lucen remeras solidarias para ayudar a los chicos con c\u00e1ncer - CLAN ESPECTACULOS\" \/>\n<meta property=\"og:description\" content=\"La campa\u00f1a \u201cTe abrazo\u201d de la Fundaci\u00f3n Natal\u00ed Flexer busca recaudar fondos para ayudar a m\u00e1s de 2.800 chicos y sus familias. En el marco del\u00a0Mes del C\u00e1ncer Infanto-Juvenil,\u00a0Fundaci\u00f3n Natal\u00ed Flexer\u00a0impulsa la campa\u00f1a\u00a0TE ABRAZO, una iniciativa solidaria que invita a ponerse la camiseta por los chicos con c\u00e1ncer a trav\u00e9s de\u00a0la compra de la remera [&hellip;]\" \/>\n<meta property=\"og:url\" content=\"https:\/\/radioclanfm.com\/clanespectaculos\/las-famosas-lucen-remeras-solidarias-para-ayudar-a-los-chicos-con-cancer\/\" \/>\n<meta property=\"og:site_name\" content=\"CLAN ESPECTACULOS\" \/>\n<meta property=\"article:publisher\" content=\"https:\/\/www.facebook.com\/clanespectaculos\/\" \/>\n<meta property=\"article:published_time\" content=\"2026-02-13T18:36:34+00:00\" \/>\n<meta property=\"og:image\" content=\"https:\/\/radioclanfm.com\/clanespectaculos\/wp-content\/uploads\/sites\/2\/2026\/02\/XSF99hQP.jpg\" \/>\n\t<meta property=\"og:image:width\" content=\"900\" \/>\n\t<meta property=\"og:image:height\" content=\"507\" \/>\n\t<meta property=\"og:image:type\" content=\"image\/jpeg\" \/>\n<meta name=\"author\" content=\"E-GRUPOCLAN\" \/>\n<meta name=\"twitter:card\" content=\"summary_large_image\" \/>\n<meta name=\"twitter:creator\" content=\"@clanespectok\" \/>\n<meta name=\"twitter:site\" content=\"@clanespectok\" \/>\n<meta name=\"twitter:label1\" content=\"Escrito por\" \/>\n\t<meta name=\"twitter:data1\" content=\"E-GRUPOCLAN\" \/>\n\t<meta name=\"twitter:label2\" content=\"Tiempo de lectura\" \/>\n\t<meta name=\"twitter:data2\" content=\"3 minutos\" \/>\n<script type=\"application\/ld+json\" class=\"yoast-schema-graph\">{\"@context\":\"https:\\\/\\\/schema.org\",\"@graph\":[{\"@type\":\"Article\",\"@id\":\"https:\\\/\\\/radioclanfm.com\\\/clanespectaculos\\\/las-famosas-lucen-remeras-solidarias-para-ayudar-a-los-chicos-con-cancer\\\/#article\",\"isPartOf\":{\"@id\":\"https:\\\/\\\/radioclanfm.com\\\/clanespectaculos\\\/las-famosas-lucen-remeras-solidarias-para-ayudar-a-los-chicos-con-cancer\\\/\"},\"author\":{\"name\":\"E-GRUPOCLAN\",\"@id\":\"https:\\\/\\\/radioclanfm.com\\\/clanespectaculos\\\/#\\\/schema\\\/person\\\/9734813083303230f3ad84d99171b20c\"},\"headline\":\"Las famosas lucen remeras solidarias para ayudar a los chicos con c\u00e1ncer\",\"datePublished\":\"2026-02-13T18:36:34+00:00\",\"mainEntityOfPage\":{\"@id\":\"https:\\\/\\\/radioclanfm.com\\\/clanespectaculos\\\/las-famosas-lucen-remeras-solidarias-para-ayudar-a-los-chicos-con-cancer\\\/\"},\"wordCount\":596,\"commentCount\":0,\"publisher\":{\"@id\":\"https:\\\/\\\/radioclanfm.com\\\/clanespectaculos\\\/#organization\"},\"image\":{\"@id\":\"https:\\\/\\\/radioclanfm.com\\\/clanespectaculos\\\/las-famosas-lucen-remeras-solidarias-para-ayudar-a-los-chicos-con-cancer\\\/#primaryimage\"},\"thumbnailUrl\":\"https:\\\/\\\/radioclanfm.com\\\/clanespectaculos\\\/wp-content\\\/uploads\\\/sites\\\/2\\\/2026\\\/02\\\/XSF99hQP.jpg\",\"articleSection\":[\"TENDENCIAS\"],\"inLanguage\":\"es-AR\",\"potentialAction\":[{\"@type\":\"CommentAction\",\"name\":\"Comment\",\"target\":[\"https:\\\/\\\/radioclanfm.com\\\/clanespectaculos\\\/las-famosas-lucen-remeras-solidarias-para-ayudar-a-los-chicos-con-cancer\\\/#respond\"]}]},{\"@type\":\"WebPage\",\"@id\":\"https:\\\/\\\/radioclanfm.com\\\/clanespectaculos\\\/las-famosas-lucen-remeras-solidarias-para-ayudar-a-los-chicos-con-cancer\\\/\",\"url\":\"https:\\\/\\\/radioclanfm.com\\\/clanespectaculos\\\/las-famosas-lucen-remeras-solidarias-para-ayudar-a-los-chicos-con-cancer\\\/\",\"name\":\"Las famosas lucen remeras solidarias para ayudar a los chicos con c\u00e1ncer - CLAN ESPECTACULOS\",\"isPartOf\":{\"@id\":\"https:\\\/\\\/radioclanfm.com\\\/clanespectaculos\\\/#website\"},\"primaryImageOfPage\":{\"@id\":\"https:\\\/\\\/radioclanfm.com\\\/clanespectaculos\\\/las-famosas-lucen-remeras-solidarias-para-ayudar-a-los-chicos-con-cancer\\\/#primaryimage\"},\"image\":{\"@id\":\"https:\\\/\\\/radioclanfm.com\\\/clanespectaculos\\\/las-famosas-lucen-remeras-solidarias-para-ayudar-a-los-chicos-con-cancer\\\/#primaryimage\"},\"thumbnailUrl\":\"https:\\\/\\\/radioclanfm.com\\\/clanespectaculos\\\/wp-content\\\/uploads\\\/sites\\\/2\\\/2026\\\/02\\\/XSF99hQP.jpg\",\"datePublished\":\"2026-02-13T18:36:34+00:00\",\"breadcrumb\":{\"@id\":\"https:\\\/\\\/radioclanfm.com\\\/clanespectaculos\\\/las-famosas-lucen-remeras-solidarias-para-ayudar-a-los-chicos-con-cancer\\\/#breadcrumb\"},\"inLanguage\":\"es-AR\",\"potentialAction\":[{\"@type\":\"ReadAction\",\"target\":[\"https:\\\/\\\/radioclanfm.com\\\/clanespectaculos\\\/las-famosas-lucen-remeras-solidarias-para-ayudar-a-los-chicos-con-cancer\\\/\"]}]},{\"@type\":\"ImageObject\",\"inLanguage\":\"es-AR\",\"@id\":\"https:\\\/\\\/radioclanfm.com\\\/clanespectaculos\\\/las-famosas-lucen-remeras-solidarias-para-ayudar-a-los-chicos-con-cancer\\\/#primaryimage\",\"url\":\"https:\\\/\\\/radioclanfm.com\\\/clanespectaculos\\\/wp-content\\\/uploads\\\/sites\\\/2\\\/2026\\\/02\\\/XSF99hQP.jpg\",\"contentUrl\":\"https:\\\/\\\/radioclanfm.com\\\/clanespectaculos\\\/wp-content\\\/uploads\\\/sites\\\/2\\\/2026\\\/02\\\/XSF99hQP.jpg\",\"width\":900,\"height\":507},{\"@type\":\"BreadcrumbList\",\"@id\":\"https:\\\/\\\/radioclanfm.com\\\/clanespectaculos\\\/las-famosas-lucen-remeras-solidarias-para-ayudar-a-los-chicos-con-cancer\\\/#breadcrumb\",\"itemListElement\":[{\"@type\":\"ListItem\",\"position\":1,\"name\":\"Inicio\",\"item\":\"https:\\\/\\\/radioclanfm.com\\\/clanespectaculos\\\/\"},{\"@type\":\"ListItem\",\"position\":2,\"name\":\"Las famosas lucen remeras solidarias para ayudar a los chicos con c\u00e1ncer\"}]},{\"@type\":\"WebSite\",\"@id\":\"https:\\\/\\\/radioclanfm.com\\\/clanespectaculos\\\/#website\",\"url\":\"https:\\\/\\\/radioclanfm.com\\\/clanespectaculos\\\/\",\"name\":\"CLAN ESPECTACULOS\",\"description\":\"\",\"publisher\":{\"@id\":\"https:\\\/\\\/radioclanfm.com\\\/clanespectaculos\\\/#organization\"},\"potentialAction\":[{\"@type\":\"SearchAction\",\"target\":{\"@type\":\"EntryPoint\",\"urlTemplate\":\"https:\\\/\\\/radioclanfm.com\\\/clanespectaculos\\\/?s={search_term_string}\"},\"query-input\":{\"@type\":\"PropertyValueSpecification\",\"valueRequired\":true,\"valueName\":\"search_term_string\"}}],\"inLanguage\":\"es-AR\"},{\"@type\":\"Organization\",\"@id\":\"https:\\\/\\\/radioclanfm.com\\\/clanespectaculos\\\/#organization\",\"name\":\"CLAN ESPECTACULOS\",\"url\":\"https:\\\/\\\/radioclanfm.com\\\/clanespectaculos\\\/\",\"logo\":{\"@type\":\"ImageObject\",\"inLanguage\":\"es-AR\",\"@id\":\"https:\\\/\\\/radioclanfm.com\\\/clanespectaculos\\\/#\\\/schema\\\/logo\\\/image\\\/\",\"url\":\"https:\\\/\\\/radioclanfm.com\\\/clanespectaculos\\\/wp-content\\\/uploads\\\/sites\\\/2\\\/2026\\\/04\\\/ChatGPT-Image-23-mar-2026-10_09_00.png\",\"contentUrl\":\"https:\\\/\\\/radioclanfm.com\\\/clanespectaculos\\\/wp-content\\\/uploads\\\/sites\\\/2\\\/2026\\\/04\\\/ChatGPT-Image-23-mar-2026-10_09_00.png\",\"width\":1024,\"height\":1024,\"caption\":\"CLAN ESPECTACULOS\"},\"image\":{\"@id\":\"https:\\\/\\\/radioclanfm.com\\\/clanespectaculos\\\/#\\\/schema\\\/logo\\\/image\\\/\"},\"sameAs\":[\"https:\\\/\\\/www.facebook.com\\\/clanespectaculos\\\/\",\"https:\\\/\\\/x.com\\\/clanespectok\"]},{\"@type\":\"Person\",\"@id\":\"https:\\\/\\\/radioclanfm.com\\\/clanespectaculos\\\/#\\\/schema\\\/person\\\/9734813083303230f3ad84d99171b20c\",\"name\":\"E-GRUPOCLAN\",\"image\":{\"@type\":\"ImageObject\",\"inLanguage\":\"es-AR\",\"@id\":\"https:\\\/\\\/secure.gravatar.com\\\/avatar\\\/af6e19837c3d6a212034a48c7b3818d2ac1826f6025df0155da5a186ad321d79?s=96&d=mm&r=g\",\"url\":\"https:\\\/\\\/secure.gravatar.com\\\/avatar\\\/af6e19837c3d6a212034a48c7b3818d2ac1826f6025df0155da5a186ad321d79?s=96&d=mm&r=g\",\"contentUrl\":\"https:\\\/\\\/secure.gravatar.com\\\/avatar\\\/af6e19837c3d6a212034a48c7b3818d2ac1826f6025df0155da5a186ad321d79?s=96&d=mm&r=g\",\"caption\":\"E-GRUPOCLAN\"},\"sameAs\":[\"https:\\\/\\\/radioclanfm.com\"],\"url\":\"https:\\\/\\\/radioclanfm.com\\\/clanespectaculos\\\/author\\\/admin\\\/\"}]}<\/script>\n<!-- \/ Yoast SEO plugin. -->","yoast_head_json":{"title":"Las famosas lucen remeras solidarias para ayudar a los chicos con c\u00e1ncer - CLAN ESPECTACULOS","robots":{"index":"index","follow":"follow","max-snippet":"max-snippet:-1","max-image-preview":"max-image-preview:large","max-video-preview":"max-video-preview:-1"},"canonical":"https:\/\/radioclanfm.com\/clanespectaculos\/las-famosas-lucen-remeras-solidarias-para-ayudar-a-los-chicos-con-cancer\/","og_locale":"es_ES","og_type":"article","og_title":"Las famosas lucen remeras solidarias para ayudar a los chicos con c\u00e1ncer - CLAN ESPECTACULOS","og_description":"La campa\u00f1a \u201cTe abrazo\u201d de la Fundaci\u00f3n Natal\u00ed Flexer busca recaudar fondos para ayudar a m\u00e1s de 2.800 chicos y sus familias. En el marco del\u00a0Mes del C\u00e1ncer Infanto-Juvenil,\u00a0Fundaci\u00f3n Natal\u00ed Flexer\u00a0impulsa la campa\u00f1a\u00a0TE ABRAZO, una iniciativa solidaria que invita a ponerse la camiseta por los chicos con c\u00e1ncer a trav\u00e9s de\u00a0la compra de la remera [&hellip;]","og_url":"https:\/\/radioclanfm.com\/clanespectaculos\/las-famosas-lucen-remeras-solidarias-para-ayudar-a-los-chicos-con-cancer\/","og_site_name":"CLAN ESPECTACULOS","article_publisher":"https:\/\/www.facebook.com\/clanespectaculos\/","article_published_time":"2026-02-13T18:36:34+00:00","og_image":[{"width":900,"height":507,"url":"https:\/\/radioclanfm.com\/clanespectaculos\/wp-content\/uploads\/sites\/2\/2026\/02\/XSF99hQP.jpg","type":"image\/jpeg"}],"author":"E-GRUPOCLAN","twitter_card":"summary_large_image","twitter_creator":"@clanespectok","twitter_site":"@clanespectok","twitter_misc":{"Escrito por":"E-GRUPOCLAN","Tiempo de lectura":"3 minutos"},"schema":{"@context":"https:\/\/schema.org","@graph":[{"@type":"Article","@id":"https:\/\/radioclanfm.com\/clanespectaculos\/las-famosas-lucen-remeras-solidarias-para-ayudar-a-los-chicos-con-cancer\/#article","isPartOf":{"@id":"https:\/\/radioclanfm.com\/clanespectaculos\/las-famosas-lucen-remeras-solidarias-para-ayudar-a-los-chicos-con-cancer\/"},"author":{"name":"E-GRUPOCLAN","@id":"https:\/\/radioclanfm.com\/clanespectaculos\/#\/schema\/person\/9734813083303230f3ad84d99171b20c"},"headline":"Las famosas lucen remeras solidarias para ayudar a los chicos con c\u00e1ncer","datePublished":"2026-02-13T18:36:34+00:00","mainEntityOfPage":{"@id":"https:\/\/radioclanfm.com\/clanespectaculos\/las-famosas-lucen-remeras-solidarias-para-ayudar-a-los-chicos-con-cancer\/"},"wordCount":596,"commentCount":0,"publisher":{"@id":"https:\/\/radioclanfm.com\/clanespectaculos\/#organization"},"image":{"@id":"https:\/\/radioclanfm.com\/clanespectaculos\/las-famosas-lucen-remeras-solidarias-para-ayudar-a-los-chicos-con-cancer\/#primaryimage"},"thumbnailUrl":"https:\/\/radioclanfm.com\/clanespectaculos\/wp-content\/uploads\/sites\/2\/2026\/02\/XSF99hQP.jpg","articleSection":["TENDENCIAS"],"inLanguage":"es-AR","potentialAction":[{"@type":"CommentAction","name":"Comment","target":["https:\/\/radioclanfm.com\/clanespectaculos\/las-famosas-lucen-remeras-solidarias-para-ayudar-a-los-chicos-con-cancer\/#respond"]}]},{"@type":"WebPage","@id":"https:\/\/radioclanfm.com\/clanespectaculos\/las-famosas-lucen-remeras-solidarias-para-ayudar-a-los-chicos-con-cancer\/","url":"https:\/\/radioclanfm.com\/clanespectaculos\/las-famosas-lucen-remeras-solidarias-para-ayudar-a-los-chicos-con-cancer\/","name":"Las famosas lucen remeras solidarias para ayudar a los chicos con c\u00e1ncer - CLAN ESPECTACULOS","isPartOf":{"@id":"https:\/\/radioclanfm.com\/clanespectaculos\/#website"},"primaryImageOfPage":{"@id":"https:\/\/radioclanfm.com\/clanespectaculos\/las-famosas-lucen-remeras-solidarias-para-ayudar-a-los-chicos-con-cancer\/#primaryimage"},"image":{"@id":"https:\/\/radioclanfm.com\/clanespectaculos\/las-famosas-lucen-remeras-solidarias-para-ayudar-a-los-chicos-con-cancer\/#primaryimage"},"thumbnailUrl":"https:\/\/radioclanfm.com\/clanespectaculos\/wp-content\/uploads\/sites\/2\/2026\/02\/XSF99hQP.jpg","datePublished":"2026-02-13T18:36:34+00:00","breadcrumb":{"@id":"https:\/\/radioclanfm.com\/clanespectaculos\/las-famosas-lucen-remeras-solidarias-para-ayudar-a-los-chicos-con-cancer\/#breadcrumb"},"inLanguage":"es-AR","potentialAction":[{"@type":"ReadAction","target":["https:\/\/radioclanfm.com\/clanespectaculos\/las-famosas-lucen-remeras-solidarias-para-ayudar-a-los-chicos-con-cancer\/"]}]},{"@type":"ImageObject","inLanguage":"es-AR","@id":"https:\/\/radioclanfm.com\/clanespectaculos\/las-famosas-lucen-remeras-solidarias-para-ayudar-a-los-chicos-con-cancer\/#primaryimage","url":"https:\/\/radioclanfm.com\/clanespectaculos\/wp-content\/uploads\/sites\/2\/2026\/02\/XSF99hQP.jpg","contentUrl":"https:\/\/radioclanfm.com\/clanespectaculos\/wp-content\/uploads\/sites\/2\/2026\/02\/XSF99hQP.jpg","width":900,"height":507},{"@type":"BreadcrumbList","@id":"https:\/\/radioclanfm.com\/clanespectaculos\/las-famosas-lucen-remeras-solidarias-para-ayudar-a-los-chicos-con-cancer\/#breadcrumb","itemListElement":[{"@type":"ListItem","position":1,"name":"Inicio","item":"https:\/\/radioclanfm.com\/clanespectaculos\/"},{"@type":"ListItem","position":2,"name":"Las famosas lucen remeras solidarias para ayudar a los chicos con c\u00e1ncer"}]},{"@type":"WebSite","@id":"https:\/\/radioclanfm.com\/clanespectaculos\/#website","url":"https:\/\/radioclanfm.com\/clanespectaculos\/","name":"CLAN ESPECTACULOS","description":"","publisher":{"@id":"https:\/\/radioclanfm.com\/clanespectaculos\/#organization"},"potentialAction":[{"@type":"SearchAction","target":{"@type":"EntryPoint","urlTemplate":"https:\/\/radioclanfm.com\/clanespectaculos\/?s={search_term_string}"},"query-input":{"@type":"PropertyValueSpecification","valueRequired":true,"valueName":"search_term_string"}}],"inLanguage":"es-AR"},{"@type":"Organization","@id":"https:\/\/radioclanfm.com\/clanespectaculos\/#organization","name":"CLAN ESPECTACULOS","url":"https:\/\/radioclanfm.com\/clanespectaculos\/","logo":{"@type":"ImageObject","inLanguage":"es-AR","@id":"https:\/\/radioclanfm.com\/clanespectaculos\/#\/schema\/logo\/image\/","url":"https:\/\/radioclanfm.com\/clanespectaculos\/wp-content\/uploads\/sites\/2\/2026\/04\/ChatGPT-Image-23-mar-2026-10_09_00.png","contentUrl":"https:\/\/radioclanfm.com\/clanespectaculos\/wp-content\/uploads\/sites\/2\/2026\/04\/ChatGPT-Image-23-mar-2026-10_09_00.png","width":1024,"height":1024,"caption":"CLAN ESPECTACULOS"},"image":{"@id":"https:\/\/radioclanfm.com\/clanespectaculos\/#\/schema\/logo\/image\/"},"sameAs":["https:\/\/www.facebook.com\/clanespectaculos\/","https:\/\/x.com\/clanespectok"]},{"@type":"Person","@id":"https:\/\/radioclanfm.com\/clanespectaculos\/#\/schema\/person\/9734813083303230f3ad84d99171b20c","name":"E-GRUPOCLAN","image":{"@type":"ImageObject","inLanguage":"es-AR","@id":"https:\/\/secure.gravatar.com\/avatar\/af6e19837c3d6a212034a48c7b3818d2ac1826f6025df0155da5a186ad321d79?s=96&d=mm&r=g","url":"https:\/\/secure.gravatar.com\/avatar\/af6e19837c3d6a212034a48c7b3818d2ac1826f6025df0155da5a186ad321d79?s=96&d=mm&r=g","contentUrl":"https:\/\/secure.gravatar.com\/avatar\/af6e19837c3d6a212034a48c7b3818d2ac1826f6025df0155da5a186ad321d79?s=96&d=mm&r=g","caption":"E-GRUPOCLAN"},"sameAs":["https:\/\/radioclanfm.com"],"url":"https:\/\/radioclanfm.com\/clanespectaculos\/author\/admin\/"}]}},"_links":{"self":[{"href":"https:\/\/radioclanfm.com\/clanespectaculos\/wp-json\/wp\/v2\/posts\/12298","targetHints":{"allow":["GET"]}}],"collection":[{"href":"https:\/\/radioclanfm.com\/clanespectaculos\/wp-json\/wp\/v2\/posts"}],"about":[{"href":"https:\/\/radioclanfm.com\/clanespectaculos\/wp-json\/wp\/v2\/types\/post"}],"author":[{"embeddable":true,"href":"https:\/\/radioclanfm.com\/clanespectaculos\/wp-json\/wp\/v2\/users\/1"}],"replies":[{"embeddable":true,"href":"https:\/\/radioclanfm.com\/clanespectaculos\/wp-json\/wp\/v2\/comments?post=12298"}],"version-history":[{"count":1,"href":"https:\/\/radioclanfm.com\/clanespectaculos\/wp-json\/wp\/v2\/posts\/12298\/revisions"}],"predecessor-version":[{"id":12302,"href":"https:\/\/radioclanfm.com\/clanespectaculos\/wp-json\/wp\/v2\/posts\/12298\/revisions\/12302"}],"wp:featuredmedia":[{"embeddable":true,"href":"https:\/\/radioclanfm.com\/clanespectaculos\/wp-json\/wp\/v2\/media\/12301"}],"wp:attachment":[{"href":"https:\/\/radioclanfm.com\/clanespectaculos\/wp-json\/wp\/v2\/media?parent=12298"}],"wp:term":[{"taxonomy":"category","embeddable":true,"href":"https:\/\/radioclanfm.com\/clanespectaculos\/wp-json\/wp\/v2\/categories?post=12298"},{"taxonomy":"post_tag","embeddable":true,"href":"https:\/\/radioclanfm.com\/clanespectaculos\/wp-json\/wp\/v2\/tags?post=12298"}],"curies":[{"name":"wp","href":"https:\/\/api.w.org\/{rel}","templated":true}]}}