{"id":12258,"date":"2026-02-13T15:23:36","date_gmt":"2026-02-13T18:23:36","guid":{"rendered":"https:\/\/radioclanfm.com\/clanespectaculos\/?p=12258"},"modified":"2026-02-13T15:23:36","modified_gmt":"2026-02-13T18:23:36","slug":"veronica-ojeda-celebro-los-13-anos-de-dieguito-fernando-con-un-emotivo-video-estoy-orgullosa-de-vos","status":"publish","type":"post","link":"https:\/\/radioclanfm.com\/clanespectaculos\/veronica-ojeda-celebro-los-13-anos-de-dieguito-fernando-con-un-emotivo-video-estoy-orgullosa-de-vos\/","title":{"rendered":"Ver\u00f3nica Ojeda celebr\u00f3 los 13 a\u00f1os de Dieguito Fernando con un emotivo video: \u201cEstoy orgullosa de vos\u201d"},"content":{"rendered":"<p>La influencer salud\u00f3 a su hijo con una recopilaci\u00f3n de su vida juntos. El mensaje de la cuenta oficial de Diego Maradona y la reacci\u00f3n del menor<\/p>\n<p class=\"paragraph\" data-mrf-recirculation=\"Links inline\"><b>Dieguito Fernando Maradona<\/b>\u00a0cumpli\u00f3 13 a\u00f1os y recibi\u00f3 mensajes llenos de cari\u00f1o tanto de parte de su madre,\u00a0<b>Ver\u00f3nica Ojeda<\/b>, como de la cuenta oficial de su pap\u00e1,\u00a0<b>Diego Armando Maradona<\/b>. La celebraci\u00f3n virtual incluy\u00f3 una serie de fotos de\u00a0diferentes momentos de la vida de Dieguito, acompa\u00f1ado por textos emotivos y los mejores deseos.<\/p>\n<div class=\"news-module\" data-mrf-recirculation=\"IL_GBLs3HYWRq2RgU4Qz8MM1Q\" data-testid=\"text-html\" data-mrf-experience=\"IL_GBLs3HYWRq2RgU4Qz8MM1Q\">\n<div class=\"recommended-card__image-container\"><\/div>\n<\/div>\n<p class=\"paragraph\" data-mrf-recirculation=\"Links inline\">En su cuenta de Instagram, Ver\u00f3nica Ojeda le dedic\u00f3 un extenso mensaje a su hijo en el que repas\u00f3 el v\u00ednculo y los desaf\u00edos atravesados juntos: \u201cMi amor Diego Fernando, feliz cumplea\u00f1os. Hoy cumples 13 a\u00f1os y\u00a0<b>no puedo creer lo r\u00e1pido que creces<\/b>. Quiero que sepas\u00a0<b>que estoy muy orgullosa de vos y de la persona en la que te est\u00e1s convirtiendo<\/b>\u201d, expres\u00f3 Ojeda, quien destac\u00f3 c\u00f3mo la vida lo fue uniendo de manera profunda al adolescente: \u201cHemos pasado tantas cosas juntos\u2026 momentos buenos, dif\u00edciles, alegr\u00edas y l\u00e1grimas, pero en cada paso siempre estuvimos uno al lado del otro. Y si algo tengo claro es que mi amor por ti es inmenso y eterno\u201d.<\/p>\n<div class=\"inline ad-wrapper\">\n<div class=\"dfpAd ad-inline\">\n<div id=\"infobae\/teleshow\/nota\/inline\" class=\"infobae\/teleshow\/nota\/inline arcad\" data-google-query-id=\"CLTq-4yL15IDFbOqYQYdc6s3JQ\">\n<div id=\"google_ads_iframe_\/1058609\/infobae\/teleshow\/nota\/inline_0__container__\"><\/div>\n<\/div>\n<\/div>\n<\/div>\n<p class=\"paragraph\" data-mrf-recirculation=\"Links inline\">Adem\u00e1s del texto, Ojeda public\u00f3 un collage de im\u00e1genes con diferentes momentos en la vida de Dieguito. El f\u00fatbol presente siempre,\u00a0<b>con algunas de las camisetas de los equipos que visit\u00f3 su padre<\/b>, vacaciones en la playa y su gusto especial por los videojuegos y los caballos. La publicaci\u00f3n tambi\u00e9n incluy\u00f3 palabras de agradecimiento para el menor: \u201cGracias por ser mi fuerza, mi alegr\u00eda y mi mayor bendici\u00f3n.<b>\u00a0Nunca olvides que siempre voy a estar para ti, apoy\u00e1ndote, cuid\u00e1ndote y am\u00e1ndote con todo mi coraz\u00f3n<\/b>. Te amo m\u00e1s de lo que las palabras pueden decir. Feliz cumplea\u00f1os, hijo m\u00edo\u201d.<\/p>\n<div class=\"news-module\" data-mrf-recirculation=\"IL_m3kiGo-8SVS6m0U7OqrZLw\" data-testid=\"text-html\" data-mrf-experience=\"IL_m3kiGo-8SVS6m0U7OqrZLw\">\n<div class=\"recommended-card__image-container\"><\/div>\n<\/div>\n<div class=\"visual__image\"><picture><source srcset=\"https:\/\/www.infobae.com\/resizer\/v2\/KPB555735RBL5M3TQJ4GCDCDG4.jpg?auth=af9ec501d175771d649673e5d522e00cc04b1d61d5f537a7f8b1d78a9ad0f076&amp;smart=true&amp;width=992&amp;height=1763&amp;quality=85\" media=\"(min-width: 1000px)\" \/><source srcset=\"https:\/\/www.infobae.com\/resizer\/v2\/KPB555735RBL5M3TQJ4GCDCDG4.jpg?auth=af9ec501d175771d649673e5d522e00cc04b1d61d5f537a7f8b1d78a9ad0f076&amp;smart=true&amp;width=768&amp;height=1365&amp;quality=85\" media=\"(min-width: 768px)\" \/><source srcset=\"https:\/\/www.infobae.com\/resizer\/v2\/KPB555735RBL5M3TQJ4GCDCDG4.jpg?auth=af9ec501d175771d649673e5d522e00cc04b1d61d5f537a7f8b1d78a9ad0f076&amp;smart=true&amp;width=577&amp;height=1025&amp;quality=85\" media=\"(min-width: 580px)\" \/><source srcset=\"https:\/\/www.infobae.com\/resizer\/v2\/KPB555735RBL5M3TQJ4GCDCDG4.jpg?auth=af9ec501d175771d649673e5d522e00cc04b1d61d5f537a7f8b1d78a9ad0f076&amp;smart=true&amp;width=420&amp;height=746&amp;quality=85\" media=\"(min-width: 350px)\" \/><source srcset=\"https:\/\/www.infobae.com\/resizer\/v2\/KPB555735RBL5M3TQJ4GCDCDG4.jpg?auth=af9ec501d175771d649673e5d522e00cc04b1d61d5f537a7f8b1d78a9ad0f076&amp;smart=true&amp;width=350&amp;height=622&amp;quality=85\" media=\"(min-width: 80px)\" \/><img loading=\"lazy\" decoding=\"async\" class=\"global-image\" src=\"https:\/\/www.infobae.com\/resizer\/v2\/KPB555735RBL5M3TQJ4GCDCDG4.jpg?auth=af9ec501d175771d649673e5d522e00cc04b1d61d5f537a7f8b1d78a9ad0f076&amp;smart=true&amp;width=350&amp;height=622&amp;quality=85\" alt=\"\" width=\"1284\" height=\"2282\" \/><\/picture><\/div>\n<p class=\"paragraph\" data-mrf-recirculation=\"Links inline\">Por su parte, la cuenta oficial de Diego Maradona acompa\u00f1\u00f3 el festejo con una imagen de Dieguito junto a su pap\u00e1, ambos sonrientes frente a una torta de cumplea\u00f1os.\u00a0<b>\u201cFeliz cumple Dieguito\u201d<\/b>, dice el mensaje que fue replicado por el cumplea\u00f1ero con un mensaje conmovedor para el astro fallecido en 2020:\u00a0<b>\u201c\u00a1Un beso al cielo Pa!<\/b>\u201d.<\/p>\n<div class=\"inline_2_DSK ad-wrapper ad-desktop\">\n<div class=\"dfpAd ad-inline\"><\/div>\n<\/div>\n<p class=\"paragraph\" data-mrf-recirculation=\"Links inline\">Vale recordar que el pasado 30 de octubre, fecha en la que Diego Maradona hubiera cumplido 65 a\u00f1os, su hijo menor lo record\u00f3 de una manera especial. Ese d\u00eda,\u00a0<b>D<\/b><b>ieguito comparti\u00f3 en sus redes un video de su infancia<\/b><b>, en el que se lo ve junto al astro argentino en un momento \u00edntimo y familiar<\/b>. En la secuencia, Diego Maradona bromea con su hijo y, entre risas, termina empujando su rostro hacia la torta de cumplea\u00f1os. El video muestra la complicidad y el v\u00ednculo afectivo entre ambos que se trunc\u00f3 de manera prematura.<\/p>\n<div class=\"jwplayer-ctn\">\n<div>\n<div id=\"3BCUGGOFJNDRTES5HXQDBSUPN4-custom_embed7\" class=\"jwplayer jw-reset jw-state-idle jw-stretch-uniform jw-flag-aspect-mode jw-floating-dismissible jw-keep-thumbnail jw-flag-cast-available jw-breakpoint-5 jw-flag-user-inactive\" tabindex=\"0\" role=\"application\" aria-label=\"Video Player - El recuerdo de Dieguito Fernando en el cumplea\u00f1os de Maradona\" aria-describedby=\"jw-3BCUGGOFJNDRTES5HXQDBSUPN4-custom_embed7-shortcuts-tooltip-explanation\" data-compass-listening=\"true\">\n<div class=\"jw-wrapper jw-reset\">\n<div class=\"jw-controls jw-reset\">\n<div class=\"jw-controlbar jw-reset\">\n<div class=\"jw-reset jw-button-container\">\n<div class=\"jw-icon jw-icon-inline jw-button-color jw-reset jw-icon-cast\" tabindex=\"0\" role=\"button\" aria-label=\"Chromecast\"><\/div>\n<\/div>\n<\/div>\n<\/div>\n<\/div>\n<\/div>\n<\/div>\n<p>El recuerdo de Dieguito Fernando en el cumplea\u00f1os de Maradona<\/p><\/div>\n<p class=\"paragraph\" data-mrf-recirculation=\"Links inline\">Dieguito acompa\u00f1\u00f3 la publicaci\u00f3n con un mensaje sencillo y directo: \u201cFeliz cumple pa\u201d. Ver\u00f3nica Ojeda, por su parte, comparti\u00f3 el video en un grupo familiar y destac\u00f3 la manera en que su hijo mantiene vivo el recuerdo de su padre: \u201cCon tan s\u00f3lo 12 a\u00f1os, \u00e9l lo recuerda as\u00ed y su coraz\u00f3n lo recuerda as\u00ed\u201d, expres\u00f3 la madre.<\/p>\n<p class=\"paragraph\" data-mrf-recirculation=\"Links inline\">El gesto de Dieguito se sum\u00f3 a los homenajes que sus hermanas, Dalma y Gianinna, tambi\u00e9n realizaron en aquella fecha. Dalma eligi\u00f3 una ilustraci\u00f3n de un abrazo entre padre e hija, y Gianinna comparti\u00f3 una foto de archivo junto a Diego, acompa\u00f1ada por una canci\u00f3n y palabras llenas de afecto. Claudia Villafa\u00f1e, madre de\u00a0<b>Dalma\u00a0<\/b>y\u00a0<b>Gianinna<\/b>, comparti\u00f3 la imagen de un cielo con una nube en forma de coraz\u00f3n y el mensaje: \u201cBesos al cielo! Feliz cumple!\u201d, reflejando el modo en que la familia mantiene presente la memoria de Maradona desde el amor y la nostalgia.<\/p>\n<div class=\"second-saved-buttons\">\n<div class=\"body-share-note\"><\/div>\n<\/div>\n<p>&nbsp;<\/p>\n","protected":false},"excerpt":{"rendered":"<p>La influencer salud\u00f3 a su hijo con una recopilaci\u00f3n de su vida juntos. El mensaje de la cuenta oficial de Diego Maradona y la reacci\u00f3n del menor Dieguito Fernando Maradona\u00a0cumpli\u00f3 13 a\u00f1os y recibi\u00f3 mensajes llenos de cari\u00f1o tanto de parte de su madre,\u00a0Ver\u00f3nica Ojeda, como de la cuenta oficial de su pap\u00e1,\u00a0Diego Armando Maradona. [&hellip;]<\/p>\n","protected":false},"author":1,"featured_media":12261,"comment_status":"open","ping_status":"open","sticky":false,"template":"","format":"standard","meta":{"rop_custom_images_group":[],"rop_custom_messages_group":[],"rop_publish_now":"initial","rop_publish_now_accounts":[],"rop_publish_now_history":[],"rop_publish_now_status":"pending","footnotes":"","jetpack_publicize_message":"","jetpack_publicize_feature_enabled":true,"jetpack_social_post_already_shared":true,"jetpack_social_options":{"image_generator_settings":{"template":"highway","enabled":false},"version":2}},"categories":[12],"tags":[],"class_list":{"0":"post-12258","1":"post","2":"type-post","3":"status-publish","4":"format-standard","5":"has-post-thumbnail","7":"category-espectaculos"},"jetpack_publicize_connections":[],"yoast_head":"<!-- This site is optimized with the Yoast SEO plugin v27.3 - https:\/\/yoast.com\/product\/yoast-seo-wordpress\/ -->\n<title>Ver\u00f3nica Ojeda celebr\u00f3 los 13 a\u00f1os de Dieguito Fernando con un emotivo video: \u201cEstoy orgullosa de vos\u201d - CLAN ESPECTACULOS<\/title>\n<meta name=\"robots\" content=\"index, follow, max-snippet:-1, max-image-preview:large, max-video-preview:-1\" \/>\n<link rel=\"canonical\" href=\"https:\/\/radioclanfm.com\/clanespectaculos\/veronica-ojeda-celebro-los-13-anos-de-dieguito-fernando-con-un-emotivo-video-estoy-orgullosa-de-vos\/\" \/>\n<meta property=\"og:locale\" content=\"es_ES\" \/>\n<meta property=\"og:type\" content=\"article\" \/>\n<meta property=\"og:title\" content=\"Ver\u00f3nica Ojeda celebr\u00f3 los 13 a\u00f1os de Dieguito Fernando con un emotivo video: \u201cEstoy orgullosa de vos\u201d - CLAN ESPECTACULOS\" \/>\n<meta property=\"og:description\" content=\"La influencer salud\u00f3 a su hijo con una recopilaci\u00f3n de su vida juntos. El mensaje de la cuenta oficial de Diego Maradona y la reacci\u00f3n del menor Dieguito Fernando Maradona\u00a0cumpli\u00f3 13 a\u00f1os y recibi\u00f3 mensajes llenos de cari\u00f1o tanto de parte de su madre,\u00a0Ver\u00f3nica Ojeda, como de la cuenta oficial de su pap\u00e1,\u00a0Diego Armando Maradona. [&hellip;]\" \/>\n<meta property=\"og:url\" content=\"https:\/\/radioclanfm.com\/clanespectaculos\/veronica-ojeda-celebro-los-13-anos-de-dieguito-fernando-con-un-emotivo-video-estoy-orgullosa-de-vos\/\" \/>\n<meta property=\"og:site_name\" content=\"CLAN ESPECTACULOS\" \/>\n<meta property=\"article:publisher\" content=\"https:\/\/www.facebook.com\/clanespectaculos\/\" \/>\n<meta property=\"article:published_time\" content=\"2026-02-13T18:23:36+00:00\" \/>\n<meta property=\"og:image\" content=\"https:\/\/radioclanfm.com\/clanespectaculos\/wp-content\/uploads\/sites\/2\/2026\/02\/z5oCbWZA.jpg\" \/>\n\t<meta property=\"og:image:width\" content=\"900\" \/>\n\t<meta property=\"og:image:height\" content=\"450\" \/>\n\t<meta property=\"og:image:type\" content=\"image\/jpeg\" \/>\n<meta name=\"author\" content=\"E-GRUPOCLAN\" \/>\n<meta name=\"twitter:card\" content=\"summary_large_image\" \/>\n<meta name=\"twitter:creator\" content=\"@clanespectok\" \/>\n<meta name=\"twitter:site\" content=\"@clanespectok\" \/>\n<meta name=\"twitter:label1\" content=\"Escrito por\" \/>\n\t<meta name=\"twitter:data1\" content=\"E-GRUPOCLAN\" \/>\n\t<meta name=\"twitter:label2\" content=\"Tiempo de lectura\" \/>\n\t<meta name=\"twitter:data2\" content=\"3 minutos\" \/>\n<script type=\"application\/ld+json\" class=\"yoast-schema-graph\">{\"@context\":\"https:\\\/\\\/schema.org\",\"@graph\":[{\"@type\":\"Article\",\"@id\":\"https:\\\/\\\/radioclanfm.com\\\/clanespectaculos\\\/veronica-ojeda-celebro-los-13-anos-de-dieguito-fernando-con-un-emotivo-video-estoy-orgullosa-de-vos\\\/#article\",\"isPartOf\":{\"@id\":\"https:\\\/\\\/radioclanfm.com\\\/clanespectaculos\\\/veronica-ojeda-celebro-los-13-anos-de-dieguito-fernando-con-un-emotivo-video-estoy-orgullosa-de-vos\\\/\"},\"author\":{\"name\":\"E-GRUPOCLAN\",\"@id\":\"https:\\\/\\\/radioclanfm.com\\\/clanespectaculos\\\/#\\\/schema\\\/person\\\/9734813083303230f3ad84d99171b20c\"},\"headline\":\"Ver\u00f3nica Ojeda celebr\u00f3 los 13 a\u00f1os de Dieguito Fernando con un emotivo video: \u201cEstoy orgullosa de vos\u201d\",\"datePublished\":\"2026-02-13T18:23:36+00:00\",\"mainEntityOfPage\":{\"@id\":\"https:\\\/\\\/radioclanfm.com\\\/clanespectaculos\\\/veronica-ojeda-celebro-los-13-anos-de-dieguito-fernando-con-un-emotivo-video-estoy-orgullosa-de-vos\\\/\"},\"wordCount\":674,\"commentCount\":0,\"publisher\":{\"@id\":\"https:\\\/\\\/radioclanfm.com\\\/clanespectaculos\\\/#organization\"},\"image\":{\"@id\":\"https:\\\/\\\/radioclanfm.com\\\/clanespectaculos\\\/veronica-ojeda-celebro-los-13-anos-de-dieguito-fernando-con-un-emotivo-video-estoy-orgullosa-de-vos\\\/#primaryimage\"},\"thumbnailUrl\":\"https:\\\/\\\/radioclanfm.com\\\/clanespectaculos\\\/wp-content\\\/uploads\\\/sites\\\/2\\\/2026\\\/02\\\/z5oCbWZA.jpg\",\"articleSection\":[\"Espectaculos\"],\"inLanguage\":\"es-AR\",\"potentialAction\":[{\"@type\":\"CommentAction\",\"name\":\"Comment\",\"target\":[\"https:\\\/\\\/radioclanfm.com\\\/clanespectaculos\\\/veronica-ojeda-celebro-los-13-anos-de-dieguito-fernando-con-un-emotivo-video-estoy-orgullosa-de-vos\\\/#respond\"]}]},{\"@type\":\"WebPage\",\"@id\":\"https:\\\/\\\/radioclanfm.com\\\/clanespectaculos\\\/veronica-ojeda-celebro-los-13-anos-de-dieguito-fernando-con-un-emotivo-video-estoy-orgullosa-de-vos\\\/\",\"url\":\"https:\\\/\\\/radioclanfm.com\\\/clanespectaculos\\\/veronica-ojeda-celebro-los-13-anos-de-dieguito-fernando-con-un-emotivo-video-estoy-orgullosa-de-vos\\\/\",\"name\":\"Ver\u00f3nica Ojeda celebr\u00f3 los 13 a\u00f1os de Dieguito Fernando con un emotivo video: \u201cEstoy orgullosa de vos\u201d - CLAN ESPECTACULOS\",\"isPartOf\":{\"@id\":\"https:\\\/\\\/radioclanfm.com\\\/clanespectaculos\\\/#website\"},\"primaryImageOfPage\":{\"@id\":\"https:\\\/\\\/radioclanfm.com\\\/clanespectaculos\\\/veronica-ojeda-celebro-los-13-anos-de-dieguito-fernando-con-un-emotivo-video-estoy-orgullosa-de-vos\\\/#primaryimage\"},\"image\":{\"@id\":\"https:\\\/\\\/radioclanfm.com\\\/clanespectaculos\\\/veronica-ojeda-celebro-los-13-anos-de-dieguito-fernando-con-un-emotivo-video-estoy-orgullosa-de-vos\\\/#primaryimage\"},\"thumbnailUrl\":\"https:\\\/\\\/radioclanfm.com\\\/clanespectaculos\\\/wp-content\\\/uploads\\\/sites\\\/2\\\/2026\\\/02\\\/z5oCbWZA.jpg\",\"datePublished\":\"2026-02-13T18:23:36+00:00\",\"breadcrumb\":{\"@id\":\"https:\\\/\\\/radioclanfm.com\\\/clanespectaculos\\\/veronica-ojeda-celebro-los-13-anos-de-dieguito-fernando-con-un-emotivo-video-estoy-orgullosa-de-vos\\\/#breadcrumb\"},\"inLanguage\":\"es-AR\",\"potentialAction\":[{\"@type\":\"ReadAction\",\"target\":[\"https:\\\/\\\/radioclanfm.com\\\/clanespectaculos\\\/veronica-ojeda-celebro-los-13-anos-de-dieguito-fernando-con-un-emotivo-video-estoy-orgullosa-de-vos\\\/\"]}]},{\"@type\":\"ImageObject\",\"inLanguage\":\"es-AR\",\"@id\":\"https:\\\/\\\/radioclanfm.com\\\/clanespectaculos\\\/veronica-ojeda-celebro-los-13-anos-de-dieguito-fernando-con-un-emotivo-video-estoy-orgullosa-de-vos\\\/#primaryimage\",\"url\":\"https:\\\/\\\/radioclanfm.com\\\/clanespectaculos\\\/wp-content\\\/uploads\\\/sites\\\/2\\\/2026\\\/02\\\/z5oCbWZA.jpg\",\"contentUrl\":\"https:\\\/\\\/radioclanfm.com\\\/clanespectaculos\\\/wp-content\\\/uploads\\\/sites\\\/2\\\/2026\\\/02\\\/z5oCbWZA.jpg\",\"width\":900,\"height\":450},{\"@type\":\"BreadcrumbList\",\"@id\":\"https:\\\/\\\/radioclanfm.com\\\/clanespectaculos\\\/veronica-ojeda-celebro-los-13-anos-de-dieguito-fernando-con-un-emotivo-video-estoy-orgullosa-de-vos\\\/#breadcrumb\",\"itemListElement\":[{\"@type\":\"ListItem\",\"position\":1,\"name\":\"Inicio\",\"item\":\"https:\\\/\\\/radioclanfm.com\\\/clanespectaculos\\\/\"},{\"@type\":\"ListItem\",\"position\":2,\"name\":\"Ver\u00f3nica Ojeda celebr\u00f3 los 13 a\u00f1os de Dieguito Fernando con un emotivo video: \u201cEstoy orgullosa de vos\u201d\"}]},{\"@type\":\"WebSite\",\"@id\":\"https:\\\/\\\/radioclanfm.com\\\/clanespectaculos\\\/#website\",\"url\":\"https:\\\/\\\/radioclanfm.com\\\/clanespectaculos\\\/\",\"name\":\"CLAN ESPECTACULOS\",\"description\":\"\",\"publisher\":{\"@id\":\"https:\\\/\\\/radioclanfm.com\\\/clanespectaculos\\\/#organization\"},\"potentialAction\":[{\"@type\":\"SearchAction\",\"target\":{\"@type\":\"EntryPoint\",\"urlTemplate\":\"https:\\\/\\\/radioclanfm.com\\\/clanespectaculos\\\/?s={search_term_string}\"},\"query-input\":{\"@type\":\"PropertyValueSpecification\",\"valueRequired\":true,\"valueName\":\"search_term_string\"}}],\"inLanguage\":\"es-AR\"},{\"@type\":\"Organization\",\"@id\":\"https:\\\/\\\/radioclanfm.com\\\/clanespectaculos\\\/#organization\",\"name\":\"CLAN ESPECTACULOS\",\"url\":\"https:\\\/\\\/radioclanfm.com\\\/clanespectaculos\\\/\",\"logo\":{\"@type\":\"ImageObject\",\"inLanguage\":\"es-AR\",\"@id\":\"https:\\\/\\\/radioclanfm.com\\\/clanespectaculos\\\/#\\\/schema\\\/logo\\\/image\\\/\",\"url\":\"https:\\\/\\\/radioclanfm.com\\\/clanespectaculos\\\/wp-content\\\/uploads\\\/sites\\\/2\\\/2026\\\/04\\\/ChatGPT-Image-23-mar-2026-10_09_00.png\",\"contentUrl\":\"https:\\\/\\\/radioclanfm.com\\\/clanespectaculos\\\/wp-content\\\/uploads\\\/sites\\\/2\\\/2026\\\/04\\\/ChatGPT-Image-23-mar-2026-10_09_00.png\",\"width\":1024,\"height\":1024,\"caption\":\"CLAN ESPECTACULOS\"},\"image\":{\"@id\":\"https:\\\/\\\/radioclanfm.com\\\/clanespectaculos\\\/#\\\/schema\\\/logo\\\/image\\\/\"},\"sameAs\":[\"https:\\\/\\\/www.facebook.com\\\/clanespectaculos\\\/\",\"https:\\\/\\\/x.com\\\/clanespectok\"]},{\"@type\":\"Person\",\"@id\":\"https:\\\/\\\/radioclanfm.com\\\/clanespectaculos\\\/#\\\/schema\\\/person\\\/9734813083303230f3ad84d99171b20c\",\"name\":\"E-GRUPOCLAN\",\"image\":{\"@type\":\"ImageObject\",\"inLanguage\":\"es-AR\",\"@id\":\"https:\\\/\\\/secure.gravatar.com\\\/avatar\\\/af6e19837c3d6a212034a48c7b3818d2ac1826f6025df0155da5a186ad321d79?s=96&d=mm&r=g\",\"url\":\"https:\\\/\\\/secure.gravatar.com\\\/avatar\\\/af6e19837c3d6a212034a48c7b3818d2ac1826f6025df0155da5a186ad321d79?s=96&d=mm&r=g\",\"contentUrl\":\"https:\\\/\\\/secure.gravatar.com\\\/avatar\\\/af6e19837c3d6a212034a48c7b3818d2ac1826f6025df0155da5a186ad321d79?s=96&d=mm&r=g\",\"caption\":\"E-GRUPOCLAN\"},\"sameAs\":[\"https:\\\/\\\/radioclanfm.com\"],\"url\":\"https:\\\/\\\/radioclanfm.com\\\/clanespectaculos\\\/author\\\/admin\\\/\"}]}<\/script>\n<!-- \/ Yoast SEO plugin. -->","yoast_head_json":{"title":"Ver\u00f3nica Ojeda celebr\u00f3 los 13 a\u00f1os de Dieguito Fernando con un emotivo video: \u201cEstoy orgullosa de vos\u201d - CLAN ESPECTACULOS","robots":{"index":"index","follow":"follow","max-snippet":"max-snippet:-1","max-image-preview":"max-image-preview:large","max-video-preview":"max-video-preview:-1"},"canonical":"https:\/\/radioclanfm.com\/clanespectaculos\/veronica-ojeda-celebro-los-13-anos-de-dieguito-fernando-con-un-emotivo-video-estoy-orgullosa-de-vos\/","og_locale":"es_ES","og_type":"article","og_title":"Ver\u00f3nica Ojeda celebr\u00f3 los 13 a\u00f1os de Dieguito Fernando con un emotivo video: \u201cEstoy orgullosa de vos\u201d - CLAN ESPECTACULOS","og_description":"La influencer salud\u00f3 a su hijo con una recopilaci\u00f3n de su vida juntos. El mensaje de la cuenta oficial de Diego Maradona y la reacci\u00f3n del menor Dieguito Fernando Maradona\u00a0cumpli\u00f3 13 a\u00f1os y recibi\u00f3 mensajes llenos de cari\u00f1o tanto de parte de su madre,\u00a0Ver\u00f3nica Ojeda, como de la cuenta oficial de su pap\u00e1,\u00a0Diego Armando Maradona. [&hellip;]","og_url":"https:\/\/radioclanfm.com\/clanespectaculos\/veronica-ojeda-celebro-los-13-anos-de-dieguito-fernando-con-un-emotivo-video-estoy-orgullosa-de-vos\/","og_site_name":"CLAN ESPECTACULOS","article_publisher":"https:\/\/www.facebook.com\/clanespectaculos\/","article_published_time":"2026-02-13T18:23:36+00:00","og_image":[{"width":900,"height":450,"url":"https:\/\/radioclanfm.com\/clanespectaculos\/wp-content\/uploads\/sites\/2\/2026\/02\/z5oCbWZA.jpg","type":"image\/jpeg"}],"author":"E-GRUPOCLAN","twitter_card":"summary_large_image","twitter_creator":"@clanespectok","twitter_site":"@clanespectok","twitter_misc":{"Escrito por":"E-GRUPOCLAN","Tiempo de lectura":"3 minutos"},"schema":{"@context":"https:\/\/schema.org","@graph":[{"@type":"Article","@id":"https:\/\/radioclanfm.com\/clanespectaculos\/veronica-ojeda-celebro-los-13-anos-de-dieguito-fernando-con-un-emotivo-video-estoy-orgullosa-de-vos\/#article","isPartOf":{"@id":"https:\/\/radioclanfm.com\/clanespectaculos\/veronica-ojeda-celebro-los-13-anos-de-dieguito-fernando-con-un-emotivo-video-estoy-orgullosa-de-vos\/"},"author":{"name":"E-GRUPOCLAN","@id":"https:\/\/radioclanfm.com\/clanespectaculos\/#\/schema\/person\/9734813083303230f3ad84d99171b20c"},"headline":"Ver\u00f3nica Ojeda celebr\u00f3 los 13 a\u00f1os de Dieguito Fernando con un emotivo video: \u201cEstoy orgullosa de vos\u201d","datePublished":"2026-02-13T18:23:36+00:00","mainEntityOfPage":{"@id":"https:\/\/radioclanfm.com\/clanespectaculos\/veronica-ojeda-celebro-los-13-anos-de-dieguito-fernando-con-un-emotivo-video-estoy-orgullosa-de-vos\/"},"wordCount":674,"commentCount":0,"publisher":{"@id":"https:\/\/radioclanfm.com\/clanespectaculos\/#organization"},"image":{"@id":"https:\/\/radioclanfm.com\/clanespectaculos\/veronica-ojeda-celebro-los-13-anos-de-dieguito-fernando-con-un-emotivo-video-estoy-orgullosa-de-vos\/#primaryimage"},"thumbnailUrl":"https:\/\/radioclanfm.com\/clanespectaculos\/wp-content\/uploads\/sites\/2\/2026\/02\/z5oCbWZA.jpg","articleSection":["Espectaculos"],"inLanguage":"es-AR","potentialAction":[{"@type":"CommentAction","name":"Comment","target":["https:\/\/radioclanfm.com\/clanespectaculos\/veronica-ojeda-celebro-los-13-anos-de-dieguito-fernando-con-un-emotivo-video-estoy-orgullosa-de-vos\/#respond"]}]},{"@type":"WebPage","@id":"https:\/\/radioclanfm.com\/clanespectaculos\/veronica-ojeda-celebro-los-13-anos-de-dieguito-fernando-con-un-emotivo-video-estoy-orgullosa-de-vos\/","url":"https:\/\/radioclanfm.com\/clanespectaculos\/veronica-ojeda-celebro-los-13-anos-de-dieguito-fernando-con-un-emotivo-video-estoy-orgullosa-de-vos\/","name":"Ver\u00f3nica Ojeda celebr\u00f3 los 13 a\u00f1os de Dieguito Fernando con un emotivo video: \u201cEstoy orgullosa de vos\u201d - CLAN ESPECTACULOS","isPartOf":{"@id":"https:\/\/radioclanfm.com\/clanespectaculos\/#website"},"primaryImageOfPage":{"@id":"https:\/\/radioclanfm.com\/clanespectaculos\/veronica-ojeda-celebro-los-13-anos-de-dieguito-fernando-con-un-emotivo-video-estoy-orgullosa-de-vos\/#primaryimage"},"image":{"@id":"https:\/\/radioclanfm.com\/clanespectaculos\/veronica-ojeda-celebro-los-13-anos-de-dieguito-fernando-con-un-emotivo-video-estoy-orgullosa-de-vos\/#primaryimage"},"thumbnailUrl":"https:\/\/radioclanfm.com\/clanespectaculos\/wp-content\/uploads\/sites\/2\/2026\/02\/z5oCbWZA.jpg","datePublished":"2026-02-13T18:23:36+00:00","breadcrumb":{"@id":"https:\/\/radioclanfm.com\/clanespectaculos\/veronica-ojeda-celebro-los-13-anos-de-dieguito-fernando-con-un-emotivo-video-estoy-orgullosa-de-vos\/#breadcrumb"},"inLanguage":"es-AR","potentialAction":[{"@type":"ReadAction","target":["https:\/\/radioclanfm.com\/clanespectaculos\/veronica-ojeda-celebro-los-13-anos-de-dieguito-fernando-con-un-emotivo-video-estoy-orgullosa-de-vos\/"]}]},{"@type":"ImageObject","inLanguage":"es-AR","@id":"https:\/\/radioclanfm.com\/clanespectaculos\/veronica-ojeda-celebro-los-13-anos-de-dieguito-fernando-con-un-emotivo-video-estoy-orgullosa-de-vos\/#primaryimage","url":"https:\/\/radioclanfm.com\/clanespectaculos\/wp-content\/uploads\/sites\/2\/2026\/02\/z5oCbWZA.jpg","contentUrl":"https:\/\/radioclanfm.com\/clanespectaculos\/wp-content\/uploads\/sites\/2\/2026\/02\/z5oCbWZA.jpg","width":900,"height":450},{"@type":"BreadcrumbList","@id":"https:\/\/radioclanfm.com\/clanespectaculos\/veronica-ojeda-celebro-los-13-anos-de-dieguito-fernando-con-un-emotivo-video-estoy-orgullosa-de-vos\/#breadcrumb","itemListElement":[{"@type":"ListItem","position":1,"name":"Inicio","item":"https:\/\/radioclanfm.com\/clanespectaculos\/"},{"@type":"ListItem","position":2,"name":"Ver\u00f3nica Ojeda celebr\u00f3 los 13 a\u00f1os de Dieguito Fernando con un emotivo video: \u201cEstoy orgullosa de vos\u201d"}]},{"@type":"WebSite","@id":"https:\/\/radioclanfm.com\/clanespectaculos\/#website","url":"https:\/\/radioclanfm.com\/clanespectaculos\/","name":"CLAN ESPECTACULOS","description":"","publisher":{"@id":"https:\/\/radioclanfm.com\/clanespectaculos\/#organization"},"potentialAction":[{"@type":"SearchAction","target":{"@type":"EntryPoint","urlTemplate":"https:\/\/radioclanfm.com\/clanespectaculos\/?s={search_term_string}"},"query-input":{"@type":"PropertyValueSpecification","valueRequired":true,"valueName":"search_term_string"}}],"inLanguage":"es-AR"},{"@type":"Organization","@id":"https:\/\/radioclanfm.com\/clanespectaculos\/#organization","name":"CLAN ESPECTACULOS","url":"https:\/\/radioclanfm.com\/clanespectaculos\/","logo":{"@type":"ImageObject","inLanguage":"es-AR","@id":"https:\/\/radioclanfm.com\/clanespectaculos\/#\/schema\/logo\/image\/","url":"https:\/\/radioclanfm.com\/clanespectaculos\/wp-content\/uploads\/sites\/2\/2026\/04\/ChatGPT-Image-23-mar-2026-10_09_00.png","contentUrl":"https:\/\/radioclanfm.com\/clanespectaculos\/wp-content\/uploads\/sites\/2\/2026\/04\/ChatGPT-Image-23-mar-2026-10_09_00.png","width":1024,"height":1024,"caption":"CLAN ESPECTACULOS"},"image":{"@id":"https:\/\/radioclanfm.com\/clanespectaculos\/#\/schema\/logo\/image\/"},"sameAs":["https:\/\/www.facebook.com\/clanespectaculos\/","https:\/\/x.com\/clanespectok"]},{"@type":"Person","@id":"https:\/\/radioclanfm.com\/clanespectaculos\/#\/schema\/person\/9734813083303230f3ad84d99171b20c","name":"E-GRUPOCLAN","image":{"@type":"ImageObject","inLanguage":"es-AR","@id":"https:\/\/secure.gravatar.com\/avatar\/af6e19837c3d6a212034a48c7b3818d2ac1826f6025df0155da5a186ad321d79?s=96&d=mm&r=g","url":"https:\/\/secure.gravatar.com\/avatar\/af6e19837c3d6a212034a48c7b3818d2ac1826f6025df0155da5a186ad321d79?s=96&d=mm&r=g","contentUrl":"https:\/\/secure.gravatar.com\/avatar\/af6e19837c3d6a212034a48c7b3818d2ac1826f6025df0155da5a186ad321d79?s=96&d=mm&r=g","caption":"E-GRUPOCLAN"},"sameAs":["https:\/\/radioclanfm.com"],"url":"https:\/\/radioclanfm.com\/clanespectaculos\/author\/admin\/"}]}},"_links":{"self":[{"href":"https:\/\/radioclanfm.com\/clanespectaculos\/wp-json\/wp\/v2\/posts\/12258","targetHints":{"allow":["GET"]}}],"collection":[{"href":"https:\/\/radioclanfm.com\/clanespectaculos\/wp-json\/wp\/v2\/posts"}],"about":[{"href":"https:\/\/radioclanfm.com\/clanespectaculos\/wp-json\/wp\/v2\/types\/post"}],"author":[{"embeddable":true,"href":"https:\/\/radioclanfm.com\/clanespectaculos\/wp-json\/wp\/v2\/users\/1"}],"replies":[{"embeddable":true,"href":"https:\/\/radioclanfm.com\/clanespectaculos\/wp-json\/wp\/v2\/comments?post=12258"}],"version-history":[{"count":1,"href":"https:\/\/radioclanfm.com\/clanespectaculos\/wp-json\/wp\/v2\/posts\/12258\/revisions"}],"predecessor-version":[{"id":12262,"href":"https:\/\/radioclanfm.com\/clanespectaculos\/wp-json\/wp\/v2\/posts\/12258\/revisions\/12262"}],"wp:featuredmedia":[{"embeddable":true,"href":"https:\/\/radioclanfm.com\/clanespectaculos\/wp-json\/wp\/v2\/media\/12261"}],"wp:attachment":[{"href":"https:\/\/radioclanfm.com\/clanespectaculos\/wp-json\/wp\/v2\/media?parent=12258"}],"wp:term":[{"taxonomy":"category","embeddable":true,"href":"https:\/\/radioclanfm.com\/clanespectaculos\/wp-json\/wp\/v2\/categories?post=12258"},{"taxonomy":"post_tag","embeddable":true,"href":"https:\/\/radioclanfm.com\/clanespectaculos\/wp-json\/wp\/v2\/tags?post=12258"}],"curies":[{"name":"wp","href":"https:\/\/api.w.org\/{rel}","templated":true}]}}