{"id":12253,"date":"2026-02-13T15:22:04","date_gmt":"2026-02-13T18:22:04","guid":{"rendered":"https:\/\/radioclanfm.com\/clanespectaculos\/?p=12253"},"modified":"2026-02-13T15:22:04","modified_gmt":"2026-02-13T18:22:04","slug":"el-hijo-de-matias-martin-y-natalia-graciano-cumplio-18-anos-los-saludos-de-sus-padres-en-fotos-y-recuerdos","status":"publish","type":"post","link":"https:\/\/radioclanfm.com\/clanespectaculos\/el-hijo-de-matias-martin-y-natalia-graciano-cumplio-18-anos-los-saludos-de-sus-padres-en-fotos-y-recuerdos\/","title":{"rendered":"El hijo de Mat\u00edas Martin y Natalia Graciano cumpli\u00f3 18 a\u00f1os: los saludos de sus padres en fotos y recuerdos"},"content":{"rendered":"<p>Alejo celebr\u00f3 su mayor\u00eda de edad rodeado de mensajes cargados de afecto, humor futbolero y an\u00e9cdotas familiares<\/p>\n<p class=\"paragraph\" data-mrf-recirculation=\"Links inline\">La mayor\u00eda de edad de\u00a0<b>Alejo Martin<\/b>\u00a0se transform\u00f3 en tendencia: el hijo menor del conductor\u00a0<b>Mat\u00edas Martin<\/b>\u00a0y la modelo\u00a0<b>Natalia Graciano<\/b>\u00a0celebr\u00f3 sus 18 a\u00f1os y sus padres lo homenajearon con mensajes emotivos y fotograf\u00edas que r\u00e1pidamente captaron la atenci\u00f3n en redes sociales. La fecha, marcada por la emoci\u00f3n familiar, qued\u00f3 registrada tanto en palabras como en im\u00e1genes, lo que refleja el v\u00ednculo entre el joven y su entorno m\u00e1s cercano.<\/p>\n<div class=\"news-module\" data-mrf-recirculation=\"IL_GBLs3HYWRq2RgU4Qz8MM1Q\" data-testid=\"text-html\" data-mrf-experience=\"IL_GBLs3HYWRq2RgU4Qz8MM1Q\">\n<div class=\"recommended-card__image-container\"><\/div>\n<\/div>\n<p class=\"paragraph\" data-mrf-recirculation=\"Links inline\">Las redes sociales se convirtieron en escenario del homenaje p\u00fablico. la exmodelo eligi\u00f3 un mensaje que combin\u00f3 el orgullo maternal con referencias futboleras:\u00a0<b>\u201c\u00a1Este es amor del bueno! Perd\u00f3n, gente bostera\u2026 el amor es as\u00ed. El 1 indiscutido. Crack desde el d\u00eda 1. Hoy, 18\u201d<\/b>, escribi\u00f3 junto a una imagen actual de Alejo. En la foto, se observa a madre e hijo compartiendo un momento de cercan\u00eda, resaltando la admiraci\u00f3n y el afecto que caracterizan la relaci\u00f3n.<\/p>\n<div class=\"visual__image\"><picture><source srcset=\"https:\/\/www.infobae.com\/resizer\/v2\/CDF2T565HRAMNI5YDVW4NZ4UIE.jpg?auth=eaf9d42186cf00f462a8575058bf57e21a007a1315b06dca0b908476c9b626a2&amp;smart=true&amp;width=992&amp;height=1321&amp;quality=85\" media=\"(min-width: 1000px)\" \/><source srcset=\"https:\/\/www.infobae.com\/resizer\/v2\/CDF2T565HRAMNI5YDVW4NZ4UIE.jpg?auth=eaf9d42186cf00f462a8575058bf57e21a007a1315b06dca0b908476c9b626a2&amp;smart=true&amp;width=768&amp;height=1023&amp;quality=85\" media=\"(min-width: 768px)\" \/><source srcset=\"https:\/\/www.infobae.com\/resizer\/v2\/CDF2T565HRAMNI5YDVW4NZ4UIE.jpg?auth=eaf9d42186cf00f462a8575058bf57e21a007a1315b06dca0b908476c9b626a2&amp;smart=true&amp;width=577&amp;height=768&amp;quality=85\" media=\"(min-width: 580px)\" \/><source srcset=\"https:\/\/www.infobae.com\/resizer\/v2\/CDF2T565HRAMNI5YDVW4NZ4UIE.jpg?auth=eaf9d42186cf00f462a8575058bf57e21a007a1315b06dca0b908476c9b626a2&amp;smart=true&amp;width=420&amp;height=559&amp;quality=85\" media=\"(min-width: 350px)\" \/><source srcset=\"https:\/\/www.infobae.com\/resizer\/v2\/CDF2T565HRAMNI5YDVW4NZ4UIE.jpg?auth=eaf9d42186cf00f462a8575058bf57e21a007a1315b06dca0b908476c9b626a2&amp;smart=true&amp;width=350&amp;height=466&amp;quality=85\" media=\"(min-width: 80px)\" \/><img loading=\"lazy\" decoding=\"async\" class=\"global-image\" src=\"https:\/\/www.infobae.com\/resizer\/v2\/CDF2T565HRAMNI5YDVW4NZ4UIE.jpg?auth=eaf9d42186cf00f462a8575058bf57e21a007a1315b06dca0b908476c9b626a2&amp;smart=true&amp;width=350&amp;height=466&amp;quality=85\" alt=\"Mat\u00edas Martin posa sonriente junto\" width=\"1080\" height=\"1438\" \/><\/picture>Mat\u00edas Martin posa sonriente junto a su hijo, quien saca la lengua en un gesto divertido, en una serie de fotos antiguas que comparti\u00f3 el conductor.<\/div>\n<div class=\"inline ad-wrapper\">\n<div class=\"dfpAd ad-inline\">\n<div id=\"infobae\/teleshow\/nota\/inline\" class=\"infobae\/teleshow\/nota\/inline arcad\" data-google-query-id=\"CPyMj-KK15IDFadSuAQd_DkSYw\">\n<div id=\"google_ads_iframe_\/1058609\/infobae\/teleshow\/nota\/inline_0__container__\"><\/div>\n<\/div>\n<\/div>\n<\/div>\n<p class=\"paragraph\" data-mrf-recirculation=\"Links inline\">Por su parte, el conductor opt\u00f3 por una serie de fotos que retratan el crecimiento de su hijo. La selecci\u00f3n incluy\u00f3 instant\u00e1neas de distintas etapas, desde la infancia hasta la adolescencia, todas con el periodista acompa\u00f1\u00e1ndolo en situaciones cotidianas y en eventos deportivos. A la vez, expres\u00f3 su emoci\u00f3n en palabras directas:\u00a0<b>\u201cHoy Alejo cumple 18 y me estalla el coraz\u00f3n. \u00a1Te amo hijo! Qu\u00e9 placer ser tu viejo. Cu\u00e1nta emoci\u00f3n verte crecer y saber que adonde vas dej\u00e1s tu huella. Todos te quieren. Todos se alegran de verte. Orgullo. Sos todo coraz\u00f3n. \u00a1Vamos por m\u00e1s! \u00a1Por todo! Que reci\u00e9n empieza\u2026\u201d<\/b>.<\/p>\n<div class=\"news-module\" data-mrf-recirculation=\"IL_m3kiGo-8SVS6m0U7OqrZLw\" data-testid=\"text-html\" data-mrf-experience=\"IL_m3kiGo-8SVS6m0U7OqrZLw\">\n<div class=\"recommended-card__image-container\"><\/div>\n<\/div>\n<p class=\"paragraph\" data-mrf-recirculation=\"Links inline\">Las publicaciones de ambos padres, quienes se separaron a finales de 2023, lograron viralizarse en cuesti\u00f3n de horas, multiplicando los saludos y mensajes de seguidores y amigos de la familia. La repercusi\u00f3n no solo se explic\u00f3 por la popularidad de los protagonistas, sino tambi\u00e9n por el tono personal y la apertura emocional con la que compartieron el festejo.<\/p>\n<div class=\"visual__image\"><picture><source srcset=\"https:\/\/www.infobae.com\/resizer\/v2\/MM75UKCZNFHRJKYZBDT6ZVIY6E.jpg?auth=de1f43afed458e2d57f685c083fc323ea0465d7e7accf9aa43de45f9b8ef1113&amp;smart=true&amp;width=992&amp;height=1323&amp;quality=85\" media=\"(min-width: 1000px)\" \/><source srcset=\"https:\/\/www.infobae.com\/resizer\/v2\/MM75UKCZNFHRJKYZBDT6ZVIY6E.jpg?auth=de1f43afed458e2d57f685c083fc323ea0465d7e7accf9aa43de45f9b8ef1113&amp;smart=true&amp;width=768&amp;height=1024&amp;quality=85\" media=\"(min-width: 768px)\" \/><source srcset=\"https:\/\/www.infobae.com\/resizer\/v2\/MM75UKCZNFHRJKYZBDT6ZVIY6E.jpg?auth=de1f43afed458e2d57f685c083fc323ea0465d7e7accf9aa43de45f9b8ef1113&amp;smart=true&amp;width=577&amp;height=769&amp;quality=85\" media=\"(min-width: 580px)\" \/><source srcset=\"https:\/\/www.infobae.com\/resizer\/v2\/MM75UKCZNFHRJKYZBDT6ZVIY6E.jpg?auth=de1f43afed458e2d57f685c083fc323ea0465d7e7accf9aa43de45f9b8ef1113&amp;smart=true&amp;width=420&amp;height=560&amp;quality=85\" media=\"(min-width: 350px)\" \/><source srcset=\"https:\/\/www.infobae.com\/resizer\/v2\/MM75UKCZNFHRJKYZBDT6ZVIY6E.jpg?auth=de1f43afed458e2d57f685c083fc323ea0465d7e7accf9aa43de45f9b8ef1113&amp;smart=true&amp;width=350&amp;height=467&amp;quality=85\" media=\"(min-width: 80px)\" \/><img loading=\"lazy\" decoding=\"async\" class=\"global-image\" src=\"https:\/\/www.infobae.com\/resizer\/v2\/MM75UKCZNFHRJKYZBDT6ZVIY6E.jpg?auth=de1f43afed458e2d57f685c083fc323ea0465d7e7accf9aa43de45f9b8ef1113&amp;smart=true&amp;width=350&amp;height=467&amp;quality=85\" alt=\"Natalia Graciano abraza con cari\u00f1o\" width=\"1080\" height=\"1440\" \/><\/picture>Natalia Graciano abraza con cari\u00f1o a su hijo en un momento capturado durante un evento nocturno.<\/div>\n<div class=\"inline_2_DSK ad-wrapper ad-desktop\">\n<div class=\"dfpAd ad-inline\"><\/div>\n<\/div>\n<p class=\"paragraph\" data-mrf-recirculation=\"Links inline\">Lejos de mantener un perfil reservado,<b>\u00a0Alejo decidi\u00f3 abrir su cuenta de Instagram, donde muestra aspectos de su vida diaria<\/b>. Las im\u00e1genes que comparte exponen una rutina marcada por la actividad f\u00edsica, la conexi\u00f3n con el deporte y los lazos familiares. Entre los posteos se pueden encontrar registros de partidos de f\u00fatbol, viajes al exterior y reuniones con amigos y parientes.<\/p>\n<div class=\"news-module\" data-mrf-recirculation=\"IL_wLyG9sjfRQKb8QO3fSLumw\" data-testid=\"text-html\" data-mrf-experience=\"IL_wLyG9sjfRQKb8QO3fSLumw\">\n<div class=\"recommended-card__image-container\"><\/div>\n<\/div>\n<p class=\"paragraph\" data-mrf-recirculation=\"Links inline\"><b>El joven utiliza la red social como una especie de diario visual<\/b>, donde quedan documentados logros personales, celebraciones y peque\u00f1os momentos que conforman su d\u00eda a d\u00eda. La apertura de su cuenta contrasta con la tendencia de otros hijos de figuras p\u00fablicas, que suelen optar por la privacidad para evitar la exposici\u00f3n medi\u00e1tica. En el caso de Alejo, la construcci\u00f3n de su identidad digital apuesta por la cercan\u00eda y el contacto con quienes lo siguen.<\/p>\n<div class=\"visual__image\"><picture><source srcset=\"https:\/\/www.infobae.com\/resizer\/v2\/UBF2OZB5MZCKZGXTCJ5HE34SWI.jpg?auth=a07ad2ce445ec64e1520a16411c1165502f5ba68610ad6abbedb8557bc29e80b&amp;smart=true&amp;width=992&amp;height=1321&amp;quality=85\" media=\"(min-width: 1000px)\" \/><source srcset=\"https:\/\/www.infobae.com\/resizer\/v2\/UBF2OZB5MZCKZGXTCJ5HE34SWI.jpg?auth=a07ad2ce445ec64e1520a16411c1165502f5ba68610ad6abbedb8557bc29e80b&amp;smart=true&amp;width=768&amp;height=1022&amp;quality=85\" media=\"(min-width: 768px)\" \/><source srcset=\"https:\/\/www.infobae.com\/resizer\/v2\/UBF2OZB5MZCKZGXTCJ5HE34SWI.jpg?auth=a07ad2ce445ec64e1520a16411c1165502f5ba68610ad6abbedb8557bc29e80b&amp;smart=true&amp;width=577&amp;height=768&amp;quality=85\" media=\"(min-width: 580px)\" \/><source srcset=\"https:\/\/www.infobae.com\/resizer\/v2\/UBF2OZB5MZCKZGXTCJ5HE34SWI.jpg?auth=a07ad2ce445ec64e1520a16411c1165502f5ba68610ad6abbedb8557bc29e80b&amp;smart=true&amp;width=420&amp;height=559&amp;quality=85\" media=\"(min-width: 350px)\" \/><source srcset=\"https:\/\/www.infobae.com\/resizer\/v2\/UBF2OZB5MZCKZGXTCJ5HE34SWI.jpg?auth=a07ad2ce445ec64e1520a16411c1165502f5ba68610ad6abbedb8557bc29e80b&amp;smart=true&amp;width=350&amp;height=466&amp;quality=85\" media=\"(min-width: 80px)\" \/><img loading=\"lazy\" decoding=\"async\" class=\"global-image\" src=\"https:\/\/www.infobae.com\/resizer\/v2\/UBF2OZB5MZCKZGXTCJ5HE34SWI.jpg?auth=a07ad2ce445ec64e1520a16411c1165502f5ba68610ad6abbedb8557bc29e80b&amp;smart=true&amp;width=350&amp;height=466&amp;quality=85\" alt=\"El reconocido presentador Mat\u00edas Martin\" width=\"960\" height=\"1278\" \/><\/picture>El reconocido presentador Mat\u00edas Martin comparti\u00f3 una imagen antigua con su hijo, sonrientes, mientras asist\u00edan a un emocionante partido de f\u00fatbol nocturno en un estadio concurrido.<\/div>\n<p class=\"paragraph\" data-mrf-recirculation=\"Links inline\">La personalidad que deja ver en redes sociales es la de un joven activo, deportista y muy conectado con sus afectos. La presencia de amigos y familiares en las fotograf\u00edas refuerza la imagen de un entorno social s\u00f3lido y afectuoso, donde el deporte funciona como un punto de encuentro y la familia ocupa un lugar central.<\/p>\n<p class=\"paragraph\" data-mrf-recirculation=\"Links inline\">Mientras muchos hijos de celebridades optan por el bajo perfil o la reserva absoluta de su intimidad,<b>\u00a0Alejo elige la transparencia digital.<\/b>\u00a0Su cuenta abierta en Instagram y la frecuencia de sus publicaciones lo distinguen dentro de un universo donde la mayor\u00eda prefiere el anonimato y la protecci\u00f3n frente a la exposici\u00f3n medi\u00e1tica.<\/p>\n<p class=\"paragraph\" data-mrf-recirculation=\"Links inline\">Esta decisi\u00f3n, lejos de ser casual, se presenta como una forma de construcci\u00f3n personal: Alejo asume su identidad p\u00fablica con naturalidad, mostrando su d\u00eda a d\u00eda y validando los v\u00ednculos que lo rodean. La apuesta por la autenticidad y el registro de momentos reales lo posicionan como una figura cercana, que utiliza las herramientas digitales para celebrar la conexi\u00f3n y el afecto.<\/p>\n<div class=\"second-saved-buttons\">\n<div class=\"body-share-note\"><\/div>\n<\/div>\n","protected":false},"excerpt":{"rendered":"<p>Alejo celebr\u00f3 su mayor\u00eda de edad rodeado de mensajes cargados de afecto, humor futbolero y an\u00e9cdotas familiares La mayor\u00eda de edad de\u00a0Alejo Martin\u00a0se transform\u00f3 en tendencia: el hijo menor del conductor\u00a0Mat\u00edas Martin\u00a0y la modelo\u00a0Natalia Graciano\u00a0celebr\u00f3 sus 18 a\u00f1os y sus padres lo homenajearon con mensajes emotivos y fotograf\u00edas que r\u00e1pidamente captaron la atenci\u00f3n en redes [&hellip;]<\/p>\n","protected":false},"author":1,"featured_media":12256,"comment_status":"open","ping_status":"open","sticky":false,"template":"","format":"standard","meta":{"rop_custom_images_group":[],"rop_custom_messages_group":[],"rop_publish_now":"initial","rop_publish_now_accounts":[],"rop_publish_now_history":[],"rop_publish_now_status":"pending","footnotes":"","jetpack_publicize_message":"","jetpack_publicize_feature_enabled":true,"jetpack_social_post_already_shared":true,"jetpack_social_options":{"image_generator_settings":{"template":"highway","enabled":false},"version":2}},"categories":[12],"tags":[],"class_list":{"0":"post-12253","1":"post","2":"type-post","3":"status-publish","4":"format-standard","5":"has-post-thumbnail","7":"category-espectaculos"},"jetpack_publicize_connections":[],"yoast_head":"<!-- This site is optimized with the Yoast SEO plugin v27.3 - https:\/\/yoast.com\/product\/yoast-seo-wordpress\/ -->\n<title>El hijo de Mat\u00edas Martin y Natalia Graciano cumpli\u00f3 18 a\u00f1os: los saludos de sus padres en fotos y recuerdos - CLAN ESPECTACULOS<\/title>\n<meta name=\"robots\" content=\"index, follow, max-snippet:-1, max-image-preview:large, max-video-preview:-1\" \/>\n<link rel=\"canonical\" href=\"https:\/\/radioclanfm.com\/clanespectaculos\/el-hijo-de-matias-martin-y-natalia-graciano-cumplio-18-anos-los-saludos-de-sus-padres-en-fotos-y-recuerdos\/\" \/>\n<meta property=\"og:locale\" content=\"es_ES\" \/>\n<meta property=\"og:type\" content=\"article\" \/>\n<meta property=\"og:title\" content=\"El hijo de Mat\u00edas Martin y Natalia Graciano cumpli\u00f3 18 a\u00f1os: los saludos de sus padres en fotos y recuerdos - CLAN ESPECTACULOS\" \/>\n<meta property=\"og:description\" content=\"Alejo celebr\u00f3 su mayor\u00eda de edad rodeado de mensajes cargados de afecto, humor futbolero y an\u00e9cdotas familiares La mayor\u00eda de edad de\u00a0Alejo Martin\u00a0se transform\u00f3 en tendencia: el hijo menor del conductor\u00a0Mat\u00edas Martin\u00a0y la modelo\u00a0Natalia Graciano\u00a0celebr\u00f3 sus 18 a\u00f1os y sus padres lo homenajearon con mensajes emotivos y fotograf\u00edas que r\u00e1pidamente captaron la atenci\u00f3n en redes [&hellip;]\" \/>\n<meta property=\"og:url\" content=\"https:\/\/radioclanfm.com\/clanespectaculos\/el-hijo-de-matias-martin-y-natalia-graciano-cumplio-18-anos-los-saludos-de-sus-padres-en-fotos-y-recuerdos\/\" \/>\n<meta property=\"og:site_name\" content=\"CLAN ESPECTACULOS\" \/>\n<meta property=\"article:publisher\" content=\"https:\/\/www.facebook.com\/clanespectaculos\/\" \/>\n<meta property=\"article:published_time\" content=\"2026-02-13T18:22:04+00:00\" \/>\n<meta property=\"og:image\" content=\"https:\/\/radioclanfm.com\/clanespectaculos\/wp-content\/uploads\/sites\/2\/2026\/02\/onzCI0Jl.jpg\" \/>\n\t<meta property=\"og:image:width\" content=\"900\" \/>\n\t<meta property=\"og:image:height\" content=\"450\" \/>\n\t<meta property=\"og:image:type\" content=\"image\/jpeg\" \/>\n<meta name=\"author\" content=\"E-GRUPOCLAN\" \/>\n<meta name=\"twitter:card\" content=\"summary_large_image\" \/>\n<meta name=\"twitter:creator\" content=\"@clanespectok\" \/>\n<meta name=\"twitter:site\" content=\"@clanespectok\" \/>\n<meta name=\"twitter:label1\" content=\"Escrito por\" \/>\n\t<meta name=\"twitter:data1\" content=\"E-GRUPOCLAN\" \/>\n\t<meta name=\"twitter:label2\" content=\"Tiempo de lectura\" \/>\n\t<meta name=\"twitter:data2\" content=\"4 minutos\" \/>\n<script type=\"application\/ld+json\" class=\"yoast-schema-graph\">{\"@context\":\"https:\\\/\\\/schema.org\",\"@graph\":[{\"@type\":\"Article\",\"@id\":\"https:\\\/\\\/radioclanfm.com\\\/clanespectaculos\\\/el-hijo-de-matias-martin-y-natalia-graciano-cumplio-18-anos-los-saludos-de-sus-padres-en-fotos-y-recuerdos\\\/#article\",\"isPartOf\":{\"@id\":\"https:\\\/\\\/radioclanfm.com\\\/clanespectaculos\\\/el-hijo-de-matias-martin-y-natalia-graciano-cumplio-18-anos-los-saludos-de-sus-padres-en-fotos-y-recuerdos\\\/\"},\"author\":{\"name\":\"E-GRUPOCLAN\",\"@id\":\"https:\\\/\\\/radioclanfm.com\\\/clanespectaculos\\\/#\\\/schema\\\/person\\\/9734813083303230f3ad84d99171b20c\"},\"headline\":\"El hijo de Mat\u00edas Martin y Natalia Graciano cumpli\u00f3 18 a\u00f1os: los saludos de sus padres en fotos y recuerdos\",\"datePublished\":\"2026-02-13T18:22:04+00:00\",\"mainEntityOfPage\":{\"@id\":\"https:\\\/\\\/radioclanfm.com\\\/clanespectaculos\\\/el-hijo-de-matias-martin-y-natalia-graciano-cumplio-18-anos-los-saludos-de-sus-padres-en-fotos-y-recuerdos\\\/\"},\"wordCount\":778,\"commentCount\":0,\"publisher\":{\"@id\":\"https:\\\/\\\/radioclanfm.com\\\/clanespectaculos\\\/#organization\"},\"image\":{\"@id\":\"https:\\\/\\\/radioclanfm.com\\\/clanespectaculos\\\/el-hijo-de-matias-martin-y-natalia-graciano-cumplio-18-anos-los-saludos-de-sus-padres-en-fotos-y-recuerdos\\\/#primaryimage\"},\"thumbnailUrl\":\"https:\\\/\\\/radioclanfm.com\\\/clanespectaculos\\\/wp-content\\\/uploads\\\/sites\\\/2\\\/2026\\\/02\\\/onzCI0Jl.jpg\",\"articleSection\":[\"Espectaculos\"],\"inLanguage\":\"es-AR\",\"potentialAction\":[{\"@type\":\"CommentAction\",\"name\":\"Comment\",\"target\":[\"https:\\\/\\\/radioclanfm.com\\\/clanespectaculos\\\/el-hijo-de-matias-martin-y-natalia-graciano-cumplio-18-anos-los-saludos-de-sus-padres-en-fotos-y-recuerdos\\\/#respond\"]}]},{\"@type\":\"WebPage\",\"@id\":\"https:\\\/\\\/radioclanfm.com\\\/clanespectaculos\\\/el-hijo-de-matias-martin-y-natalia-graciano-cumplio-18-anos-los-saludos-de-sus-padres-en-fotos-y-recuerdos\\\/\",\"url\":\"https:\\\/\\\/radioclanfm.com\\\/clanespectaculos\\\/el-hijo-de-matias-martin-y-natalia-graciano-cumplio-18-anos-los-saludos-de-sus-padres-en-fotos-y-recuerdos\\\/\",\"name\":\"El hijo de Mat\u00edas Martin y Natalia Graciano cumpli\u00f3 18 a\u00f1os: los saludos de sus padres en fotos y recuerdos - CLAN ESPECTACULOS\",\"isPartOf\":{\"@id\":\"https:\\\/\\\/radioclanfm.com\\\/clanespectaculos\\\/#website\"},\"primaryImageOfPage\":{\"@id\":\"https:\\\/\\\/radioclanfm.com\\\/clanespectaculos\\\/el-hijo-de-matias-martin-y-natalia-graciano-cumplio-18-anos-los-saludos-de-sus-padres-en-fotos-y-recuerdos\\\/#primaryimage\"},\"image\":{\"@id\":\"https:\\\/\\\/radioclanfm.com\\\/clanespectaculos\\\/el-hijo-de-matias-martin-y-natalia-graciano-cumplio-18-anos-los-saludos-de-sus-padres-en-fotos-y-recuerdos\\\/#primaryimage\"},\"thumbnailUrl\":\"https:\\\/\\\/radioclanfm.com\\\/clanespectaculos\\\/wp-content\\\/uploads\\\/sites\\\/2\\\/2026\\\/02\\\/onzCI0Jl.jpg\",\"datePublished\":\"2026-02-13T18:22:04+00:00\",\"breadcrumb\":{\"@id\":\"https:\\\/\\\/radioclanfm.com\\\/clanespectaculos\\\/el-hijo-de-matias-martin-y-natalia-graciano-cumplio-18-anos-los-saludos-de-sus-padres-en-fotos-y-recuerdos\\\/#breadcrumb\"},\"inLanguage\":\"es-AR\",\"potentialAction\":[{\"@type\":\"ReadAction\",\"target\":[\"https:\\\/\\\/radioclanfm.com\\\/clanespectaculos\\\/el-hijo-de-matias-martin-y-natalia-graciano-cumplio-18-anos-los-saludos-de-sus-padres-en-fotos-y-recuerdos\\\/\"]}]},{\"@type\":\"ImageObject\",\"inLanguage\":\"es-AR\",\"@id\":\"https:\\\/\\\/radioclanfm.com\\\/clanespectaculos\\\/el-hijo-de-matias-martin-y-natalia-graciano-cumplio-18-anos-los-saludos-de-sus-padres-en-fotos-y-recuerdos\\\/#primaryimage\",\"url\":\"https:\\\/\\\/radioclanfm.com\\\/clanespectaculos\\\/wp-content\\\/uploads\\\/sites\\\/2\\\/2026\\\/02\\\/onzCI0Jl.jpg\",\"contentUrl\":\"https:\\\/\\\/radioclanfm.com\\\/clanespectaculos\\\/wp-content\\\/uploads\\\/sites\\\/2\\\/2026\\\/02\\\/onzCI0Jl.jpg\",\"width\":900,\"height\":450},{\"@type\":\"BreadcrumbList\",\"@id\":\"https:\\\/\\\/radioclanfm.com\\\/clanespectaculos\\\/el-hijo-de-matias-martin-y-natalia-graciano-cumplio-18-anos-los-saludos-de-sus-padres-en-fotos-y-recuerdos\\\/#breadcrumb\",\"itemListElement\":[{\"@type\":\"ListItem\",\"position\":1,\"name\":\"Inicio\",\"item\":\"https:\\\/\\\/radioclanfm.com\\\/clanespectaculos\\\/\"},{\"@type\":\"ListItem\",\"position\":2,\"name\":\"El hijo de Mat\u00edas Martin y Natalia Graciano cumpli\u00f3 18 a\u00f1os: los saludos de sus padres en fotos y recuerdos\"}]},{\"@type\":\"WebSite\",\"@id\":\"https:\\\/\\\/radioclanfm.com\\\/clanespectaculos\\\/#website\",\"url\":\"https:\\\/\\\/radioclanfm.com\\\/clanespectaculos\\\/\",\"name\":\"CLAN ESPECTACULOS\",\"description\":\"\",\"publisher\":{\"@id\":\"https:\\\/\\\/radioclanfm.com\\\/clanespectaculos\\\/#organization\"},\"potentialAction\":[{\"@type\":\"SearchAction\",\"target\":{\"@type\":\"EntryPoint\",\"urlTemplate\":\"https:\\\/\\\/radioclanfm.com\\\/clanespectaculos\\\/?s={search_term_string}\"},\"query-input\":{\"@type\":\"PropertyValueSpecification\",\"valueRequired\":true,\"valueName\":\"search_term_string\"}}],\"inLanguage\":\"es-AR\"},{\"@type\":\"Organization\",\"@id\":\"https:\\\/\\\/radioclanfm.com\\\/clanespectaculos\\\/#organization\",\"name\":\"CLAN ESPECTACULOS\",\"url\":\"https:\\\/\\\/radioclanfm.com\\\/clanespectaculos\\\/\",\"logo\":{\"@type\":\"ImageObject\",\"inLanguage\":\"es-AR\",\"@id\":\"https:\\\/\\\/radioclanfm.com\\\/clanespectaculos\\\/#\\\/schema\\\/logo\\\/image\\\/\",\"url\":\"https:\\\/\\\/radioclanfm.com\\\/clanespectaculos\\\/wp-content\\\/uploads\\\/sites\\\/2\\\/2026\\\/04\\\/ChatGPT-Image-23-mar-2026-10_09_00.png\",\"contentUrl\":\"https:\\\/\\\/radioclanfm.com\\\/clanespectaculos\\\/wp-content\\\/uploads\\\/sites\\\/2\\\/2026\\\/04\\\/ChatGPT-Image-23-mar-2026-10_09_00.png\",\"width\":1024,\"height\":1024,\"caption\":\"CLAN ESPECTACULOS\"},\"image\":{\"@id\":\"https:\\\/\\\/radioclanfm.com\\\/clanespectaculos\\\/#\\\/schema\\\/logo\\\/image\\\/\"},\"sameAs\":[\"https:\\\/\\\/www.facebook.com\\\/clanespectaculos\\\/\",\"https:\\\/\\\/x.com\\\/clanespectok\"]},{\"@type\":\"Person\",\"@id\":\"https:\\\/\\\/radioclanfm.com\\\/clanespectaculos\\\/#\\\/schema\\\/person\\\/9734813083303230f3ad84d99171b20c\",\"name\":\"E-GRUPOCLAN\",\"image\":{\"@type\":\"ImageObject\",\"inLanguage\":\"es-AR\",\"@id\":\"https:\\\/\\\/secure.gravatar.com\\\/avatar\\\/af6e19837c3d6a212034a48c7b3818d2ac1826f6025df0155da5a186ad321d79?s=96&d=mm&r=g\",\"url\":\"https:\\\/\\\/secure.gravatar.com\\\/avatar\\\/af6e19837c3d6a212034a48c7b3818d2ac1826f6025df0155da5a186ad321d79?s=96&d=mm&r=g\",\"contentUrl\":\"https:\\\/\\\/secure.gravatar.com\\\/avatar\\\/af6e19837c3d6a212034a48c7b3818d2ac1826f6025df0155da5a186ad321d79?s=96&d=mm&r=g\",\"caption\":\"E-GRUPOCLAN\"},\"sameAs\":[\"https:\\\/\\\/radioclanfm.com\"],\"url\":\"https:\\\/\\\/radioclanfm.com\\\/clanespectaculos\\\/author\\\/admin\\\/\"}]}<\/script>\n<!-- \/ Yoast SEO plugin. -->","yoast_head_json":{"title":"El hijo de Mat\u00edas Martin y Natalia Graciano cumpli\u00f3 18 a\u00f1os: los saludos de sus padres en fotos y recuerdos - CLAN ESPECTACULOS","robots":{"index":"index","follow":"follow","max-snippet":"max-snippet:-1","max-image-preview":"max-image-preview:large","max-video-preview":"max-video-preview:-1"},"canonical":"https:\/\/radioclanfm.com\/clanespectaculos\/el-hijo-de-matias-martin-y-natalia-graciano-cumplio-18-anos-los-saludos-de-sus-padres-en-fotos-y-recuerdos\/","og_locale":"es_ES","og_type":"article","og_title":"El hijo de Mat\u00edas Martin y Natalia Graciano cumpli\u00f3 18 a\u00f1os: los saludos de sus padres en fotos y recuerdos - CLAN ESPECTACULOS","og_description":"Alejo celebr\u00f3 su mayor\u00eda de edad rodeado de mensajes cargados de afecto, humor futbolero y an\u00e9cdotas familiares La mayor\u00eda de edad de\u00a0Alejo Martin\u00a0se transform\u00f3 en tendencia: el hijo menor del conductor\u00a0Mat\u00edas Martin\u00a0y la modelo\u00a0Natalia Graciano\u00a0celebr\u00f3 sus 18 a\u00f1os y sus padres lo homenajearon con mensajes emotivos y fotograf\u00edas que r\u00e1pidamente captaron la atenci\u00f3n en redes [&hellip;]","og_url":"https:\/\/radioclanfm.com\/clanespectaculos\/el-hijo-de-matias-martin-y-natalia-graciano-cumplio-18-anos-los-saludos-de-sus-padres-en-fotos-y-recuerdos\/","og_site_name":"CLAN ESPECTACULOS","article_publisher":"https:\/\/www.facebook.com\/clanespectaculos\/","article_published_time":"2026-02-13T18:22:04+00:00","og_image":[{"width":900,"height":450,"url":"https:\/\/radioclanfm.com\/clanespectaculos\/wp-content\/uploads\/sites\/2\/2026\/02\/onzCI0Jl.jpg","type":"image\/jpeg"}],"author":"E-GRUPOCLAN","twitter_card":"summary_large_image","twitter_creator":"@clanespectok","twitter_site":"@clanespectok","twitter_misc":{"Escrito por":"E-GRUPOCLAN","Tiempo de lectura":"4 minutos"},"schema":{"@context":"https:\/\/schema.org","@graph":[{"@type":"Article","@id":"https:\/\/radioclanfm.com\/clanespectaculos\/el-hijo-de-matias-martin-y-natalia-graciano-cumplio-18-anos-los-saludos-de-sus-padres-en-fotos-y-recuerdos\/#article","isPartOf":{"@id":"https:\/\/radioclanfm.com\/clanespectaculos\/el-hijo-de-matias-martin-y-natalia-graciano-cumplio-18-anos-los-saludos-de-sus-padres-en-fotos-y-recuerdos\/"},"author":{"name":"E-GRUPOCLAN","@id":"https:\/\/radioclanfm.com\/clanespectaculos\/#\/schema\/person\/9734813083303230f3ad84d99171b20c"},"headline":"El hijo de Mat\u00edas Martin y Natalia Graciano cumpli\u00f3 18 a\u00f1os: los saludos de sus padres en fotos y recuerdos","datePublished":"2026-02-13T18:22:04+00:00","mainEntityOfPage":{"@id":"https:\/\/radioclanfm.com\/clanespectaculos\/el-hijo-de-matias-martin-y-natalia-graciano-cumplio-18-anos-los-saludos-de-sus-padres-en-fotos-y-recuerdos\/"},"wordCount":778,"commentCount":0,"publisher":{"@id":"https:\/\/radioclanfm.com\/clanespectaculos\/#organization"},"image":{"@id":"https:\/\/radioclanfm.com\/clanespectaculos\/el-hijo-de-matias-martin-y-natalia-graciano-cumplio-18-anos-los-saludos-de-sus-padres-en-fotos-y-recuerdos\/#primaryimage"},"thumbnailUrl":"https:\/\/radioclanfm.com\/clanespectaculos\/wp-content\/uploads\/sites\/2\/2026\/02\/onzCI0Jl.jpg","articleSection":["Espectaculos"],"inLanguage":"es-AR","potentialAction":[{"@type":"CommentAction","name":"Comment","target":["https:\/\/radioclanfm.com\/clanespectaculos\/el-hijo-de-matias-martin-y-natalia-graciano-cumplio-18-anos-los-saludos-de-sus-padres-en-fotos-y-recuerdos\/#respond"]}]},{"@type":"WebPage","@id":"https:\/\/radioclanfm.com\/clanespectaculos\/el-hijo-de-matias-martin-y-natalia-graciano-cumplio-18-anos-los-saludos-de-sus-padres-en-fotos-y-recuerdos\/","url":"https:\/\/radioclanfm.com\/clanespectaculos\/el-hijo-de-matias-martin-y-natalia-graciano-cumplio-18-anos-los-saludos-de-sus-padres-en-fotos-y-recuerdos\/","name":"El hijo de Mat\u00edas Martin y Natalia Graciano cumpli\u00f3 18 a\u00f1os: los saludos de sus padres en fotos y recuerdos - CLAN ESPECTACULOS","isPartOf":{"@id":"https:\/\/radioclanfm.com\/clanespectaculos\/#website"},"primaryImageOfPage":{"@id":"https:\/\/radioclanfm.com\/clanespectaculos\/el-hijo-de-matias-martin-y-natalia-graciano-cumplio-18-anos-los-saludos-de-sus-padres-en-fotos-y-recuerdos\/#primaryimage"},"image":{"@id":"https:\/\/radioclanfm.com\/clanespectaculos\/el-hijo-de-matias-martin-y-natalia-graciano-cumplio-18-anos-los-saludos-de-sus-padres-en-fotos-y-recuerdos\/#primaryimage"},"thumbnailUrl":"https:\/\/radioclanfm.com\/clanespectaculos\/wp-content\/uploads\/sites\/2\/2026\/02\/onzCI0Jl.jpg","datePublished":"2026-02-13T18:22:04+00:00","breadcrumb":{"@id":"https:\/\/radioclanfm.com\/clanespectaculos\/el-hijo-de-matias-martin-y-natalia-graciano-cumplio-18-anos-los-saludos-de-sus-padres-en-fotos-y-recuerdos\/#breadcrumb"},"inLanguage":"es-AR","potentialAction":[{"@type":"ReadAction","target":["https:\/\/radioclanfm.com\/clanespectaculos\/el-hijo-de-matias-martin-y-natalia-graciano-cumplio-18-anos-los-saludos-de-sus-padres-en-fotos-y-recuerdos\/"]}]},{"@type":"ImageObject","inLanguage":"es-AR","@id":"https:\/\/radioclanfm.com\/clanespectaculos\/el-hijo-de-matias-martin-y-natalia-graciano-cumplio-18-anos-los-saludos-de-sus-padres-en-fotos-y-recuerdos\/#primaryimage","url":"https:\/\/radioclanfm.com\/clanespectaculos\/wp-content\/uploads\/sites\/2\/2026\/02\/onzCI0Jl.jpg","contentUrl":"https:\/\/radioclanfm.com\/clanespectaculos\/wp-content\/uploads\/sites\/2\/2026\/02\/onzCI0Jl.jpg","width":900,"height":450},{"@type":"BreadcrumbList","@id":"https:\/\/radioclanfm.com\/clanespectaculos\/el-hijo-de-matias-martin-y-natalia-graciano-cumplio-18-anos-los-saludos-de-sus-padres-en-fotos-y-recuerdos\/#breadcrumb","itemListElement":[{"@type":"ListItem","position":1,"name":"Inicio","item":"https:\/\/radioclanfm.com\/clanespectaculos\/"},{"@type":"ListItem","position":2,"name":"El hijo de Mat\u00edas Martin y Natalia Graciano cumpli\u00f3 18 a\u00f1os: los saludos de sus padres en fotos y recuerdos"}]},{"@type":"WebSite","@id":"https:\/\/radioclanfm.com\/clanespectaculos\/#website","url":"https:\/\/radioclanfm.com\/clanespectaculos\/","name":"CLAN ESPECTACULOS","description":"","publisher":{"@id":"https:\/\/radioclanfm.com\/clanespectaculos\/#organization"},"potentialAction":[{"@type":"SearchAction","target":{"@type":"EntryPoint","urlTemplate":"https:\/\/radioclanfm.com\/clanespectaculos\/?s={search_term_string}"},"query-input":{"@type":"PropertyValueSpecification","valueRequired":true,"valueName":"search_term_string"}}],"inLanguage":"es-AR"},{"@type":"Organization","@id":"https:\/\/radioclanfm.com\/clanespectaculos\/#organization","name":"CLAN ESPECTACULOS","url":"https:\/\/radioclanfm.com\/clanespectaculos\/","logo":{"@type":"ImageObject","inLanguage":"es-AR","@id":"https:\/\/radioclanfm.com\/clanespectaculos\/#\/schema\/logo\/image\/","url":"https:\/\/radioclanfm.com\/clanespectaculos\/wp-content\/uploads\/sites\/2\/2026\/04\/ChatGPT-Image-23-mar-2026-10_09_00.png","contentUrl":"https:\/\/radioclanfm.com\/clanespectaculos\/wp-content\/uploads\/sites\/2\/2026\/04\/ChatGPT-Image-23-mar-2026-10_09_00.png","width":1024,"height":1024,"caption":"CLAN ESPECTACULOS"},"image":{"@id":"https:\/\/radioclanfm.com\/clanespectaculos\/#\/schema\/logo\/image\/"},"sameAs":["https:\/\/www.facebook.com\/clanespectaculos\/","https:\/\/x.com\/clanespectok"]},{"@type":"Person","@id":"https:\/\/radioclanfm.com\/clanespectaculos\/#\/schema\/person\/9734813083303230f3ad84d99171b20c","name":"E-GRUPOCLAN","image":{"@type":"ImageObject","inLanguage":"es-AR","@id":"https:\/\/secure.gravatar.com\/avatar\/af6e19837c3d6a212034a48c7b3818d2ac1826f6025df0155da5a186ad321d79?s=96&d=mm&r=g","url":"https:\/\/secure.gravatar.com\/avatar\/af6e19837c3d6a212034a48c7b3818d2ac1826f6025df0155da5a186ad321d79?s=96&d=mm&r=g","contentUrl":"https:\/\/secure.gravatar.com\/avatar\/af6e19837c3d6a212034a48c7b3818d2ac1826f6025df0155da5a186ad321d79?s=96&d=mm&r=g","caption":"E-GRUPOCLAN"},"sameAs":["https:\/\/radioclanfm.com"],"url":"https:\/\/radioclanfm.com\/clanespectaculos\/author\/admin\/"}]}},"_links":{"self":[{"href":"https:\/\/radioclanfm.com\/clanespectaculos\/wp-json\/wp\/v2\/posts\/12253","targetHints":{"allow":["GET"]}}],"collection":[{"href":"https:\/\/radioclanfm.com\/clanespectaculos\/wp-json\/wp\/v2\/posts"}],"about":[{"href":"https:\/\/radioclanfm.com\/clanespectaculos\/wp-json\/wp\/v2\/types\/post"}],"author":[{"embeddable":true,"href":"https:\/\/radioclanfm.com\/clanespectaculos\/wp-json\/wp\/v2\/users\/1"}],"replies":[{"embeddable":true,"href":"https:\/\/radioclanfm.com\/clanespectaculos\/wp-json\/wp\/v2\/comments?post=12253"}],"version-history":[{"count":1,"href":"https:\/\/radioclanfm.com\/clanespectaculos\/wp-json\/wp\/v2\/posts\/12253\/revisions"}],"predecessor-version":[{"id":12257,"href":"https:\/\/radioclanfm.com\/clanespectaculos\/wp-json\/wp\/v2\/posts\/12253\/revisions\/12257"}],"wp:featuredmedia":[{"embeddable":true,"href":"https:\/\/radioclanfm.com\/clanespectaculos\/wp-json\/wp\/v2\/media\/12256"}],"wp:attachment":[{"href":"https:\/\/radioclanfm.com\/clanespectaculos\/wp-json\/wp\/v2\/media?parent=12253"}],"wp:term":[{"taxonomy":"category","embeddable":true,"href":"https:\/\/radioclanfm.com\/clanespectaculos\/wp-json\/wp\/v2\/categories?post=12253"},{"taxonomy":"post_tag","embeddable":true,"href":"https:\/\/radioclanfm.com\/clanespectaculos\/wp-json\/wp\/v2\/tags?post=12253"}],"curies":[{"name":"wp","href":"https:\/\/api.w.org\/{rel}","templated":true}]}}