{"id":12243,"date":"2026-02-13T15:19:02","date_gmt":"2026-02-13T18:19:02","guid":{"rendered":"https:\/\/radioclanfm.com\/clanespectaculos\/?p=12243"},"modified":"2026-02-13T15:19:02","modified_gmt":"2026-02-13T18:19:02","slug":"bad-bunny-y-una-cena-romantica-en-buenos-aires-antes-de-san-valentin-su-historia-de-amor-con-gabriela-berlingeri","status":"publish","type":"post","link":"https:\/\/radioclanfm.com\/clanespectaculos\/bad-bunny-y-una-cena-romantica-en-buenos-aires-antes-de-san-valentin-su-historia-de-amor-con-gabriela-berlingeri\/","title":{"rendered":"Bad Bunny y una cena rom\u00e1ntica en Buenos Aires antes de San Valent\u00edn: su historia de amor con Gabriela Berlingeri"},"content":{"rendered":"<p>En medio de rumores de reconciliaci\u00f3n, el artista y la modelo se mostraron en un exclusivo restaurante, horas antes del debut de la gira Deb\u00ed tirar m\u00e1s fotos World Tour en River<\/p>\n<div class=\"visual__image image-initial-width\"><picture><img loading=\"lazy\" decoding=\"async\" class=\"global-image\" src=\"https:\/\/www.infobae.com\/resizer\/v2\/WAJ2H5RFOJFXXAY6XTILNR2NHE.jpg?auth=6fa58f62114ddb97e7842e8f0d3514356a09906bcfa565e2269f5c4cb5b09e03&amp;smart=true&amp;width=350&amp;height=436&amp;quality=85\" alt=\"Bad Bunny y Gabriela Berlingieri\" width=\"1200\" height=\"1496\" \/><\/picture>Bad Bunny y Gabriela Berlingieri en una antigua postal juntos (Instagram\/@badbunny)<\/div>\n<p class=\"paragraph\" data-mrf-recirculation=\"Links inline\">M\u00e1s all\u00e1 de atravesar el momento m\u00e1s importante de su carrera, el arribo de\u00a0<b>Bad Bunny<\/b>\u00a0a Buenos Aires reactiv\u00f3 la atenci\u00f3n sobre su vida sentimental, en especial por su reciente reencuentro p\u00fablico con\u00a0<b>Gabriela Berlingeri<\/b>. La historia entre el artista y la modelo gener\u00f3 titulares desde 2017, cuando ambos se cruzaron por primera vez en un local de Puerto Rico, poco despu\u00e9s del debut de Bad Bunny en un concierto de Zion &amp; Lennox.<\/p>\n<div class=\"news-module\" data-mrf-recirculation=\"IL_GBLs3HYWRq2RgU4Qz8MM1Q\" data-testid=\"text-html\" data-mrf-experience=\"IL_GBLs3HYWRq2RgU4Qz8MM1Q\">\n<div class=\"recommended-card__image-container\"><\/div>\n<\/div>\n<p class=\"paragraph\" data-mrf-recirculation=\"Links inline\">Fue el propio cantante quien relat\u00f3 aquellos comienzos en su pa\u00eds natal:\u00a0<b>\u201cLa conoc\u00ed en un restaurante, cuando estaba comiendo con mis padres y mis hermanos. Comenzamos a hablar y de ah\u00ed continuamos vi\u00e9ndonos\u201d<\/b>, resumi\u00f3. Una historia que naci\u00f3 como tantas otras, pero que estaba destinada a trascender.<\/p>\n<div class=\"visual__image\"><picture><source srcset=\"https:\/\/www.infobae.com\/resizer\/v2\/AYPZHQDYNBFCZGRZMJ447JHXMM.jpg?auth=3d4a5abf652e819fb7716efa995ac61f2acec161a4b5b5841e8fc068c051a3b3&amp;smart=true&amp;width=992&amp;height=992&amp;quality=85\" media=\"(min-width: 1000px)\" \/><source srcset=\"https:\/\/www.infobae.com\/resizer\/v2\/AYPZHQDYNBFCZGRZMJ447JHXMM.jpg?auth=3d4a5abf652e819fb7716efa995ac61f2acec161a4b5b5841e8fc068c051a3b3&amp;smart=true&amp;width=768&amp;height=768&amp;quality=85\" media=\"(min-width: 768px)\" \/><source srcset=\"https:\/\/www.infobae.com\/resizer\/v2\/AYPZHQDYNBFCZGRZMJ447JHXMM.jpg?auth=3d4a5abf652e819fb7716efa995ac61f2acec161a4b5b5841e8fc068c051a3b3&amp;smart=true&amp;width=577&amp;height=577&amp;quality=85\" media=\"(min-width: 580px)\" \/><source srcset=\"https:\/\/www.infobae.com\/resizer\/v2\/AYPZHQDYNBFCZGRZMJ447JHXMM.jpg?auth=3d4a5abf652e819fb7716efa995ac61f2acec161a4b5b5841e8fc068c051a3b3&amp;smart=true&amp;width=420&amp;height=420&amp;quality=85\" media=\"(min-width: 350px)\" \/><source srcset=\"https:\/\/www.infobae.com\/resizer\/v2\/AYPZHQDYNBFCZGRZMJ447JHXMM.jpg?auth=3d4a5abf652e819fb7716efa995ac61f2acec161a4b5b5841e8fc068c051a3b3&amp;smart=true&amp;width=350&amp;height=350&amp;quality=85\" media=\"(min-width: 80px)\" \/><img loading=\"lazy\" decoding=\"async\" class=\"global-image\" src=\"https:\/\/www.infobae.com\/resizer\/v2\/AYPZHQDYNBFCZGRZMJ447JHXMM.jpg?auth=3d4a5abf652e819fb7716efa995ac61f2acec161a4b5b5841e8fc068c051a3b3&amp;smart=true&amp;width=350&amp;height=350&amp;quality=85\" alt=\"Bad Bunny y Gabriela Berlingieri\" width=\"1200\" height=\"1200\" \/><\/picture>Bad Bunny y Gabriela Berlingieri comenzaron su relaci\u00f3n en 2017 (Instagram\/@badbunny)<\/div>\n<div class=\"inline ad-wrapper\">\n<div class=\"dfpAd ad-inline\"><\/div>\n<\/div>\n<p class=\"paragraph\" data-mrf-recirculation=\"Links inline\">La relaci\u00f3n, inicialmente discreta, fue ganando notoriedad.<b>\u00a0En 2018, Bad Bunny comparti\u00f3 que Gabriela particip\u00f3 en la colaboraci\u00f3n del sencillo \u201cTe gust\u00e9\u201d junto a Jennifer L\u00f3pez<\/b>, grabando referencias para la artista estadounidense. Sin embargo, el romance permaneci\u00f3 resguardado hasta 2020, cuando ambos decidieron hacerlo p\u00fablico a trav\u00e9s de la cuenta de Instagram del cantante. Las publicaciones incluyeron historias donde se los ve\u00eda bes\u00e1ndose y compartiendo momentos \u00edntimos, adem\u00e1s de la primera fotograf\u00eda oficial juntos. En ese momento, Bad Bunny dej\u00f3 claro su sentir:\u00a0<b>\u201cMe ha hecho entender que ella es la mejor compa\u00f1era que yo puedo tener. Yo estoy feliz con ella, la gente no sabe que ella me ha ayudado mucho en aspectos emocionales cuando m\u00e1s lo necesitaba\u201d<\/b>.<\/p>\n<div class=\"news-module\" data-mrf-recirculation=\"IL_m3kiGo-8SVS6m0U7OqrZLw\" data-testid=\"text-html\" data-mrf-experience=\"IL_m3kiGo-8SVS6m0U7OqrZLw\">\n<div class=\"recommended-card__image-container\"><\/div>\n<\/div>\n<p class=\"paragraph\" data-mrf-recirculation=\"Links inline\">La pareja convivi\u00f3 durante el aislamiento por covid-19, enfrentando la curiosidad de los seguidores en redes sociales acerca de su situaci\u00f3n sentimental. Aunque su v\u00ednculo parec\u00eda consolidado,\u00a0<b>en 2022 anunciaron una pausa. El propio artista se refiri\u00f3 a Gabriela como su \u201cmejor amiga\u201d<\/b>, aclarando que ambos pod\u00edan tener nuevas parejas, lo que llev\u00f3 a especulaciones sobre la naturaleza de su relaci\u00f3n.<\/p>\n<div class=\"visual__image\"><picture><source srcset=\"https:\/\/www.infobae.com\/resizer\/v2\/A7FVXK3KJNEHVMHOJWME5BHARA.JPG?auth=2240cdcfb93b6195c87c561e217200ba4001fb43bd9a8a7b8341ac447a8b0209&amp;smart=true&amp;width=992&amp;height=661&amp;quality=85\" media=\"(min-width: 1000px)\" \/><source srcset=\"https:\/\/www.infobae.com\/resizer\/v2\/A7FVXK3KJNEHVMHOJWME5BHARA.JPG?auth=2240cdcfb93b6195c87c561e217200ba4001fb43bd9a8a7b8341ac447a8b0209&amp;smart=true&amp;width=768&amp;height=512&amp;quality=85\" media=\"(min-width: 768px)\" \/><source srcset=\"https:\/\/www.infobae.com\/resizer\/v2\/A7FVXK3KJNEHVMHOJWME5BHARA.JPG?auth=2240cdcfb93b6195c87c561e217200ba4001fb43bd9a8a7b8341ac447a8b0209&amp;smart=true&amp;width=577&amp;height=385&amp;quality=85\" media=\"(min-width: 580px)\" \/><source srcset=\"https:\/\/www.infobae.com\/resizer\/v2\/A7FVXK3KJNEHVMHOJWME5BHARA.JPG?auth=2240cdcfb93b6195c87c561e217200ba4001fb43bd9a8a7b8341ac447a8b0209&amp;smart=true&amp;width=420&amp;height=280&amp;quality=85\" media=\"(min-width: 350px)\" \/><source srcset=\"https:\/\/www.infobae.com\/resizer\/v2\/A7FVXK3KJNEHVMHOJWME5BHARA.JPG?auth=2240cdcfb93b6195c87c561e217200ba4001fb43bd9a8a7b8341ac447a8b0209&amp;smart=true&amp;width=350&amp;height=233&amp;quality=85\" media=\"(min-width: 80px)\" \/><img loading=\"lazy\" decoding=\"async\" class=\"global-image\" src=\"https:\/\/www.infobae.com\/resizer\/v2\/A7FVXK3KJNEHVMHOJWME5BHARA.JPG?auth=2240cdcfb93b6195c87c561e217200ba4001fb43bd9a8a7b8341ac447a8b0209&amp;smart=true&amp;width=350&amp;height=233&amp;quality=85\" alt=\"As\u00ed fue la segunda noche\" width=\"5472\" height=\"3648\" \/><\/picture>As\u00ed fue la segunda noche de Bad Bunny en Buenos Aires: cena privada y hermetismo en la previa de sus shows en River (RS Fotos)<\/div>\n<div class=\"inline_2_DSK ad-wrapper ad-desktop\">\n<div class=\"dfpAd ad-inline\"><\/div>\n<\/div>\n<p class=\"paragraph\" data-mrf-recirculation=\"Links inline\">Pese a la separaci\u00f3n, la presencia de Gabriela se mantuvo en el universo medi\u00e1tico y digital.\u00a0<b>Modelo, dise\u00f1adora e influencer, su perfil se consolid\u00f3 como figura p\u00fablica m\u00e1s all\u00e1 de su v\u00ednculo con el cantante.\u00a0<\/b>A lo largo de los a\u00f1os, los rumores sobre una posible reconciliaci\u00f3n nunca dejaron de circular, y las apariciones conjuntas en 2024 y 2025 reavivaron las expectativas de sus seguidores.<\/p>\n<div class=\"news-module\" data-mrf-recirculation=\"IL_wLyG9sjfRQKb8QO3fSLumw\" data-testid=\"text-html\" data-mrf-experience=\"IL_wLyG9sjfRQKb8QO3fSLumw\">\n<div class=\"recommended-card__image-container\"><\/div>\n<\/div>\n<p class=\"paragraph\" data-mrf-recirculation=\"Links inline\">El 2026 marc\u00f3 un nuevo cap\u00edtulo en esta historia, cuando la pareja fue vista nuevamente junta en Buenos Aires. El regreso de\u00a0<b>Bad Bunny<\/b>\u00a0a la Argentina, en el marco de la gira\u00a0<b>Deb\u00ed tirar m\u00e1s fotos World Tour<\/b>, coincidi\u00f3 con una triple cita programada en un River Plate colmado, apenas d\u00edas despu\u00e9s de su hist\u00f3rica presentaci\u00f3n en el Super Bowl. El entusiasmo entre el p\u00fablico argentino se hizo sentir, reforzando el lazo que el artista cultiv\u00f3 con sus seguidores locales a\u00f1o tras a\u00f1o.<\/p>\n<div class=\"visual__image\"><picture><source srcset=\"https:\/\/www.infobae.com\/resizer\/v2\/4R6OO2AWRJDGNHU4SFJKC4BUQU.jpg?auth=78da75172362ee3b78646e7c602fbedca52abbd42fc4a79161c5548f1a8abeb2&amp;smart=true&amp;width=992&amp;height=661&amp;quality=85\" media=\"(min-width: 1000px)\" \/><source srcset=\"https:\/\/www.infobae.com\/resizer\/v2\/4R6OO2AWRJDGNHU4SFJKC4BUQU.jpg?auth=78da75172362ee3b78646e7c602fbedca52abbd42fc4a79161c5548f1a8abeb2&amp;smart=true&amp;width=768&amp;height=512&amp;quality=85\" media=\"(min-width: 768px)\" \/><source srcset=\"https:\/\/www.infobae.com\/resizer\/v2\/4R6OO2AWRJDGNHU4SFJKC4BUQU.jpg?auth=78da75172362ee3b78646e7c602fbedca52abbd42fc4a79161c5548f1a8abeb2&amp;smart=true&amp;width=577&amp;height=385&amp;quality=85\" media=\"(min-width: 580px)\" \/><source srcset=\"https:\/\/www.infobae.com\/resizer\/v2\/4R6OO2AWRJDGNHU4SFJKC4BUQU.jpg?auth=78da75172362ee3b78646e7c602fbedca52abbd42fc4a79161c5548f1a8abeb2&amp;smart=true&amp;width=420&amp;height=280&amp;quality=85\" media=\"(min-width: 350px)\" \/><source srcset=\"https:\/\/www.infobae.com\/resizer\/v2\/4R6OO2AWRJDGNHU4SFJKC4BUQU.jpg?auth=78da75172362ee3b78646e7c602fbedca52abbd42fc4a79161c5548f1a8abeb2&amp;smart=true&amp;width=350&amp;height=233&amp;quality=85\" media=\"(min-width: 80px)\" \/><img loading=\"lazy\" decoding=\"async\" class=\"global-image\" src=\"https:\/\/www.infobae.com\/resizer\/v2\/4R6OO2AWRJDGNHU4SFJKC4BUQU.jpg?auth=78da75172362ee3b78646e7c602fbedca52abbd42fc4a79161c5548f1a8abeb2&amp;smart=true&amp;width=350&amp;height=233&amp;quality=85\" alt=\"As\u00ed fue la segunda noche\" width=\"4512\" height=\"3008\" \/><\/picture>As\u00ed fue la segunda noche de Bad Bunny en Buenos Aires: cena privada y hermetismo en la previa de sus shows en River (RS Fotos)<\/div>\n<p class=\"paragraph\" data-mrf-recirculation=\"Links inline\">La previa del primer show dej\u00f3 una postal inesperada: Bad Bunny y Gabriela optaron por una velada \u00edntima en el restaurante\u00a0<b>Aramburu<\/b>, localizado en el Pasaje Suizo de Recoleta. A tan solo cinco cuadras del hotel donde se hospedan, el lugar elegido ostenta el reconocimiento de ser el primer restaurante argentino en recibir dos estrellas Michel\u00edn. All\u00ed, la pareja disfrut\u00f3 de un men\u00fa de 12 pasos acompa\u00f1ado por una cata de vinos, una experiencia que se extendi\u00f3 durante tres horas. A la salida, y protegido por un operativo de seguridad que incluy\u00f3 diez custodios y cinco camionetas blindadas,\u00a0<b>Bad Bunny<\/b>\u00a0salud\u00f3 a los fans que aguardaban en la vereda, en una actitud distendida.<\/p>\n<p class=\"paragraph\" data-mrf-recirculation=\"Links inline\">Este despliegue no pas\u00f3 inadvertido para los seguidores ni para la prensa, que cubri\u00f3 cada detalle del movimiento de la pareja en la ciudad. Los comentarios de los fans en redes sociales reflejaron la intensidad de la expectativa:\u00a0<b>\u201cAy me ilusionan. C\u00f3mo los quiero y que est\u00e9n juntos por fin\u201d<\/b>,\u00a0<b>\u201cYa era hora de que se dejaran de tanto drama y volvieran\u201d<\/b>,\u00a0<b>\u201cEsa va a ser la madre de sus hijos\u201d<\/b>,\u00a0<b>\u201cEllos deben estar juntos\u201d<\/b>. La opini\u00f3n p\u00fablica parece inclinarse por la reconciliaci\u00f3n, celebrando el reencuentro y la complicidad de ambos.<\/p>\n<p class=\"paragraph\" data-mrf-recirculation=\"Links inline\"><b>El regreso de Bad Bunny a la Argentina, en este contexto, adquiere un significado mayor para el p\u00fablico local.\u00a0<\/b>M\u00e1s all\u00e1 del espect\u00e1culo musical, la presencia del artista y su pareja revive una historia sentimental que trascendi\u00f3 el plano privado, alimentando la fascinaci\u00f3n de sus seguidores y sumando una nueva dimensi\u00f3n a su paso por Buenos Aires.<\/p>\n<div class=\"second-saved-buttons\">\n<div class=\"body-share-note\"><\/div>\n<\/div>\n<p>&nbsp;<\/p>\n","protected":false},"excerpt":{"rendered":"<p>En medio de rumores de reconciliaci\u00f3n, el artista y la modelo se mostraron en un exclusivo restaurante, horas antes del debut de la gira Deb\u00ed tirar m\u00e1s fotos World Tour en River Bad Bunny y Gabriela Berlingieri en una antigua postal juntos (Instagram\/@badbunny) M\u00e1s all\u00e1 de atravesar el momento m\u00e1s importante de su carrera, el [&hellip;]<\/p>\n","protected":false},"author":1,"featured_media":12246,"comment_status":"open","ping_status":"open","sticky":false,"template":"","format":"standard","meta":{"rop_custom_images_group":[],"rop_custom_messages_group":[],"rop_publish_now":"initial","rop_publish_now_accounts":[],"rop_publish_now_history":[],"rop_publish_now_status":"pending","footnotes":"","jetpack_publicize_message":"","jetpack_publicize_feature_enabled":true,"jetpack_social_post_already_shared":true,"jetpack_social_options":{"image_generator_settings":{"template":"highway","enabled":false},"version":2}},"categories":[12],"tags":[],"class_list":{"0":"post-12243","1":"post","2":"type-post","3":"status-publish","4":"format-standard","5":"has-post-thumbnail","7":"category-espectaculos"},"jetpack_publicize_connections":[],"yoast_head":"<!-- This site is optimized with the Yoast SEO plugin v27.3 - https:\/\/yoast.com\/product\/yoast-seo-wordpress\/ -->\n<title>Bad Bunny y una cena rom\u00e1ntica en Buenos Aires antes de San Valent\u00edn: su historia de amor con Gabriela Berlingeri - CLAN ESPECTACULOS<\/title>\n<meta name=\"robots\" content=\"index, follow, max-snippet:-1, max-image-preview:large, max-video-preview:-1\" \/>\n<link rel=\"canonical\" href=\"https:\/\/radioclanfm.com\/clanespectaculos\/bad-bunny-y-una-cena-romantica-en-buenos-aires-antes-de-san-valentin-su-historia-de-amor-con-gabriela-berlingeri\/\" \/>\n<meta property=\"og:locale\" content=\"es_ES\" \/>\n<meta property=\"og:type\" content=\"article\" \/>\n<meta property=\"og:title\" content=\"Bad Bunny y una cena rom\u00e1ntica en Buenos Aires antes de San Valent\u00edn: su historia de amor con Gabriela Berlingeri - CLAN ESPECTACULOS\" \/>\n<meta property=\"og:description\" content=\"En medio de rumores de reconciliaci\u00f3n, el artista y la modelo se mostraron en un exclusivo restaurante, horas antes del debut de la gira Deb\u00ed tirar m\u00e1s fotos World Tour en River Bad Bunny y Gabriela Berlingieri en una antigua postal juntos (Instagram\/@badbunny) M\u00e1s all\u00e1 de atravesar el momento m\u00e1s importante de su carrera, el [&hellip;]\" \/>\n<meta property=\"og:url\" content=\"https:\/\/radioclanfm.com\/clanespectaculos\/bad-bunny-y-una-cena-romantica-en-buenos-aires-antes-de-san-valentin-su-historia-de-amor-con-gabriela-berlingeri\/\" \/>\n<meta property=\"og:site_name\" content=\"CLAN ESPECTACULOS\" \/>\n<meta property=\"article:publisher\" content=\"https:\/\/www.facebook.com\/clanespectaculos\/\" \/>\n<meta property=\"article:published_time\" content=\"2026-02-13T18:19:02+00:00\" \/>\n<meta property=\"og:image\" content=\"https:\/\/radioclanfm.com\/clanespectaculos\/wp-content\/uploads\/sites\/2\/2026\/02\/sRUPKH9b.jpg\" \/>\n\t<meta property=\"og:image:width\" content=\"900\" \/>\n\t<meta property=\"og:image:height\" content=\"450\" \/>\n\t<meta property=\"og:image:type\" content=\"image\/jpeg\" \/>\n<meta name=\"author\" content=\"E-GRUPOCLAN\" \/>\n<meta name=\"twitter:card\" content=\"summary_large_image\" \/>\n<meta name=\"twitter:creator\" content=\"@clanespectok\" \/>\n<meta name=\"twitter:site\" content=\"@clanespectok\" \/>\n<meta name=\"twitter:label1\" content=\"Escrito por\" \/>\n\t<meta name=\"twitter:data1\" content=\"E-GRUPOCLAN\" \/>\n\t<meta name=\"twitter:label2\" content=\"Tiempo de lectura\" \/>\n\t<meta name=\"twitter:data2\" content=\"4 minutos\" \/>\n<script type=\"application\/ld+json\" class=\"yoast-schema-graph\">{\"@context\":\"https:\\\/\\\/schema.org\",\"@graph\":[{\"@type\":\"Article\",\"@id\":\"https:\\\/\\\/radioclanfm.com\\\/clanespectaculos\\\/bad-bunny-y-una-cena-romantica-en-buenos-aires-antes-de-san-valentin-su-historia-de-amor-con-gabriela-berlingeri\\\/#article\",\"isPartOf\":{\"@id\":\"https:\\\/\\\/radioclanfm.com\\\/clanespectaculos\\\/bad-bunny-y-una-cena-romantica-en-buenos-aires-antes-de-san-valentin-su-historia-de-amor-con-gabriela-berlingeri\\\/\"},\"author\":{\"name\":\"E-GRUPOCLAN\",\"@id\":\"https:\\\/\\\/radioclanfm.com\\\/clanespectaculos\\\/#\\\/schema\\\/person\\\/9734813083303230f3ad84d99171b20c\"},\"headline\":\"Bad Bunny y una cena rom\u00e1ntica en Buenos Aires antes de San Valent\u00edn: su historia de amor con Gabriela Berlingeri\",\"datePublished\":\"2026-02-13T18:19:02+00:00\",\"mainEntityOfPage\":{\"@id\":\"https:\\\/\\\/radioclanfm.com\\\/clanespectaculos\\\/bad-bunny-y-una-cena-romantica-en-buenos-aires-antes-de-san-valentin-su-historia-de-amor-con-gabriela-berlingeri\\\/\"},\"wordCount\":888,\"commentCount\":0,\"publisher\":{\"@id\":\"https:\\\/\\\/radioclanfm.com\\\/clanespectaculos\\\/#organization\"},\"image\":{\"@id\":\"https:\\\/\\\/radioclanfm.com\\\/clanespectaculos\\\/bad-bunny-y-una-cena-romantica-en-buenos-aires-antes-de-san-valentin-su-historia-de-amor-con-gabriela-berlingeri\\\/#primaryimage\"},\"thumbnailUrl\":\"https:\\\/\\\/radioclanfm.com\\\/clanespectaculos\\\/wp-content\\\/uploads\\\/sites\\\/2\\\/2026\\\/02\\\/sRUPKH9b.jpg\",\"articleSection\":[\"Espectaculos\"],\"inLanguage\":\"es-AR\",\"potentialAction\":[{\"@type\":\"CommentAction\",\"name\":\"Comment\",\"target\":[\"https:\\\/\\\/radioclanfm.com\\\/clanespectaculos\\\/bad-bunny-y-una-cena-romantica-en-buenos-aires-antes-de-san-valentin-su-historia-de-amor-con-gabriela-berlingeri\\\/#respond\"]}]},{\"@type\":\"WebPage\",\"@id\":\"https:\\\/\\\/radioclanfm.com\\\/clanespectaculos\\\/bad-bunny-y-una-cena-romantica-en-buenos-aires-antes-de-san-valentin-su-historia-de-amor-con-gabriela-berlingeri\\\/\",\"url\":\"https:\\\/\\\/radioclanfm.com\\\/clanespectaculos\\\/bad-bunny-y-una-cena-romantica-en-buenos-aires-antes-de-san-valentin-su-historia-de-amor-con-gabriela-berlingeri\\\/\",\"name\":\"Bad Bunny y una cena rom\u00e1ntica en Buenos Aires antes de San Valent\u00edn: su historia de amor con Gabriela Berlingeri - CLAN ESPECTACULOS\",\"isPartOf\":{\"@id\":\"https:\\\/\\\/radioclanfm.com\\\/clanespectaculos\\\/#website\"},\"primaryImageOfPage\":{\"@id\":\"https:\\\/\\\/radioclanfm.com\\\/clanespectaculos\\\/bad-bunny-y-una-cena-romantica-en-buenos-aires-antes-de-san-valentin-su-historia-de-amor-con-gabriela-berlingeri\\\/#primaryimage\"},\"image\":{\"@id\":\"https:\\\/\\\/radioclanfm.com\\\/clanespectaculos\\\/bad-bunny-y-una-cena-romantica-en-buenos-aires-antes-de-san-valentin-su-historia-de-amor-con-gabriela-berlingeri\\\/#primaryimage\"},\"thumbnailUrl\":\"https:\\\/\\\/radioclanfm.com\\\/clanespectaculos\\\/wp-content\\\/uploads\\\/sites\\\/2\\\/2026\\\/02\\\/sRUPKH9b.jpg\",\"datePublished\":\"2026-02-13T18:19:02+00:00\",\"breadcrumb\":{\"@id\":\"https:\\\/\\\/radioclanfm.com\\\/clanespectaculos\\\/bad-bunny-y-una-cena-romantica-en-buenos-aires-antes-de-san-valentin-su-historia-de-amor-con-gabriela-berlingeri\\\/#breadcrumb\"},\"inLanguage\":\"es-AR\",\"potentialAction\":[{\"@type\":\"ReadAction\",\"target\":[\"https:\\\/\\\/radioclanfm.com\\\/clanespectaculos\\\/bad-bunny-y-una-cena-romantica-en-buenos-aires-antes-de-san-valentin-su-historia-de-amor-con-gabriela-berlingeri\\\/\"]}]},{\"@type\":\"ImageObject\",\"inLanguage\":\"es-AR\",\"@id\":\"https:\\\/\\\/radioclanfm.com\\\/clanespectaculos\\\/bad-bunny-y-una-cena-romantica-en-buenos-aires-antes-de-san-valentin-su-historia-de-amor-con-gabriela-berlingeri\\\/#primaryimage\",\"url\":\"https:\\\/\\\/radioclanfm.com\\\/clanespectaculos\\\/wp-content\\\/uploads\\\/sites\\\/2\\\/2026\\\/02\\\/sRUPKH9b.jpg\",\"contentUrl\":\"https:\\\/\\\/radioclanfm.com\\\/clanespectaculos\\\/wp-content\\\/uploads\\\/sites\\\/2\\\/2026\\\/02\\\/sRUPKH9b.jpg\",\"width\":900,\"height\":450},{\"@type\":\"BreadcrumbList\",\"@id\":\"https:\\\/\\\/radioclanfm.com\\\/clanespectaculos\\\/bad-bunny-y-una-cena-romantica-en-buenos-aires-antes-de-san-valentin-su-historia-de-amor-con-gabriela-berlingeri\\\/#breadcrumb\",\"itemListElement\":[{\"@type\":\"ListItem\",\"position\":1,\"name\":\"Inicio\",\"item\":\"https:\\\/\\\/radioclanfm.com\\\/clanespectaculos\\\/\"},{\"@type\":\"ListItem\",\"position\":2,\"name\":\"Bad Bunny y una cena rom\u00e1ntica en Buenos Aires antes de San Valent\u00edn: su historia de amor con Gabriela Berlingeri\"}]},{\"@type\":\"WebSite\",\"@id\":\"https:\\\/\\\/radioclanfm.com\\\/clanespectaculos\\\/#website\",\"url\":\"https:\\\/\\\/radioclanfm.com\\\/clanespectaculos\\\/\",\"name\":\"CLAN ESPECTACULOS\",\"description\":\"\",\"publisher\":{\"@id\":\"https:\\\/\\\/radioclanfm.com\\\/clanespectaculos\\\/#organization\"},\"potentialAction\":[{\"@type\":\"SearchAction\",\"target\":{\"@type\":\"EntryPoint\",\"urlTemplate\":\"https:\\\/\\\/radioclanfm.com\\\/clanespectaculos\\\/?s={search_term_string}\"},\"query-input\":{\"@type\":\"PropertyValueSpecification\",\"valueRequired\":true,\"valueName\":\"search_term_string\"}}],\"inLanguage\":\"es-AR\"},{\"@type\":\"Organization\",\"@id\":\"https:\\\/\\\/radioclanfm.com\\\/clanespectaculos\\\/#organization\",\"name\":\"CLAN ESPECTACULOS\",\"url\":\"https:\\\/\\\/radioclanfm.com\\\/clanespectaculos\\\/\",\"logo\":{\"@type\":\"ImageObject\",\"inLanguage\":\"es-AR\",\"@id\":\"https:\\\/\\\/radioclanfm.com\\\/clanespectaculos\\\/#\\\/schema\\\/logo\\\/image\\\/\",\"url\":\"https:\\\/\\\/radioclanfm.com\\\/clanespectaculos\\\/wp-content\\\/uploads\\\/sites\\\/2\\\/2026\\\/04\\\/ChatGPT-Image-23-mar-2026-10_09_00.png\",\"contentUrl\":\"https:\\\/\\\/radioclanfm.com\\\/clanespectaculos\\\/wp-content\\\/uploads\\\/sites\\\/2\\\/2026\\\/04\\\/ChatGPT-Image-23-mar-2026-10_09_00.png\",\"width\":1024,\"height\":1024,\"caption\":\"CLAN ESPECTACULOS\"},\"image\":{\"@id\":\"https:\\\/\\\/radioclanfm.com\\\/clanespectaculos\\\/#\\\/schema\\\/logo\\\/image\\\/\"},\"sameAs\":[\"https:\\\/\\\/www.facebook.com\\\/clanespectaculos\\\/\",\"https:\\\/\\\/x.com\\\/clanespectok\"]},{\"@type\":\"Person\",\"@id\":\"https:\\\/\\\/radioclanfm.com\\\/clanespectaculos\\\/#\\\/schema\\\/person\\\/9734813083303230f3ad84d99171b20c\",\"name\":\"E-GRUPOCLAN\",\"image\":{\"@type\":\"ImageObject\",\"inLanguage\":\"es-AR\",\"@id\":\"https:\\\/\\\/secure.gravatar.com\\\/avatar\\\/af6e19837c3d6a212034a48c7b3818d2ac1826f6025df0155da5a186ad321d79?s=96&d=mm&r=g\",\"url\":\"https:\\\/\\\/secure.gravatar.com\\\/avatar\\\/af6e19837c3d6a212034a48c7b3818d2ac1826f6025df0155da5a186ad321d79?s=96&d=mm&r=g\",\"contentUrl\":\"https:\\\/\\\/secure.gravatar.com\\\/avatar\\\/af6e19837c3d6a212034a48c7b3818d2ac1826f6025df0155da5a186ad321d79?s=96&d=mm&r=g\",\"caption\":\"E-GRUPOCLAN\"},\"sameAs\":[\"https:\\\/\\\/radioclanfm.com\"],\"url\":\"https:\\\/\\\/radioclanfm.com\\\/clanespectaculos\\\/author\\\/admin\\\/\"}]}<\/script>\n<!-- \/ Yoast SEO plugin. -->","yoast_head_json":{"title":"Bad Bunny y una cena rom\u00e1ntica en Buenos Aires antes de San Valent\u00edn: su historia de amor con Gabriela Berlingeri - CLAN ESPECTACULOS","robots":{"index":"index","follow":"follow","max-snippet":"max-snippet:-1","max-image-preview":"max-image-preview:large","max-video-preview":"max-video-preview:-1"},"canonical":"https:\/\/radioclanfm.com\/clanespectaculos\/bad-bunny-y-una-cena-romantica-en-buenos-aires-antes-de-san-valentin-su-historia-de-amor-con-gabriela-berlingeri\/","og_locale":"es_ES","og_type":"article","og_title":"Bad Bunny y una cena rom\u00e1ntica en Buenos Aires antes de San Valent\u00edn: su historia de amor con Gabriela Berlingeri - CLAN ESPECTACULOS","og_description":"En medio de rumores de reconciliaci\u00f3n, el artista y la modelo se mostraron en un exclusivo restaurante, horas antes del debut de la gira Deb\u00ed tirar m\u00e1s fotos World Tour en River Bad Bunny y Gabriela Berlingieri en una antigua postal juntos (Instagram\/@badbunny) M\u00e1s all\u00e1 de atravesar el momento m\u00e1s importante de su carrera, el [&hellip;]","og_url":"https:\/\/radioclanfm.com\/clanespectaculos\/bad-bunny-y-una-cena-romantica-en-buenos-aires-antes-de-san-valentin-su-historia-de-amor-con-gabriela-berlingeri\/","og_site_name":"CLAN ESPECTACULOS","article_publisher":"https:\/\/www.facebook.com\/clanespectaculos\/","article_published_time":"2026-02-13T18:19:02+00:00","og_image":[{"width":900,"height":450,"url":"https:\/\/radioclanfm.com\/clanespectaculos\/wp-content\/uploads\/sites\/2\/2026\/02\/sRUPKH9b.jpg","type":"image\/jpeg"}],"author":"E-GRUPOCLAN","twitter_card":"summary_large_image","twitter_creator":"@clanespectok","twitter_site":"@clanespectok","twitter_misc":{"Escrito por":"E-GRUPOCLAN","Tiempo de lectura":"4 minutos"},"schema":{"@context":"https:\/\/schema.org","@graph":[{"@type":"Article","@id":"https:\/\/radioclanfm.com\/clanespectaculos\/bad-bunny-y-una-cena-romantica-en-buenos-aires-antes-de-san-valentin-su-historia-de-amor-con-gabriela-berlingeri\/#article","isPartOf":{"@id":"https:\/\/radioclanfm.com\/clanespectaculos\/bad-bunny-y-una-cena-romantica-en-buenos-aires-antes-de-san-valentin-su-historia-de-amor-con-gabriela-berlingeri\/"},"author":{"name":"E-GRUPOCLAN","@id":"https:\/\/radioclanfm.com\/clanespectaculos\/#\/schema\/person\/9734813083303230f3ad84d99171b20c"},"headline":"Bad Bunny y una cena rom\u00e1ntica en Buenos Aires antes de San Valent\u00edn: su historia de amor con Gabriela Berlingeri","datePublished":"2026-02-13T18:19:02+00:00","mainEntityOfPage":{"@id":"https:\/\/radioclanfm.com\/clanespectaculos\/bad-bunny-y-una-cena-romantica-en-buenos-aires-antes-de-san-valentin-su-historia-de-amor-con-gabriela-berlingeri\/"},"wordCount":888,"commentCount":0,"publisher":{"@id":"https:\/\/radioclanfm.com\/clanespectaculos\/#organization"},"image":{"@id":"https:\/\/radioclanfm.com\/clanespectaculos\/bad-bunny-y-una-cena-romantica-en-buenos-aires-antes-de-san-valentin-su-historia-de-amor-con-gabriela-berlingeri\/#primaryimage"},"thumbnailUrl":"https:\/\/radioclanfm.com\/clanespectaculos\/wp-content\/uploads\/sites\/2\/2026\/02\/sRUPKH9b.jpg","articleSection":["Espectaculos"],"inLanguage":"es-AR","potentialAction":[{"@type":"CommentAction","name":"Comment","target":["https:\/\/radioclanfm.com\/clanespectaculos\/bad-bunny-y-una-cena-romantica-en-buenos-aires-antes-de-san-valentin-su-historia-de-amor-con-gabriela-berlingeri\/#respond"]}]},{"@type":"WebPage","@id":"https:\/\/radioclanfm.com\/clanespectaculos\/bad-bunny-y-una-cena-romantica-en-buenos-aires-antes-de-san-valentin-su-historia-de-amor-con-gabriela-berlingeri\/","url":"https:\/\/radioclanfm.com\/clanespectaculos\/bad-bunny-y-una-cena-romantica-en-buenos-aires-antes-de-san-valentin-su-historia-de-amor-con-gabriela-berlingeri\/","name":"Bad Bunny y una cena rom\u00e1ntica en Buenos Aires antes de San Valent\u00edn: su historia de amor con Gabriela Berlingeri - CLAN ESPECTACULOS","isPartOf":{"@id":"https:\/\/radioclanfm.com\/clanespectaculos\/#website"},"primaryImageOfPage":{"@id":"https:\/\/radioclanfm.com\/clanespectaculos\/bad-bunny-y-una-cena-romantica-en-buenos-aires-antes-de-san-valentin-su-historia-de-amor-con-gabriela-berlingeri\/#primaryimage"},"image":{"@id":"https:\/\/radioclanfm.com\/clanespectaculos\/bad-bunny-y-una-cena-romantica-en-buenos-aires-antes-de-san-valentin-su-historia-de-amor-con-gabriela-berlingeri\/#primaryimage"},"thumbnailUrl":"https:\/\/radioclanfm.com\/clanespectaculos\/wp-content\/uploads\/sites\/2\/2026\/02\/sRUPKH9b.jpg","datePublished":"2026-02-13T18:19:02+00:00","breadcrumb":{"@id":"https:\/\/radioclanfm.com\/clanespectaculos\/bad-bunny-y-una-cena-romantica-en-buenos-aires-antes-de-san-valentin-su-historia-de-amor-con-gabriela-berlingeri\/#breadcrumb"},"inLanguage":"es-AR","potentialAction":[{"@type":"ReadAction","target":["https:\/\/radioclanfm.com\/clanespectaculos\/bad-bunny-y-una-cena-romantica-en-buenos-aires-antes-de-san-valentin-su-historia-de-amor-con-gabriela-berlingeri\/"]}]},{"@type":"ImageObject","inLanguage":"es-AR","@id":"https:\/\/radioclanfm.com\/clanespectaculos\/bad-bunny-y-una-cena-romantica-en-buenos-aires-antes-de-san-valentin-su-historia-de-amor-con-gabriela-berlingeri\/#primaryimage","url":"https:\/\/radioclanfm.com\/clanespectaculos\/wp-content\/uploads\/sites\/2\/2026\/02\/sRUPKH9b.jpg","contentUrl":"https:\/\/radioclanfm.com\/clanespectaculos\/wp-content\/uploads\/sites\/2\/2026\/02\/sRUPKH9b.jpg","width":900,"height":450},{"@type":"BreadcrumbList","@id":"https:\/\/radioclanfm.com\/clanespectaculos\/bad-bunny-y-una-cena-romantica-en-buenos-aires-antes-de-san-valentin-su-historia-de-amor-con-gabriela-berlingeri\/#breadcrumb","itemListElement":[{"@type":"ListItem","position":1,"name":"Inicio","item":"https:\/\/radioclanfm.com\/clanespectaculos\/"},{"@type":"ListItem","position":2,"name":"Bad Bunny y una cena rom\u00e1ntica en Buenos Aires antes de San Valent\u00edn: su historia de amor con Gabriela Berlingeri"}]},{"@type":"WebSite","@id":"https:\/\/radioclanfm.com\/clanespectaculos\/#website","url":"https:\/\/radioclanfm.com\/clanespectaculos\/","name":"CLAN ESPECTACULOS","description":"","publisher":{"@id":"https:\/\/radioclanfm.com\/clanespectaculos\/#organization"},"potentialAction":[{"@type":"SearchAction","target":{"@type":"EntryPoint","urlTemplate":"https:\/\/radioclanfm.com\/clanespectaculos\/?s={search_term_string}"},"query-input":{"@type":"PropertyValueSpecification","valueRequired":true,"valueName":"search_term_string"}}],"inLanguage":"es-AR"},{"@type":"Organization","@id":"https:\/\/radioclanfm.com\/clanespectaculos\/#organization","name":"CLAN ESPECTACULOS","url":"https:\/\/radioclanfm.com\/clanespectaculos\/","logo":{"@type":"ImageObject","inLanguage":"es-AR","@id":"https:\/\/radioclanfm.com\/clanespectaculos\/#\/schema\/logo\/image\/","url":"https:\/\/radioclanfm.com\/clanespectaculos\/wp-content\/uploads\/sites\/2\/2026\/04\/ChatGPT-Image-23-mar-2026-10_09_00.png","contentUrl":"https:\/\/radioclanfm.com\/clanespectaculos\/wp-content\/uploads\/sites\/2\/2026\/04\/ChatGPT-Image-23-mar-2026-10_09_00.png","width":1024,"height":1024,"caption":"CLAN ESPECTACULOS"},"image":{"@id":"https:\/\/radioclanfm.com\/clanespectaculos\/#\/schema\/logo\/image\/"},"sameAs":["https:\/\/www.facebook.com\/clanespectaculos\/","https:\/\/x.com\/clanespectok"]},{"@type":"Person","@id":"https:\/\/radioclanfm.com\/clanespectaculos\/#\/schema\/person\/9734813083303230f3ad84d99171b20c","name":"E-GRUPOCLAN","image":{"@type":"ImageObject","inLanguage":"es-AR","@id":"https:\/\/secure.gravatar.com\/avatar\/af6e19837c3d6a212034a48c7b3818d2ac1826f6025df0155da5a186ad321d79?s=96&d=mm&r=g","url":"https:\/\/secure.gravatar.com\/avatar\/af6e19837c3d6a212034a48c7b3818d2ac1826f6025df0155da5a186ad321d79?s=96&d=mm&r=g","contentUrl":"https:\/\/secure.gravatar.com\/avatar\/af6e19837c3d6a212034a48c7b3818d2ac1826f6025df0155da5a186ad321d79?s=96&d=mm&r=g","caption":"E-GRUPOCLAN"},"sameAs":["https:\/\/radioclanfm.com"],"url":"https:\/\/radioclanfm.com\/clanespectaculos\/author\/admin\/"}]}},"_links":{"self":[{"href":"https:\/\/radioclanfm.com\/clanespectaculos\/wp-json\/wp\/v2\/posts\/12243","targetHints":{"allow":["GET"]}}],"collection":[{"href":"https:\/\/radioclanfm.com\/clanespectaculos\/wp-json\/wp\/v2\/posts"}],"about":[{"href":"https:\/\/radioclanfm.com\/clanespectaculos\/wp-json\/wp\/v2\/types\/post"}],"author":[{"embeddable":true,"href":"https:\/\/radioclanfm.com\/clanespectaculos\/wp-json\/wp\/v2\/users\/1"}],"replies":[{"embeddable":true,"href":"https:\/\/radioclanfm.com\/clanespectaculos\/wp-json\/wp\/v2\/comments?post=12243"}],"version-history":[{"count":1,"href":"https:\/\/radioclanfm.com\/clanespectaculos\/wp-json\/wp\/v2\/posts\/12243\/revisions"}],"predecessor-version":[{"id":12247,"href":"https:\/\/radioclanfm.com\/clanespectaculos\/wp-json\/wp\/v2\/posts\/12243\/revisions\/12247"}],"wp:featuredmedia":[{"embeddable":true,"href":"https:\/\/radioclanfm.com\/clanespectaculos\/wp-json\/wp\/v2\/media\/12246"}],"wp:attachment":[{"href":"https:\/\/radioclanfm.com\/clanespectaculos\/wp-json\/wp\/v2\/media?parent=12243"}],"wp:term":[{"taxonomy":"category","embeddable":true,"href":"https:\/\/radioclanfm.com\/clanespectaculos\/wp-json\/wp\/v2\/categories?post=12243"},{"taxonomy":"post_tag","embeddable":true,"href":"https:\/\/radioclanfm.com\/clanespectaculos\/wp-json\/wp\/v2\/tags?post=12243"}],"curies":[{"name":"wp","href":"https:\/\/api.w.org\/{rel}","templated":true}]}}