{"id":12238,"date":"2026-02-13T15:16:55","date_gmt":"2026-02-13T18:16:55","guid":{"rendered":"https:\/\/radioclanfm.com\/clanespectaculos\/?p=12238"},"modified":"2026-02-13T15:16:55","modified_gmt":"2026-02-13T18:16:55","slug":"moria-casan-conto-como-pasa-luciano-castro-sus-primeros-dias-de-internacion-esta-tratando-de-sanar","status":"publish","type":"post","link":"https:\/\/radioclanfm.com\/clanespectaculos\/moria-casan-conto-como-pasa-luciano-castro-sus-primeros-dias-de-internacion-esta-tratando-de-sanar\/","title":{"rendered":"Moria Cas\u00e1n cont\u00f3 c\u00f3mo pasa Luciano Castro sus primeros d\u00edas de internaci\u00f3n: \u201cEst\u00e1 tratando de sanar\u201d"},"content":{"rendered":"<div class=\"col-content\"><main class=\"col-content\"><\/p>\n<div class=\"default-article-color article__body article__article\">\n<p class=\"paragraph font__body-regular\">Gener\u00f3 mucha conmoci\u00f3n la noticia de que\u00a0<b>Luciano Castro<\/b>\u00a0<b>se intern\u00f3 por voluntad propia<\/b><b>\u00a0<\/b>en un centro terap\u00e9utico tras haber quedado durante semanas en el centro de la escena por la separaci\u00f3n de\u00a0<b>Griselda Siciliani<\/b>.<\/p>\n<div class=\"AV6543bedcd858799fe90b5c47\">\n<div id=\"aniBox\">\n<div id=\"aniplayer_AV6543bedcd858799fe90b5c47-1771006583371\">\n<div id=\"aniplayer_AV6543bedcd858799fe90b5c47-1771006583371gui\">\n<div id=\"av-caption\">\n<div id=\"av-close-btn-overlay\" class=\"av-pos-top-left\"><\/div>\n<\/div>\n<\/div>\n<\/div>\n<\/div>\n<\/div>\n<div id=\"ad-slot-infeed\" class=\"infeed-container ad-slot-infeed ad-slot\" data-adtype=\"infeed\" data-lazyload=\"1\" data-google-query-id=\"CJbOlNGJ15IDFV8HHgAdABkYKA\">\n<div id=\"google_ads_iframe_\/113951150\/tn-arc\/nota\/infeed_0__container__\"><\/div>\n<\/div>\n<p class=\"paragraph font__body-regular\"><b>Moria Cas\u00e1n<\/b>, que tiene una relaci\u00f3n muy cercana al actor, cont\u00f3 lo que habl\u00f3 con \u00e9l en los \u00faltimos d\u00edas tras saber que est\u00e1 internado.<\/p>\n<h2 class=\"font--primary font__display\">Qu\u00e9 dijo Moria Cas\u00e1n sobre la internaci\u00f3n de Luciano Castro<\/h2>\n<p class=\"paragraph font__body-regular\">En su programa\u00a0<i><b>La ma\u00f1ana con Moria<\/b><\/i>\u00a0(<i>eltrece<\/i>), la diva cont\u00f3 que el actor \u201cest\u00e1 tratando de sanar\u201d y de \u201csalir adelante\u201d luego de sentirse muy mal por todo lo que pas\u00f3.<\/p>\n<p class=\"paragraph font__body-regular\">\u201cLuciano me dijo que yo fuera su voz\u201d, aclar\u00f3 Moria. La animadora dijo que el actor le pidi\u00f3 que aclarara que \u00e9l no hab\u00eda hablado con nadie de su situaci\u00f3n. \u201c<b>Me intern\u00e9 porque quiero estar bien\u201d<\/b>, asegur\u00f3 el gal\u00e1n, de acuerdo a la palabra de la conductora.<\/p>\n<p class=\"paragraph font__body-regular\">La diva tambi\u00e9n precis\u00f3 que en la cl\u00ednica en la que est\u00e1\u00a0<b>no pueden tener todo el tiempo el celular\u00a0<\/b>por lo que las veces en las que se comunican en el d\u00eda son contadas.<\/p>\n<div class=\"genoa_video raw relative\"><\/div>\n<div class=\"genoa_description font__body-regular\"><\/div>\n<p class=\"paragraph font__body-regular\">\u201cEst\u00e1 bien. Est\u00e1 tratando de sanar. Necesita sacarse los fantasmas. Est\u00e1 muy enojado, tambi\u00e9n, porque siente que hay un amarillismo y que se burlaron de \u00e9l.\u00a0<b>Est\u00e1 con ira y dice que es mentira que habl\u00f3 con alguien<\/b>\u201d, agreg\u00f3.<\/p>\n<p class=\"paragraph font__body-regular\">La conductora precis\u00f3 que, seg\u00fan su visi\u00f3n, cuando alguien se interna por \u201ccualquier tipo de adicci\u00f3n\u201d es \u201cun paso muy adelante\u201d en el tratamiento de curaci\u00f3n. \u201c<b>Est\u00e1 tratando de salir adelante y eso lleva su proceso<\/b>\u201d, sostuvo.<\/p>\n<p class=\"paragraph font__body-regular\">Adem\u00e1s remarc\u00f3 que Luciano est\u00e1 \u201cmuy enojado\u201d con muchas cosas que se dicen. \u201c<b>Considera que hay mucha maldad\u201d, detall\u00f3.<\/b><\/p>\n<figure class=\"\" data-testid=\"figure-testid\">\n<div class=\"aspect_ratio__container\"><picture class=\"responsive-image\"><source srcset=\"https:\/\/tn.com.ar\/resizer\/v2\/luciano-castro-se-interno-en-una-centro-terapeutico-por-voluntad-propia-foto-movilpress-HARM2JZEXRFMJKIOAQKKZDPKEU.jpg?auth=18632da39293f29b7622d51455f04804e4b557e870d2a0315dd9ecc6887168f2&amp;width=767\" type=\"image\/jpg\" media=\"(max-width: 728px)\" \/><source srcset=\"https:\/\/tn.com.ar\/resizer\/v2\/luciano-castro-se-interno-en-una-centro-terapeutico-por-voluntad-propia-foto-movilpress-HARM2JZEXRFMJKIOAQKKZDPKEU.jpg?auth=18632da39293f29b7622d51455f04804e4b557e870d2a0315dd9ecc6887168f2&amp;width=1023\" type=\"image\/jpg\" media=\"(max-width: 1023px)\" \/><source srcset=\"https:\/\/tn.com.ar\/resizer\/v2\/luciano-castro-se-interno-en-una-centro-terapeutico-por-voluntad-propia-foto-movilpress-HARM2JZEXRFMJKIOAQKKZDPKEU.jpg?auth=18632da39293f29b7622d51455f04804e4b557e870d2a0315dd9ecc6887168f2&amp;width=1440\" type=\"image\/jpg\" \/><img loading=\"lazy\" decoding=\"async\" class=\"image content-image image_placeholder\" src=\"https:\/\/tn.com.ar\/resizer\/v2\/luciano-castro-se-interno-en-una-centro-terapeutico-por-voluntad-propia-foto-movilpress-HARM2JZEXRFMJKIOAQKKZDPKEU.jpg?auth=18632da39293f29b7622d51455f04804e4b557e870d2a0315dd9ecc6887168f2&amp;width=767\" alt=\"Luciano Castro se intern\u00f3 en una centro terap\u00e9utico por voluntad propia. (Foto: Movilpress)\" width=\"767\" height=\"430\" data-testid=\"loading-testid\" \/><\/picture><\/div><figcaption class=\"caption_image\" data-testid=\"figcaption-testid\">\n<div class=\"image_caption \">Luciano Castro se intern\u00f3 en una centro terap\u00e9utico por voluntad propia. (Foto: Movilpress)<\/div>\n<\/figcaption><\/figure>\n<p class=\"paragraph font__body-regular\">Al mismo tiempo que dio el mensaje sobre\u00a0<b>Luciano Castro<\/b>, Moria cont\u00f3 que se mantuvo en contacto con Griselda Siciliani. \u201cElla est\u00e1, pero no tiene nada que ver con esto. Le desea absolutamente lo mejor y\u00a0<b>ella est\u00e1 enfocada absolutamente en su trabajo<\/b>\u201d, manifest\u00f3.<\/p>\n<p class=\"paragraph font__body-regular\">La informaci\u00f3n sobre lo que pas\u00f3 con\u00a0<b>Luciano Castro<\/b>\u00a0se conoci\u00f3 en\u00a0<i>LAM\u00a0<\/i>(<i>Am\u00e9rica<\/i>).<b>\u00a0Fue Pepe Ochoa el que cont\u00f3 lo que estaba viviendo el actor.<\/b><\/p>\n<p class=\"paragraph font__body-regular\">\u201cSe intern\u00f3 por voluntad propia en un centro donde dan tratamientos terap\u00e9uticos grupales y todo tipo de actividades para poder cambiar el momento en el que est\u00e1. Est\u00e1 muy delicado, se siente muy mal, siente que perdi\u00f3 a la mujer de su vida.\u00a0<b>Lo medi\u00e1tico le impact\u00f3 muy mal\u201d,<\/b>\u00a0asegur\u00f3 el exproductor.<\/p>\n<\/div>\n<p><\/main><\/div>\n<aside class=\"col-right-rail right-rail\">\n<div id=\"parent-ad-slot-caja\" class=\"ad-container caja_ad \">\n<div class=\"ad-content\"><\/div>\n<\/div>\n<\/aside>\n","protected":false},"excerpt":{"rendered":"<p>Gener\u00f3 mucha conmoci\u00f3n la noticia de que\u00a0Luciano Castro\u00a0se intern\u00f3 por voluntad propia\u00a0en un centro terap\u00e9utico tras haber quedado durante semanas en el centro de la escena por la separaci\u00f3n de\u00a0Griselda Siciliani. Moria Cas\u00e1n, que tiene una relaci\u00f3n muy cercana al actor, cont\u00f3 lo que habl\u00f3 con \u00e9l en los \u00faltimos d\u00edas tras saber que est\u00e1 [&hellip;]<\/p>\n","protected":false},"author":1,"featured_media":12241,"comment_status":"open","ping_status":"open","sticky":false,"template":"","format":"standard","meta":{"rop_custom_images_group":[],"rop_custom_messages_group":[],"rop_publish_now":"initial","rop_publish_now_accounts":[],"rop_publish_now_history":[],"rop_publish_now_status":"pending","footnotes":"","jetpack_publicize_message":"","jetpack_publicize_feature_enabled":true,"jetpack_social_post_already_shared":true,"jetpack_social_options":{"image_generator_settings":{"template":"highway","enabled":false},"version":2}},"categories":[12],"tags":[],"class_list":{"0":"post-12238","1":"post","2":"type-post","3":"status-publish","4":"format-standard","5":"has-post-thumbnail","7":"category-espectaculos"},"jetpack_publicize_connections":[],"yoast_head":"<!-- This site is optimized with the Yoast SEO plugin v27.3 - https:\/\/yoast.com\/product\/yoast-seo-wordpress\/ -->\n<title>Moria Cas\u00e1n cont\u00f3 c\u00f3mo pasa Luciano Castro sus primeros d\u00edas de internaci\u00f3n: \u201cEst\u00e1 tratando de sanar\u201d - CLAN ESPECTACULOS<\/title>\n<meta name=\"robots\" content=\"index, follow, max-snippet:-1, max-image-preview:large, max-video-preview:-1\" \/>\n<link rel=\"canonical\" href=\"https:\/\/radioclanfm.com\/clanespectaculos\/moria-casan-conto-como-pasa-luciano-castro-sus-primeros-dias-de-internacion-esta-tratando-de-sanar\/\" \/>\n<meta property=\"og:locale\" content=\"es_ES\" \/>\n<meta property=\"og:type\" content=\"article\" \/>\n<meta property=\"og:title\" content=\"Moria Cas\u00e1n cont\u00f3 c\u00f3mo pasa Luciano Castro sus primeros d\u00edas de internaci\u00f3n: \u201cEst\u00e1 tratando de sanar\u201d - CLAN ESPECTACULOS\" \/>\n<meta property=\"og:description\" content=\"Gener\u00f3 mucha conmoci\u00f3n la noticia de que\u00a0Luciano Castro\u00a0se intern\u00f3 por voluntad propia\u00a0en un centro terap\u00e9utico tras haber quedado durante semanas en el centro de la escena por la separaci\u00f3n de\u00a0Griselda Siciliani. Moria Cas\u00e1n, que tiene una relaci\u00f3n muy cercana al actor, cont\u00f3 lo que habl\u00f3 con \u00e9l en los \u00faltimos d\u00edas tras saber que est\u00e1 [&hellip;]\" \/>\n<meta property=\"og:url\" content=\"https:\/\/radioclanfm.com\/clanespectaculos\/moria-casan-conto-como-pasa-luciano-castro-sus-primeros-dias-de-internacion-esta-tratando-de-sanar\/\" \/>\n<meta property=\"og:site_name\" content=\"CLAN ESPECTACULOS\" \/>\n<meta property=\"article:publisher\" content=\"https:\/\/www.facebook.com\/clanespectaculos\/\" \/>\n<meta property=\"article:published_time\" content=\"2026-02-13T18:16:55+00:00\" \/>\n<meta property=\"og:image\" content=\"https:\/\/radioclanfm.com\/clanespectaculos\/wp-content\/uploads\/sites\/2\/2026\/02\/EbRpkv_u.jpg\" \/>\n\t<meta property=\"og:image:width\" content=\"900\" \/>\n\t<meta property=\"og:image:height\" content=\"504\" \/>\n\t<meta property=\"og:image:type\" content=\"image\/jpeg\" \/>\n<meta name=\"author\" content=\"E-GRUPOCLAN\" \/>\n<meta name=\"twitter:card\" content=\"summary_large_image\" \/>\n<meta name=\"twitter:creator\" content=\"@clanespectok\" \/>\n<meta name=\"twitter:site\" content=\"@clanespectok\" \/>\n<meta name=\"twitter:label1\" content=\"Escrito por\" \/>\n\t<meta name=\"twitter:data1\" content=\"E-GRUPOCLAN\" \/>\n\t<meta name=\"twitter:label2\" content=\"Tiempo de lectura\" \/>\n\t<meta name=\"twitter:data2\" content=\"2 minutos\" \/>\n<script type=\"application\/ld+json\" class=\"yoast-schema-graph\">{\"@context\":\"https:\\\/\\\/schema.org\",\"@graph\":[{\"@type\":\"Article\",\"@id\":\"https:\\\/\\\/radioclanfm.com\\\/clanespectaculos\\\/moria-casan-conto-como-pasa-luciano-castro-sus-primeros-dias-de-internacion-esta-tratando-de-sanar\\\/#article\",\"isPartOf\":{\"@id\":\"https:\\\/\\\/radioclanfm.com\\\/clanespectaculos\\\/moria-casan-conto-como-pasa-luciano-castro-sus-primeros-dias-de-internacion-esta-tratando-de-sanar\\\/\"},\"author\":{\"name\":\"E-GRUPOCLAN\",\"@id\":\"https:\\\/\\\/radioclanfm.com\\\/clanespectaculos\\\/#\\\/schema\\\/person\\\/9734813083303230f3ad84d99171b20c\"},\"headline\":\"Moria Cas\u00e1n cont\u00f3 c\u00f3mo pasa Luciano Castro sus primeros d\u00edas de internaci\u00f3n: \u201cEst\u00e1 tratando de sanar\u201d\",\"datePublished\":\"2026-02-13T18:16:55+00:00\",\"mainEntityOfPage\":{\"@id\":\"https:\\\/\\\/radioclanfm.com\\\/clanespectaculos\\\/moria-casan-conto-como-pasa-luciano-castro-sus-primeros-dias-de-internacion-esta-tratando-de-sanar\\\/\"},\"wordCount\":460,\"commentCount\":0,\"publisher\":{\"@id\":\"https:\\\/\\\/radioclanfm.com\\\/clanespectaculos\\\/#organization\"},\"image\":{\"@id\":\"https:\\\/\\\/radioclanfm.com\\\/clanespectaculos\\\/moria-casan-conto-como-pasa-luciano-castro-sus-primeros-dias-de-internacion-esta-tratando-de-sanar\\\/#primaryimage\"},\"thumbnailUrl\":\"https:\\\/\\\/radioclanfm.com\\\/clanespectaculos\\\/wp-content\\\/uploads\\\/sites\\\/2\\\/2026\\\/02\\\/EbRpkv_u.jpg\",\"articleSection\":[\"Espectaculos\"],\"inLanguage\":\"es-AR\",\"potentialAction\":[{\"@type\":\"CommentAction\",\"name\":\"Comment\",\"target\":[\"https:\\\/\\\/radioclanfm.com\\\/clanespectaculos\\\/moria-casan-conto-como-pasa-luciano-castro-sus-primeros-dias-de-internacion-esta-tratando-de-sanar\\\/#respond\"]}]},{\"@type\":\"WebPage\",\"@id\":\"https:\\\/\\\/radioclanfm.com\\\/clanespectaculos\\\/moria-casan-conto-como-pasa-luciano-castro-sus-primeros-dias-de-internacion-esta-tratando-de-sanar\\\/\",\"url\":\"https:\\\/\\\/radioclanfm.com\\\/clanespectaculos\\\/moria-casan-conto-como-pasa-luciano-castro-sus-primeros-dias-de-internacion-esta-tratando-de-sanar\\\/\",\"name\":\"Moria Cas\u00e1n cont\u00f3 c\u00f3mo pasa Luciano Castro sus primeros d\u00edas de internaci\u00f3n: \u201cEst\u00e1 tratando de sanar\u201d - CLAN ESPECTACULOS\",\"isPartOf\":{\"@id\":\"https:\\\/\\\/radioclanfm.com\\\/clanespectaculos\\\/#website\"},\"primaryImageOfPage\":{\"@id\":\"https:\\\/\\\/radioclanfm.com\\\/clanespectaculos\\\/moria-casan-conto-como-pasa-luciano-castro-sus-primeros-dias-de-internacion-esta-tratando-de-sanar\\\/#primaryimage\"},\"image\":{\"@id\":\"https:\\\/\\\/radioclanfm.com\\\/clanespectaculos\\\/moria-casan-conto-como-pasa-luciano-castro-sus-primeros-dias-de-internacion-esta-tratando-de-sanar\\\/#primaryimage\"},\"thumbnailUrl\":\"https:\\\/\\\/radioclanfm.com\\\/clanespectaculos\\\/wp-content\\\/uploads\\\/sites\\\/2\\\/2026\\\/02\\\/EbRpkv_u.jpg\",\"datePublished\":\"2026-02-13T18:16:55+00:00\",\"breadcrumb\":{\"@id\":\"https:\\\/\\\/radioclanfm.com\\\/clanespectaculos\\\/moria-casan-conto-como-pasa-luciano-castro-sus-primeros-dias-de-internacion-esta-tratando-de-sanar\\\/#breadcrumb\"},\"inLanguage\":\"es-AR\",\"potentialAction\":[{\"@type\":\"ReadAction\",\"target\":[\"https:\\\/\\\/radioclanfm.com\\\/clanespectaculos\\\/moria-casan-conto-como-pasa-luciano-castro-sus-primeros-dias-de-internacion-esta-tratando-de-sanar\\\/\"]}]},{\"@type\":\"ImageObject\",\"inLanguage\":\"es-AR\",\"@id\":\"https:\\\/\\\/radioclanfm.com\\\/clanespectaculos\\\/moria-casan-conto-como-pasa-luciano-castro-sus-primeros-dias-de-internacion-esta-tratando-de-sanar\\\/#primaryimage\",\"url\":\"https:\\\/\\\/radioclanfm.com\\\/clanespectaculos\\\/wp-content\\\/uploads\\\/sites\\\/2\\\/2026\\\/02\\\/EbRpkv_u.jpg\",\"contentUrl\":\"https:\\\/\\\/radioclanfm.com\\\/clanespectaculos\\\/wp-content\\\/uploads\\\/sites\\\/2\\\/2026\\\/02\\\/EbRpkv_u.jpg\",\"width\":900,\"height\":504},{\"@type\":\"BreadcrumbList\",\"@id\":\"https:\\\/\\\/radioclanfm.com\\\/clanespectaculos\\\/moria-casan-conto-como-pasa-luciano-castro-sus-primeros-dias-de-internacion-esta-tratando-de-sanar\\\/#breadcrumb\",\"itemListElement\":[{\"@type\":\"ListItem\",\"position\":1,\"name\":\"Inicio\",\"item\":\"https:\\\/\\\/radioclanfm.com\\\/clanespectaculos\\\/\"},{\"@type\":\"ListItem\",\"position\":2,\"name\":\"Moria Cas\u00e1n cont\u00f3 c\u00f3mo pasa Luciano Castro sus primeros d\u00edas de internaci\u00f3n: \u201cEst\u00e1 tratando de sanar\u201d\"}]},{\"@type\":\"WebSite\",\"@id\":\"https:\\\/\\\/radioclanfm.com\\\/clanespectaculos\\\/#website\",\"url\":\"https:\\\/\\\/radioclanfm.com\\\/clanespectaculos\\\/\",\"name\":\"CLAN ESPECTACULOS\",\"description\":\"\",\"publisher\":{\"@id\":\"https:\\\/\\\/radioclanfm.com\\\/clanespectaculos\\\/#organization\"},\"potentialAction\":[{\"@type\":\"SearchAction\",\"target\":{\"@type\":\"EntryPoint\",\"urlTemplate\":\"https:\\\/\\\/radioclanfm.com\\\/clanespectaculos\\\/?s={search_term_string}\"},\"query-input\":{\"@type\":\"PropertyValueSpecification\",\"valueRequired\":true,\"valueName\":\"search_term_string\"}}],\"inLanguage\":\"es-AR\"},{\"@type\":\"Organization\",\"@id\":\"https:\\\/\\\/radioclanfm.com\\\/clanespectaculos\\\/#organization\",\"name\":\"CLAN ESPECTACULOS\",\"url\":\"https:\\\/\\\/radioclanfm.com\\\/clanespectaculos\\\/\",\"logo\":{\"@type\":\"ImageObject\",\"inLanguage\":\"es-AR\",\"@id\":\"https:\\\/\\\/radioclanfm.com\\\/clanespectaculos\\\/#\\\/schema\\\/logo\\\/image\\\/\",\"url\":\"https:\\\/\\\/radioclanfm.com\\\/clanespectaculos\\\/wp-content\\\/uploads\\\/sites\\\/2\\\/2026\\\/04\\\/ChatGPT-Image-23-mar-2026-10_09_00.png\",\"contentUrl\":\"https:\\\/\\\/radioclanfm.com\\\/clanespectaculos\\\/wp-content\\\/uploads\\\/sites\\\/2\\\/2026\\\/04\\\/ChatGPT-Image-23-mar-2026-10_09_00.png\",\"width\":1024,\"height\":1024,\"caption\":\"CLAN ESPECTACULOS\"},\"image\":{\"@id\":\"https:\\\/\\\/radioclanfm.com\\\/clanespectaculos\\\/#\\\/schema\\\/logo\\\/image\\\/\"},\"sameAs\":[\"https:\\\/\\\/www.facebook.com\\\/clanespectaculos\\\/\",\"https:\\\/\\\/x.com\\\/clanespectok\"]},{\"@type\":\"Person\",\"@id\":\"https:\\\/\\\/radioclanfm.com\\\/clanespectaculos\\\/#\\\/schema\\\/person\\\/9734813083303230f3ad84d99171b20c\",\"name\":\"E-GRUPOCLAN\",\"image\":{\"@type\":\"ImageObject\",\"inLanguage\":\"es-AR\",\"@id\":\"https:\\\/\\\/secure.gravatar.com\\\/avatar\\\/af6e19837c3d6a212034a48c7b3818d2ac1826f6025df0155da5a186ad321d79?s=96&d=mm&r=g\",\"url\":\"https:\\\/\\\/secure.gravatar.com\\\/avatar\\\/af6e19837c3d6a212034a48c7b3818d2ac1826f6025df0155da5a186ad321d79?s=96&d=mm&r=g\",\"contentUrl\":\"https:\\\/\\\/secure.gravatar.com\\\/avatar\\\/af6e19837c3d6a212034a48c7b3818d2ac1826f6025df0155da5a186ad321d79?s=96&d=mm&r=g\",\"caption\":\"E-GRUPOCLAN\"},\"sameAs\":[\"https:\\\/\\\/radioclanfm.com\"],\"url\":\"https:\\\/\\\/radioclanfm.com\\\/clanespectaculos\\\/author\\\/admin\\\/\"}]}<\/script>\n<!-- \/ Yoast SEO plugin. -->","yoast_head_json":{"title":"Moria Cas\u00e1n cont\u00f3 c\u00f3mo pasa Luciano Castro sus primeros d\u00edas de internaci\u00f3n: \u201cEst\u00e1 tratando de sanar\u201d - CLAN ESPECTACULOS","robots":{"index":"index","follow":"follow","max-snippet":"max-snippet:-1","max-image-preview":"max-image-preview:large","max-video-preview":"max-video-preview:-1"},"canonical":"https:\/\/radioclanfm.com\/clanespectaculos\/moria-casan-conto-como-pasa-luciano-castro-sus-primeros-dias-de-internacion-esta-tratando-de-sanar\/","og_locale":"es_ES","og_type":"article","og_title":"Moria Cas\u00e1n cont\u00f3 c\u00f3mo pasa Luciano Castro sus primeros d\u00edas de internaci\u00f3n: \u201cEst\u00e1 tratando de sanar\u201d - CLAN ESPECTACULOS","og_description":"Gener\u00f3 mucha conmoci\u00f3n la noticia de que\u00a0Luciano Castro\u00a0se intern\u00f3 por voluntad propia\u00a0en un centro terap\u00e9utico tras haber quedado durante semanas en el centro de la escena por la separaci\u00f3n de\u00a0Griselda Siciliani. Moria Cas\u00e1n, que tiene una relaci\u00f3n muy cercana al actor, cont\u00f3 lo que habl\u00f3 con \u00e9l en los \u00faltimos d\u00edas tras saber que est\u00e1 [&hellip;]","og_url":"https:\/\/radioclanfm.com\/clanespectaculos\/moria-casan-conto-como-pasa-luciano-castro-sus-primeros-dias-de-internacion-esta-tratando-de-sanar\/","og_site_name":"CLAN ESPECTACULOS","article_publisher":"https:\/\/www.facebook.com\/clanespectaculos\/","article_published_time":"2026-02-13T18:16:55+00:00","og_image":[{"width":900,"height":504,"url":"https:\/\/radioclanfm.com\/clanespectaculos\/wp-content\/uploads\/sites\/2\/2026\/02\/EbRpkv_u.jpg","type":"image\/jpeg"}],"author":"E-GRUPOCLAN","twitter_card":"summary_large_image","twitter_creator":"@clanespectok","twitter_site":"@clanespectok","twitter_misc":{"Escrito por":"E-GRUPOCLAN","Tiempo de lectura":"2 minutos"},"schema":{"@context":"https:\/\/schema.org","@graph":[{"@type":"Article","@id":"https:\/\/radioclanfm.com\/clanespectaculos\/moria-casan-conto-como-pasa-luciano-castro-sus-primeros-dias-de-internacion-esta-tratando-de-sanar\/#article","isPartOf":{"@id":"https:\/\/radioclanfm.com\/clanespectaculos\/moria-casan-conto-como-pasa-luciano-castro-sus-primeros-dias-de-internacion-esta-tratando-de-sanar\/"},"author":{"name":"E-GRUPOCLAN","@id":"https:\/\/radioclanfm.com\/clanespectaculos\/#\/schema\/person\/9734813083303230f3ad84d99171b20c"},"headline":"Moria Cas\u00e1n cont\u00f3 c\u00f3mo pasa Luciano Castro sus primeros d\u00edas de internaci\u00f3n: \u201cEst\u00e1 tratando de sanar\u201d","datePublished":"2026-02-13T18:16:55+00:00","mainEntityOfPage":{"@id":"https:\/\/radioclanfm.com\/clanespectaculos\/moria-casan-conto-como-pasa-luciano-castro-sus-primeros-dias-de-internacion-esta-tratando-de-sanar\/"},"wordCount":460,"commentCount":0,"publisher":{"@id":"https:\/\/radioclanfm.com\/clanespectaculos\/#organization"},"image":{"@id":"https:\/\/radioclanfm.com\/clanespectaculos\/moria-casan-conto-como-pasa-luciano-castro-sus-primeros-dias-de-internacion-esta-tratando-de-sanar\/#primaryimage"},"thumbnailUrl":"https:\/\/radioclanfm.com\/clanespectaculos\/wp-content\/uploads\/sites\/2\/2026\/02\/EbRpkv_u.jpg","articleSection":["Espectaculos"],"inLanguage":"es-AR","potentialAction":[{"@type":"CommentAction","name":"Comment","target":["https:\/\/radioclanfm.com\/clanespectaculos\/moria-casan-conto-como-pasa-luciano-castro-sus-primeros-dias-de-internacion-esta-tratando-de-sanar\/#respond"]}]},{"@type":"WebPage","@id":"https:\/\/radioclanfm.com\/clanespectaculos\/moria-casan-conto-como-pasa-luciano-castro-sus-primeros-dias-de-internacion-esta-tratando-de-sanar\/","url":"https:\/\/radioclanfm.com\/clanespectaculos\/moria-casan-conto-como-pasa-luciano-castro-sus-primeros-dias-de-internacion-esta-tratando-de-sanar\/","name":"Moria Cas\u00e1n cont\u00f3 c\u00f3mo pasa Luciano Castro sus primeros d\u00edas de internaci\u00f3n: \u201cEst\u00e1 tratando de sanar\u201d - CLAN ESPECTACULOS","isPartOf":{"@id":"https:\/\/radioclanfm.com\/clanespectaculos\/#website"},"primaryImageOfPage":{"@id":"https:\/\/radioclanfm.com\/clanespectaculos\/moria-casan-conto-como-pasa-luciano-castro-sus-primeros-dias-de-internacion-esta-tratando-de-sanar\/#primaryimage"},"image":{"@id":"https:\/\/radioclanfm.com\/clanespectaculos\/moria-casan-conto-como-pasa-luciano-castro-sus-primeros-dias-de-internacion-esta-tratando-de-sanar\/#primaryimage"},"thumbnailUrl":"https:\/\/radioclanfm.com\/clanespectaculos\/wp-content\/uploads\/sites\/2\/2026\/02\/EbRpkv_u.jpg","datePublished":"2026-02-13T18:16:55+00:00","breadcrumb":{"@id":"https:\/\/radioclanfm.com\/clanespectaculos\/moria-casan-conto-como-pasa-luciano-castro-sus-primeros-dias-de-internacion-esta-tratando-de-sanar\/#breadcrumb"},"inLanguage":"es-AR","potentialAction":[{"@type":"ReadAction","target":["https:\/\/radioclanfm.com\/clanespectaculos\/moria-casan-conto-como-pasa-luciano-castro-sus-primeros-dias-de-internacion-esta-tratando-de-sanar\/"]}]},{"@type":"ImageObject","inLanguage":"es-AR","@id":"https:\/\/radioclanfm.com\/clanespectaculos\/moria-casan-conto-como-pasa-luciano-castro-sus-primeros-dias-de-internacion-esta-tratando-de-sanar\/#primaryimage","url":"https:\/\/radioclanfm.com\/clanespectaculos\/wp-content\/uploads\/sites\/2\/2026\/02\/EbRpkv_u.jpg","contentUrl":"https:\/\/radioclanfm.com\/clanespectaculos\/wp-content\/uploads\/sites\/2\/2026\/02\/EbRpkv_u.jpg","width":900,"height":504},{"@type":"BreadcrumbList","@id":"https:\/\/radioclanfm.com\/clanespectaculos\/moria-casan-conto-como-pasa-luciano-castro-sus-primeros-dias-de-internacion-esta-tratando-de-sanar\/#breadcrumb","itemListElement":[{"@type":"ListItem","position":1,"name":"Inicio","item":"https:\/\/radioclanfm.com\/clanespectaculos\/"},{"@type":"ListItem","position":2,"name":"Moria Cas\u00e1n cont\u00f3 c\u00f3mo pasa Luciano Castro sus primeros d\u00edas de internaci\u00f3n: \u201cEst\u00e1 tratando de sanar\u201d"}]},{"@type":"WebSite","@id":"https:\/\/radioclanfm.com\/clanespectaculos\/#website","url":"https:\/\/radioclanfm.com\/clanespectaculos\/","name":"CLAN ESPECTACULOS","description":"","publisher":{"@id":"https:\/\/radioclanfm.com\/clanespectaculos\/#organization"},"potentialAction":[{"@type":"SearchAction","target":{"@type":"EntryPoint","urlTemplate":"https:\/\/radioclanfm.com\/clanespectaculos\/?s={search_term_string}"},"query-input":{"@type":"PropertyValueSpecification","valueRequired":true,"valueName":"search_term_string"}}],"inLanguage":"es-AR"},{"@type":"Organization","@id":"https:\/\/radioclanfm.com\/clanespectaculos\/#organization","name":"CLAN ESPECTACULOS","url":"https:\/\/radioclanfm.com\/clanespectaculos\/","logo":{"@type":"ImageObject","inLanguage":"es-AR","@id":"https:\/\/radioclanfm.com\/clanespectaculos\/#\/schema\/logo\/image\/","url":"https:\/\/radioclanfm.com\/clanespectaculos\/wp-content\/uploads\/sites\/2\/2026\/04\/ChatGPT-Image-23-mar-2026-10_09_00.png","contentUrl":"https:\/\/radioclanfm.com\/clanespectaculos\/wp-content\/uploads\/sites\/2\/2026\/04\/ChatGPT-Image-23-mar-2026-10_09_00.png","width":1024,"height":1024,"caption":"CLAN ESPECTACULOS"},"image":{"@id":"https:\/\/radioclanfm.com\/clanespectaculos\/#\/schema\/logo\/image\/"},"sameAs":["https:\/\/www.facebook.com\/clanespectaculos\/","https:\/\/x.com\/clanespectok"]},{"@type":"Person","@id":"https:\/\/radioclanfm.com\/clanespectaculos\/#\/schema\/person\/9734813083303230f3ad84d99171b20c","name":"E-GRUPOCLAN","image":{"@type":"ImageObject","inLanguage":"es-AR","@id":"https:\/\/secure.gravatar.com\/avatar\/af6e19837c3d6a212034a48c7b3818d2ac1826f6025df0155da5a186ad321d79?s=96&d=mm&r=g","url":"https:\/\/secure.gravatar.com\/avatar\/af6e19837c3d6a212034a48c7b3818d2ac1826f6025df0155da5a186ad321d79?s=96&d=mm&r=g","contentUrl":"https:\/\/secure.gravatar.com\/avatar\/af6e19837c3d6a212034a48c7b3818d2ac1826f6025df0155da5a186ad321d79?s=96&d=mm&r=g","caption":"E-GRUPOCLAN"},"sameAs":["https:\/\/radioclanfm.com"],"url":"https:\/\/radioclanfm.com\/clanespectaculos\/author\/admin\/"}]}},"_links":{"self":[{"href":"https:\/\/radioclanfm.com\/clanespectaculos\/wp-json\/wp\/v2\/posts\/12238","targetHints":{"allow":["GET"]}}],"collection":[{"href":"https:\/\/radioclanfm.com\/clanespectaculos\/wp-json\/wp\/v2\/posts"}],"about":[{"href":"https:\/\/radioclanfm.com\/clanespectaculos\/wp-json\/wp\/v2\/types\/post"}],"author":[{"embeddable":true,"href":"https:\/\/radioclanfm.com\/clanespectaculos\/wp-json\/wp\/v2\/users\/1"}],"replies":[{"embeddable":true,"href":"https:\/\/radioclanfm.com\/clanespectaculos\/wp-json\/wp\/v2\/comments?post=12238"}],"version-history":[{"count":1,"href":"https:\/\/radioclanfm.com\/clanespectaculos\/wp-json\/wp\/v2\/posts\/12238\/revisions"}],"predecessor-version":[{"id":12242,"href":"https:\/\/radioclanfm.com\/clanespectaculos\/wp-json\/wp\/v2\/posts\/12238\/revisions\/12242"}],"wp:featuredmedia":[{"embeddable":true,"href":"https:\/\/radioclanfm.com\/clanespectaculos\/wp-json\/wp\/v2\/media\/12241"}],"wp:attachment":[{"href":"https:\/\/radioclanfm.com\/clanespectaculos\/wp-json\/wp\/v2\/media?parent=12238"}],"wp:term":[{"taxonomy":"category","embeddable":true,"href":"https:\/\/radioclanfm.com\/clanespectaculos\/wp-json\/wp\/v2\/categories?post=12238"},{"taxonomy":"post_tag","embeddable":true,"href":"https:\/\/radioclanfm.com\/clanespectaculos\/wp-json\/wp\/v2\/tags?post=12238"}],"curies":[{"name":"wp","href":"https:\/\/api.w.org\/{rel}","templated":true}]}}