{"id":12226,"date":"2026-02-13T14:51:36","date_gmt":"2026-02-13T17:51:36","guid":{"rendered":"https:\/\/radioclanfm.com\/clanespectaculos\/?p=12226"},"modified":"2026-02-13T14:51:36","modified_gmt":"2026-02-13T17:51:36","slug":"el-posteo-de-sebastian-graviotto-desde-el-exterior-tras-el-nacimiento-de-su-hijo-con-juana-repetto","status":"publish","type":"post","link":"https:\/\/radioclanfm.com\/clanespectaculos\/el-posteo-de-sebastian-graviotto-desde-el-exterior-tras-el-nacimiento-de-su-hijo-con-juana-repetto\/","title":{"rendered":"El posteo de Sebasti\u00e1n Graviotto desde el exterior tras el nacimiento de su hijo con Juana Repetto"},"content":{"rendered":"<p>El instructor deportivo no pudo estar presente en el parto, pero conmovi\u00f3 en redes con un gesto cargado de amor para Timoteo.<\/p>\n<div class=\"col-content\"><main class=\"col-content\"><\/p>\n<div class=\"default-article-color article__body article__article\">\n<p class=\"paragraph font__body-regular\"><b>Juana Repetto<\/b>\u00a0dio a luz a\u00a0<b>Timoteo el 12 de febrero<\/b>, su segundo hijo junto a\u00a0<b>Sebasti\u00e1n Graviotto<\/b>. Sin embargo, el nacimiento estuvo marcado por una ausencia:<b>\u00a0el pap\u00e1 del beb\u00e9 no pudo estar presente en el parto debido<\/b>\u00a0a compromisos laborales fuera del pa\u00eds.<\/p>\n<div id=\"ad-slot-infeed\" class=\"infeed-container\"><\/div>\n<p class=\"paragraph font__body-regular\">A pesar de la distancia, Graviotto encontr\u00f3 la manera de acompa\u00f1ar el momento y expresar sus sentimientos. Ese mismo d\u00eda, el actor comparti\u00f3 en su cuenta de Instagram la canci\u00f3n\u00a0<b>\u201cBeautiful Boy\u201d de John Lennon<\/b>, mientras mostraba im\u00e1genes de la nieve cayendo suavemente. El gesto no pas\u00f3 desapercibido y emocion\u00f3 a sus seguidores.<\/p>\n<p class=\"paragraph font__body-regular\"><b>\u201cBeautiful Boy\u201d<\/b>\u00a0es una de las canciones m\u00e1s personales de\u00a0<b>John Lennon<\/b>, dedicada a su hijo Sean. En la letra, el ex Beatle habla del amor incondicional de un padre y el deseo de estar presente en cada paso de la vida de su hijo.<\/p>\n<figure class=\"\" data-testid=\"figure-testid\">\n<div class=\"aspect_ratio__container\"><picture class=\"responsive-image\"><source srcset=\"https:\/\/tn.com.ar\/resizer\/v2\/el-posteo-de-graviotto-tras-el-nacimiento-de-su-bebe-foto-instagram-sebastiangraviotto-RPHIJNNQBRFILPM7YO2X6UNVJ4.JPG?auth=9cbb5687215a9fbce6ccb2f1342e3f8ca8bcdc9c0d184d0d27d08d6702b722ab&amp;width=767\" type=\"image\/jpg\" media=\"(max-width: 728px)\" \/><source srcset=\"https:\/\/tn.com.ar\/resizer\/v2\/el-posteo-de-graviotto-tras-el-nacimiento-de-su-bebe-foto-instagram-sebastiangraviotto-RPHIJNNQBRFILPM7YO2X6UNVJ4.JPG?auth=9cbb5687215a9fbce6ccb2f1342e3f8ca8bcdc9c0d184d0d27d08d6702b722ab&amp;width=1023\" type=\"image\/jpg\" media=\"(max-width: 1023px)\" \/><source srcset=\"https:\/\/tn.com.ar\/resizer\/v2\/el-posteo-de-graviotto-tras-el-nacimiento-de-su-bebe-foto-instagram-sebastiangraviotto-RPHIJNNQBRFILPM7YO2X6UNVJ4.JPG?auth=9cbb5687215a9fbce6ccb2f1342e3f8ca8bcdc9c0d184d0d27d08d6702b722ab&amp;width=1440\" type=\"image\/jpg\" \/><img loading=\"lazy\" decoding=\"async\" class=\"image content-image image_placeholder\" src=\"https:\/\/tn.com.ar\/resizer\/v2\/el-posteo-de-graviotto-tras-el-nacimiento-de-su-bebe-foto-instagram-sebastiangraviotto-RPHIJNNQBRFILPM7YO2X6UNVJ4.JPG?auth=9cbb5687215a9fbce6ccb2f1342e3f8ca8bcdc9c0d184d0d27d08d6702b722ab&amp;width=767\" alt=\"El posteo de Graviotto tras el nacimiento de su beb\u00e9 (Foto: Instagram \/ sebastiangraviotto)\" width=\"767\" height=\"1359\" data-testid=\"loading-testid\" \/><\/picture><\/div><figcaption class=\"caption_image\" data-testid=\"figcaption-testid\">\n<div class=\"image_caption \">El posteo de Graviotto tras el nacimiento de su beb\u00e9 (Foto: Instagram \/ sebastiangraviotto)<\/div>\n<\/figcaption><\/figure>\n<p class=\"paragraph font__body-regular\">Al elegir este tema para el d\u00eda del nacimiento de\u00a0<b>Timoteo<\/b>, Graviotto dej\u00f3 en claro su deseo de acompa\u00f1ar a su hijo, aunque sea desde lejos. El mensaje fue interpretado como una muestra de amor y\u00a0<b>conexi\u00f3n en un momento tan especial para la familia<\/b>.<\/p>\n<h2 class=\"font--primary font__display\">Por qu\u00e9 Sebasti\u00e1n Graviotto no estuvo en el parto<\/h2>\n<p class=\"paragraph font__body-regular\">D\u00edas antes del nacimiento,\u00a0<b>Juana Repetto<\/b>\u00a0respondi\u00f3 en Instagram a quienes le consultaron si su ex estar\u00eda presente en el parto. \u201c<b>El padre est\u00e1 hace un par de meses trabajando afuera del pa\u00eds y no va a llegar hasta despu\u00e9s de que nazca el beb\u00e9<\/b>\u201d, explic\u00f3 la actriz.<\/p>\n<figure class=\"\" data-testid=\"figure-testid\">\n<div class=\"aspect_ratio__container\"><picture class=\"responsive-image\"><source srcset=\"https:\/\/tn.com.ar\/resizer\/v2\/juana-repetto-decidio-aclarar-porque-sebastian-graviotto-no-estara-presente-en-el-nacimiento-de-su-hijo-timoteo-foto-instagram-juanarepettook-4QWMDDNOX5DPFL2YXA4AD376PE.jpg?auth=f983a02087d9047abbcf1273eab63dff4cb490a730f1d4c19e2bfa84fce25acd&amp;width=767\" type=\"image\/jpg\" media=\"(max-width: 728px)\" \/><source srcset=\"https:\/\/tn.com.ar\/resizer\/v2\/juana-repetto-decidio-aclarar-porque-sebastian-graviotto-no-estara-presente-en-el-nacimiento-de-su-hijo-timoteo-foto-instagram-juanarepettook-4QWMDDNOX5DPFL2YXA4AD376PE.jpg?auth=f983a02087d9047abbcf1273eab63dff4cb490a730f1d4c19e2bfa84fce25acd&amp;width=1023\" type=\"image\/jpg\" media=\"(max-width: 1023px)\" \/><source srcset=\"https:\/\/tn.com.ar\/resizer\/v2\/juana-repetto-decidio-aclarar-porque-sebastian-graviotto-no-estara-presente-en-el-nacimiento-de-su-hijo-timoteo-foto-instagram-juanarepettook-4QWMDDNOX5DPFL2YXA4AD376PE.jpg?auth=f983a02087d9047abbcf1273eab63dff4cb490a730f1d4c19e2bfa84fce25acd&amp;width=1440\" type=\"image\/jpg\" \/><img loading=\"lazy\" decoding=\"async\" class=\"image content-image image_placeholder\" src=\"https:\/\/tn.com.ar\/resizer\/v2\/juana-repetto-decidio-aclarar-porque-sebastian-graviotto-no-estara-presente-en-el-nacimiento-de-su-hijo-timoteo-foto-instagram-juanarepettook-4QWMDDNOX5DPFL2YXA4AD376PE.jpg?auth=f983a02087d9047abbcf1273eab63dff4cb490a730f1d4c19e2bfa84fce25acd&amp;width=767\" alt=\"Juana Repetto decidi\u00f3 aclarar porqu\u00e9 Sebasti\u00e1n Graviotto no estar\u00e1 presente en el nacimiento de su hijo Timoteo. (Foto: Instagram \/ juanarepettook)\" width=\"767\" height=\"1361\" data-testid=\"loading-testid\" \/><\/picture><\/div><figcaption class=\"caption_image\" data-testid=\"figcaption-testid\">\n<div class=\"image_caption \">Juana Repetto decidi\u00f3 aclarar porqu\u00e9 Sebasti\u00e1n Graviotto no estar\u00e1 presente en el nacimiento de su hijo Timoteo. (Foto: Instagram \/ juanarepettook)<\/div>\n<\/figcaption><\/figure>\n<p class=\"paragraph font__body-regular\">A pesar de la distancia f\u00edsica, el gesto de Graviotto en redes sociales mostr\u00f3 que el v\u00ednculo con su hijo reci\u00e9n nacido ya empez\u00f3 a construirse, incluso antes de conocerse cara a cara.<\/p>\n<\/div>\n<p><\/main><\/div>\n<aside class=\"col-right-rail right-rail\">\n<div id=\"parent-ad-slot-caja\" class=\"ad-container caja_ad \">\n<div class=\"ad-content\"><\/div>\n<\/div>\n<\/aside>\n","protected":false},"excerpt":{"rendered":"<p>El instructor deportivo no pudo estar presente en el parto, pero conmovi\u00f3 en redes con un gesto cargado de amor para Timoteo. Juana Repetto\u00a0dio a luz a\u00a0Timoteo el 12 de febrero, su segundo hijo junto a\u00a0Sebasti\u00e1n Graviotto. Sin embargo, el nacimiento estuvo marcado por una ausencia:\u00a0el pap\u00e1 del beb\u00e9 no pudo estar presente en el [&hellip;]<\/p>\n","protected":false},"author":1,"featured_media":12229,"comment_status":"open","ping_status":"open","sticky":false,"template":"","format":"standard","meta":{"rop_custom_images_group":[],"rop_custom_messages_group":[],"rop_publish_now":"initial","rop_publish_now_accounts":[],"rop_publish_now_history":[],"rop_publish_now_status":"pending","footnotes":"","jetpack_publicize_message":"","jetpack_publicize_feature_enabled":true,"jetpack_social_post_already_shared":true,"jetpack_social_options":{"image_generator_settings":{"template":"highway","enabled":false},"version":2}},"categories":[12],"tags":[],"class_list":{"0":"post-12226","1":"post","2":"type-post","3":"status-publish","4":"format-standard","5":"has-post-thumbnail","7":"category-espectaculos"},"jetpack_publicize_connections":[],"yoast_head":"<!-- This site is optimized with the Yoast SEO plugin v27.3 - https:\/\/yoast.com\/product\/yoast-seo-wordpress\/ -->\n<title>El posteo de Sebasti\u00e1n Graviotto desde el exterior tras el nacimiento de su hijo con Juana Repetto - CLAN ESPECTACULOS<\/title>\n<meta name=\"robots\" content=\"index, follow, max-snippet:-1, max-image-preview:large, max-video-preview:-1\" \/>\n<link rel=\"canonical\" href=\"https:\/\/radioclanfm.com\/clanespectaculos\/el-posteo-de-sebastian-graviotto-desde-el-exterior-tras-el-nacimiento-de-su-hijo-con-juana-repetto\/\" \/>\n<meta property=\"og:locale\" content=\"es_ES\" \/>\n<meta property=\"og:type\" content=\"article\" \/>\n<meta property=\"og:title\" content=\"El posteo de Sebasti\u00e1n Graviotto desde el exterior tras el nacimiento de su hijo con Juana Repetto - CLAN ESPECTACULOS\" \/>\n<meta property=\"og:description\" content=\"El instructor deportivo no pudo estar presente en el parto, pero conmovi\u00f3 en redes con un gesto cargado de amor para Timoteo. Juana Repetto\u00a0dio a luz a\u00a0Timoteo el 12 de febrero, su segundo hijo junto a\u00a0Sebasti\u00e1n Graviotto. Sin embargo, el nacimiento estuvo marcado por una ausencia:\u00a0el pap\u00e1 del beb\u00e9 no pudo estar presente en el [&hellip;]\" \/>\n<meta property=\"og:url\" content=\"https:\/\/radioclanfm.com\/clanespectaculos\/el-posteo-de-sebastian-graviotto-desde-el-exterior-tras-el-nacimiento-de-su-hijo-con-juana-repetto\/\" \/>\n<meta property=\"og:site_name\" content=\"CLAN ESPECTACULOS\" \/>\n<meta property=\"article:publisher\" content=\"https:\/\/www.facebook.com\/clanespectaculos\/\" \/>\n<meta property=\"article:published_time\" content=\"2026-02-13T17:51:36+00:00\" \/>\n<meta property=\"og:image\" content=\"https:\/\/radioclanfm.com\/clanespectaculos\/wp-content\/uploads\/sites\/2\/2026\/02\/rXLHIp09.jpg\" \/>\n\t<meta property=\"og:image:width\" content=\"900\" \/>\n\t<meta property=\"og:image:height\" content=\"506\" \/>\n\t<meta property=\"og:image:type\" content=\"image\/jpeg\" \/>\n<meta name=\"author\" content=\"E-GRUPOCLAN\" \/>\n<meta name=\"twitter:card\" content=\"summary_large_image\" \/>\n<meta name=\"twitter:creator\" content=\"@clanespectok\" \/>\n<meta name=\"twitter:site\" content=\"@clanespectok\" \/>\n<meta name=\"twitter:label1\" content=\"Escrito por\" \/>\n\t<meta name=\"twitter:data1\" content=\"E-GRUPOCLAN\" \/>\n\t<meta name=\"twitter:label2\" content=\"Tiempo de lectura\" \/>\n\t<meta name=\"twitter:data2\" content=\"2 minutos\" \/>\n<script type=\"application\/ld+json\" class=\"yoast-schema-graph\">{\"@context\":\"https:\\\/\\\/schema.org\",\"@graph\":[{\"@type\":\"Article\",\"@id\":\"https:\\\/\\\/radioclanfm.com\\\/clanespectaculos\\\/el-posteo-de-sebastian-graviotto-desde-el-exterior-tras-el-nacimiento-de-su-hijo-con-juana-repetto\\\/#article\",\"isPartOf\":{\"@id\":\"https:\\\/\\\/radioclanfm.com\\\/clanespectaculos\\\/el-posteo-de-sebastian-graviotto-desde-el-exterior-tras-el-nacimiento-de-su-hijo-con-juana-repetto\\\/\"},\"author\":{\"name\":\"E-GRUPOCLAN\",\"@id\":\"https:\\\/\\\/radioclanfm.com\\\/clanespectaculos\\\/#\\\/schema\\\/person\\\/9734813083303230f3ad84d99171b20c\"},\"headline\":\"El posteo de Sebasti\u00e1n Graviotto desde el exterior tras el nacimiento de su hijo con Juana Repetto\",\"datePublished\":\"2026-02-13T17:51:36+00:00\",\"mainEntityOfPage\":{\"@id\":\"https:\\\/\\\/radioclanfm.com\\\/clanespectaculos\\\/el-posteo-de-sebastian-graviotto-desde-el-exterior-tras-el-nacimiento-de-su-hijo-con-juana-repetto\\\/\"},\"wordCount\":369,\"commentCount\":0,\"publisher\":{\"@id\":\"https:\\\/\\\/radioclanfm.com\\\/clanespectaculos\\\/#organization\"},\"image\":{\"@id\":\"https:\\\/\\\/radioclanfm.com\\\/clanespectaculos\\\/el-posteo-de-sebastian-graviotto-desde-el-exterior-tras-el-nacimiento-de-su-hijo-con-juana-repetto\\\/#primaryimage\"},\"thumbnailUrl\":\"https:\\\/\\\/radioclanfm.com\\\/clanespectaculos\\\/wp-content\\\/uploads\\\/sites\\\/2\\\/2026\\\/02\\\/rXLHIp09.jpg\",\"articleSection\":[\"Espectaculos\"],\"inLanguage\":\"es-AR\",\"potentialAction\":[{\"@type\":\"CommentAction\",\"name\":\"Comment\",\"target\":[\"https:\\\/\\\/radioclanfm.com\\\/clanespectaculos\\\/el-posteo-de-sebastian-graviotto-desde-el-exterior-tras-el-nacimiento-de-su-hijo-con-juana-repetto\\\/#respond\"]}]},{\"@type\":\"WebPage\",\"@id\":\"https:\\\/\\\/radioclanfm.com\\\/clanespectaculos\\\/el-posteo-de-sebastian-graviotto-desde-el-exterior-tras-el-nacimiento-de-su-hijo-con-juana-repetto\\\/\",\"url\":\"https:\\\/\\\/radioclanfm.com\\\/clanespectaculos\\\/el-posteo-de-sebastian-graviotto-desde-el-exterior-tras-el-nacimiento-de-su-hijo-con-juana-repetto\\\/\",\"name\":\"El posteo de Sebasti\u00e1n Graviotto desde el exterior tras el nacimiento de su hijo con Juana Repetto - CLAN ESPECTACULOS\",\"isPartOf\":{\"@id\":\"https:\\\/\\\/radioclanfm.com\\\/clanespectaculos\\\/#website\"},\"primaryImageOfPage\":{\"@id\":\"https:\\\/\\\/radioclanfm.com\\\/clanespectaculos\\\/el-posteo-de-sebastian-graviotto-desde-el-exterior-tras-el-nacimiento-de-su-hijo-con-juana-repetto\\\/#primaryimage\"},\"image\":{\"@id\":\"https:\\\/\\\/radioclanfm.com\\\/clanespectaculos\\\/el-posteo-de-sebastian-graviotto-desde-el-exterior-tras-el-nacimiento-de-su-hijo-con-juana-repetto\\\/#primaryimage\"},\"thumbnailUrl\":\"https:\\\/\\\/radioclanfm.com\\\/clanespectaculos\\\/wp-content\\\/uploads\\\/sites\\\/2\\\/2026\\\/02\\\/rXLHIp09.jpg\",\"datePublished\":\"2026-02-13T17:51:36+00:00\",\"breadcrumb\":{\"@id\":\"https:\\\/\\\/radioclanfm.com\\\/clanespectaculos\\\/el-posteo-de-sebastian-graviotto-desde-el-exterior-tras-el-nacimiento-de-su-hijo-con-juana-repetto\\\/#breadcrumb\"},\"inLanguage\":\"es-AR\",\"potentialAction\":[{\"@type\":\"ReadAction\",\"target\":[\"https:\\\/\\\/radioclanfm.com\\\/clanespectaculos\\\/el-posteo-de-sebastian-graviotto-desde-el-exterior-tras-el-nacimiento-de-su-hijo-con-juana-repetto\\\/\"]}]},{\"@type\":\"ImageObject\",\"inLanguage\":\"es-AR\",\"@id\":\"https:\\\/\\\/radioclanfm.com\\\/clanespectaculos\\\/el-posteo-de-sebastian-graviotto-desde-el-exterior-tras-el-nacimiento-de-su-hijo-con-juana-repetto\\\/#primaryimage\",\"url\":\"https:\\\/\\\/radioclanfm.com\\\/clanespectaculos\\\/wp-content\\\/uploads\\\/sites\\\/2\\\/2026\\\/02\\\/rXLHIp09.jpg\",\"contentUrl\":\"https:\\\/\\\/radioclanfm.com\\\/clanespectaculos\\\/wp-content\\\/uploads\\\/sites\\\/2\\\/2026\\\/02\\\/rXLHIp09.jpg\",\"width\":900,\"height\":506},{\"@type\":\"BreadcrumbList\",\"@id\":\"https:\\\/\\\/radioclanfm.com\\\/clanespectaculos\\\/el-posteo-de-sebastian-graviotto-desde-el-exterior-tras-el-nacimiento-de-su-hijo-con-juana-repetto\\\/#breadcrumb\",\"itemListElement\":[{\"@type\":\"ListItem\",\"position\":1,\"name\":\"Inicio\",\"item\":\"https:\\\/\\\/radioclanfm.com\\\/clanespectaculos\\\/\"},{\"@type\":\"ListItem\",\"position\":2,\"name\":\"El posteo de Sebasti\u00e1n Graviotto desde el exterior tras el nacimiento de su hijo con Juana Repetto\"}]},{\"@type\":\"WebSite\",\"@id\":\"https:\\\/\\\/radioclanfm.com\\\/clanespectaculos\\\/#website\",\"url\":\"https:\\\/\\\/radioclanfm.com\\\/clanespectaculos\\\/\",\"name\":\"CLAN ESPECTACULOS\",\"description\":\"\",\"publisher\":{\"@id\":\"https:\\\/\\\/radioclanfm.com\\\/clanespectaculos\\\/#organization\"},\"potentialAction\":[{\"@type\":\"SearchAction\",\"target\":{\"@type\":\"EntryPoint\",\"urlTemplate\":\"https:\\\/\\\/radioclanfm.com\\\/clanespectaculos\\\/?s={search_term_string}\"},\"query-input\":{\"@type\":\"PropertyValueSpecification\",\"valueRequired\":true,\"valueName\":\"search_term_string\"}}],\"inLanguage\":\"es-AR\"},{\"@type\":\"Organization\",\"@id\":\"https:\\\/\\\/radioclanfm.com\\\/clanespectaculos\\\/#organization\",\"name\":\"CLAN ESPECTACULOS\",\"url\":\"https:\\\/\\\/radioclanfm.com\\\/clanespectaculos\\\/\",\"logo\":{\"@type\":\"ImageObject\",\"inLanguage\":\"es-AR\",\"@id\":\"https:\\\/\\\/radioclanfm.com\\\/clanespectaculos\\\/#\\\/schema\\\/logo\\\/image\\\/\",\"url\":\"https:\\\/\\\/radioclanfm.com\\\/clanespectaculos\\\/wp-content\\\/uploads\\\/sites\\\/2\\\/2026\\\/04\\\/ChatGPT-Image-23-mar-2026-10_09_00.png\",\"contentUrl\":\"https:\\\/\\\/radioclanfm.com\\\/clanespectaculos\\\/wp-content\\\/uploads\\\/sites\\\/2\\\/2026\\\/04\\\/ChatGPT-Image-23-mar-2026-10_09_00.png\",\"width\":1024,\"height\":1024,\"caption\":\"CLAN ESPECTACULOS\"},\"image\":{\"@id\":\"https:\\\/\\\/radioclanfm.com\\\/clanespectaculos\\\/#\\\/schema\\\/logo\\\/image\\\/\"},\"sameAs\":[\"https:\\\/\\\/www.facebook.com\\\/clanespectaculos\\\/\",\"https:\\\/\\\/x.com\\\/clanespectok\"]},{\"@type\":\"Person\",\"@id\":\"https:\\\/\\\/radioclanfm.com\\\/clanespectaculos\\\/#\\\/schema\\\/person\\\/9734813083303230f3ad84d99171b20c\",\"name\":\"E-GRUPOCLAN\",\"image\":{\"@type\":\"ImageObject\",\"inLanguage\":\"es-AR\",\"@id\":\"https:\\\/\\\/secure.gravatar.com\\\/avatar\\\/af6e19837c3d6a212034a48c7b3818d2ac1826f6025df0155da5a186ad321d79?s=96&d=mm&r=g\",\"url\":\"https:\\\/\\\/secure.gravatar.com\\\/avatar\\\/af6e19837c3d6a212034a48c7b3818d2ac1826f6025df0155da5a186ad321d79?s=96&d=mm&r=g\",\"contentUrl\":\"https:\\\/\\\/secure.gravatar.com\\\/avatar\\\/af6e19837c3d6a212034a48c7b3818d2ac1826f6025df0155da5a186ad321d79?s=96&d=mm&r=g\",\"caption\":\"E-GRUPOCLAN\"},\"sameAs\":[\"https:\\\/\\\/radioclanfm.com\"],\"url\":\"https:\\\/\\\/radioclanfm.com\\\/clanespectaculos\\\/author\\\/admin\\\/\"}]}<\/script>\n<!-- \/ Yoast SEO plugin. -->","yoast_head_json":{"title":"El posteo de Sebasti\u00e1n Graviotto desde el exterior tras el nacimiento de su hijo con Juana Repetto - CLAN ESPECTACULOS","robots":{"index":"index","follow":"follow","max-snippet":"max-snippet:-1","max-image-preview":"max-image-preview:large","max-video-preview":"max-video-preview:-1"},"canonical":"https:\/\/radioclanfm.com\/clanespectaculos\/el-posteo-de-sebastian-graviotto-desde-el-exterior-tras-el-nacimiento-de-su-hijo-con-juana-repetto\/","og_locale":"es_ES","og_type":"article","og_title":"El posteo de Sebasti\u00e1n Graviotto desde el exterior tras el nacimiento de su hijo con Juana Repetto - CLAN ESPECTACULOS","og_description":"El instructor deportivo no pudo estar presente en el parto, pero conmovi\u00f3 en redes con un gesto cargado de amor para Timoteo. Juana Repetto\u00a0dio a luz a\u00a0Timoteo el 12 de febrero, su segundo hijo junto a\u00a0Sebasti\u00e1n Graviotto. Sin embargo, el nacimiento estuvo marcado por una ausencia:\u00a0el pap\u00e1 del beb\u00e9 no pudo estar presente en el [&hellip;]","og_url":"https:\/\/radioclanfm.com\/clanespectaculos\/el-posteo-de-sebastian-graviotto-desde-el-exterior-tras-el-nacimiento-de-su-hijo-con-juana-repetto\/","og_site_name":"CLAN ESPECTACULOS","article_publisher":"https:\/\/www.facebook.com\/clanespectaculos\/","article_published_time":"2026-02-13T17:51:36+00:00","og_image":[{"width":900,"height":506,"url":"https:\/\/radioclanfm.com\/clanespectaculos\/wp-content\/uploads\/sites\/2\/2026\/02\/rXLHIp09.jpg","type":"image\/jpeg"}],"author":"E-GRUPOCLAN","twitter_card":"summary_large_image","twitter_creator":"@clanespectok","twitter_site":"@clanespectok","twitter_misc":{"Escrito por":"E-GRUPOCLAN","Tiempo de lectura":"2 minutos"},"schema":{"@context":"https:\/\/schema.org","@graph":[{"@type":"Article","@id":"https:\/\/radioclanfm.com\/clanespectaculos\/el-posteo-de-sebastian-graviotto-desde-el-exterior-tras-el-nacimiento-de-su-hijo-con-juana-repetto\/#article","isPartOf":{"@id":"https:\/\/radioclanfm.com\/clanespectaculos\/el-posteo-de-sebastian-graviotto-desde-el-exterior-tras-el-nacimiento-de-su-hijo-con-juana-repetto\/"},"author":{"name":"E-GRUPOCLAN","@id":"https:\/\/radioclanfm.com\/clanespectaculos\/#\/schema\/person\/9734813083303230f3ad84d99171b20c"},"headline":"El posteo de Sebasti\u00e1n Graviotto desde el exterior tras el nacimiento de su hijo con Juana Repetto","datePublished":"2026-02-13T17:51:36+00:00","mainEntityOfPage":{"@id":"https:\/\/radioclanfm.com\/clanespectaculos\/el-posteo-de-sebastian-graviotto-desde-el-exterior-tras-el-nacimiento-de-su-hijo-con-juana-repetto\/"},"wordCount":369,"commentCount":0,"publisher":{"@id":"https:\/\/radioclanfm.com\/clanespectaculos\/#organization"},"image":{"@id":"https:\/\/radioclanfm.com\/clanespectaculos\/el-posteo-de-sebastian-graviotto-desde-el-exterior-tras-el-nacimiento-de-su-hijo-con-juana-repetto\/#primaryimage"},"thumbnailUrl":"https:\/\/radioclanfm.com\/clanespectaculos\/wp-content\/uploads\/sites\/2\/2026\/02\/rXLHIp09.jpg","articleSection":["Espectaculos"],"inLanguage":"es-AR","potentialAction":[{"@type":"CommentAction","name":"Comment","target":["https:\/\/radioclanfm.com\/clanespectaculos\/el-posteo-de-sebastian-graviotto-desde-el-exterior-tras-el-nacimiento-de-su-hijo-con-juana-repetto\/#respond"]}]},{"@type":"WebPage","@id":"https:\/\/radioclanfm.com\/clanespectaculos\/el-posteo-de-sebastian-graviotto-desde-el-exterior-tras-el-nacimiento-de-su-hijo-con-juana-repetto\/","url":"https:\/\/radioclanfm.com\/clanespectaculos\/el-posteo-de-sebastian-graviotto-desde-el-exterior-tras-el-nacimiento-de-su-hijo-con-juana-repetto\/","name":"El posteo de Sebasti\u00e1n Graviotto desde el exterior tras el nacimiento de su hijo con Juana Repetto - CLAN ESPECTACULOS","isPartOf":{"@id":"https:\/\/radioclanfm.com\/clanespectaculos\/#website"},"primaryImageOfPage":{"@id":"https:\/\/radioclanfm.com\/clanespectaculos\/el-posteo-de-sebastian-graviotto-desde-el-exterior-tras-el-nacimiento-de-su-hijo-con-juana-repetto\/#primaryimage"},"image":{"@id":"https:\/\/radioclanfm.com\/clanespectaculos\/el-posteo-de-sebastian-graviotto-desde-el-exterior-tras-el-nacimiento-de-su-hijo-con-juana-repetto\/#primaryimage"},"thumbnailUrl":"https:\/\/radioclanfm.com\/clanespectaculos\/wp-content\/uploads\/sites\/2\/2026\/02\/rXLHIp09.jpg","datePublished":"2026-02-13T17:51:36+00:00","breadcrumb":{"@id":"https:\/\/radioclanfm.com\/clanespectaculos\/el-posteo-de-sebastian-graviotto-desde-el-exterior-tras-el-nacimiento-de-su-hijo-con-juana-repetto\/#breadcrumb"},"inLanguage":"es-AR","potentialAction":[{"@type":"ReadAction","target":["https:\/\/radioclanfm.com\/clanespectaculos\/el-posteo-de-sebastian-graviotto-desde-el-exterior-tras-el-nacimiento-de-su-hijo-con-juana-repetto\/"]}]},{"@type":"ImageObject","inLanguage":"es-AR","@id":"https:\/\/radioclanfm.com\/clanespectaculos\/el-posteo-de-sebastian-graviotto-desde-el-exterior-tras-el-nacimiento-de-su-hijo-con-juana-repetto\/#primaryimage","url":"https:\/\/radioclanfm.com\/clanespectaculos\/wp-content\/uploads\/sites\/2\/2026\/02\/rXLHIp09.jpg","contentUrl":"https:\/\/radioclanfm.com\/clanespectaculos\/wp-content\/uploads\/sites\/2\/2026\/02\/rXLHIp09.jpg","width":900,"height":506},{"@type":"BreadcrumbList","@id":"https:\/\/radioclanfm.com\/clanespectaculos\/el-posteo-de-sebastian-graviotto-desde-el-exterior-tras-el-nacimiento-de-su-hijo-con-juana-repetto\/#breadcrumb","itemListElement":[{"@type":"ListItem","position":1,"name":"Inicio","item":"https:\/\/radioclanfm.com\/clanespectaculos\/"},{"@type":"ListItem","position":2,"name":"El posteo de Sebasti\u00e1n Graviotto desde el exterior tras el nacimiento de su hijo con Juana Repetto"}]},{"@type":"WebSite","@id":"https:\/\/radioclanfm.com\/clanespectaculos\/#website","url":"https:\/\/radioclanfm.com\/clanespectaculos\/","name":"CLAN ESPECTACULOS","description":"","publisher":{"@id":"https:\/\/radioclanfm.com\/clanespectaculos\/#organization"},"potentialAction":[{"@type":"SearchAction","target":{"@type":"EntryPoint","urlTemplate":"https:\/\/radioclanfm.com\/clanespectaculos\/?s={search_term_string}"},"query-input":{"@type":"PropertyValueSpecification","valueRequired":true,"valueName":"search_term_string"}}],"inLanguage":"es-AR"},{"@type":"Organization","@id":"https:\/\/radioclanfm.com\/clanespectaculos\/#organization","name":"CLAN ESPECTACULOS","url":"https:\/\/radioclanfm.com\/clanespectaculos\/","logo":{"@type":"ImageObject","inLanguage":"es-AR","@id":"https:\/\/radioclanfm.com\/clanespectaculos\/#\/schema\/logo\/image\/","url":"https:\/\/radioclanfm.com\/clanespectaculos\/wp-content\/uploads\/sites\/2\/2026\/04\/ChatGPT-Image-23-mar-2026-10_09_00.png","contentUrl":"https:\/\/radioclanfm.com\/clanespectaculos\/wp-content\/uploads\/sites\/2\/2026\/04\/ChatGPT-Image-23-mar-2026-10_09_00.png","width":1024,"height":1024,"caption":"CLAN ESPECTACULOS"},"image":{"@id":"https:\/\/radioclanfm.com\/clanespectaculos\/#\/schema\/logo\/image\/"},"sameAs":["https:\/\/www.facebook.com\/clanespectaculos\/","https:\/\/x.com\/clanespectok"]},{"@type":"Person","@id":"https:\/\/radioclanfm.com\/clanespectaculos\/#\/schema\/person\/9734813083303230f3ad84d99171b20c","name":"E-GRUPOCLAN","image":{"@type":"ImageObject","inLanguage":"es-AR","@id":"https:\/\/secure.gravatar.com\/avatar\/af6e19837c3d6a212034a48c7b3818d2ac1826f6025df0155da5a186ad321d79?s=96&d=mm&r=g","url":"https:\/\/secure.gravatar.com\/avatar\/af6e19837c3d6a212034a48c7b3818d2ac1826f6025df0155da5a186ad321d79?s=96&d=mm&r=g","contentUrl":"https:\/\/secure.gravatar.com\/avatar\/af6e19837c3d6a212034a48c7b3818d2ac1826f6025df0155da5a186ad321d79?s=96&d=mm&r=g","caption":"E-GRUPOCLAN"},"sameAs":["https:\/\/radioclanfm.com"],"url":"https:\/\/radioclanfm.com\/clanespectaculos\/author\/admin\/"}]}},"_links":{"self":[{"href":"https:\/\/radioclanfm.com\/clanespectaculos\/wp-json\/wp\/v2\/posts\/12226","targetHints":{"allow":["GET"]}}],"collection":[{"href":"https:\/\/radioclanfm.com\/clanespectaculos\/wp-json\/wp\/v2\/posts"}],"about":[{"href":"https:\/\/radioclanfm.com\/clanespectaculos\/wp-json\/wp\/v2\/types\/post"}],"author":[{"embeddable":true,"href":"https:\/\/radioclanfm.com\/clanespectaculos\/wp-json\/wp\/v2\/users\/1"}],"replies":[{"embeddable":true,"href":"https:\/\/radioclanfm.com\/clanespectaculos\/wp-json\/wp\/v2\/comments?post=12226"}],"version-history":[{"count":1,"href":"https:\/\/radioclanfm.com\/clanespectaculos\/wp-json\/wp\/v2\/posts\/12226\/revisions"}],"predecessor-version":[{"id":12230,"href":"https:\/\/radioclanfm.com\/clanespectaculos\/wp-json\/wp\/v2\/posts\/12226\/revisions\/12230"}],"wp:featuredmedia":[{"embeddable":true,"href":"https:\/\/radioclanfm.com\/clanespectaculos\/wp-json\/wp\/v2\/media\/12229"}],"wp:attachment":[{"href":"https:\/\/radioclanfm.com\/clanespectaculos\/wp-json\/wp\/v2\/media?parent=12226"}],"wp:term":[{"taxonomy":"category","embeddable":true,"href":"https:\/\/radioclanfm.com\/clanespectaculos\/wp-json\/wp\/v2\/categories?post=12226"},{"taxonomy":"post_tag","embeddable":true,"href":"https:\/\/radioclanfm.com\/clanespectaculos\/wp-json\/wp\/v2\/tags?post=12226"}],"curies":[{"name":"wp","href":"https:\/\/api.w.org\/{rel}","templated":true}]}}