{"id":12211,"date":"2026-02-13T14:47:34","date_gmt":"2026-02-13T17:47:34","guid":{"rendered":"https:\/\/radioclanfm.com\/clanespectaculos\/?p=12211"},"modified":"2026-02-13T14:47:34","modified_gmt":"2026-02-13T17:47:34","slug":"fernanda-iglesias-conto-el-supuesto-motivo-detras-de-la-internacion-de-luciano-castro","status":"publish","type":"post","link":"https:\/\/radioclanfm.com\/clanespectaculos\/fernanda-iglesias-conto-el-supuesto-motivo-detras-de-la-internacion-de-luciano-castro\/","title":{"rendered":"Fernanda Iglesias cont\u00f3 el supuesto motivo detr\u00e1s de la internaci\u00f3n de Luciano Castro"},"content":{"rendered":"<p>La periodista asegur\u00f3 que el actor enfrenta una adicci\u00f3n y dio detalles del dif\u00edcil momento que atraviesa tras su separaci\u00f3n de Griselda Siciliani.<\/p>\n<div class=\"col-content\"><main class=\"col-content\"><\/p>\n<div class=\"default-article-color article__body article__article\">\n<p class=\"paragraph font__body-regular\">El mundo del espect\u00e1culo qued\u00f3 sacudido este martes cuando\u00a0<b>Fernanda Iglesias\u00a0<\/b>expuso el supuesto trasfondo de la internaci\u00f3n de\u00a0<b>Luciano Castro<\/b>. La panelista de\u00a0<i>Puro Show (eltrece)<\/i>\u00a0fue contundente y asegur\u00f3 que el actor atraviesa una situaci\u00f3n delicada relacionada con una adicci\u00f3n.<\/p>\n<div id=\"ad-slot-infeed\" class=\"infeed-container\"><\/div>\n<p class=\"paragraph font__body-regular\">En el programa de\u00a0<i><b>eltrece<\/b><\/i>, Iglesias ampli\u00f3 la informaci\u00f3n y revel\u00f3 que\u00a0<b>Castro se autointern\u00f3 en un centro de rehabilitaci\u00f3n en Flores<\/b>. Seg\u00fan la periodista, el actor tom\u00f3 la decisi\u00f3n despu\u00e9s de tocar fondo tras su separaci\u00f3n de\u00a0<b>Griselda Siciliani<\/b>, pero el problema ser\u00eda de larga data.<\/p>\n<p class=\"paragraph font__body-regular\"><b>\u201cHace algunos d\u00edas que ten\u00edamos esta informaci\u00f3n.\u00a0<\/b>Yo habl\u00e9 con una persona muy cercana a \u00e9l. Le pregunt\u00e9 para chequear y no sab\u00eda nada. Y cuando le dije: \u2018\u00bfTe sorprende que te pregunte esto?\u2019, me dijo: \u2018No\u2019\u201d, relat\u00f3 Iglesias, dejando entrever que<b>\u00a0el entorno del actor ya sospechaba de la situaci\u00f3n.<\/b><\/p>\n<figure class=\"\" data-testid=\"figure-testid\">\n<div class=\"aspect_ratio__container\"><picture class=\"responsive-image\"><source srcset=\"https:\/\/tn.com.ar\/resizer\/v2\/luciano-castro-atraviesa-un-delicado-momento-foto-captura-eltrece-4WGMYGD7RJATXJNV7DQHREFKNI.jpg?auth=75e2b824e30ab88c6eb0558cbfc3d0f0ef3a0b6ab1ca17b51d683c88fd5b7eb0&amp;width=767\" type=\"image\/jpg\" media=\"(max-width: 728px)\" \/><source srcset=\"https:\/\/tn.com.ar\/resizer\/v2\/luciano-castro-atraviesa-un-delicado-momento-foto-captura-eltrece-4WGMYGD7RJATXJNV7DQHREFKNI.jpg?auth=75e2b824e30ab88c6eb0558cbfc3d0f0ef3a0b6ab1ca17b51d683c88fd5b7eb0&amp;width=1023\" type=\"image\/jpg\" media=\"(max-width: 1023px)\" \/><source srcset=\"https:\/\/tn.com.ar\/resizer\/v2\/luciano-castro-atraviesa-un-delicado-momento-foto-captura-eltrece-4WGMYGD7RJATXJNV7DQHREFKNI.jpg?auth=75e2b824e30ab88c6eb0558cbfc3d0f0ef3a0b6ab1ca17b51d683c88fd5b7eb0&amp;width=1440\" type=\"image\/jpg\" \/><img loading=\"lazy\" decoding=\"async\" class=\"image content-image image_placeholder\" src=\"https:\/\/tn.com.ar\/resizer\/v2\/luciano-castro-atraviesa-un-delicado-momento-foto-captura-eltrece-4WGMYGD7RJATXJNV7DQHREFKNI.jpg?auth=75e2b824e30ab88c6eb0558cbfc3d0f0ef3a0b6ab1ca17b51d683c88fd5b7eb0&amp;width=767\" alt=\"Luciano Castro atraviesa un delicado momento (Foto: captura eltrece)\" width=\"767\" height=\"430\" data-testid=\"loading-testid\" \/><\/picture><\/div><figcaption class=\"caption_image\" data-testid=\"figcaption-testid\">\n<div class=\"image_caption \">Luciano Castro atraviesa un delicado momento (Foto: captura eltrece)<\/div>\n<\/figcaption><\/figure>\n<p class=\"paragraph font__body-regular\">La panelista fue a\u00fan m\u00e1s directa:\u00a0<b>\u201cLuciano se autointern\u00f3. Esto pasa cuando uno est\u00e1 muy desesperado, cuando est\u00e1 en las \u00faltimas\u201d<\/b>. Y agreg\u00f3:\u00a0<b>\u201cTodo empez\u00f3 con la separaci\u00f3n de Griselda Siciliani<\/b>, pero es un problema que viene arrastrando. \u00c9l tiene una adicci\u00f3n que le estaba trayendo problemas\u201d.<\/p>\n<p class=\"paragraph font__body-regular\">Sin vueltas, Fernanda Iglesias afirm\u00f3: \u201c<b>S\u00e9 d\u00f3nde est\u00e1 internado y s\u00e9 que en el lugar donde est\u00e1 internado\u00a0<\/b>tratan muy bien su problema\u201d. Adem\u00e1s, justific\u00f3 su decisi\u00f3n de hacerlo p\u00fablico:\u00a0<b>\u201cLo cuento porque, si no, encubrimos un problema.<\/b>\u00a0Al tipo le pas\u00f3 esto por consumir esto. No sal\u00eds ileso si consum\u00eds\u201d.<\/p>\n<h2 class=\"font--primary font__display\">Qu\u00e9 dijo Fernanda Iglesias sobre la supuesta adicci\u00f3n de Luciano Castro<\/h2>\n<p class=\"paragraph font__body-regular\">La periodista fue tajante al hablar de la adicci\u00f3n que, seg\u00fan ella, enfrenta el actor:\u00a0<b>\u201cLuciano tendr\u00eda adicci\u00f3n a la marihuana.\u00a0<\/b>Sarah Borrell, la danesa con la que intent\u00f3 tener algo, cont\u00f3 que \u00e9l le hab\u00eda ofrecido fumar marihuana\u201d.<\/p>\n<p class=\"paragraph font__body-regular\">Y cerr\u00f3 con una advertencia:<b>\u00a0<\/b>\u201cLo digo con todas las letras\u2026\u00a0<b>No est\u00e1 bueno fumar marihuana todos los d\u00edas porque te trae una tristeza muy grande<\/b>, como le est\u00e1 pasando a Luciano Castro\u201d.<\/p>\n<p class=\"paragraph font__body-regular\">Finalmente, Iglesias detall\u00f3:\u00a0<b>\u201c\u00c9l est\u00e1 internado en Flores, es un centro de rehabilitaci\u00f3n que trabaja muy bien con la gente que es adicta a la marihuana\u201d<\/b>.<\/p>\n<\/div>\n<p><\/main><\/div>\n<aside class=\"col-right-rail right-rail\">\n<div id=\"parent-ad-slot-caja\" class=\"ad-container caja_ad \">\n<div class=\"ad-content\"><\/div>\n<\/div>\n<\/aside>\n<p>&nbsp;<\/p>\n","protected":false},"excerpt":{"rendered":"<p>La periodista asegur\u00f3 que el actor enfrenta una adicci\u00f3n y dio detalles del dif\u00edcil momento que atraviesa tras su separaci\u00f3n de Griselda Siciliani. El mundo del espect\u00e1culo qued\u00f3 sacudido este martes cuando\u00a0Fernanda Iglesias\u00a0expuso el supuesto trasfondo de la internaci\u00f3n de\u00a0Luciano Castro. La panelista de\u00a0Puro Show (eltrece)\u00a0fue contundente y asegur\u00f3 que el actor atraviesa una situaci\u00f3n [&hellip;]<\/p>\n","protected":false},"author":1,"featured_media":12214,"comment_status":"open","ping_status":"open","sticky":false,"template":"","format":"standard","meta":{"rop_custom_images_group":[],"rop_custom_messages_group":[],"rop_publish_now":"initial","rop_publish_now_accounts":[],"rop_publish_now_history":[],"rop_publish_now_status":"pending","footnotes":"","jetpack_publicize_message":"","jetpack_publicize_feature_enabled":true,"jetpack_social_post_already_shared":true,"jetpack_social_options":{"image_generator_settings":{"template":"highway","enabled":false},"version":2}},"categories":[12],"tags":[],"class_list":{"0":"post-12211","1":"post","2":"type-post","3":"status-publish","4":"format-standard","5":"has-post-thumbnail","7":"category-espectaculos"},"jetpack_publicize_connections":[],"yoast_head":"<!-- This site is optimized with the Yoast SEO plugin v27.3 - https:\/\/yoast.com\/product\/yoast-seo-wordpress\/ -->\n<title>Fernanda Iglesias cont\u00f3 el supuesto motivo detr\u00e1s de la internaci\u00f3n de Luciano Castro - CLAN ESPECTACULOS<\/title>\n<meta name=\"robots\" content=\"index, follow, max-snippet:-1, max-image-preview:large, max-video-preview:-1\" \/>\n<link rel=\"canonical\" href=\"https:\/\/radioclanfm.com\/clanespectaculos\/fernanda-iglesias-conto-el-supuesto-motivo-detras-de-la-internacion-de-luciano-castro\/\" \/>\n<meta property=\"og:locale\" content=\"es_ES\" \/>\n<meta property=\"og:type\" content=\"article\" \/>\n<meta property=\"og:title\" content=\"Fernanda Iglesias cont\u00f3 el supuesto motivo detr\u00e1s de la internaci\u00f3n de Luciano Castro - CLAN ESPECTACULOS\" \/>\n<meta property=\"og:description\" content=\"La periodista asegur\u00f3 que el actor enfrenta una adicci\u00f3n y dio detalles del dif\u00edcil momento que atraviesa tras su separaci\u00f3n de Griselda Siciliani. El mundo del espect\u00e1culo qued\u00f3 sacudido este martes cuando\u00a0Fernanda Iglesias\u00a0expuso el supuesto trasfondo de la internaci\u00f3n de\u00a0Luciano Castro. La panelista de\u00a0Puro Show (eltrece)\u00a0fue contundente y asegur\u00f3 que el actor atraviesa una situaci\u00f3n [&hellip;]\" \/>\n<meta property=\"og:url\" content=\"https:\/\/radioclanfm.com\/clanespectaculos\/fernanda-iglesias-conto-el-supuesto-motivo-detras-de-la-internacion-de-luciano-castro\/\" \/>\n<meta property=\"og:site_name\" content=\"CLAN ESPECTACULOS\" \/>\n<meta property=\"article:publisher\" content=\"https:\/\/www.facebook.com\/clanespectaculos\/\" \/>\n<meta property=\"article:published_time\" content=\"2026-02-13T17:47:34+00:00\" \/>\n<meta property=\"og:image\" content=\"https:\/\/radioclanfm.com\/clanespectaculos\/wp-content\/uploads\/sites\/2\/2026\/02\/V5jCuKRv.jpg\" \/>\n\t<meta property=\"og:image:width\" content=\"900\" \/>\n\t<meta property=\"og:image:height\" content=\"504\" \/>\n\t<meta property=\"og:image:type\" content=\"image\/jpeg\" \/>\n<meta name=\"author\" content=\"E-GRUPOCLAN\" \/>\n<meta name=\"twitter:card\" content=\"summary_large_image\" \/>\n<meta name=\"twitter:creator\" content=\"@clanespectok\" \/>\n<meta name=\"twitter:site\" content=\"@clanespectok\" \/>\n<meta name=\"twitter:label1\" content=\"Escrito por\" \/>\n\t<meta name=\"twitter:data1\" content=\"E-GRUPOCLAN\" \/>\n\t<meta name=\"twitter:label2\" content=\"Tiempo de lectura\" \/>\n\t<meta name=\"twitter:data2\" content=\"2 minutos\" \/>\n<script type=\"application\/ld+json\" class=\"yoast-schema-graph\">{\"@context\":\"https:\\\/\\\/schema.org\",\"@graph\":[{\"@type\":\"Article\",\"@id\":\"https:\\\/\\\/radioclanfm.com\\\/clanespectaculos\\\/fernanda-iglesias-conto-el-supuesto-motivo-detras-de-la-internacion-de-luciano-castro\\\/#article\",\"isPartOf\":{\"@id\":\"https:\\\/\\\/radioclanfm.com\\\/clanespectaculos\\\/fernanda-iglesias-conto-el-supuesto-motivo-detras-de-la-internacion-de-luciano-castro\\\/\"},\"author\":{\"name\":\"E-GRUPOCLAN\",\"@id\":\"https:\\\/\\\/radioclanfm.com\\\/clanespectaculos\\\/#\\\/schema\\\/person\\\/9734813083303230f3ad84d99171b20c\"},\"headline\":\"Fernanda Iglesias cont\u00f3 el supuesto motivo detr\u00e1s de la internaci\u00f3n de Luciano Castro\",\"datePublished\":\"2026-02-13T17:47:34+00:00\",\"mainEntityOfPage\":{\"@id\":\"https:\\\/\\\/radioclanfm.com\\\/clanespectaculos\\\/fernanda-iglesias-conto-el-supuesto-motivo-detras-de-la-internacion-de-luciano-castro\\\/\"},\"wordCount\":432,\"commentCount\":0,\"publisher\":{\"@id\":\"https:\\\/\\\/radioclanfm.com\\\/clanespectaculos\\\/#organization\"},\"image\":{\"@id\":\"https:\\\/\\\/radioclanfm.com\\\/clanespectaculos\\\/fernanda-iglesias-conto-el-supuesto-motivo-detras-de-la-internacion-de-luciano-castro\\\/#primaryimage\"},\"thumbnailUrl\":\"https:\\\/\\\/radioclanfm.com\\\/clanespectaculos\\\/wp-content\\\/uploads\\\/sites\\\/2\\\/2026\\\/02\\\/V5jCuKRv.jpg\",\"articleSection\":[\"Espectaculos\"],\"inLanguage\":\"es-AR\",\"potentialAction\":[{\"@type\":\"CommentAction\",\"name\":\"Comment\",\"target\":[\"https:\\\/\\\/radioclanfm.com\\\/clanespectaculos\\\/fernanda-iglesias-conto-el-supuesto-motivo-detras-de-la-internacion-de-luciano-castro\\\/#respond\"]}]},{\"@type\":\"WebPage\",\"@id\":\"https:\\\/\\\/radioclanfm.com\\\/clanespectaculos\\\/fernanda-iglesias-conto-el-supuesto-motivo-detras-de-la-internacion-de-luciano-castro\\\/\",\"url\":\"https:\\\/\\\/radioclanfm.com\\\/clanespectaculos\\\/fernanda-iglesias-conto-el-supuesto-motivo-detras-de-la-internacion-de-luciano-castro\\\/\",\"name\":\"Fernanda Iglesias cont\u00f3 el supuesto motivo detr\u00e1s de la internaci\u00f3n de Luciano Castro - CLAN ESPECTACULOS\",\"isPartOf\":{\"@id\":\"https:\\\/\\\/radioclanfm.com\\\/clanespectaculos\\\/#website\"},\"primaryImageOfPage\":{\"@id\":\"https:\\\/\\\/radioclanfm.com\\\/clanespectaculos\\\/fernanda-iglesias-conto-el-supuesto-motivo-detras-de-la-internacion-de-luciano-castro\\\/#primaryimage\"},\"image\":{\"@id\":\"https:\\\/\\\/radioclanfm.com\\\/clanespectaculos\\\/fernanda-iglesias-conto-el-supuesto-motivo-detras-de-la-internacion-de-luciano-castro\\\/#primaryimage\"},\"thumbnailUrl\":\"https:\\\/\\\/radioclanfm.com\\\/clanespectaculos\\\/wp-content\\\/uploads\\\/sites\\\/2\\\/2026\\\/02\\\/V5jCuKRv.jpg\",\"datePublished\":\"2026-02-13T17:47:34+00:00\",\"breadcrumb\":{\"@id\":\"https:\\\/\\\/radioclanfm.com\\\/clanespectaculos\\\/fernanda-iglesias-conto-el-supuesto-motivo-detras-de-la-internacion-de-luciano-castro\\\/#breadcrumb\"},\"inLanguage\":\"es-AR\",\"potentialAction\":[{\"@type\":\"ReadAction\",\"target\":[\"https:\\\/\\\/radioclanfm.com\\\/clanespectaculos\\\/fernanda-iglesias-conto-el-supuesto-motivo-detras-de-la-internacion-de-luciano-castro\\\/\"]}]},{\"@type\":\"ImageObject\",\"inLanguage\":\"es-AR\",\"@id\":\"https:\\\/\\\/radioclanfm.com\\\/clanespectaculos\\\/fernanda-iglesias-conto-el-supuesto-motivo-detras-de-la-internacion-de-luciano-castro\\\/#primaryimage\",\"url\":\"https:\\\/\\\/radioclanfm.com\\\/clanespectaculos\\\/wp-content\\\/uploads\\\/sites\\\/2\\\/2026\\\/02\\\/V5jCuKRv.jpg\",\"contentUrl\":\"https:\\\/\\\/radioclanfm.com\\\/clanespectaculos\\\/wp-content\\\/uploads\\\/sites\\\/2\\\/2026\\\/02\\\/V5jCuKRv.jpg\",\"width\":900,\"height\":504},{\"@type\":\"BreadcrumbList\",\"@id\":\"https:\\\/\\\/radioclanfm.com\\\/clanespectaculos\\\/fernanda-iglesias-conto-el-supuesto-motivo-detras-de-la-internacion-de-luciano-castro\\\/#breadcrumb\",\"itemListElement\":[{\"@type\":\"ListItem\",\"position\":1,\"name\":\"Inicio\",\"item\":\"https:\\\/\\\/radioclanfm.com\\\/clanespectaculos\\\/\"},{\"@type\":\"ListItem\",\"position\":2,\"name\":\"Fernanda Iglesias cont\u00f3 el supuesto motivo detr\u00e1s de la internaci\u00f3n de Luciano Castro\"}]},{\"@type\":\"WebSite\",\"@id\":\"https:\\\/\\\/radioclanfm.com\\\/clanespectaculos\\\/#website\",\"url\":\"https:\\\/\\\/radioclanfm.com\\\/clanespectaculos\\\/\",\"name\":\"CLAN ESPECTACULOS\",\"description\":\"\",\"publisher\":{\"@id\":\"https:\\\/\\\/radioclanfm.com\\\/clanespectaculos\\\/#organization\"},\"potentialAction\":[{\"@type\":\"SearchAction\",\"target\":{\"@type\":\"EntryPoint\",\"urlTemplate\":\"https:\\\/\\\/radioclanfm.com\\\/clanespectaculos\\\/?s={search_term_string}\"},\"query-input\":{\"@type\":\"PropertyValueSpecification\",\"valueRequired\":true,\"valueName\":\"search_term_string\"}}],\"inLanguage\":\"es-AR\"},{\"@type\":\"Organization\",\"@id\":\"https:\\\/\\\/radioclanfm.com\\\/clanespectaculos\\\/#organization\",\"name\":\"CLAN ESPECTACULOS\",\"url\":\"https:\\\/\\\/radioclanfm.com\\\/clanespectaculos\\\/\",\"logo\":{\"@type\":\"ImageObject\",\"inLanguage\":\"es-AR\",\"@id\":\"https:\\\/\\\/radioclanfm.com\\\/clanespectaculos\\\/#\\\/schema\\\/logo\\\/image\\\/\",\"url\":\"https:\\\/\\\/radioclanfm.com\\\/clanespectaculos\\\/wp-content\\\/uploads\\\/sites\\\/2\\\/2026\\\/04\\\/ChatGPT-Image-23-mar-2026-10_09_00.png\",\"contentUrl\":\"https:\\\/\\\/radioclanfm.com\\\/clanespectaculos\\\/wp-content\\\/uploads\\\/sites\\\/2\\\/2026\\\/04\\\/ChatGPT-Image-23-mar-2026-10_09_00.png\",\"width\":1024,\"height\":1024,\"caption\":\"CLAN ESPECTACULOS\"},\"image\":{\"@id\":\"https:\\\/\\\/radioclanfm.com\\\/clanespectaculos\\\/#\\\/schema\\\/logo\\\/image\\\/\"},\"sameAs\":[\"https:\\\/\\\/www.facebook.com\\\/clanespectaculos\\\/\",\"https:\\\/\\\/x.com\\\/clanespectok\"]},{\"@type\":\"Person\",\"@id\":\"https:\\\/\\\/radioclanfm.com\\\/clanespectaculos\\\/#\\\/schema\\\/person\\\/9734813083303230f3ad84d99171b20c\",\"name\":\"E-GRUPOCLAN\",\"image\":{\"@type\":\"ImageObject\",\"inLanguage\":\"es-AR\",\"@id\":\"https:\\\/\\\/secure.gravatar.com\\\/avatar\\\/af6e19837c3d6a212034a48c7b3818d2ac1826f6025df0155da5a186ad321d79?s=96&d=mm&r=g\",\"url\":\"https:\\\/\\\/secure.gravatar.com\\\/avatar\\\/af6e19837c3d6a212034a48c7b3818d2ac1826f6025df0155da5a186ad321d79?s=96&d=mm&r=g\",\"contentUrl\":\"https:\\\/\\\/secure.gravatar.com\\\/avatar\\\/af6e19837c3d6a212034a48c7b3818d2ac1826f6025df0155da5a186ad321d79?s=96&d=mm&r=g\",\"caption\":\"E-GRUPOCLAN\"},\"sameAs\":[\"https:\\\/\\\/radioclanfm.com\"],\"url\":\"https:\\\/\\\/radioclanfm.com\\\/clanespectaculos\\\/author\\\/admin\\\/\"}]}<\/script>\n<!-- \/ Yoast SEO plugin. -->","yoast_head_json":{"title":"Fernanda Iglesias cont\u00f3 el supuesto motivo detr\u00e1s de la internaci\u00f3n de Luciano Castro - CLAN ESPECTACULOS","robots":{"index":"index","follow":"follow","max-snippet":"max-snippet:-1","max-image-preview":"max-image-preview:large","max-video-preview":"max-video-preview:-1"},"canonical":"https:\/\/radioclanfm.com\/clanespectaculos\/fernanda-iglesias-conto-el-supuesto-motivo-detras-de-la-internacion-de-luciano-castro\/","og_locale":"es_ES","og_type":"article","og_title":"Fernanda Iglesias cont\u00f3 el supuesto motivo detr\u00e1s de la internaci\u00f3n de Luciano Castro - CLAN ESPECTACULOS","og_description":"La periodista asegur\u00f3 que el actor enfrenta una adicci\u00f3n y dio detalles del dif\u00edcil momento que atraviesa tras su separaci\u00f3n de Griselda Siciliani. El mundo del espect\u00e1culo qued\u00f3 sacudido este martes cuando\u00a0Fernanda Iglesias\u00a0expuso el supuesto trasfondo de la internaci\u00f3n de\u00a0Luciano Castro. La panelista de\u00a0Puro Show (eltrece)\u00a0fue contundente y asegur\u00f3 que el actor atraviesa una situaci\u00f3n [&hellip;]","og_url":"https:\/\/radioclanfm.com\/clanespectaculos\/fernanda-iglesias-conto-el-supuesto-motivo-detras-de-la-internacion-de-luciano-castro\/","og_site_name":"CLAN ESPECTACULOS","article_publisher":"https:\/\/www.facebook.com\/clanespectaculos\/","article_published_time":"2026-02-13T17:47:34+00:00","og_image":[{"width":900,"height":504,"url":"https:\/\/radioclanfm.com\/clanespectaculos\/wp-content\/uploads\/sites\/2\/2026\/02\/V5jCuKRv.jpg","type":"image\/jpeg"}],"author":"E-GRUPOCLAN","twitter_card":"summary_large_image","twitter_creator":"@clanespectok","twitter_site":"@clanespectok","twitter_misc":{"Escrito por":"E-GRUPOCLAN","Tiempo de lectura":"2 minutos"},"schema":{"@context":"https:\/\/schema.org","@graph":[{"@type":"Article","@id":"https:\/\/radioclanfm.com\/clanespectaculos\/fernanda-iglesias-conto-el-supuesto-motivo-detras-de-la-internacion-de-luciano-castro\/#article","isPartOf":{"@id":"https:\/\/radioclanfm.com\/clanespectaculos\/fernanda-iglesias-conto-el-supuesto-motivo-detras-de-la-internacion-de-luciano-castro\/"},"author":{"name":"E-GRUPOCLAN","@id":"https:\/\/radioclanfm.com\/clanespectaculos\/#\/schema\/person\/9734813083303230f3ad84d99171b20c"},"headline":"Fernanda Iglesias cont\u00f3 el supuesto motivo detr\u00e1s de la internaci\u00f3n de Luciano Castro","datePublished":"2026-02-13T17:47:34+00:00","mainEntityOfPage":{"@id":"https:\/\/radioclanfm.com\/clanespectaculos\/fernanda-iglesias-conto-el-supuesto-motivo-detras-de-la-internacion-de-luciano-castro\/"},"wordCount":432,"commentCount":0,"publisher":{"@id":"https:\/\/radioclanfm.com\/clanespectaculos\/#organization"},"image":{"@id":"https:\/\/radioclanfm.com\/clanespectaculos\/fernanda-iglesias-conto-el-supuesto-motivo-detras-de-la-internacion-de-luciano-castro\/#primaryimage"},"thumbnailUrl":"https:\/\/radioclanfm.com\/clanespectaculos\/wp-content\/uploads\/sites\/2\/2026\/02\/V5jCuKRv.jpg","articleSection":["Espectaculos"],"inLanguage":"es-AR","potentialAction":[{"@type":"CommentAction","name":"Comment","target":["https:\/\/radioclanfm.com\/clanespectaculos\/fernanda-iglesias-conto-el-supuesto-motivo-detras-de-la-internacion-de-luciano-castro\/#respond"]}]},{"@type":"WebPage","@id":"https:\/\/radioclanfm.com\/clanespectaculos\/fernanda-iglesias-conto-el-supuesto-motivo-detras-de-la-internacion-de-luciano-castro\/","url":"https:\/\/radioclanfm.com\/clanespectaculos\/fernanda-iglesias-conto-el-supuesto-motivo-detras-de-la-internacion-de-luciano-castro\/","name":"Fernanda Iglesias cont\u00f3 el supuesto motivo detr\u00e1s de la internaci\u00f3n de Luciano Castro - CLAN ESPECTACULOS","isPartOf":{"@id":"https:\/\/radioclanfm.com\/clanespectaculos\/#website"},"primaryImageOfPage":{"@id":"https:\/\/radioclanfm.com\/clanespectaculos\/fernanda-iglesias-conto-el-supuesto-motivo-detras-de-la-internacion-de-luciano-castro\/#primaryimage"},"image":{"@id":"https:\/\/radioclanfm.com\/clanespectaculos\/fernanda-iglesias-conto-el-supuesto-motivo-detras-de-la-internacion-de-luciano-castro\/#primaryimage"},"thumbnailUrl":"https:\/\/radioclanfm.com\/clanespectaculos\/wp-content\/uploads\/sites\/2\/2026\/02\/V5jCuKRv.jpg","datePublished":"2026-02-13T17:47:34+00:00","breadcrumb":{"@id":"https:\/\/radioclanfm.com\/clanespectaculos\/fernanda-iglesias-conto-el-supuesto-motivo-detras-de-la-internacion-de-luciano-castro\/#breadcrumb"},"inLanguage":"es-AR","potentialAction":[{"@type":"ReadAction","target":["https:\/\/radioclanfm.com\/clanespectaculos\/fernanda-iglesias-conto-el-supuesto-motivo-detras-de-la-internacion-de-luciano-castro\/"]}]},{"@type":"ImageObject","inLanguage":"es-AR","@id":"https:\/\/radioclanfm.com\/clanespectaculos\/fernanda-iglesias-conto-el-supuesto-motivo-detras-de-la-internacion-de-luciano-castro\/#primaryimage","url":"https:\/\/radioclanfm.com\/clanespectaculos\/wp-content\/uploads\/sites\/2\/2026\/02\/V5jCuKRv.jpg","contentUrl":"https:\/\/radioclanfm.com\/clanespectaculos\/wp-content\/uploads\/sites\/2\/2026\/02\/V5jCuKRv.jpg","width":900,"height":504},{"@type":"BreadcrumbList","@id":"https:\/\/radioclanfm.com\/clanespectaculos\/fernanda-iglesias-conto-el-supuesto-motivo-detras-de-la-internacion-de-luciano-castro\/#breadcrumb","itemListElement":[{"@type":"ListItem","position":1,"name":"Inicio","item":"https:\/\/radioclanfm.com\/clanespectaculos\/"},{"@type":"ListItem","position":2,"name":"Fernanda Iglesias cont\u00f3 el supuesto motivo detr\u00e1s de la internaci\u00f3n de Luciano Castro"}]},{"@type":"WebSite","@id":"https:\/\/radioclanfm.com\/clanespectaculos\/#website","url":"https:\/\/radioclanfm.com\/clanespectaculos\/","name":"CLAN ESPECTACULOS","description":"","publisher":{"@id":"https:\/\/radioclanfm.com\/clanespectaculos\/#organization"},"potentialAction":[{"@type":"SearchAction","target":{"@type":"EntryPoint","urlTemplate":"https:\/\/radioclanfm.com\/clanespectaculos\/?s={search_term_string}"},"query-input":{"@type":"PropertyValueSpecification","valueRequired":true,"valueName":"search_term_string"}}],"inLanguage":"es-AR"},{"@type":"Organization","@id":"https:\/\/radioclanfm.com\/clanespectaculos\/#organization","name":"CLAN ESPECTACULOS","url":"https:\/\/radioclanfm.com\/clanespectaculos\/","logo":{"@type":"ImageObject","inLanguage":"es-AR","@id":"https:\/\/radioclanfm.com\/clanespectaculos\/#\/schema\/logo\/image\/","url":"https:\/\/radioclanfm.com\/clanespectaculos\/wp-content\/uploads\/sites\/2\/2026\/04\/ChatGPT-Image-23-mar-2026-10_09_00.png","contentUrl":"https:\/\/radioclanfm.com\/clanespectaculos\/wp-content\/uploads\/sites\/2\/2026\/04\/ChatGPT-Image-23-mar-2026-10_09_00.png","width":1024,"height":1024,"caption":"CLAN ESPECTACULOS"},"image":{"@id":"https:\/\/radioclanfm.com\/clanespectaculos\/#\/schema\/logo\/image\/"},"sameAs":["https:\/\/www.facebook.com\/clanespectaculos\/","https:\/\/x.com\/clanespectok"]},{"@type":"Person","@id":"https:\/\/radioclanfm.com\/clanespectaculos\/#\/schema\/person\/9734813083303230f3ad84d99171b20c","name":"E-GRUPOCLAN","image":{"@type":"ImageObject","inLanguage":"es-AR","@id":"https:\/\/secure.gravatar.com\/avatar\/af6e19837c3d6a212034a48c7b3818d2ac1826f6025df0155da5a186ad321d79?s=96&d=mm&r=g","url":"https:\/\/secure.gravatar.com\/avatar\/af6e19837c3d6a212034a48c7b3818d2ac1826f6025df0155da5a186ad321d79?s=96&d=mm&r=g","contentUrl":"https:\/\/secure.gravatar.com\/avatar\/af6e19837c3d6a212034a48c7b3818d2ac1826f6025df0155da5a186ad321d79?s=96&d=mm&r=g","caption":"E-GRUPOCLAN"},"sameAs":["https:\/\/radioclanfm.com"],"url":"https:\/\/radioclanfm.com\/clanespectaculos\/author\/admin\/"}]}},"_links":{"self":[{"href":"https:\/\/radioclanfm.com\/clanespectaculos\/wp-json\/wp\/v2\/posts\/12211","targetHints":{"allow":["GET"]}}],"collection":[{"href":"https:\/\/radioclanfm.com\/clanespectaculos\/wp-json\/wp\/v2\/posts"}],"about":[{"href":"https:\/\/radioclanfm.com\/clanespectaculos\/wp-json\/wp\/v2\/types\/post"}],"author":[{"embeddable":true,"href":"https:\/\/radioclanfm.com\/clanespectaculos\/wp-json\/wp\/v2\/users\/1"}],"replies":[{"embeddable":true,"href":"https:\/\/radioclanfm.com\/clanespectaculos\/wp-json\/wp\/v2\/comments?post=12211"}],"version-history":[{"count":1,"href":"https:\/\/radioclanfm.com\/clanespectaculos\/wp-json\/wp\/v2\/posts\/12211\/revisions"}],"predecessor-version":[{"id":12215,"href":"https:\/\/radioclanfm.com\/clanespectaculos\/wp-json\/wp\/v2\/posts\/12211\/revisions\/12215"}],"wp:featuredmedia":[{"embeddable":true,"href":"https:\/\/radioclanfm.com\/clanespectaculos\/wp-json\/wp\/v2\/media\/12214"}],"wp:attachment":[{"href":"https:\/\/radioclanfm.com\/clanespectaculos\/wp-json\/wp\/v2\/media?parent=12211"}],"wp:term":[{"taxonomy":"category","embeddable":true,"href":"https:\/\/radioclanfm.com\/clanespectaculos\/wp-json\/wp\/v2\/categories?post=12211"},{"taxonomy":"post_tag","embeddable":true,"href":"https:\/\/radioclanfm.com\/clanespectaculos\/wp-json\/wp\/v2\/tags?post=12211"}],"curies":[{"name":"wp","href":"https:\/\/api.w.org\/{rel}","templated":true}]}}