{"id":12206,"date":"2026-02-13T14:45:17","date_gmt":"2026-02-13T17:45:17","guid":{"rendered":"https:\/\/radioclanfm.com\/clanespectaculos\/?p=12206"},"modified":"2026-02-13T14:45:17","modified_gmt":"2026-02-13T17:45:17","slug":"aparecio-la-primera-foto-de-luciano-castro-internado-en-un-centro-terapeutico","status":"publish","type":"post","link":"https:\/\/radioclanfm.com\/clanespectaculos\/aparecio-la-primera-foto-de-luciano-castro-internado-en-un-centro-terapeutico\/","title":{"rendered":"Apareci\u00f3 la primera foto de Luciano Castro internado en un centro terap\u00e9utico"},"content":{"rendered":"<p>El actor fue al lugar por su propia voluntad. El detonante habr\u00eda sido su separaci\u00f3n de Griselda Siciliani, quien decidi\u00f3 terminar el v\u00ednculo.<\/p>\n<p>&nbsp;<\/p>\n<div class=\"col-content\"><main class=\"col-content\"><\/p>\n<div class=\"default-article-color article__body article__article\">\n<p class=\"paragraph font__body-regular\"><b>Luciano Castro se encuentra internado en un centro terap\u00e9utico<\/b>\u00a0y\u00a0<b>ya se filtr\u00f3 su primera foto en el lugar.<\/b>\u00a0La postal fue compartida en las redes de<i>\u00a0LAM (Am\u00e9rica),\u00a0<\/i>donde aseguraron que fueron dos compa\u00f1eros del gal\u00e1n quienes la publicaron en Instagram, desatando la furia de los directivos del lugar.<\/p>\n<div class=\"AV6543bedcd858799fe90b5c47\">\n<div id=\"aniBox\">\n<div id=\"aniplayer_AV6543bedcd858799fe90b5c47-1771004671920\">\n<div id=\"aniplayer_AV6543bedcd858799fe90b5c47-1771004671920gui\">\n<div id=\"av-caption\">\n<div id=\"av-close-btn-overlay\" class=\"av-pos-top-left\"><\/div>\n<\/div>\n<\/div>\n<div id=\"anibid\"><\/div>\n<\/div>\n<\/div>\n<\/div>\n<div id=\"ad-slot-infeed\" class=\"infeed-container ad-slot-infeed ad-slot\" data-adtype=\"infeed\" data-lazyload=\"1\" data-google-query-id=\"CM7-nb2C15IDFWkVHgAdwvMAKw\">\n<div id=\"google_ads_iframe_\/113951150\/tn-arc\/nota\/infeed_0__container__\"><iframe id=\"google_ads_iframe_\/113951150\/tn-arc\/nota\/infeed_0\" tabindex=\"0\" title=\"Contenido de anuncios de terceros\" name=\"google_ads_iframe_\/113951150\/tn-arc\/nota\/infeed_0\" width=\"1\" height=\"1\" frameborder=\"0\" marginwidth=\"0\" marginheight=\"0\" scrolling=\"no\" aria-label=\"Anuncio\" data-google-container-id=\"8\" data-load-complete=\"true\" data-mce-fragment=\"1\"><\/iframe><\/div>\n<\/div>\n<p class=\"paragraph font__body-regular\">En la imagen se lo vio a Castro muy sonriente,\u00a0<b>con el torso desnudo y haciendo ejercicios de fuerza con dos hombres<\/b>, los responsables de exponerlo. El artista habr\u00eda tomado la decisi\u00f3n de ingresar al centro m\u00e9dico por un baj\u00f3n an\u00edmico provocado por la separaci\u00f3n de Griselda Siciliani.<\/p>\n<p class=\"paragraph font__body-regular\"><b>En di\u00e1logo con Moria Cas\u00e1n, reconoci\u00f3 que\u00a0<\/b>\u201cest\u00e1 tratando de sanar\u201d y de \u201csalir adelante\u201d. La conductora remarc\u00f3 que Luciano est\u00e1 furioso por las versiones que circularon sobre supuestos problemas de adicci\u00f3n. \u201cNecesita sacarse los fantasmas. Est\u00e1 muy enojado, tambi\u00e9n, porque\u00a0<b>siente que hay un amarillismo y que se burlaron de \u00e9l<\/b>\u201d, cerr\u00f3.<\/p>\n<figure class=\"\" data-testid=\"figure-testid\">\n<div class=\"aspect_ratio__container\"><picture class=\"responsive-image\"><source srcset=\"https:\/\/tn.com.ar\/resizer\/v2\/la-primera-foto-de-luciano-castro-en-el-centro-terapeutico-foto-instagramelejercitodelam-UEK6DEN7YRDMTLFTMJZ4ACJBKA.jpeg?auth=b5458fe5454abe1bb75cecd33cccc95af37b9ff12570e7b46d477727ba9b34c6&amp;width=767\" type=\"image\/jpg\" media=\"(max-width: 728px)\" \/><source srcset=\"https:\/\/tn.com.ar\/resizer\/v2\/la-primera-foto-de-luciano-castro-en-el-centro-terapeutico-foto-instagramelejercitodelam-UEK6DEN7YRDMTLFTMJZ4ACJBKA.jpeg?auth=b5458fe5454abe1bb75cecd33cccc95af37b9ff12570e7b46d477727ba9b34c6&amp;width=1023\" type=\"image\/jpg\" media=\"(max-width: 1023px)\" \/><source srcset=\"https:\/\/tn.com.ar\/resizer\/v2\/la-primera-foto-de-luciano-castro-en-el-centro-terapeutico-foto-instagramelejercitodelam-UEK6DEN7YRDMTLFTMJZ4ACJBKA.jpeg?auth=b5458fe5454abe1bb75cecd33cccc95af37b9ff12570e7b46d477727ba9b34c6&amp;width=1440\" type=\"image\/jpg\" \/><img loading=\"lazy\" decoding=\"async\" class=\"image content-image image_placeholder\" src=\"https:\/\/tn.com.ar\/resizer\/v2\/la-primera-foto-de-luciano-castro-en-el-centro-terapeutico-foto-instagramelejercitodelam-UEK6DEN7YRDMTLFTMJZ4ACJBKA.jpeg?auth=b5458fe5454abe1bb75cecd33cccc95af37b9ff12570e7b46d477727ba9b34c6&amp;width=767\" alt=\"La primera foto de Luciano Castro en el centro terap\u00e9utico. (Foto: instagram\/elejercitodelam)\" width=\"767\" height=\"1213\" data-testid=\"loading-testid\" \/><\/picture><\/div><figcaption class=\"caption_image\" data-testid=\"figcaption-testid\">\n<div class=\"image_caption \">La primera foto de Luciano Castro en el centro terap\u00e9utico. (Foto: instagram\/elejercitodelam)<\/div>\n<\/figcaption><\/figure>\n<h2 class=\"font--primary font__display\">Qu\u00e9 dijo Griselda Siciliani sobre la internaci\u00f3n de Luciano Castro<\/h2>\n<p class=\"paragraph font__body-regular\">Moria Cas\u00e1n habl\u00f3 con Griselda Siciliani tras las \u00faltimas novedades sobre Luciano Castro, pero sus palabras no fueron las que el actor hubiera querido escuchar.<\/p>\n<p class=\"paragraph font__body-regular\">Cansada del tema de la infidelidad del gal\u00e1n con una joven espa\u00f1ola, la actriz\u00a0<b>le dese\u00f3 lo mejor a su expareja,\u00a0<\/b>pero no manifest\u00f3 deseo de visitarlo ni dej\u00f3 abierta la puerta a una reconciliaci\u00f3n. \u201c<b>Est\u00e1 enfocada absolutamente en su trabajo<\/b>\u201d, sostuvo La One.<\/p>\n<figure class=\"\" data-testid=\"figure-testid\">\n<div class=\"aspect_ratio__container\"><picture class=\"responsive-image\"><source srcset=\"https:\/\/tn.com.ar\/resizer\/v2\/griselda-siciliani-y-luciano-castro-habian-tenido-un-romance-secreto-en-el-2007-y-en-el-2010-el-se-puso-en-pareja-con-sabrina-rojas-foto-instagramgriseldasiciliani-OZNTO6N5SNF7ZK4RGJJOXM2DYE.jpg?auth=efab1d90735a9f6b78123027978b660f01496620a080a227271976af95d9fe55&amp;width=767\" type=\"image\/jpg\" media=\"(max-width: 728px)\" \/><source srcset=\"https:\/\/tn.com.ar\/resizer\/v2\/griselda-siciliani-y-luciano-castro-habian-tenido-un-romance-secreto-en-el-2007-y-en-el-2010-el-se-puso-en-pareja-con-sabrina-rojas-foto-instagramgriseldasiciliani-OZNTO6N5SNF7ZK4RGJJOXM2DYE.jpg?auth=efab1d90735a9f6b78123027978b660f01496620a080a227271976af95d9fe55&amp;width=1023\" type=\"image\/jpg\" media=\"(max-width: 1023px)\" \/><source srcset=\"https:\/\/tn.com.ar\/resizer\/v2\/griselda-siciliani-y-luciano-castro-habian-tenido-un-romance-secreto-en-el-2007-y-en-el-2010-el-se-puso-en-pareja-con-sabrina-rojas-foto-instagramgriseldasiciliani-OZNTO6N5SNF7ZK4RGJJOXM2DYE.jpg?auth=efab1d90735a9f6b78123027978b660f01496620a080a227271976af95d9fe55&amp;width=1440\" type=\"image\/jpg\" \/><img loading=\"lazy\" decoding=\"async\" class=\"image content-image image_placeholder\" src=\"https:\/\/tn.com.ar\/resizer\/v2\/griselda-siciliani-y-luciano-castro-habian-tenido-un-romance-secreto-en-el-2007-y-en-el-2010-el-se-puso-en-pareja-con-sabrina-rojas-foto-instagramgriseldasiciliani-OZNTO6N5SNF7ZK4RGJJOXM2DYE.jpg?auth=efab1d90735a9f6b78123027978b660f01496620a080a227271976af95d9fe55&amp;width=767\" alt=\"Griselda Siciliani y Luciano Castro hab\u00edan tenido un romance secreto en el 2007 y en el 2010 \u00e9l se puso en pareja con Sabrina Rojas. (Foto: Instagram\/griseldasiciliani)\" width=\"767\" height=\"430\" data-testid=\"loading-testid\" \/><\/picture><\/div><figcaption class=\"caption_image\" data-testid=\"figcaption-testid\">\n<div class=\"image_caption \">Griselda Siciliani y Luciano Castro hab\u00edan tenido un romance secreto en el 2007 y en el 2010 \u00e9l se puso en pareja con Sabrina Rojas. (Foto: Instagram\/griseldasiciliani)<\/div>\n<\/figcaption><\/figure>\n<h2 class=\"font--primary font__display\">Qu\u00e9 dijo Sabrina Rojas en medio de la internaci\u00f3n de Luciano Castro<\/h2>\n<p class=\"paragraph font__body-regular\">Fernanda Iglesias cont\u00f3 en\u00a0<i>Puro Show (eltrece)<\/i>\u00a0que se comunic\u00f3 con Sabrina para preguntarle sobre la internaci\u00f3n de Castro, pero que la modelo contest\u00f3 que no lo ten\u00eda confirmado.<\/p>\n<p class=\"paragraph font__body-regular\">\u201cMe dijo que\u00a0<b>lo \u00fanico que me pod\u00eda decir es que \u00e9l hace videollamada con sus hijos todos los d\u00edas<\/b>\u201c, detall\u00f3 la periodista. Mientras tanto, la mendocina se encuentra alejada del esc\u00e1ndalo en Mar del Plata con Fausto y Esperanza.<\/p>\n<figure class=\"\" data-testid=\"figure-testid\">\n<div class=\"aspect_ratio__container\"><picture class=\"responsive-image\"><source srcset=\"https:\/\/tn.com.ar\/resizer\/v2\/sabrina-rojas-y-sus-hijos-se-fueron-a-la-feliz-en-busca-de-relax-foto-instagramrojassasi-MKS3NREYMJHLRCOXZGMIWB2T5I.jpeg?auth=03392022bf8a1fb4cb72e70fc57a7f87a536125604baae05c70fe8d353c4bc96&amp;width=767\" type=\"image\/jpg\" media=\"(max-width: 728px)\" \/><source srcset=\"https:\/\/tn.com.ar\/resizer\/v2\/sabrina-rojas-y-sus-hijos-se-fueron-a-la-feliz-en-busca-de-relax-foto-instagramrojassasi-MKS3NREYMJHLRCOXZGMIWB2T5I.jpeg?auth=03392022bf8a1fb4cb72e70fc57a7f87a536125604baae05c70fe8d353c4bc96&amp;width=1023\" type=\"image\/jpg\" media=\"(max-width: 1023px)\" \/><source srcset=\"https:\/\/tn.com.ar\/resizer\/v2\/sabrina-rojas-y-sus-hijos-se-fueron-a-la-feliz-en-busca-de-relax-foto-instagramrojassasi-MKS3NREYMJHLRCOXZGMIWB2T5I.jpeg?auth=03392022bf8a1fb4cb72e70fc57a7f87a536125604baae05c70fe8d353c4bc96&amp;width=1440\" type=\"image\/jpg\" \/><img loading=\"lazy\" decoding=\"async\" class=\"image content-image image_placeholder\" src=\"https:\/\/tn.com.ar\/resizer\/v2\/sabrina-rojas-y-sus-hijos-se-fueron-a-la-feliz-en-busca-de-relax-foto-instagramrojassasi-MKS3NREYMJHLRCOXZGMIWB2T5I.jpeg?auth=03392022bf8a1fb4cb72e70fc57a7f87a536125604baae05c70fe8d353c4bc96&amp;width=767\" alt=\"Sabrina Rojas y sus hijos se fueron a La Feliz en busca de relax. (Foto: instagram\/rojassasi)\" width=\"767\" height=\"1167\" data-testid=\"loading-testid\" \/><\/picture><\/div><figcaption class=\"caption_image\" data-testid=\"figcaption-testid\">\n<div class=\"image_caption \">Sabrina Rojas y sus hijos se fueron a La Feliz en busca de relax. (Foto: instagram\/rojassasi)<\/div>\n<\/figcaption><\/figure>\n<\/div>\n<p><\/main><\/div>\n<aside class=\"col-right-rail right-rail\">\n<div id=\"parent-ad-slot-caja\" class=\"ad-container caja_ad \">\n<div class=\"ad-content\"><\/div>\n<\/div>\n<\/aside>\n","protected":false},"excerpt":{"rendered":"<p>El actor fue al lugar por su propia voluntad. El detonante habr\u00eda sido su separaci\u00f3n de Griselda Siciliani, quien decidi\u00f3 terminar el v\u00ednculo. &nbsp; Luciano Castro se encuentra internado en un centro terap\u00e9utico\u00a0y\u00a0ya se filtr\u00f3 su primera foto en el lugar.\u00a0La postal fue compartida en las redes de\u00a0LAM (Am\u00e9rica),\u00a0donde aseguraron que fueron dos compa\u00f1eros del [&hellip;]<\/p>\n","protected":false},"author":1,"featured_media":12209,"comment_status":"open","ping_status":"open","sticky":false,"template":"","format":"standard","meta":{"rop_custom_images_group":[],"rop_custom_messages_group":[],"rop_publish_now":"initial","rop_publish_now_accounts":[],"rop_publish_now_history":[],"rop_publish_now_status":"pending","footnotes":"","jetpack_publicize_message":"","jetpack_publicize_feature_enabled":true,"jetpack_social_post_already_shared":true,"jetpack_social_options":{"image_generator_settings":{"template":"highway","enabled":false},"version":2}},"categories":[12],"tags":[],"class_list":{"0":"post-12206","1":"post","2":"type-post","3":"status-publish","4":"format-standard","5":"has-post-thumbnail","7":"category-espectaculos"},"jetpack_publicize_connections":[],"yoast_head":"<!-- This site is optimized with the Yoast SEO plugin v27.3 - https:\/\/yoast.com\/product\/yoast-seo-wordpress\/ -->\n<title>Apareci\u00f3 la primera foto de Luciano Castro internado en un centro terap\u00e9utico - CLAN ESPECTACULOS<\/title>\n<meta name=\"robots\" content=\"index, follow, max-snippet:-1, max-image-preview:large, max-video-preview:-1\" \/>\n<link rel=\"canonical\" href=\"https:\/\/radioclanfm.com\/clanespectaculos\/aparecio-la-primera-foto-de-luciano-castro-internado-en-un-centro-terapeutico\/\" \/>\n<meta property=\"og:locale\" content=\"es_ES\" \/>\n<meta property=\"og:type\" content=\"article\" \/>\n<meta property=\"og:title\" content=\"Apareci\u00f3 la primera foto de Luciano Castro internado en un centro terap\u00e9utico - CLAN ESPECTACULOS\" \/>\n<meta property=\"og:description\" content=\"El actor fue al lugar por su propia voluntad. El detonante habr\u00eda sido su separaci\u00f3n de Griselda Siciliani, quien decidi\u00f3 terminar el v\u00ednculo. &nbsp; Luciano Castro se encuentra internado en un centro terap\u00e9utico\u00a0y\u00a0ya se filtr\u00f3 su primera foto en el lugar.\u00a0La postal fue compartida en las redes de\u00a0LAM (Am\u00e9rica),\u00a0donde aseguraron que fueron dos compa\u00f1eros del [&hellip;]\" \/>\n<meta property=\"og:url\" content=\"https:\/\/radioclanfm.com\/clanespectaculos\/aparecio-la-primera-foto-de-luciano-castro-internado-en-un-centro-terapeutico\/\" \/>\n<meta property=\"og:site_name\" content=\"CLAN ESPECTACULOS\" \/>\n<meta property=\"article:publisher\" content=\"https:\/\/www.facebook.com\/clanespectaculos\/\" \/>\n<meta property=\"article:published_time\" content=\"2026-02-13T17:45:17+00:00\" \/>\n<meta property=\"og:image\" content=\"https:\/\/radioclanfm.com\/clanespectaculos\/wp-content\/uploads\/sites\/2\/2026\/02\/Tsar75zA.jpg\" \/>\n\t<meta property=\"og:image:width\" content=\"900\" \/>\n\t<meta property=\"og:image:height\" content=\"504\" \/>\n\t<meta property=\"og:image:type\" content=\"image\/jpeg\" \/>\n<meta name=\"author\" content=\"E-GRUPOCLAN\" \/>\n<meta name=\"twitter:card\" content=\"summary_large_image\" \/>\n<meta name=\"twitter:creator\" content=\"@clanespectok\" \/>\n<meta name=\"twitter:site\" content=\"@clanespectok\" \/>\n<meta name=\"twitter:label1\" content=\"Escrito por\" \/>\n\t<meta name=\"twitter:data1\" content=\"E-GRUPOCLAN\" \/>\n\t<meta name=\"twitter:label2\" content=\"Tiempo de lectura\" \/>\n\t<meta name=\"twitter:data2\" content=\"2 minutos\" \/>\n<script type=\"application\/ld+json\" class=\"yoast-schema-graph\">{\"@context\":\"https:\\\/\\\/schema.org\",\"@graph\":[{\"@type\":\"Article\",\"@id\":\"https:\\\/\\\/radioclanfm.com\\\/clanespectaculos\\\/aparecio-la-primera-foto-de-luciano-castro-internado-en-un-centro-terapeutico\\\/#article\",\"isPartOf\":{\"@id\":\"https:\\\/\\\/radioclanfm.com\\\/clanespectaculos\\\/aparecio-la-primera-foto-de-luciano-castro-internado-en-un-centro-terapeutico\\\/\"},\"author\":{\"name\":\"E-GRUPOCLAN\",\"@id\":\"https:\\\/\\\/radioclanfm.com\\\/clanespectaculos\\\/#\\\/schema\\\/person\\\/9734813083303230f3ad84d99171b20c\"},\"headline\":\"Apareci\u00f3 la primera foto de Luciano Castro internado en un centro terap\u00e9utico\",\"datePublished\":\"2026-02-13T17:45:17+00:00\",\"mainEntityOfPage\":{\"@id\":\"https:\\\/\\\/radioclanfm.com\\\/clanespectaculos\\\/aparecio-la-primera-foto-de-luciano-castro-internado-en-un-centro-terapeutico\\\/\"},\"wordCount\":434,\"commentCount\":0,\"publisher\":{\"@id\":\"https:\\\/\\\/radioclanfm.com\\\/clanespectaculos\\\/#organization\"},\"image\":{\"@id\":\"https:\\\/\\\/radioclanfm.com\\\/clanespectaculos\\\/aparecio-la-primera-foto-de-luciano-castro-internado-en-un-centro-terapeutico\\\/#primaryimage\"},\"thumbnailUrl\":\"https:\\\/\\\/radioclanfm.com\\\/clanespectaculos\\\/wp-content\\\/uploads\\\/sites\\\/2\\\/2026\\\/02\\\/Tsar75zA.jpg\",\"articleSection\":[\"Espectaculos\"],\"inLanguage\":\"es-AR\",\"potentialAction\":[{\"@type\":\"CommentAction\",\"name\":\"Comment\",\"target\":[\"https:\\\/\\\/radioclanfm.com\\\/clanespectaculos\\\/aparecio-la-primera-foto-de-luciano-castro-internado-en-un-centro-terapeutico\\\/#respond\"]}]},{\"@type\":\"WebPage\",\"@id\":\"https:\\\/\\\/radioclanfm.com\\\/clanespectaculos\\\/aparecio-la-primera-foto-de-luciano-castro-internado-en-un-centro-terapeutico\\\/\",\"url\":\"https:\\\/\\\/radioclanfm.com\\\/clanespectaculos\\\/aparecio-la-primera-foto-de-luciano-castro-internado-en-un-centro-terapeutico\\\/\",\"name\":\"Apareci\u00f3 la primera foto de Luciano Castro internado en un centro terap\u00e9utico - CLAN ESPECTACULOS\",\"isPartOf\":{\"@id\":\"https:\\\/\\\/radioclanfm.com\\\/clanespectaculos\\\/#website\"},\"primaryImageOfPage\":{\"@id\":\"https:\\\/\\\/radioclanfm.com\\\/clanespectaculos\\\/aparecio-la-primera-foto-de-luciano-castro-internado-en-un-centro-terapeutico\\\/#primaryimage\"},\"image\":{\"@id\":\"https:\\\/\\\/radioclanfm.com\\\/clanespectaculos\\\/aparecio-la-primera-foto-de-luciano-castro-internado-en-un-centro-terapeutico\\\/#primaryimage\"},\"thumbnailUrl\":\"https:\\\/\\\/radioclanfm.com\\\/clanespectaculos\\\/wp-content\\\/uploads\\\/sites\\\/2\\\/2026\\\/02\\\/Tsar75zA.jpg\",\"datePublished\":\"2026-02-13T17:45:17+00:00\",\"breadcrumb\":{\"@id\":\"https:\\\/\\\/radioclanfm.com\\\/clanespectaculos\\\/aparecio-la-primera-foto-de-luciano-castro-internado-en-un-centro-terapeutico\\\/#breadcrumb\"},\"inLanguage\":\"es-AR\",\"potentialAction\":[{\"@type\":\"ReadAction\",\"target\":[\"https:\\\/\\\/radioclanfm.com\\\/clanespectaculos\\\/aparecio-la-primera-foto-de-luciano-castro-internado-en-un-centro-terapeutico\\\/\"]}]},{\"@type\":\"ImageObject\",\"inLanguage\":\"es-AR\",\"@id\":\"https:\\\/\\\/radioclanfm.com\\\/clanespectaculos\\\/aparecio-la-primera-foto-de-luciano-castro-internado-en-un-centro-terapeutico\\\/#primaryimage\",\"url\":\"https:\\\/\\\/radioclanfm.com\\\/clanespectaculos\\\/wp-content\\\/uploads\\\/sites\\\/2\\\/2026\\\/02\\\/Tsar75zA.jpg\",\"contentUrl\":\"https:\\\/\\\/radioclanfm.com\\\/clanespectaculos\\\/wp-content\\\/uploads\\\/sites\\\/2\\\/2026\\\/02\\\/Tsar75zA.jpg\",\"width\":900,\"height\":504},{\"@type\":\"BreadcrumbList\",\"@id\":\"https:\\\/\\\/radioclanfm.com\\\/clanespectaculos\\\/aparecio-la-primera-foto-de-luciano-castro-internado-en-un-centro-terapeutico\\\/#breadcrumb\",\"itemListElement\":[{\"@type\":\"ListItem\",\"position\":1,\"name\":\"Inicio\",\"item\":\"https:\\\/\\\/radioclanfm.com\\\/clanespectaculos\\\/\"},{\"@type\":\"ListItem\",\"position\":2,\"name\":\"Apareci\u00f3 la primera foto de Luciano Castro internado en un centro terap\u00e9utico\"}]},{\"@type\":\"WebSite\",\"@id\":\"https:\\\/\\\/radioclanfm.com\\\/clanespectaculos\\\/#website\",\"url\":\"https:\\\/\\\/radioclanfm.com\\\/clanespectaculos\\\/\",\"name\":\"CLAN ESPECTACULOS\",\"description\":\"\",\"publisher\":{\"@id\":\"https:\\\/\\\/radioclanfm.com\\\/clanespectaculos\\\/#organization\"},\"potentialAction\":[{\"@type\":\"SearchAction\",\"target\":{\"@type\":\"EntryPoint\",\"urlTemplate\":\"https:\\\/\\\/radioclanfm.com\\\/clanespectaculos\\\/?s={search_term_string}\"},\"query-input\":{\"@type\":\"PropertyValueSpecification\",\"valueRequired\":true,\"valueName\":\"search_term_string\"}}],\"inLanguage\":\"es-AR\"},{\"@type\":\"Organization\",\"@id\":\"https:\\\/\\\/radioclanfm.com\\\/clanespectaculos\\\/#organization\",\"name\":\"CLAN ESPECTACULOS\",\"url\":\"https:\\\/\\\/radioclanfm.com\\\/clanespectaculos\\\/\",\"logo\":{\"@type\":\"ImageObject\",\"inLanguage\":\"es-AR\",\"@id\":\"https:\\\/\\\/radioclanfm.com\\\/clanespectaculos\\\/#\\\/schema\\\/logo\\\/image\\\/\",\"url\":\"https:\\\/\\\/radioclanfm.com\\\/clanespectaculos\\\/wp-content\\\/uploads\\\/sites\\\/2\\\/2026\\\/04\\\/ChatGPT-Image-23-mar-2026-10_09_00.png\",\"contentUrl\":\"https:\\\/\\\/radioclanfm.com\\\/clanespectaculos\\\/wp-content\\\/uploads\\\/sites\\\/2\\\/2026\\\/04\\\/ChatGPT-Image-23-mar-2026-10_09_00.png\",\"width\":1024,\"height\":1024,\"caption\":\"CLAN ESPECTACULOS\"},\"image\":{\"@id\":\"https:\\\/\\\/radioclanfm.com\\\/clanespectaculos\\\/#\\\/schema\\\/logo\\\/image\\\/\"},\"sameAs\":[\"https:\\\/\\\/www.facebook.com\\\/clanespectaculos\\\/\",\"https:\\\/\\\/x.com\\\/clanespectok\"]},{\"@type\":\"Person\",\"@id\":\"https:\\\/\\\/radioclanfm.com\\\/clanespectaculos\\\/#\\\/schema\\\/person\\\/9734813083303230f3ad84d99171b20c\",\"name\":\"E-GRUPOCLAN\",\"image\":{\"@type\":\"ImageObject\",\"inLanguage\":\"es-AR\",\"@id\":\"https:\\\/\\\/secure.gravatar.com\\\/avatar\\\/af6e19837c3d6a212034a48c7b3818d2ac1826f6025df0155da5a186ad321d79?s=96&d=mm&r=g\",\"url\":\"https:\\\/\\\/secure.gravatar.com\\\/avatar\\\/af6e19837c3d6a212034a48c7b3818d2ac1826f6025df0155da5a186ad321d79?s=96&d=mm&r=g\",\"contentUrl\":\"https:\\\/\\\/secure.gravatar.com\\\/avatar\\\/af6e19837c3d6a212034a48c7b3818d2ac1826f6025df0155da5a186ad321d79?s=96&d=mm&r=g\",\"caption\":\"E-GRUPOCLAN\"},\"sameAs\":[\"https:\\\/\\\/radioclanfm.com\"],\"url\":\"https:\\\/\\\/radioclanfm.com\\\/clanespectaculos\\\/author\\\/admin\\\/\"}]}<\/script>\n<!-- \/ Yoast SEO plugin. -->","yoast_head_json":{"title":"Apareci\u00f3 la primera foto de Luciano Castro internado en un centro terap\u00e9utico - CLAN ESPECTACULOS","robots":{"index":"index","follow":"follow","max-snippet":"max-snippet:-1","max-image-preview":"max-image-preview:large","max-video-preview":"max-video-preview:-1"},"canonical":"https:\/\/radioclanfm.com\/clanespectaculos\/aparecio-la-primera-foto-de-luciano-castro-internado-en-un-centro-terapeutico\/","og_locale":"es_ES","og_type":"article","og_title":"Apareci\u00f3 la primera foto de Luciano Castro internado en un centro terap\u00e9utico - CLAN ESPECTACULOS","og_description":"El actor fue al lugar por su propia voluntad. El detonante habr\u00eda sido su separaci\u00f3n de Griselda Siciliani, quien decidi\u00f3 terminar el v\u00ednculo. &nbsp; Luciano Castro se encuentra internado en un centro terap\u00e9utico\u00a0y\u00a0ya se filtr\u00f3 su primera foto en el lugar.\u00a0La postal fue compartida en las redes de\u00a0LAM (Am\u00e9rica),\u00a0donde aseguraron que fueron dos compa\u00f1eros del [&hellip;]","og_url":"https:\/\/radioclanfm.com\/clanespectaculos\/aparecio-la-primera-foto-de-luciano-castro-internado-en-un-centro-terapeutico\/","og_site_name":"CLAN ESPECTACULOS","article_publisher":"https:\/\/www.facebook.com\/clanespectaculos\/","article_published_time":"2026-02-13T17:45:17+00:00","og_image":[{"width":900,"height":504,"url":"https:\/\/radioclanfm.com\/clanespectaculos\/wp-content\/uploads\/sites\/2\/2026\/02\/Tsar75zA.jpg","type":"image\/jpeg"}],"author":"E-GRUPOCLAN","twitter_card":"summary_large_image","twitter_creator":"@clanespectok","twitter_site":"@clanespectok","twitter_misc":{"Escrito por":"E-GRUPOCLAN","Tiempo de lectura":"2 minutos"},"schema":{"@context":"https:\/\/schema.org","@graph":[{"@type":"Article","@id":"https:\/\/radioclanfm.com\/clanespectaculos\/aparecio-la-primera-foto-de-luciano-castro-internado-en-un-centro-terapeutico\/#article","isPartOf":{"@id":"https:\/\/radioclanfm.com\/clanespectaculos\/aparecio-la-primera-foto-de-luciano-castro-internado-en-un-centro-terapeutico\/"},"author":{"name":"E-GRUPOCLAN","@id":"https:\/\/radioclanfm.com\/clanespectaculos\/#\/schema\/person\/9734813083303230f3ad84d99171b20c"},"headline":"Apareci\u00f3 la primera foto de Luciano Castro internado en un centro terap\u00e9utico","datePublished":"2026-02-13T17:45:17+00:00","mainEntityOfPage":{"@id":"https:\/\/radioclanfm.com\/clanespectaculos\/aparecio-la-primera-foto-de-luciano-castro-internado-en-un-centro-terapeutico\/"},"wordCount":434,"commentCount":0,"publisher":{"@id":"https:\/\/radioclanfm.com\/clanespectaculos\/#organization"},"image":{"@id":"https:\/\/radioclanfm.com\/clanespectaculos\/aparecio-la-primera-foto-de-luciano-castro-internado-en-un-centro-terapeutico\/#primaryimage"},"thumbnailUrl":"https:\/\/radioclanfm.com\/clanespectaculos\/wp-content\/uploads\/sites\/2\/2026\/02\/Tsar75zA.jpg","articleSection":["Espectaculos"],"inLanguage":"es-AR","potentialAction":[{"@type":"CommentAction","name":"Comment","target":["https:\/\/radioclanfm.com\/clanespectaculos\/aparecio-la-primera-foto-de-luciano-castro-internado-en-un-centro-terapeutico\/#respond"]}]},{"@type":"WebPage","@id":"https:\/\/radioclanfm.com\/clanespectaculos\/aparecio-la-primera-foto-de-luciano-castro-internado-en-un-centro-terapeutico\/","url":"https:\/\/radioclanfm.com\/clanespectaculos\/aparecio-la-primera-foto-de-luciano-castro-internado-en-un-centro-terapeutico\/","name":"Apareci\u00f3 la primera foto de Luciano Castro internado en un centro terap\u00e9utico - CLAN ESPECTACULOS","isPartOf":{"@id":"https:\/\/radioclanfm.com\/clanespectaculos\/#website"},"primaryImageOfPage":{"@id":"https:\/\/radioclanfm.com\/clanespectaculos\/aparecio-la-primera-foto-de-luciano-castro-internado-en-un-centro-terapeutico\/#primaryimage"},"image":{"@id":"https:\/\/radioclanfm.com\/clanespectaculos\/aparecio-la-primera-foto-de-luciano-castro-internado-en-un-centro-terapeutico\/#primaryimage"},"thumbnailUrl":"https:\/\/radioclanfm.com\/clanespectaculos\/wp-content\/uploads\/sites\/2\/2026\/02\/Tsar75zA.jpg","datePublished":"2026-02-13T17:45:17+00:00","breadcrumb":{"@id":"https:\/\/radioclanfm.com\/clanespectaculos\/aparecio-la-primera-foto-de-luciano-castro-internado-en-un-centro-terapeutico\/#breadcrumb"},"inLanguage":"es-AR","potentialAction":[{"@type":"ReadAction","target":["https:\/\/radioclanfm.com\/clanespectaculos\/aparecio-la-primera-foto-de-luciano-castro-internado-en-un-centro-terapeutico\/"]}]},{"@type":"ImageObject","inLanguage":"es-AR","@id":"https:\/\/radioclanfm.com\/clanespectaculos\/aparecio-la-primera-foto-de-luciano-castro-internado-en-un-centro-terapeutico\/#primaryimage","url":"https:\/\/radioclanfm.com\/clanespectaculos\/wp-content\/uploads\/sites\/2\/2026\/02\/Tsar75zA.jpg","contentUrl":"https:\/\/radioclanfm.com\/clanespectaculos\/wp-content\/uploads\/sites\/2\/2026\/02\/Tsar75zA.jpg","width":900,"height":504},{"@type":"BreadcrumbList","@id":"https:\/\/radioclanfm.com\/clanespectaculos\/aparecio-la-primera-foto-de-luciano-castro-internado-en-un-centro-terapeutico\/#breadcrumb","itemListElement":[{"@type":"ListItem","position":1,"name":"Inicio","item":"https:\/\/radioclanfm.com\/clanespectaculos\/"},{"@type":"ListItem","position":2,"name":"Apareci\u00f3 la primera foto de Luciano Castro internado en un centro terap\u00e9utico"}]},{"@type":"WebSite","@id":"https:\/\/radioclanfm.com\/clanespectaculos\/#website","url":"https:\/\/radioclanfm.com\/clanespectaculos\/","name":"CLAN ESPECTACULOS","description":"","publisher":{"@id":"https:\/\/radioclanfm.com\/clanespectaculos\/#organization"},"potentialAction":[{"@type":"SearchAction","target":{"@type":"EntryPoint","urlTemplate":"https:\/\/radioclanfm.com\/clanespectaculos\/?s={search_term_string}"},"query-input":{"@type":"PropertyValueSpecification","valueRequired":true,"valueName":"search_term_string"}}],"inLanguage":"es-AR"},{"@type":"Organization","@id":"https:\/\/radioclanfm.com\/clanespectaculos\/#organization","name":"CLAN ESPECTACULOS","url":"https:\/\/radioclanfm.com\/clanespectaculos\/","logo":{"@type":"ImageObject","inLanguage":"es-AR","@id":"https:\/\/radioclanfm.com\/clanespectaculos\/#\/schema\/logo\/image\/","url":"https:\/\/radioclanfm.com\/clanespectaculos\/wp-content\/uploads\/sites\/2\/2026\/04\/ChatGPT-Image-23-mar-2026-10_09_00.png","contentUrl":"https:\/\/radioclanfm.com\/clanespectaculos\/wp-content\/uploads\/sites\/2\/2026\/04\/ChatGPT-Image-23-mar-2026-10_09_00.png","width":1024,"height":1024,"caption":"CLAN ESPECTACULOS"},"image":{"@id":"https:\/\/radioclanfm.com\/clanespectaculos\/#\/schema\/logo\/image\/"},"sameAs":["https:\/\/www.facebook.com\/clanespectaculos\/","https:\/\/x.com\/clanespectok"]},{"@type":"Person","@id":"https:\/\/radioclanfm.com\/clanespectaculos\/#\/schema\/person\/9734813083303230f3ad84d99171b20c","name":"E-GRUPOCLAN","image":{"@type":"ImageObject","inLanguage":"es-AR","@id":"https:\/\/secure.gravatar.com\/avatar\/af6e19837c3d6a212034a48c7b3818d2ac1826f6025df0155da5a186ad321d79?s=96&d=mm&r=g","url":"https:\/\/secure.gravatar.com\/avatar\/af6e19837c3d6a212034a48c7b3818d2ac1826f6025df0155da5a186ad321d79?s=96&d=mm&r=g","contentUrl":"https:\/\/secure.gravatar.com\/avatar\/af6e19837c3d6a212034a48c7b3818d2ac1826f6025df0155da5a186ad321d79?s=96&d=mm&r=g","caption":"E-GRUPOCLAN"},"sameAs":["https:\/\/radioclanfm.com"],"url":"https:\/\/radioclanfm.com\/clanespectaculos\/author\/admin\/"}]}},"_links":{"self":[{"href":"https:\/\/radioclanfm.com\/clanespectaculos\/wp-json\/wp\/v2\/posts\/12206","targetHints":{"allow":["GET"]}}],"collection":[{"href":"https:\/\/radioclanfm.com\/clanespectaculos\/wp-json\/wp\/v2\/posts"}],"about":[{"href":"https:\/\/radioclanfm.com\/clanespectaculos\/wp-json\/wp\/v2\/types\/post"}],"author":[{"embeddable":true,"href":"https:\/\/radioclanfm.com\/clanespectaculos\/wp-json\/wp\/v2\/users\/1"}],"replies":[{"embeddable":true,"href":"https:\/\/radioclanfm.com\/clanespectaculos\/wp-json\/wp\/v2\/comments?post=12206"}],"version-history":[{"count":1,"href":"https:\/\/radioclanfm.com\/clanespectaculos\/wp-json\/wp\/v2\/posts\/12206\/revisions"}],"predecessor-version":[{"id":12210,"href":"https:\/\/radioclanfm.com\/clanespectaculos\/wp-json\/wp\/v2\/posts\/12206\/revisions\/12210"}],"wp:featuredmedia":[{"embeddable":true,"href":"https:\/\/radioclanfm.com\/clanespectaculos\/wp-json\/wp\/v2\/media\/12209"}],"wp:attachment":[{"href":"https:\/\/radioclanfm.com\/clanespectaculos\/wp-json\/wp\/v2\/media?parent=12206"}],"wp:term":[{"taxonomy":"category","embeddable":true,"href":"https:\/\/radioclanfm.com\/clanespectaculos\/wp-json\/wp\/v2\/categories?post=12206"},{"taxonomy":"post_tag","embeddable":true,"href":"https:\/\/radioclanfm.com\/clanespectaculos\/wp-json\/wp\/v2\/tags?post=12206"}],"curies":[{"name":"wp","href":"https:\/\/api.w.org\/{rel}","templated":true}]}}