{"id":12195,"date":"2026-02-10T07:29:42","date_gmt":"2026-02-10T10:29:42","guid":{"rendered":"https:\/\/radioclanfm.com\/clanespectaculos\/?p=12195"},"modified":"2026-02-10T07:29:42","modified_gmt":"2026-02-10T10:29:42","slug":"romina-gaetani-hablo-tras-denunciar-a-su-ex-por-violencia-de-genero-senti-mucha-confusion-y-miedo","status":"publish","type":"post","link":"https:\/\/radioclanfm.com\/clanespectaculos\/romina-gaetani-hablo-tras-denunciar-a-su-ex-por-violencia-de-genero-senti-mucha-confusion-y-miedo\/","title":{"rendered":"Romina Gaetani habl\u00f3 tras denunciar a su ex por violencia de g\u00e9nero: \u201cSent\u00ed mucha confusi\u00f3n y miedo\u201d"},"content":{"rendered":"<p>La actriz asegur\u00f3 que est\u00e1 muy afectada por la situaci\u00f3n y que el proceso judicial es \u201crevictimizante\u201d.<\/p>\n<div class=\"col-content\"><main class=\"col-content\"><\/p>\n<div class=\"default-article-color article__body article__article\">\n<p class=\"paragraph font__body-regular\"><b>Romina Gaetani<\/b>\u00a0rompi\u00f3 el silencio a m\u00e1s de un mes de denunciar a su expareja,\u00a0<b><\/b><b>Luis Cavanagh<\/b>, por violencia de g\u00e9nero.<\/p>\n<div class=\"AV6543bedcd858799fe90b5c47\">\n<div id=\"aniBox\">\n<div id=\"aniplayer_AV6543bedcd858799fe90b5c47-1770719344784\">\n<div id=\"aniplayer_AV6543bedcd858799fe90b5c47-1770719344784gui\">\n<div id=\"av-caption\">\n<div id=\"av-close-btn-overlay\" class=\"av-pos-top-left\"><\/div>\n<\/div>\n<\/div>\n<\/div>\n<\/div>\n<\/div>\n<div id=\"ad-slot-infeed\" class=\"infeed-container ad-slot-infeed ad-slot\" data-adtype=\"infeed\" data-lazyload=\"1\" data-google-query-id=\"CNXm28fbzpIDFZs3uQYdUJ4tNg\">\n<div id=\"google_ads_iframe_\/113951150\/tn-arc\/nota\/infeed_0__container__\"><\/div>\n<\/div>\n<p class=\"paragraph font__body-regular\">Este lunes al ser abordada por las c\u00e1maras de\u00a0<i>DDM\u00a0<\/i>(Am\u00e9rica), la actriz habl\u00f3 del calvario que vivi\u00f3 y admiti\u00f3 que tiene miedo. \u201cNo puedo hablar. La verdad es que\u00a0<b>estoy muy mal<\/b>\u201d, expres\u00f3.<\/p>\n<p class=\"paragraph font__body-regular\">Al ser consultada sobre\u00a0el pedido de detenci\u00f3n\u00a0y de si siente m\u00e1s seguridad y tranquilidad en este contexto, neg\u00f3: \u201cTodo lo contrario,\u00a0<b>sent\u00eds mucha confusi\u00f3n, mucho miedo\u201d.\u00a0<\/b>&#8220;<b>Denunciar a alguien que se quiere es imposible, no me entra en la cabeza&#8230;\u00a0<\/b>porque una est\u00e1 enamorada&#8221;, se\u00f1al\u00f3.<\/p>\n<figure class=\"\" data-testid=\"figure-testid\">\n<div class=\"aspect_ratio__container\"><picture class=\"responsive-image\"><source srcset=\"https:\/\/tn.com.ar\/resizer\/v2\/romina-gaetani-hablo-tras-denunciar-a-su-ex-por-violencia-de-genero-sentis-mucha-confusion-y-miedo-foto-captura-america-FKH5ESOBDNCGBJ34H4NXL3UUCI.png?auth=d4d2b376adf732811908d356c01cabaa52246928e6f4cf263b2da1f29c4dc7a6&amp;width=767\" type=\"image\/jpg\" media=\"(max-width: 728px)\" \/><source srcset=\"https:\/\/tn.com.ar\/resizer\/v2\/romina-gaetani-hablo-tras-denunciar-a-su-ex-por-violencia-de-genero-sentis-mucha-confusion-y-miedo-foto-captura-america-FKH5ESOBDNCGBJ34H4NXL3UUCI.png?auth=d4d2b376adf732811908d356c01cabaa52246928e6f4cf263b2da1f29c4dc7a6&amp;width=1023\" type=\"image\/jpg\" media=\"(max-width: 1023px)\" \/><source srcset=\"https:\/\/tn.com.ar\/resizer\/v2\/romina-gaetani-hablo-tras-denunciar-a-su-ex-por-violencia-de-genero-sentis-mucha-confusion-y-miedo-foto-captura-america-FKH5ESOBDNCGBJ34H4NXL3UUCI.png?auth=d4d2b376adf732811908d356c01cabaa52246928e6f4cf263b2da1f29c4dc7a6&amp;width=1440\" type=\"image\/jpg\" \/><img loading=\"lazy\" decoding=\"async\" class=\"image content-image image_placeholder\" src=\"https:\/\/tn.com.ar\/resizer\/v2\/romina-gaetani-hablo-tras-denunciar-a-su-ex-por-violencia-de-genero-sentis-mucha-confusion-y-miedo-foto-captura-america-FKH5ESOBDNCGBJ34H4NXL3UUCI.png?auth=d4d2b376adf732811908d356c01cabaa52246928e6f4cf263b2da1f29c4dc7a6&amp;width=767\" alt=\"Romina Gaetani habl\u00f3 tras denunciar a su ex por violencia de g\u00e9nero: \u201cSent\u00eds mucha confusi\u00f3n y miedo\u201d (Foto: Captura - Am\u00e9rica)\" width=\"767\" height=\"431\" data-testid=\"loading-testid\" \/><\/picture><\/div><figcaption class=\"caption_image\" data-testid=\"figcaption-testid\">\n<div class=\"image_caption \">Romina Gaetani habl\u00f3 tras denunciar a su ex por violencia de g\u00e9nero: \u201cSent\u00eds mucha confusi\u00f3n y miedo\u201d (Foto: Captura &#8211; Am\u00e9rica)<\/div>\n<\/figcaption><\/figure>\n<p class=\"paragraph font__body-regular\">Acto seguido, remarc\u00f3 que muchas veces escuch\u00f3 a otras mujeres hablar del tema, pero vivirlo en primera persona le hizo tener otra perspectiva. \u201c<b>La semana pasada me toc\u00f3 ir a la fiscal\u00eda, estuve como cinco horas escuchando a las testigos. Estar presente y volver a escuchar todo lo que sucedi\u00f3 es revictimizante&#8221;<\/b>, admiti\u00f3.<\/p>\n<p class=\"paragraph font__body-regular\">Y detall\u00f3: \u201cVolv\u00ed el viernes, me met\u00ed en la cama, no pude hacer m\u00e1s nada. El s\u00e1bado estaba doblada del dolor, me levant\u00e9 de la cama como pude y ahora estoy haciendo lo mismo a media cuadra de entrada a mi terapeuta, quien va a ser testigo tambi\u00e9n ma\u00f1ana\u201d.<\/p>\n<p class=\"paragraph font__body-regular\">Dicho esto, explic\u00f3 que este martes ir\u00e1n dos personas m\u00e1s a declarar y que a ella le gustar\u00eda no estar presente. \u201cLa Justicia no tendr\u00eda&#8230; O sea,\u00a0<b>el que deber\u00eda estar en ese lugar es la persona que golpe\u00f3\u00a0<\/b>para que pueda tomar conciencia de lo que hizo\u201d, sentenci\u00f3.<\/p>\n<p class=\"paragraph font__body-regular\">A modo de cierre, la cronista se\u00f1al\u00f3 que \u00e9l asegura que tiene videos para mostrar y Gaetani retruc\u00f3: \u201cQue los muestre todos, me va a hacer un gran favor\u201d.<\/p>\n<h2 class=\"font--primary font__display\">Salieron a la luz terribles detalles de la denuncia de Romina Gaetani a su expareja por violencia de g\u00e9nero<\/h2>\n<p class=\"paragraph font__body-regular\">A fines de enero,\u00a0<b>Ignacio Trimarco<\/b>, el abogado de la actriz, pidi\u00f3 la detenci\u00f3n de\u00a0<b>Luis Cavanagh<\/b>, el exnovio de\u00a0<b>Romina Gaetani<\/b>. En este marco, el letrado revel\u00f3 algunos detalles escalofriantes del episodio de violencia de g\u00e9nero que vivi\u00f3 su defendida a fines de diciembre.<\/p>\n<p class=\"paragraph font__body-regular\">Al aire de\u00a0<i>DDM\u00a0<\/i>(<i>Am\u00e9rica<\/i>), hablaron del caso que tiene como protagonista a la artista. \u201cLa amiga es la que convence a Romina para llamar al 911 porque ella en el estado de shock no pudo reaccionar y\u00a0<b>la amiga fue la que tom\u00f3 en cuenta la actitud de este hombre violenta, agresiva<\/b>\u201d, sostuvo Guido Z\u00e1ffora.<\/p>\n<figure class=\"\" data-testid=\"figure-testid\">\n<div class=\"aspect_ratio__container\"><picture class=\"responsive-image\"><source srcset=\"https:\/\/tn.com.ar\/resizer\/v2\/romina-gaetani-denuncio-a-su-novio-luis-ramon-cavanagh-foto-captura-ciudad-magazine-THJDGJLPEJCNDEGGGBYCUCBCWM.jpg?auth=dd2cad0cd0464bbec1aa0793939baf007b91e5fa446f64d5fec45dd32961c863&amp;width=767\" type=\"image\/jpg\" media=\"(max-width: 728px)\" \/><source srcset=\"https:\/\/tn.com.ar\/resizer\/v2\/romina-gaetani-denuncio-a-su-novio-luis-ramon-cavanagh-foto-captura-ciudad-magazine-THJDGJLPEJCNDEGGGBYCUCBCWM.jpg?auth=dd2cad0cd0464bbec1aa0793939baf007b91e5fa446f64d5fec45dd32961c863&amp;width=1023\" type=\"image\/jpg\" media=\"(max-width: 1023px)\" \/><source srcset=\"https:\/\/tn.com.ar\/resizer\/v2\/romina-gaetani-denuncio-a-su-novio-luis-ramon-cavanagh-foto-captura-ciudad-magazine-THJDGJLPEJCNDEGGGBYCUCBCWM.jpg?auth=dd2cad0cd0464bbec1aa0793939baf007b91e5fa446f64d5fec45dd32961c863&amp;width=1440\" type=\"image\/jpg\" \/><img loading=\"lazy\" decoding=\"async\" class=\"image content-image image_placeholder\" src=\"https:\/\/tn.com.ar\/resizer\/v2\/romina-gaetani-denuncio-a-su-novio-luis-ramon-cavanagh-foto-captura-ciudad-magazine-THJDGJLPEJCNDEGGGBYCUCBCWM.jpg?auth=dd2cad0cd0464bbec1aa0793939baf007b91e5fa446f64d5fec45dd32961c863&amp;width=767\" alt=\"Romina Gaetani denunci\u00f3 a su novio, Luis Ram\u00f3n Cavanagh. (Foto: Captura Ciudad Magazine)\" width=\"767\" height=\"430\" data-testid=\"loading-testid\" \/><\/picture><\/div><figcaption class=\"caption_image\" data-testid=\"figcaption-testid\">\n<div class=\"image_caption \">Romina Gaetani denunci\u00f3 a su novio, Luis Ram\u00f3n Cavanagh. (Foto: Captura Ciudad Magazine)<\/div>\n<\/figcaption><\/figure>\n<p class=\"paragraph font__body-regular\">Ante la sorpresa de todos en el estudio, Trimarco lo corrigi\u00f3 y comparti\u00f3 detalles desconocidos. \u201c<b>Cuando el hecho estaba sucediendo, Romina se comunica con una amiga y es esa amiga la que llama al 911. Pero esa amiga estuvo al tel\u00e9fono mientras suced\u00eda toda la situaci\u00f3n de violencia<\/b>\u201d, revel\u00f3 el letrado.<\/p>\n<p class=\"paragraph font__body-regular\">Acto seguido, se\u00f1al\u00f3: \u201cTodos saben que las llamadas al 911 quedan registradas. As\u00ed que tambi\u00e9n vamos a solicitar que se aporten, para ver si ah\u00ed se pueden recabar m\u00e1s datos.\u00a0<b>Pero esa amiga habr\u00eda escuchado de forma presencial, por sus propios sentidos\u201d.<\/b><\/p>\n<\/div>\n<p><\/main><\/div>\n<aside class=\"col-right-rail right-rail\">\n<div id=\"parent-ad-slot-caja\" class=\"ad-container caja_ad \">\n<div class=\"ad-content\">\n<div id=\"ad-slot-caja\" class=\"ad-slot-caja ad-slot\" data-adtype=\"caja\" data-lazyload=\"1\" data-google-query-id=\"CNT42sfbzpIDFROFYQYdfa4rcA\"><\/div>\n<\/div>\n<\/div>\n<\/aside>\n","protected":false},"excerpt":{"rendered":"<p>La actriz asegur\u00f3 que est\u00e1 muy afectada por la situaci\u00f3n y que el proceso judicial es \u201crevictimizante\u201d. Romina Gaetani\u00a0rompi\u00f3 el silencio a m\u00e1s de un mes de denunciar a su expareja,\u00a0Luis Cavanagh, por violencia de g\u00e9nero. Este lunes al ser abordada por las c\u00e1maras de\u00a0DDM\u00a0(Am\u00e9rica), la actriz habl\u00f3 del calvario que vivi\u00f3 y admiti\u00f3 que [&hellip;]<\/p>\n","protected":false},"author":1,"featured_media":12198,"comment_status":"open","ping_status":"open","sticky":false,"template":"","format":"standard","meta":{"rop_custom_images_group":[],"rop_custom_messages_group":[],"rop_publish_now":"initial","rop_publish_now_accounts":[],"rop_publish_now_history":[],"rop_publish_now_status":"pending","footnotes":"","jetpack_publicize_message":"","jetpack_publicize_feature_enabled":true,"jetpack_social_post_already_shared":true,"jetpack_social_options":{"image_generator_settings":{"template":"highway","enabled":false},"version":2}},"categories":[12],"tags":[],"class_list":{"0":"post-12195","1":"post","2":"type-post","3":"status-publish","4":"format-standard","5":"has-post-thumbnail","7":"category-espectaculos"},"jetpack_publicize_connections":[],"yoast_head":"<!-- This site is optimized with the Yoast SEO plugin v27.3 - https:\/\/yoast.com\/product\/yoast-seo-wordpress\/ -->\n<title>Romina Gaetani habl\u00f3 tras denunciar a su ex por violencia de g\u00e9nero: \u201cSent\u00ed mucha confusi\u00f3n y miedo\u201d - CLAN ESPECTACULOS<\/title>\n<meta name=\"robots\" content=\"index, follow, max-snippet:-1, max-image-preview:large, max-video-preview:-1\" \/>\n<link rel=\"canonical\" href=\"https:\/\/radioclanfm.com\/clanespectaculos\/romina-gaetani-hablo-tras-denunciar-a-su-ex-por-violencia-de-genero-senti-mucha-confusion-y-miedo\/\" \/>\n<meta property=\"og:locale\" content=\"es_ES\" \/>\n<meta property=\"og:type\" content=\"article\" \/>\n<meta property=\"og:title\" content=\"Romina Gaetani habl\u00f3 tras denunciar a su ex por violencia de g\u00e9nero: \u201cSent\u00ed mucha confusi\u00f3n y miedo\u201d - CLAN ESPECTACULOS\" \/>\n<meta property=\"og:description\" content=\"La actriz asegur\u00f3 que est\u00e1 muy afectada por la situaci\u00f3n y que el proceso judicial es \u201crevictimizante\u201d. Romina Gaetani\u00a0rompi\u00f3 el silencio a m\u00e1s de un mes de denunciar a su expareja,\u00a0Luis Cavanagh, por violencia de g\u00e9nero. Este lunes al ser abordada por las c\u00e1maras de\u00a0DDM\u00a0(Am\u00e9rica), la actriz habl\u00f3 del calvario que vivi\u00f3 y admiti\u00f3 que [&hellip;]\" \/>\n<meta property=\"og:url\" content=\"https:\/\/radioclanfm.com\/clanespectaculos\/romina-gaetani-hablo-tras-denunciar-a-su-ex-por-violencia-de-genero-senti-mucha-confusion-y-miedo\/\" \/>\n<meta property=\"og:site_name\" content=\"CLAN ESPECTACULOS\" \/>\n<meta property=\"article:publisher\" content=\"https:\/\/www.facebook.com\/clanespectaculos\/\" \/>\n<meta property=\"article:published_time\" content=\"2026-02-10T10:29:42+00:00\" \/>\n<meta property=\"og:image\" content=\"https:\/\/radioclanfm.com\/clanespectaculos\/wp-content\/uploads\/sites\/2\/2026\/02\/LPPEEf8t.jpg\" \/>\n\t<meta property=\"og:image:width\" content=\"900\" \/>\n\t<meta property=\"og:image:height\" content=\"505\" \/>\n\t<meta property=\"og:image:type\" content=\"image\/jpeg\" \/>\n<meta name=\"author\" content=\"E-GRUPOCLAN\" \/>\n<meta name=\"twitter:card\" content=\"summary_large_image\" \/>\n<meta name=\"twitter:creator\" content=\"@clanespectok\" \/>\n<meta name=\"twitter:site\" content=\"@clanespectok\" \/>\n<meta name=\"twitter:label1\" content=\"Escrito por\" \/>\n\t<meta name=\"twitter:data1\" content=\"E-GRUPOCLAN\" \/>\n\t<meta name=\"twitter:label2\" content=\"Tiempo de lectura\" \/>\n\t<meta name=\"twitter:data2\" content=\"3 minutos\" \/>\n<script type=\"application\/ld+json\" class=\"yoast-schema-graph\">{\"@context\":\"https:\\\/\\\/schema.org\",\"@graph\":[{\"@type\":\"Article\",\"@id\":\"https:\\\/\\\/radioclanfm.com\\\/clanespectaculos\\\/romina-gaetani-hablo-tras-denunciar-a-su-ex-por-violencia-de-genero-senti-mucha-confusion-y-miedo\\\/#article\",\"isPartOf\":{\"@id\":\"https:\\\/\\\/radioclanfm.com\\\/clanespectaculos\\\/romina-gaetani-hablo-tras-denunciar-a-su-ex-por-violencia-de-genero-senti-mucha-confusion-y-miedo\\\/\"},\"author\":{\"name\":\"E-GRUPOCLAN\",\"@id\":\"https:\\\/\\\/radioclanfm.com\\\/clanespectaculos\\\/#\\\/schema\\\/person\\\/9734813083303230f3ad84d99171b20c\"},\"headline\":\"Romina Gaetani habl\u00f3 tras denunciar a su ex por violencia de g\u00e9nero: \u201cSent\u00ed mucha confusi\u00f3n y miedo\u201d\",\"datePublished\":\"2026-02-10T10:29:42+00:00\",\"mainEntityOfPage\":{\"@id\":\"https:\\\/\\\/radioclanfm.com\\\/clanespectaculos\\\/romina-gaetani-hablo-tras-denunciar-a-su-ex-por-violencia-de-genero-senti-mucha-confusion-y-miedo\\\/\"},\"wordCount\":600,\"commentCount\":0,\"publisher\":{\"@id\":\"https:\\\/\\\/radioclanfm.com\\\/clanespectaculos\\\/#organization\"},\"image\":{\"@id\":\"https:\\\/\\\/radioclanfm.com\\\/clanespectaculos\\\/romina-gaetani-hablo-tras-denunciar-a-su-ex-por-violencia-de-genero-senti-mucha-confusion-y-miedo\\\/#primaryimage\"},\"thumbnailUrl\":\"https:\\\/\\\/radioclanfm.com\\\/clanespectaculos\\\/wp-content\\\/uploads\\\/sites\\\/2\\\/2026\\\/02\\\/LPPEEf8t.jpg\",\"articleSection\":[\"Espectaculos\"],\"inLanguage\":\"es-AR\",\"potentialAction\":[{\"@type\":\"CommentAction\",\"name\":\"Comment\",\"target\":[\"https:\\\/\\\/radioclanfm.com\\\/clanespectaculos\\\/romina-gaetani-hablo-tras-denunciar-a-su-ex-por-violencia-de-genero-senti-mucha-confusion-y-miedo\\\/#respond\"]}]},{\"@type\":\"WebPage\",\"@id\":\"https:\\\/\\\/radioclanfm.com\\\/clanespectaculos\\\/romina-gaetani-hablo-tras-denunciar-a-su-ex-por-violencia-de-genero-senti-mucha-confusion-y-miedo\\\/\",\"url\":\"https:\\\/\\\/radioclanfm.com\\\/clanespectaculos\\\/romina-gaetani-hablo-tras-denunciar-a-su-ex-por-violencia-de-genero-senti-mucha-confusion-y-miedo\\\/\",\"name\":\"Romina Gaetani habl\u00f3 tras denunciar a su ex por violencia de g\u00e9nero: \u201cSent\u00ed mucha confusi\u00f3n y miedo\u201d - CLAN ESPECTACULOS\",\"isPartOf\":{\"@id\":\"https:\\\/\\\/radioclanfm.com\\\/clanespectaculos\\\/#website\"},\"primaryImageOfPage\":{\"@id\":\"https:\\\/\\\/radioclanfm.com\\\/clanespectaculos\\\/romina-gaetani-hablo-tras-denunciar-a-su-ex-por-violencia-de-genero-senti-mucha-confusion-y-miedo\\\/#primaryimage\"},\"image\":{\"@id\":\"https:\\\/\\\/radioclanfm.com\\\/clanespectaculos\\\/romina-gaetani-hablo-tras-denunciar-a-su-ex-por-violencia-de-genero-senti-mucha-confusion-y-miedo\\\/#primaryimage\"},\"thumbnailUrl\":\"https:\\\/\\\/radioclanfm.com\\\/clanespectaculos\\\/wp-content\\\/uploads\\\/sites\\\/2\\\/2026\\\/02\\\/LPPEEf8t.jpg\",\"datePublished\":\"2026-02-10T10:29:42+00:00\",\"breadcrumb\":{\"@id\":\"https:\\\/\\\/radioclanfm.com\\\/clanespectaculos\\\/romina-gaetani-hablo-tras-denunciar-a-su-ex-por-violencia-de-genero-senti-mucha-confusion-y-miedo\\\/#breadcrumb\"},\"inLanguage\":\"es-AR\",\"potentialAction\":[{\"@type\":\"ReadAction\",\"target\":[\"https:\\\/\\\/radioclanfm.com\\\/clanespectaculos\\\/romina-gaetani-hablo-tras-denunciar-a-su-ex-por-violencia-de-genero-senti-mucha-confusion-y-miedo\\\/\"]}]},{\"@type\":\"ImageObject\",\"inLanguage\":\"es-AR\",\"@id\":\"https:\\\/\\\/radioclanfm.com\\\/clanespectaculos\\\/romina-gaetani-hablo-tras-denunciar-a-su-ex-por-violencia-de-genero-senti-mucha-confusion-y-miedo\\\/#primaryimage\",\"url\":\"https:\\\/\\\/radioclanfm.com\\\/clanespectaculos\\\/wp-content\\\/uploads\\\/sites\\\/2\\\/2026\\\/02\\\/LPPEEf8t.jpg\",\"contentUrl\":\"https:\\\/\\\/radioclanfm.com\\\/clanespectaculos\\\/wp-content\\\/uploads\\\/sites\\\/2\\\/2026\\\/02\\\/LPPEEf8t.jpg\",\"width\":900,\"height\":505},{\"@type\":\"BreadcrumbList\",\"@id\":\"https:\\\/\\\/radioclanfm.com\\\/clanespectaculos\\\/romina-gaetani-hablo-tras-denunciar-a-su-ex-por-violencia-de-genero-senti-mucha-confusion-y-miedo\\\/#breadcrumb\",\"itemListElement\":[{\"@type\":\"ListItem\",\"position\":1,\"name\":\"Inicio\",\"item\":\"https:\\\/\\\/radioclanfm.com\\\/clanespectaculos\\\/\"},{\"@type\":\"ListItem\",\"position\":2,\"name\":\"Romina Gaetani habl\u00f3 tras denunciar a su ex por violencia de g\u00e9nero: \u201cSent\u00ed mucha confusi\u00f3n y miedo\u201d\"}]},{\"@type\":\"WebSite\",\"@id\":\"https:\\\/\\\/radioclanfm.com\\\/clanespectaculos\\\/#website\",\"url\":\"https:\\\/\\\/radioclanfm.com\\\/clanespectaculos\\\/\",\"name\":\"CLAN ESPECTACULOS\",\"description\":\"\",\"publisher\":{\"@id\":\"https:\\\/\\\/radioclanfm.com\\\/clanespectaculos\\\/#organization\"},\"potentialAction\":[{\"@type\":\"SearchAction\",\"target\":{\"@type\":\"EntryPoint\",\"urlTemplate\":\"https:\\\/\\\/radioclanfm.com\\\/clanespectaculos\\\/?s={search_term_string}\"},\"query-input\":{\"@type\":\"PropertyValueSpecification\",\"valueRequired\":true,\"valueName\":\"search_term_string\"}}],\"inLanguage\":\"es-AR\"},{\"@type\":\"Organization\",\"@id\":\"https:\\\/\\\/radioclanfm.com\\\/clanespectaculos\\\/#organization\",\"name\":\"CLAN ESPECTACULOS\",\"url\":\"https:\\\/\\\/radioclanfm.com\\\/clanespectaculos\\\/\",\"logo\":{\"@type\":\"ImageObject\",\"inLanguage\":\"es-AR\",\"@id\":\"https:\\\/\\\/radioclanfm.com\\\/clanespectaculos\\\/#\\\/schema\\\/logo\\\/image\\\/\",\"url\":\"https:\\\/\\\/radioclanfm.com\\\/clanespectaculos\\\/wp-content\\\/uploads\\\/sites\\\/2\\\/2026\\\/04\\\/ChatGPT-Image-23-mar-2026-10_09_00.png\",\"contentUrl\":\"https:\\\/\\\/radioclanfm.com\\\/clanespectaculos\\\/wp-content\\\/uploads\\\/sites\\\/2\\\/2026\\\/04\\\/ChatGPT-Image-23-mar-2026-10_09_00.png\",\"width\":1024,\"height\":1024,\"caption\":\"CLAN ESPECTACULOS\"},\"image\":{\"@id\":\"https:\\\/\\\/radioclanfm.com\\\/clanespectaculos\\\/#\\\/schema\\\/logo\\\/image\\\/\"},\"sameAs\":[\"https:\\\/\\\/www.facebook.com\\\/clanespectaculos\\\/\",\"https:\\\/\\\/x.com\\\/clanespectok\"]},{\"@type\":\"Person\",\"@id\":\"https:\\\/\\\/radioclanfm.com\\\/clanespectaculos\\\/#\\\/schema\\\/person\\\/9734813083303230f3ad84d99171b20c\",\"name\":\"E-GRUPOCLAN\",\"image\":{\"@type\":\"ImageObject\",\"inLanguage\":\"es-AR\",\"@id\":\"https:\\\/\\\/secure.gravatar.com\\\/avatar\\\/af6e19837c3d6a212034a48c7b3818d2ac1826f6025df0155da5a186ad321d79?s=96&d=mm&r=g\",\"url\":\"https:\\\/\\\/secure.gravatar.com\\\/avatar\\\/af6e19837c3d6a212034a48c7b3818d2ac1826f6025df0155da5a186ad321d79?s=96&d=mm&r=g\",\"contentUrl\":\"https:\\\/\\\/secure.gravatar.com\\\/avatar\\\/af6e19837c3d6a212034a48c7b3818d2ac1826f6025df0155da5a186ad321d79?s=96&d=mm&r=g\",\"caption\":\"E-GRUPOCLAN\"},\"sameAs\":[\"https:\\\/\\\/radioclanfm.com\"],\"url\":\"https:\\\/\\\/radioclanfm.com\\\/clanespectaculos\\\/author\\\/admin\\\/\"}]}<\/script>\n<!-- \/ Yoast SEO plugin. -->","yoast_head_json":{"title":"Romina Gaetani habl\u00f3 tras denunciar a su ex por violencia de g\u00e9nero: \u201cSent\u00ed mucha confusi\u00f3n y miedo\u201d - CLAN ESPECTACULOS","robots":{"index":"index","follow":"follow","max-snippet":"max-snippet:-1","max-image-preview":"max-image-preview:large","max-video-preview":"max-video-preview:-1"},"canonical":"https:\/\/radioclanfm.com\/clanespectaculos\/romina-gaetani-hablo-tras-denunciar-a-su-ex-por-violencia-de-genero-senti-mucha-confusion-y-miedo\/","og_locale":"es_ES","og_type":"article","og_title":"Romina Gaetani habl\u00f3 tras denunciar a su ex por violencia de g\u00e9nero: \u201cSent\u00ed mucha confusi\u00f3n y miedo\u201d - CLAN ESPECTACULOS","og_description":"La actriz asegur\u00f3 que est\u00e1 muy afectada por la situaci\u00f3n y que el proceso judicial es \u201crevictimizante\u201d. Romina Gaetani\u00a0rompi\u00f3 el silencio a m\u00e1s de un mes de denunciar a su expareja,\u00a0Luis Cavanagh, por violencia de g\u00e9nero. Este lunes al ser abordada por las c\u00e1maras de\u00a0DDM\u00a0(Am\u00e9rica), la actriz habl\u00f3 del calvario que vivi\u00f3 y admiti\u00f3 que [&hellip;]","og_url":"https:\/\/radioclanfm.com\/clanespectaculos\/romina-gaetani-hablo-tras-denunciar-a-su-ex-por-violencia-de-genero-senti-mucha-confusion-y-miedo\/","og_site_name":"CLAN ESPECTACULOS","article_publisher":"https:\/\/www.facebook.com\/clanespectaculos\/","article_published_time":"2026-02-10T10:29:42+00:00","og_image":[{"width":900,"height":505,"url":"https:\/\/radioclanfm.com\/clanespectaculos\/wp-content\/uploads\/sites\/2\/2026\/02\/LPPEEf8t.jpg","type":"image\/jpeg"}],"author":"E-GRUPOCLAN","twitter_card":"summary_large_image","twitter_creator":"@clanespectok","twitter_site":"@clanespectok","twitter_misc":{"Escrito por":"E-GRUPOCLAN","Tiempo de lectura":"3 minutos"},"schema":{"@context":"https:\/\/schema.org","@graph":[{"@type":"Article","@id":"https:\/\/radioclanfm.com\/clanespectaculos\/romina-gaetani-hablo-tras-denunciar-a-su-ex-por-violencia-de-genero-senti-mucha-confusion-y-miedo\/#article","isPartOf":{"@id":"https:\/\/radioclanfm.com\/clanespectaculos\/romina-gaetani-hablo-tras-denunciar-a-su-ex-por-violencia-de-genero-senti-mucha-confusion-y-miedo\/"},"author":{"name":"E-GRUPOCLAN","@id":"https:\/\/radioclanfm.com\/clanespectaculos\/#\/schema\/person\/9734813083303230f3ad84d99171b20c"},"headline":"Romina Gaetani habl\u00f3 tras denunciar a su ex por violencia de g\u00e9nero: \u201cSent\u00ed mucha confusi\u00f3n y miedo\u201d","datePublished":"2026-02-10T10:29:42+00:00","mainEntityOfPage":{"@id":"https:\/\/radioclanfm.com\/clanespectaculos\/romina-gaetani-hablo-tras-denunciar-a-su-ex-por-violencia-de-genero-senti-mucha-confusion-y-miedo\/"},"wordCount":600,"commentCount":0,"publisher":{"@id":"https:\/\/radioclanfm.com\/clanespectaculos\/#organization"},"image":{"@id":"https:\/\/radioclanfm.com\/clanespectaculos\/romina-gaetani-hablo-tras-denunciar-a-su-ex-por-violencia-de-genero-senti-mucha-confusion-y-miedo\/#primaryimage"},"thumbnailUrl":"https:\/\/radioclanfm.com\/clanespectaculos\/wp-content\/uploads\/sites\/2\/2026\/02\/LPPEEf8t.jpg","articleSection":["Espectaculos"],"inLanguage":"es-AR","potentialAction":[{"@type":"CommentAction","name":"Comment","target":["https:\/\/radioclanfm.com\/clanespectaculos\/romina-gaetani-hablo-tras-denunciar-a-su-ex-por-violencia-de-genero-senti-mucha-confusion-y-miedo\/#respond"]}]},{"@type":"WebPage","@id":"https:\/\/radioclanfm.com\/clanespectaculos\/romina-gaetani-hablo-tras-denunciar-a-su-ex-por-violencia-de-genero-senti-mucha-confusion-y-miedo\/","url":"https:\/\/radioclanfm.com\/clanespectaculos\/romina-gaetani-hablo-tras-denunciar-a-su-ex-por-violencia-de-genero-senti-mucha-confusion-y-miedo\/","name":"Romina Gaetani habl\u00f3 tras denunciar a su ex por violencia de g\u00e9nero: \u201cSent\u00ed mucha confusi\u00f3n y miedo\u201d - CLAN ESPECTACULOS","isPartOf":{"@id":"https:\/\/radioclanfm.com\/clanespectaculos\/#website"},"primaryImageOfPage":{"@id":"https:\/\/radioclanfm.com\/clanespectaculos\/romina-gaetani-hablo-tras-denunciar-a-su-ex-por-violencia-de-genero-senti-mucha-confusion-y-miedo\/#primaryimage"},"image":{"@id":"https:\/\/radioclanfm.com\/clanespectaculos\/romina-gaetani-hablo-tras-denunciar-a-su-ex-por-violencia-de-genero-senti-mucha-confusion-y-miedo\/#primaryimage"},"thumbnailUrl":"https:\/\/radioclanfm.com\/clanespectaculos\/wp-content\/uploads\/sites\/2\/2026\/02\/LPPEEf8t.jpg","datePublished":"2026-02-10T10:29:42+00:00","breadcrumb":{"@id":"https:\/\/radioclanfm.com\/clanespectaculos\/romina-gaetani-hablo-tras-denunciar-a-su-ex-por-violencia-de-genero-senti-mucha-confusion-y-miedo\/#breadcrumb"},"inLanguage":"es-AR","potentialAction":[{"@type":"ReadAction","target":["https:\/\/radioclanfm.com\/clanespectaculos\/romina-gaetani-hablo-tras-denunciar-a-su-ex-por-violencia-de-genero-senti-mucha-confusion-y-miedo\/"]}]},{"@type":"ImageObject","inLanguage":"es-AR","@id":"https:\/\/radioclanfm.com\/clanespectaculos\/romina-gaetani-hablo-tras-denunciar-a-su-ex-por-violencia-de-genero-senti-mucha-confusion-y-miedo\/#primaryimage","url":"https:\/\/radioclanfm.com\/clanespectaculos\/wp-content\/uploads\/sites\/2\/2026\/02\/LPPEEf8t.jpg","contentUrl":"https:\/\/radioclanfm.com\/clanespectaculos\/wp-content\/uploads\/sites\/2\/2026\/02\/LPPEEf8t.jpg","width":900,"height":505},{"@type":"BreadcrumbList","@id":"https:\/\/radioclanfm.com\/clanespectaculos\/romina-gaetani-hablo-tras-denunciar-a-su-ex-por-violencia-de-genero-senti-mucha-confusion-y-miedo\/#breadcrumb","itemListElement":[{"@type":"ListItem","position":1,"name":"Inicio","item":"https:\/\/radioclanfm.com\/clanespectaculos\/"},{"@type":"ListItem","position":2,"name":"Romina Gaetani habl\u00f3 tras denunciar a su ex por violencia de g\u00e9nero: \u201cSent\u00ed mucha confusi\u00f3n y miedo\u201d"}]},{"@type":"WebSite","@id":"https:\/\/radioclanfm.com\/clanespectaculos\/#website","url":"https:\/\/radioclanfm.com\/clanespectaculos\/","name":"CLAN ESPECTACULOS","description":"","publisher":{"@id":"https:\/\/radioclanfm.com\/clanespectaculos\/#organization"},"potentialAction":[{"@type":"SearchAction","target":{"@type":"EntryPoint","urlTemplate":"https:\/\/radioclanfm.com\/clanespectaculos\/?s={search_term_string}"},"query-input":{"@type":"PropertyValueSpecification","valueRequired":true,"valueName":"search_term_string"}}],"inLanguage":"es-AR"},{"@type":"Organization","@id":"https:\/\/radioclanfm.com\/clanespectaculos\/#organization","name":"CLAN ESPECTACULOS","url":"https:\/\/radioclanfm.com\/clanespectaculos\/","logo":{"@type":"ImageObject","inLanguage":"es-AR","@id":"https:\/\/radioclanfm.com\/clanespectaculos\/#\/schema\/logo\/image\/","url":"https:\/\/radioclanfm.com\/clanespectaculos\/wp-content\/uploads\/sites\/2\/2026\/04\/ChatGPT-Image-23-mar-2026-10_09_00.png","contentUrl":"https:\/\/radioclanfm.com\/clanespectaculos\/wp-content\/uploads\/sites\/2\/2026\/04\/ChatGPT-Image-23-mar-2026-10_09_00.png","width":1024,"height":1024,"caption":"CLAN ESPECTACULOS"},"image":{"@id":"https:\/\/radioclanfm.com\/clanespectaculos\/#\/schema\/logo\/image\/"},"sameAs":["https:\/\/www.facebook.com\/clanespectaculos\/","https:\/\/x.com\/clanespectok"]},{"@type":"Person","@id":"https:\/\/radioclanfm.com\/clanespectaculos\/#\/schema\/person\/9734813083303230f3ad84d99171b20c","name":"E-GRUPOCLAN","image":{"@type":"ImageObject","inLanguage":"es-AR","@id":"https:\/\/secure.gravatar.com\/avatar\/af6e19837c3d6a212034a48c7b3818d2ac1826f6025df0155da5a186ad321d79?s=96&d=mm&r=g","url":"https:\/\/secure.gravatar.com\/avatar\/af6e19837c3d6a212034a48c7b3818d2ac1826f6025df0155da5a186ad321d79?s=96&d=mm&r=g","contentUrl":"https:\/\/secure.gravatar.com\/avatar\/af6e19837c3d6a212034a48c7b3818d2ac1826f6025df0155da5a186ad321d79?s=96&d=mm&r=g","caption":"E-GRUPOCLAN"},"sameAs":["https:\/\/radioclanfm.com"],"url":"https:\/\/radioclanfm.com\/clanespectaculos\/author\/admin\/"}]}},"_links":{"self":[{"href":"https:\/\/radioclanfm.com\/clanespectaculos\/wp-json\/wp\/v2\/posts\/12195","targetHints":{"allow":["GET"]}}],"collection":[{"href":"https:\/\/radioclanfm.com\/clanespectaculos\/wp-json\/wp\/v2\/posts"}],"about":[{"href":"https:\/\/radioclanfm.com\/clanespectaculos\/wp-json\/wp\/v2\/types\/post"}],"author":[{"embeddable":true,"href":"https:\/\/radioclanfm.com\/clanespectaculos\/wp-json\/wp\/v2\/users\/1"}],"replies":[{"embeddable":true,"href":"https:\/\/radioclanfm.com\/clanespectaculos\/wp-json\/wp\/v2\/comments?post=12195"}],"version-history":[{"count":1,"href":"https:\/\/radioclanfm.com\/clanespectaculos\/wp-json\/wp\/v2\/posts\/12195\/revisions"}],"predecessor-version":[{"id":12199,"href":"https:\/\/radioclanfm.com\/clanespectaculos\/wp-json\/wp\/v2\/posts\/12195\/revisions\/12199"}],"wp:featuredmedia":[{"embeddable":true,"href":"https:\/\/radioclanfm.com\/clanespectaculos\/wp-json\/wp\/v2\/media\/12198"}],"wp:attachment":[{"href":"https:\/\/radioclanfm.com\/clanespectaculos\/wp-json\/wp\/v2\/media?parent=12195"}],"wp:term":[{"taxonomy":"category","embeddable":true,"href":"https:\/\/radioclanfm.com\/clanespectaculos\/wp-json\/wp\/v2\/categories?post=12195"},{"taxonomy":"post_tag","embeddable":true,"href":"https:\/\/radioclanfm.com\/clanespectaculos\/wp-json\/wp\/v2\/tags?post=12195"}],"curies":[{"name":"wp","href":"https:\/\/api.w.org\/{rel}","templated":true}]}}