{"id":12185,"date":"2026-02-10T07:26:10","date_gmt":"2026-02-10T10:26:10","guid":{"rendered":"https:\/\/radioclanfm.com\/clanespectaculos\/?p=12185"},"modified":"2026-02-10T07:26:10","modified_gmt":"2026-02-10T10:26:10","slug":"la-reaccion-de-maxi-lopez-cuando-le-preguntaron-si-va-a-besar-a-wanda-nara-en-la-ficcion-que-protagonizaran","status":"publish","type":"post","link":"https:\/\/radioclanfm.com\/clanespectaculos\/la-reaccion-de-maxi-lopez-cuando-le-preguntaron-si-va-a-besar-a-wanda-nara-en-la-ficcion-que-protagonizaran\/","title":{"rendered":"La reacci\u00f3n de Maxi L\u00f3pez cuando le preguntaron si va a besar a Wanda Nara en la ficci\u00f3n que protagonizar\u00e1n"},"content":{"rendered":"<p>La medi\u00e1tica y el futbolista trabajar\u00e1n juntos en una serie vertical.<\/p>\n<div class=\"col-content\"><main class=\"col-content\"><\/p>\n<div class=\"default-article-color article__body article__article\">\n<p class=\"paragraph font__body-regular\"><b>Maxi L\u00f3pez<\/b>\u00a0y\u00a0<b>Wanda Nara<\/b>\u00a0encarnar\u00e1n a una pareja en una serie vertical. En este marco, el exfutbolista\u00a0<b>sorprendi\u00f3 con su reacci\u00f3n al ser consultado acerca de si podr\u00eda besar a la madre de sus hijos en la ficci\u00f3n<\/b>.<\/p>\n<div class=\"AV6543bedcd858799fe90b5c47\">\n<div id=\"aniBox\">\n<div id=\"aniplayer_AV6543bedcd858799fe90b5c47-1770719133823\">\n<div id=\"aniplayer_AV6543bedcd858799fe90b5c47-1770719133823gui\">\n<div id=\"av-caption\">\n<div id=\"av-close-btn-overlay\" class=\"av-pos-top-left\"><\/div>\n<\/div>\n<\/div>\n<\/div>\n<\/div>\n<\/div>\n<div id=\"ad-slot-infeed\" class=\"infeed-container ad-slot-infeed ad-slot\" data-adtype=\"infeed\" data-lazyload=\"1\" data-google-query-id=\"CKTFneLazpIDFZ1XuAQd4hEG-Q\">\n<div id=\"google_ads_iframe_\/113951150\/tn-arc\/nota\/infeed_0__container__\"><\/div>\n<\/div>\n<p class=\"paragraph font__body-regular\">Este lunes, en di\u00e1logo con<i>\u00a0Desayuno Americano\u00a0<\/i>(<i>Am\u00e9rica<\/i>), el participante de\u00a0<i>MasterChef Celebrity<\/i>\u00a0(<i>Telefe<\/i>) cont\u00f3 que<b>\u00a0ya empezaron con el coacheo para la serie.\u00a0<\/b>\u201cLo hacemos juntos.\u00a0<b>Yo me quiero divertir<\/b>. Cada proyecto que cierro, la tengo que pasar bien\u201d, sostuvo.<\/p>\n<p class=\"paragraph font__body-regular\">Con picard\u00eda, Luis Bremer interrumpi\u00f3:\u00a0<b>\u201c\u00bfVa a haber beso con Wanda\u201d<\/b>.\u00a0<b>\u201cMmm&#8230; No puedo decir nada\u201d<\/b>, lanz\u00f3, entre risas, alimentando el misterio.<\/p>\n<figure class=\"\" data-testid=\"figure-testid\">\n<div class=\"aspect_ratio__container\"><picture class=\"responsive-image\"><source srcset=\"https:\/\/tn.com.ar\/resizer\/v2\/wanda-nara-y-maxi-lopez-se-dijeron-de-todo-al-aire-foto-captura-telefe-B3TAOFUA7VFWNLTFRV46BZDE2I.jpg?auth=923d4d0b92b3ed90121530ae1f82e164ea26dda0b05d38a5a0f3a89d9c1a93ae&amp;width=767\" type=\"image\/jpg\" media=\"(max-width: 728px)\" \/><source srcset=\"https:\/\/tn.com.ar\/resizer\/v2\/wanda-nara-y-maxi-lopez-se-dijeron-de-todo-al-aire-foto-captura-telefe-B3TAOFUA7VFWNLTFRV46BZDE2I.jpg?auth=923d4d0b92b3ed90121530ae1f82e164ea26dda0b05d38a5a0f3a89d9c1a93ae&amp;width=1023\" type=\"image\/jpg\" media=\"(max-width: 1023px)\" \/><source srcset=\"https:\/\/tn.com.ar\/resizer\/v2\/wanda-nara-y-maxi-lopez-se-dijeron-de-todo-al-aire-foto-captura-telefe-B3TAOFUA7VFWNLTFRV46BZDE2I.jpg?auth=923d4d0b92b3ed90121530ae1f82e164ea26dda0b05d38a5a0f3a89d9c1a93ae&amp;width=1440\" type=\"image\/jpg\" \/><img loading=\"lazy\" decoding=\"async\" class=\"image content-image image_placeholder\" src=\"https:\/\/tn.com.ar\/resizer\/v2\/wanda-nara-y-maxi-lopez-se-dijeron-de-todo-al-aire-foto-captura-telefe-B3TAOFUA7VFWNLTFRV46BZDE2I.jpg?auth=923d4d0b92b3ed90121530ae1f82e164ea26dda0b05d38a5a0f3a89d9c1a93ae&amp;width=767\" alt=\"Wanda Nara y Maxi L\u00f3pez se dijeron de todo al aire. (Foto: captura Telefe)\" width=\"767\" height=\"430\" data-testid=\"loading-testid\" \/><\/picture><\/div><figcaption class=\"caption_image\" data-testid=\"figcaption-testid\">\n<div class=\"image_caption \">Wanda Nara y Maxi L\u00f3pez se dijeron de todo al aire. (Foto: captura Telefe)<\/div>\n<\/figcaption><\/figure>\n<h2 class=\"font--primary font__display\">C\u00f3mo ser\u00e1 el nuevo trabajo que unir\u00e1 a Wanda Nara con Maxi L\u00f3pez<\/h2>\n<p class=\"paragraph font__body-regular\">A fines de enero, al aire de\u00a0<i><b>Ser\u00eda incre\u00edble<\/b><\/i>\u00a0(<i>OLGA<\/i>),\u00a0<b>Maxi L\u00f3pez\u00a0<\/b>cont\u00f3 que est\u00e1 preparando un proyecto en com\u00fan con<b>\u00a0Wanda Nara<\/b>\u00a0que\u00a0<b>los tendr\u00e1 como protagonistas.<\/b><\/p>\n<p class=\"paragraph font__body-regular\">Ser\u00e1 una serie vertical en la que el exfutbolista\u00a0<b>encarnar\u00e1 a un personaje similar a su propia figura\u00a0<\/b>y la madre de tres de sus hijos se pondr\u00e1 en la piel de su pareja.<\/p>\n<div class=\"genoa_video raw relative\">\n<div class=\"video_placeholder\">\n<div class=\"aspect_ratio__container\"><picture class=\"responsive-image\"><source srcset=\"https:\/\/tn.com.ar\/resizer\/v2\/https%3A%2F%2Fthumbs.vodgc.net%2F1-14-adzETn1769769408294-1769771923.jpg?auth=b71469e5d2da9756219f60c940e1418b2c640a8108815931980a72d564690738&amp;width=767\" type=\"image\/jpg\" media=\"(max-width: 728px)\" \/><source srcset=\"https:\/\/tn.com.ar\/resizer\/v2\/https%3A%2F%2Fthumbs.vodgc.net%2F1-14-adzETn1769769408294-1769771923.jpg?auth=b71469e5d2da9756219f60c940e1418b2c640a8108815931980a72d564690738&amp;width=1023\" type=\"image\/jpg\" media=\"(max-width: 1023px)\" \/><source srcset=\"https:\/\/tn.com.ar\/resizer\/v2\/https%3A%2F%2Fthumbs.vodgc.net%2F1-14-adzETn1769769408294-1769771923.jpg?auth=b71469e5d2da9756219f60c940e1418b2c640a8108815931980a72d564690738&amp;width=1440\" type=\"image\/jpg\" \/><\/picture><\/div>\n<p><button type=\"button\" data-testid=\"video-placeholder-button\"><\/button><\/div>\n<\/div>\n<div class=\"genoa_description font__body-regular\"><\/div>\n<p class=\"paragraph font__body-regular\"><b>El exdelantero cont\u00f3 que su rol en la ficci\u00f3n no dista mucho de la realidad<\/b>. \u201cMi personaje va a ser de Maxi. Es una ficci\u00f3n de la ficci\u00f3n\u201d, precis\u00f3.<\/p>\n<p class=\"paragraph font__body-regular\">Nati Jota le consult\u00f3 si su personaje iba a ser sobre su realidad actual o si iba a ser sobre su pasado como jugador en Italia.<\/p>\n<p class=\"paragraph font__body-regular\">\u201cLa historia va a ser de una pareja que ella va a estar embarazada y va a ser en la \u00e9poca del Mundial. Entonces es el hijo que nace en el Mundial y uno tiene que decidir ciertas situaciones y<b>\u00a0Maxi va a hacer de Maxi y Wanda va a hacer de Wanda<\/b>\u201d, sostuvo.<\/p>\n<p class=\"paragraph font__body-regular\">\u201c\u00bfSe llaman Maxi y Wanda en la ficci\u00f3n? \u00bfO les cambian el nombre?\u201c, pregunt\u00f3 la conductora. \u201dEso lo estamos decidiendo&#8221;, respondi\u00f3 el medi\u00e1tico. Y agreg\u00f3: \u201c<b>Es como una historia de una pareja y ella va a estar embarazada\u00a0<\/b>y va a haber actores que van a estar muy buenos. Se va a armar lindo\u201d.<\/p>\n<p class=\"paragraph font__body-regular\">Cuando la animadora busc\u00f3 saber qu\u00e9 famosos iban a estar involucrados en el proyecto, Maxi L\u00f3pez no quiso decir demasiado,\u00a0<b>pero se le filtr\u00f3 un nombre.<\/b><\/p>\n<p class=\"paragraph font__body-regular\">\u201cBueno, te voy a tirar uno, por ejemplo. No s\u00e9 si confirm\u00f3 o no, pero el cantante de&#8230;\u00a0<b>\u00bfAle Sergi es el de Miranda?\u00a0<\/b>Eso es un perfil de lo que hay&#8221;, sentenci\u00f3.<\/p>\n<p class=\"paragraph font__body-regular\">La conductora sigui\u00f3 con muchas dudas sobre la novela-serie que unir\u00e1 a la conductora con el actual empresario. \u201c\u00bfVos vas a estar como en un presente de jugador?\u201c, pregunt\u00f3. \u201dBueno,\u00a0<b>no le\u00ed todo el guion todav\u00eda<\/b>, pero es un poco todo actual. O sea, Exjugador&#8221;, agreg\u00f3.<\/p>\n<\/div>\n<p><\/main><\/div>\n<aside class=\"col-right-rail right-rail\">\n<div id=\"parent-ad-slot-caja\" class=\"ad-container caja_ad \">\n<div class=\"ad-content\">\n<div id=\"ad-slot-caja\" class=\"ad-slot-caja ad-slot\" data-adtype=\"caja\" data-lazyload=\"1\" data-google-query-id=\"CPSnneLazpIDFeVPuAQdubUNXA\"><\/div>\n<\/div>\n<\/div>\n<\/aside>\n<p>&nbsp;<\/p>\n","protected":false},"excerpt":{"rendered":"<p>La medi\u00e1tica y el futbolista trabajar\u00e1n juntos en una serie vertical. Maxi L\u00f3pez\u00a0y\u00a0Wanda Nara\u00a0encarnar\u00e1n a una pareja en una serie vertical. En este marco, el exfutbolista\u00a0sorprendi\u00f3 con su reacci\u00f3n al ser consultado acerca de si podr\u00eda besar a la madre de sus hijos en la ficci\u00f3n. Este lunes, en di\u00e1logo con\u00a0Desayuno Americano\u00a0(Am\u00e9rica), el participante de\u00a0MasterChef [&hellip;]<\/p>\n","protected":false},"author":1,"featured_media":12188,"comment_status":"open","ping_status":"open","sticky":false,"template":"","format":"standard","meta":{"rop_custom_images_group":[],"rop_custom_messages_group":[],"rop_publish_now":"initial","rop_publish_now_accounts":[],"rop_publish_now_history":[],"rop_publish_now_status":"pending","footnotes":"","jetpack_publicize_message":"","jetpack_publicize_feature_enabled":true,"jetpack_social_post_already_shared":true,"jetpack_social_options":{"image_generator_settings":{"template":"highway","enabled":false},"version":2}},"categories":[12],"tags":[],"class_list":{"0":"post-12185","1":"post","2":"type-post","3":"status-publish","4":"format-standard","5":"has-post-thumbnail","7":"category-espectaculos"},"jetpack_publicize_connections":[],"yoast_head":"<!-- This site is optimized with the Yoast SEO plugin v27.3 - https:\/\/yoast.com\/product\/yoast-seo-wordpress\/ -->\n<title>La reacci\u00f3n de Maxi L\u00f3pez cuando le preguntaron si va a besar a Wanda Nara en la ficci\u00f3n que protagonizar\u00e1n - CLAN ESPECTACULOS<\/title>\n<meta name=\"robots\" content=\"index, follow, max-snippet:-1, max-image-preview:large, max-video-preview:-1\" \/>\n<link rel=\"canonical\" href=\"https:\/\/radioclanfm.com\/clanespectaculos\/la-reaccion-de-maxi-lopez-cuando-le-preguntaron-si-va-a-besar-a-wanda-nara-en-la-ficcion-que-protagonizaran\/\" \/>\n<meta property=\"og:locale\" content=\"es_ES\" \/>\n<meta property=\"og:type\" content=\"article\" \/>\n<meta property=\"og:title\" content=\"La reacci\u00f3n de Maxi L\u00f3pez cuando le preguntaron si va a besar a Wanda Nara en la ficci\u00f3n que protagonizar\u00e1n - CLAN ESPECTACULOS\" \/>\n<meta property=\"og:description\" content=\"La medi\u00e1tica y el futbolista trabajar\u00e1n juntos en una serie vertical. Maxi L\u00f3pez\u00a0y\u00a0Wanda Nara\u00a0encarnar\u00e1n a una pareja en una serie vertical. En este marco, el exfutbolista\u00a0sorprendi\u00f3 con su reacci\u00f3n al ser consultado acerca de si podr\u00eda besar a la madre de sus hijos en la ficci\u00f3n. Este lunes, en di\u00e1logo con\u00a0Desayuno Americano\u00a0(Am\u00e9rica), el participante de\u00a0MasterChef [&hellip;]\" \/>\n<meta property=\"og:url\" content=\"https:\/\/radioclanfm.com\/clanespectaculos\/la-reaccion-de-maxi-lopez-cuando-le-preguntaron-si-va-a-besar-a-wanda-nara-en-la-ficcion-que-protagonizaran\/\" \/>\n<meta property=\"og:site_name\" content=\"CLAN ESPECTACULOS\" \/>\n<meta property=\"article:publisher\" content=\"https:\/\/www.facebook.com\/clanespectaculos\/\" \/>\n<meta property=\"article:published_time\" content=\"2026-02-10T10:26:10+00:00\" \/>\n<meta property=\"og:image\" content=\"https:\/\/radioclanfm.com\/clanespectaculos\/wp-content\/uploads\/sites\/2\/2026\/02\/fU2M9FdA.jpg\" \/>\n\t<meta property=\"og:image:width\" content=\"900\" \/>\n\t<meta property=\"og:image:height\" content=\"505\" \/>\n\t<meta property=\"og:image:type\" content=\"image\/jpeg\" \/>\n<meta name=\"author\" content=\"E-GRUPOCLAN\" \/>\n<meta name=\"twitter:card\" content=\"summary_large_image\" \/>\n<meta name=\"twitter:creator\" content=\"@clanespectok\" \/>\n<meta name=\"twitter:site\" content=\"@clanespectok\" \/>\n<meta name=\"twitter:label1\" content=\"Escrito por\" \/>\n\t<meta name=\"twitter:data1\" content=\"E-GRUPOCLAN\" \/>\n\t<meta name=\"twitter:label2\" content=\"Tiempo de lectura\" \/>\n\t<meta name=\"twitter:data2\" content=\"2 minutos\" \/>\n<script type=\"application\/ld+json\" class=\"yoast-schema-graph\">{\"@context\":\"https:\\\/\\\/schema.org\",\"@graph\":[{\"@type\":\"Article\",\"@id\":\"https:\\\/\\\/radioclanfm.com\\\/clanespectaculos\\\/la-reaccion-de-maxi-lopez-cuando-le-preguntaron-si-va-a-besar-a-wanda-nara-en-la-ficcion-que-protagonizaran\\\/#article\",\"isPartOf\":{\"@id\":\"https:\\\/\\\/radioclanfm.com\\\/clanespectaculos\\\/la-reaccion-de-maxi-lopez-cuando-le-preguntaron-si-va-a-besar-a-wanda-nara-en-la-ficcion-que-protagonizaran\\\/\"},\"author\":{\"name\":\"E-GRUPOCLAN\",\"@id\":\"https:\\\/\\\/radioclanfm.com\\\/clanespectaculos\\\/#\\\/schema\\\/person\\\/9734813083303230f3ad84d99171b20c\"},\"headline\":\"La reacci\u00f3n de Maxi L\u00f3pez cuando le preguntaron si va a besar a Wanda Nara en la ficci\u00f3n que protagonizar\u00e1n\",\"datePublished\":\"2026-02-10T10:26:10+00:00\",\"mainEntityOfPage\":{\"@id\":\"https:\\\/\\\/radioclanfm.com\\\/clanespectaculos\\\/la-reaccion-de-maxi-lopez-cuando-le-preguntaron-si-va-a-besar-a-wanda-nara-en-la-ficcion-que-protagonizaran\\\/\"},\"wordCount\":519,\"commentCount\":0,\"publisher\":{\"@id\":\"https:\\\/\\\/radioclanfm.com\\\/clanespectaculos\\\/#organization\"},\"image\":{\"@id\":\"https:\\\/\\\/radioclanfm.com\\\/clanespectaculos\\\/la-reaccion-de-maxi-lopez-cuando-le-preguntaron-si-va-a-besar-a-wanda-nara-en-la-ficcion-que-protagonizaran\\\/#primaryimage\"},\"thumbnailUrl\":\"https:\\\/\\\/radioclanfm.com\\\/clanespectaculos\\\/wp-content\\\/uploads\\\/sites\\\/2\\\/2026\\\/02\\\/fU2M9FdA.jpg\",\"articleSection\":[\"Espectaculos\"],\"inLanguage\":\"es-AR\",\"potentialAction\":[{\"@type\":\"CommentAction\",\"name\":\"Comment\",\"target\":[\"https:\\\/\\\/radioclanfm.com\\\/clanespectaculos\\\/la-reaccion-de-maxi-lopez-cuando-le-preguntaron-si-va-a-besar-a-wanda-nara-en-la-ficcion-que-protagonizaran\\\/#respond\"]}]},{\"@type\":\"WebPage\",\"@id\":\"https:\\\/\\\/radioclanfm.com\\\/clanespectaculos\\\/la-reaccion-de-maxi-lopez-cuando-le-preguntaron-si-va-a-besar-a-wanda-nara-en-la-ficcion-que-protagonizaran\\\/\",\"url\":\"https:\\\/\\\/radioclanfm.com\\\/clanespectaculos\\\/la-reaccion-de-maxi-lopez-cuando-le-preguntaron-si-va-a-besar-a-wanda-nara-en-la-ficcion-que-protagonizaran\\\/\",\"name\":\"La reacci\u00f3n de Maxi L\u00f3pez cuando le preguntaron si va a besar a Wanda Nara en la ficci\u00f3n que protagonizar\u00e1n - CLAN ESPECTACULOS\",\"isPartOf\":{\"@id\":\"https:\\\/\\\/radioclanfm.com\\\/clanespectaculos\\\/#website\"},\"primaryImageOfPage\":{\"@id\":\"https:\\\/\\\/radioclanfm.com\\\/clanespectaculos\\\/la-reaccion-de-maxi-lopez-cuando-le-preguntaron-si-va-a-besar-a-wanda-nara-en-la-ficcion-que-protagonizaran\\\/#primaryimage\"},\"image\":{\"@id\":\"https:\\\/\\\/radioclanfm.com\\\/clanespectaculos\\\/la-reaccion-de-maxi-lopez-cuando-le-preguntaron-si-va-a-besar-a-wanda-nara-en-la-ficcion-que-protagonizaran\\\/#primaryimage\"},\"thumbnailUrl\":\"https:\\\/\\\/radioclanfm.com\\\/clanespectaculos\\\/wp-content\\\/uploads\\\/sites\\\/2\\\/2026\\\/02\\\/fU2M9FdA.jpg\",\"datePublished\":\"2026-02-10T10:26:10+00:00\",\"breadcrumb\":{\"@id\":\"https:\\\/\\\/radioclanfm.com\\\/clanespectaculos\\\/la-reaccion-de-maxi-lopez-cuando-le-preguntaron-si-va-a-besar-a-wanda-nara-en-la-ficcion-que-protagonizaran\\\/#breadcrumb\"},\"inLanguage\":\"es-AR\",\"potentialAction\":[{\"@type\":\"ReadAction\",\"target\":[\"https:\\\/\\\/radioclanfm.com\\\/clanespectaculos\\\/la-reaccion-de-maxi-lopez-cuando-le-preguntaron-si-va-a-besar-a-wanda-nara-en-la-ficcion-que-protagonizaran\\\/\"]}]},{\"@type\":\"ImageObject\",\"inLanguage\":\"es-AR\",\"@id\":\"https:\\\/\\\/radioclanfm.com\\\/clanespectaculos\\\/la-reaccion-de-maxi-lopez-cuando-le-preguntaron-si-va-a-besar-a-wanda-nara-en-la-ficcion-que-protagonizaran\\\/#primaryimage\",\"url\":\"https:\\\/\\\/radioclanfm.com\\\/clanespectaculos\\\/wp-content\\\/uploads\\\/sites\\\/2\\\/2026\\\/02\\\/fU2M9FdA.jpg\",\"contentUrl\":\"https:\\\/\\\/radioclanfm.com\\\/clanespectaculos\\\/wp-content\\\/uploads\\\/sites\\\/2\\\/2026\\\/02\\\/fU2M9FdA.jpg\",\"width\":900,\"height\":505},{\"@type\":\"BreadcrumbList\",\"@id\":\"https:\\\/\\\/radioclanfm.com\\\/clanespectaculos\\\/la-reaccion-de-maxi-lopez-cuando-le-preguntaron-si-va-a-besar-a-wanda-nara-en-la-ficcion-que-protagonizaran\\\/#breadcrumb\",\"itemListElement\":[{\"@type\":\"ListItem\",\"position\":1,\"name\":\"Inicio\",\"item\":\"https:\\\/\\\/radioclanfm.com\\\/clanespectaculos\\\/\"},{\"@type\":\"ListItem\",\"position\":2,\"name\":\"La reacci\u00f3n de Maxi L\u00f3pez cuando le preguntaron si va a besar a Wanda Nara en la ficci\u00f3n que protagonizar\u00e1n\"}]},{\"@type\":\"WebSite\",\"@id\":\"https:\\\/\\\/radioclanfm.com\\\/clanespectaculos\\\/#website\",\"url\":\"https:\\\/\\\/radioclanfm.com\\\/clanespectaculos\\\/\",\"name\":\"CLAN ESPECTACULOS\",\"description\":\"\",\"publisher\":{\"@id\":\"https:\\\/\\\/radioclanfm.com\\\/clanespectaculos\\\/#organization\"},\"potentialAction\":[{\"@type\":\"SearchAction\",\"target\":{\"@type\":\"EntryPoint\",\"urlTemplate\":\"https:\\\/\\\/radioclanfm.com\\\/clanespectaculos\\\/?s={search_term_string}\"},\"query-input\":{\"@type\":\"PropertyValueSpecification\",\"valueRequired\":true,\"valueName\":\"search_term_string\"}}],\"inLanguage\":\"es-AR\"},{\"@type\":\"Organization\",\"@id\":\"https:\\\/\\\/radioclanfm.com\\\/clanespectaculos\\\/#organization\",\"name\":\"CLAN ESPECTACULOS\",\"url\":\"https:\\\/\\\/radioclanfm.com\\\/clanespectaculos\\\/\",\"logo\":{\"@type\":\"ImageObject\",\"inLanguage\":\"es-AR\",\"@id\":\"https:\\\/\\\/radioclanfm.com\\\/clanespectaculos\\\/#\\\/schema\\\/logo\\\/image\\\/\",\"url\":\"https:\\\/\\\/radioclanfm.com\\\/clanespectaculos\\\/wp-content\\\/uploads\\\/sites\\\/2\\\/2026\\\/04\\\/ChatGPT-Image-23-mar-2026-10_09_00.png\",\"contentUrl\":\"https:\\\/\\\/radioclanfm.com\\\/clanespectaculos\\\/wp-content\\\/uploads\\\/sites\\\/2\\\/2026\\\/04\\\/ChatGPT-Image-23-mar-2026-10_09_00.png\",\"width\":1024,\"height\":1024,\"caption\":\"CLAN ESPECTACULOS\"},\"image\":{\"@id\":\"https:\\\/\\\/radioclanfm.com\\\/clanespectaculos\\\/#\\\/schema\\\/logo\\\/image\\\/\"},\"sameAs\":[\"https:\\\/\\\/www.facebook.com\\\/clanespectaculos\\\/\",\"https:\\\/\\\/x.com\\\/clanespectok\"]},{\"@type\":\"Person\",\"@id\":\"https:\\\/\\\/radioclanfm.com\\\/clanespectaculos\\\/#\\\/schema\\\/person\\\/9734813083303230f3ad84d99171b20c\",\"name\":\"E-GRUPOCLAN\",\"image\":{\"@type\":\"ImageObject\",\"inLanguage\":\"es-AR\",\"@id\":\"https:\\\/\\\/secure.gravatar.com\\\/avatar\\\/af6e19837c3d6a212034a48c7b3818d2ac1826f6025df0155da5a186ad321d79?s=96&d=mm&r=g\",\"url\":\"https:\\\/\\\/secure.gravatar.com\\\/avatar\\\/af6e19837c3d6a212034a48c7b3818d2ac1826f6025df0155da5a186ad321d79?s=96&d=mm&r=g\",\"contentUrl\":\"https:\\\/\\\/secure.gravatar.com\\\/avatar\\\/af6e19837c3d6a212034a48c7b3818d2ac1826f6025df0155da5a186ad321d79?s=96&d=mm&r=g\",\"caption\":\"E-GRUPOCLAN\"},\"sameAs\":[\"https:\\\/\\\/radioclanfm.com\"],\"url\":\"https:\\\/\\\/radioclanfm.com\\\/clanespectaculos\\\/author\\\/admin\\\/\"}]}<\/script>\n<!-- \/ Yoast SEO plugin. -->","yoast_head_json":{"title":"La reacci\u00f3n de Maxi L\u00f3pez cuando le preguntaron si va a besar a Wanda Nara en la ficci\u00f3n que protagonizar\u00e1n - CLAN ESPECTACULOS","robots":{"index":"index","follow":"follow","max-snippet":"max-snippet:-1","max-image-preview":"max-image-preview:large","max-video-preview":"max-video-preview:-1"},"canonical":"https:\/\/radioclanfm.com\/clanespectaculos\/la-reaccion-de-maxi-lopez-cuando-le-preguntaron-si-va-a-besar-a-wanda-nara-en-la-ficcion-que-protagonizaran\/","og_locale":"es_ES","og_type":"article","og_title":"La reacci\u00f3n de Maxi L\u00f3pez cuando le preguntaron si va a besar a Wanda Nara en la ficci\u00f3n que protagonizar\u00e1n - CLAN ESPECTACULOS","og_description":"La medi\u00e1tica y el futbolista trabajar\u00e1n juntos en una serie vertical. Maxi L\u00f3pez\u00a0y\u00a0Wanda Nara\u00a0encarnar\u00e1n a una pareja en una serie vertical. En este marco, el exfutbolista\u00a0sorprendi\u00f3 con su reacci\u00f3n al ser consultado acerca de si podr\u00eda besar a la madre de sus hijos en la ficci\u00f3n. Este lunes, en di\u00e1logo con\u00a0Desayuno Americano\u00a0(Am\u00e9rica), el participante de\u00a0MasterChef [&hellip;]","og_url":"https:\/\/radioclanfm.com\/clanespectaculos\/la-reaccion-de-maxi-lopez-cuando-le-preguntaron-si-va-a-besar-a-wanda-nara-en-la-ficcion-que-protagonizaran\/","og_site_name":"CLAN ESPECTACULOS","article_publisher":"https:\/\/www.facebook.com\/clanespectaculos\/","article_published_time":"2026-02-10T10:26:10+00:00","og_image":[{"width":900,"height":505,"url":"https:\/\/radioclanfm.com\/clanespectaculos\/wp-content\/uploads\/sites\/2\/2026\/02\/fU2M9FdA.jpg","type":"image\/jpeg"}],"author":"E-GRUPOCLAN","twitter_card":"summary_large_image","twitter_creator":"@clanespectok","twitter_site":"@clanespectok","twitter_misc":{"Escrito por":"E-GRUPOCLAN","Tiempo de lectura":"2 minutos"},"schema":{"@context":"https:\/\/schema.org","@graph":[{"@type":"Article","@id":"https:\/\/radioclanfm.com\/clanespectaculos\/la-reaccion-de-maxi-lopez-cuando-le-preguntaron-si-va-a-besar-a-wanda-nara-en-la-ficcion-que-protagonizaran\/#article","isPartOf":{"@id":"https:\/\/radioclanfm.com\/clanespectaculos\/la-reaccion-de-maxi-lopez-cuando-le-preguntaron-si-va-a-besar-a-wanda-nara-en-la-ficcion-que-protagonizaran\/"},"author":{"name":"E-GRUPOCLAN","@id":"https:\/\/radioclanfm.com\/clanespectaculos\/#\/schema\/person\/9734813083303230f3ad84d99171b20c"},"headline":"La reacci\u00f3n de Maxi L\u00f3pez cuando le preguntaron si va a besar a Wanda Nara en la ficci\u00f3n que protagonizar\u00e1n","datePublished":"2026-02-10T10:26:10+00:00","mainEntityOfPage":{"@id":"https:\/\/radioclanfm.com\/clanespectaculos\/la-reaccion-de-maxi-lopez-cuando-le-preguntaron-si-va-a-besar-a-wanda-nara-en-la-ficcion-que-protagonizaran\/"},"wordCount":519,"commentCount":0,"publisher":{"@id":"https:\/\/radioclanfm.com\/clanespectaculos\/#organization"},"image":{"@id":"https:\/\/radioclanfm.com\/clanespectaculos\/la-reaccion-de-maxi-lopez-cuando-le-preguntaron-si-va-a-besar-a-wanda-nara-en-la-ficcion-que-protagonizaran\/#primaryimage"},"thumbnailUrl":"https:\/\/radioclanfm.com\/clanespectaculos\/wp-content\/uploads\/sites\/2\/2026\/02\/fU2M9FdA.jpg","articleSection":["Espectaculos"],"inLanguage":"es-AR","potentialAction":[{"@type":"CommentAction","name":"Comment","target":["https:\/\/radioclanfm.com\/clanespectaculos\/la-reaccion-de-maxi-lopez-cuando-le-preguntaron-si-va-a-besar-a-wanda-nara-en-la-ficcion-que-protagonizaran\/#respond"]}]},{"@type":"WebPage","@id":"https:\/\/radioclanfm.com\/clanespectaculos\/la-reaccion-de-maxi-lopez-cuando-le-preguntaron-si-va-a-besar-a-wanda-nara-en-la-ficcion-que-protagonizaran\/","url":"https:\/\/radioclanfm.com\/clanespectaculos\/la-reaccion-de-maxi-lopez-cuando-le-preguntaron-si-va-a-besar-a-wanda-nara-en-la-ficcion-que-protagonizaran\/","name":"La reacci\u00f3n de Maxi L\u00f3pez cuando le preguntaron si va a besar a Wanda Nara en la ficci\u00f3n que protagonizar\u00e1n - CLAN ESPECTACULOS","isPartOf":{"@id":"https:\/\/radioclanfm.com\/clanespectaculos\/#website"},"primaryImageOfPage":{"@id":"https:\/\/radioclanfm.com\/clanespectaculos\/la-reaccion-de-maxi-lopez-cuando-le-preguntaron-si-va-a-besar-a-wanda-nara-en-la-ficcion-que-protagonizaran\/#primaryimage"},"image":{"@id":"https:\/\/radioclanfm.com\/clanespectaculos\/la-reaccion-de-maxi-lopez-cuando-le-preguntaron-si-va-a-besar-a-wanda-nara-en-la-ficcion-que-protagonizaran\/#primaryimage"},"thumbnailUrl":"https:\/\/radioclanfm.com\/clanespectaculos\/wp-content\/uploads\/sites\/2\/2026\/02\/fU2M9FdA.jpg","datePublished":"2026-02-10T10:26:10+00:00","breadcrumb":{"@id":"https:\/\/radioclanfm.com\/clanespectaculos\/la-reaccion-de-maxi-lopez-cuando-le-preguntaron-si-va-a-besar-a-wanda-nara-en-la-ficcion-que-protagonizaran\/#breadcrumb"},"inLanguage":"es-AR","potentialAction":[{"@type":"ReadAction","target":["https:\/\/radioclanfm.com\/clanespectaculos\/la-reaccion-de-maxi-lopez-cuando-le-preguntaron-si-va-a-besar-a-wanda-nara-en-la-ficcion-que-protagonizaran\/"]}]},{"@type":"ImageObject","inLanguage":"es-AR","@id":"https:\/\/radioclanfm.com\/clanespectaculos\/la-reaccion-de-maxi-lopez-cuando-le-preguntaron-si-va-a-besar-a-wanda-nara-en-la-ficcion-que-protagonizaran\/#primaryimage","url":"https:\/\/radioclanfm.com\/clanespectaculos\/wp-content\/uploads\/sites\/2\/2026\/02\/fU2M9FdA.jpg","contentUrl":"https:\/\/radioclanfm.com\/clanespectaculos\/wp-content\/uploads\/sites\/2\/2026\/02\/fU2M9FdA.jpg","width":900,"height":505},{"@type":"BreadcrumbList","@id":"https:\/\/radioclanfm.com\/clanespectaculos\/la-reaccion-de-maxi-lopez-cuando-le-preguntaron-si-va-a-besar-a-wanda-nara-en-la-ficcion-que-protagonizaran\/#breadcrumb","itemListElement":[{"@type":"ListItem","position":1,"name":"Inicio","item":"https:\/\/radioclanfm.com\/clanespectaculos\/"},{"@type":"ListItem","position":2,"name":"La reacci\u00f3n de Maxi L\u00f3pez cuando le preguntaron si va a besar a Wanda Nara en la ficci\u00f3n que protagonizar\u00e1n"}]},{"@type":"WebSite","@id":"https:\/\/radioclanfm.com\/clanespectaculos\/#website","url":"https:\/\/radioclanfm.com\/clanespectaculos\/","name":"CLAN ESPECTACULOS","description":"","publisher":{"@id":"https:\/\/radioclanfm.com\/clanespectaculos\/#organization"},"potentialAction":[{"@type":"SearchAction","target":{"@type":"EntryPoint","urlTemplate":"https:\/\/radioclanfm.com\/clanespectaculos\/?s={search_term_string}"},"query-input":{"@type":"PropertyValueSpecification","valueRequired":true,"valueName":"search_term_string"}}],"inLanguage":"es-AR"},{"@type":"Organization","@id":"https:\/\/radioclanfm.com\/clanespectaculos\/#organization","name":"CLAN ESPECTACULOS","url":"https:\/\/radioclanfm.com\/clanespectaculos\/","logo":{"@type":"ImageObject","inLanguage":"es-AR","@id":"https:\/\/radioclanfm.com\/clanespectaculos\/#\/schema\/logo\/image\/","url":"https:\/\/radioclanfm.com\/clanespectaculos\/wp-content\/uploads\/sites\/2\/2026\/04\/ChatGPT-Image-23-mar-2026-10_09_00.png","contentUrl":"https:\/\/radioclanfm.com\/clanespectaculos\/wp-content\/uploads\/sites\/2\/2026\/04\/ChatGPT-Image-23-mar-2026-10_09_00.png","width":1024,"height":1024,"caption":"CLAN ESPECTACULOS"},"image":{"@id":"https:\/\/radioclanfm.com\/clanespectaculos\/#\/schema\/logo\/image\/"},"sameAs":["https:\/\/www.facebook.com\/clanespectaculos\/","https:\/\/x.com\/clanespectok"]},{"@type":"Person","@id":"https:\/\/radioclanfm.com\/clanespectaculos\/#\/schema\/person\/9734813083303230f3ad84d99171b20c","name":"E-GRUPOCLAN","image":{"@type":"ImageObject","inLanguage":"es-AR","@id":"https:\/\/secure.gravatar.com\/avatar\/af6e19837c3d6a212034a48c7b3818d2ac1826f6025df0155da5a186ad321d79?s=96&d=mm&r=g","url":"https:\/\/secure.gravatar.com\/avatar\/af6e19837c3d6a212034a48c7b3818d2ac1826f6025df0155da5a186ad321d79?s=96&d=mm&r=g","contentUrl":"https:\/\/secure.gravatar.com\/avatar\/af6e19837c3d6a212034a48c7b3818d2ac1826f6025df0155da5a186ad321d79?s=96&d=mm&r=g","caption":"E-GRUPOCLAN"},"sameAs":["https:\/\/radioclanfm.com"],"url":"https:\/\/radioclanfm.com\/clanespectaculos\/author\/admin\/"}]}},"_links":{"self":[{"href":"https:\/\/radioclanfm.com\/clanespectaculos\/wp-json\/wp\/v2\/posts\/12185","targetHints":{"allow":["GET"]}}],"collection":[{"href":"https:\/\/radioclanfm.com\/clanespectaculos\/wp-json\/wp\/v2\/posts"}],"about":[{"href":"https:\/\/radioclanfm.com\/clanespectaculos\/wp-json\/wp\/v2\/types\/post"}],"author":[{"embeddable":true,"href":"https:\/\/radioclanfm.com\/clanespectaculos\/wp-json\/wp\/v2\/users\/1"}],"replies":[{"embeddable":true,"href":"https:\/\/radioclanfm.com\/clanespectaculos\/wp-json\/wp\/v2\/comments?post=12185"}],"version-history":[{"count":1,"href":"https:\/\/radioclanfm.com\/clanespectaculos\/wp-json\/wp\/v2\/posts\/12185\/revisions"}],"predecessor-version":[{"id":12189,"href":"https:\/\/radioclanfm.com\/clanespectaculos\/wp-json\/wp\/v2\/posts\/12185\/revisions\/12189"}],"wp:featuredmedia":[{"embeddable":true,"href":"https:\/\/radioclanfm.com\/clanespectaculos\/wp-json\/wp\/v2\/media\/12188"}],"wp:attachment":[{"href":"https:\/\/radioclanfm.com\/clanespectaculos\/wp-json\/wp\/v2\/media?parent=12185"}],"wp:term":[{"taxonomy":"category","embeddable":true,"href":"https:\/\/radioclanfm.com\/clanespectaculos\/wp-json\/wp\/v2\/categories?post=12185"},{"taxonomy":"post_tag","embeddable":true,"href":"https:\/\/radioclanfm.com\/clanespectaculos\/wp-json\/wp\/v2\/tags?post=12185"}],"curies":[{"name":"wp","href":"https:\/\/api.w.org\/{rel}","templated":true}]}}