{"id":12180,"date":"2026-02-10T07:24:00","date_gmt":"2026-02-10T10:24:00","guid":{"rendered":"https:\/\/radioclanfm.com\/clanespectaculos\/?p=12180"},"modified":"2026-02-10T07:24:00","modified_gmt":"2026-02-10T10:24:00","slug":"lo-vieron-la-experiencia-paranormal-de-las-hijas-de-daniela-celis-cuando-thiago-estuvo-en-coma","status":"publish","type":"post","link":"https:\/\/radioclanfm.com\/clanespectaculos\/lo-vieron-la-experiencia-paranormal-de-las-hijas-de-daniela-celis-cuando-thiago-estuvo-en-coma\/","title":{"rendered":"&#8220;Lo vieron\u201d: la experiencia paranormal de las hijas de Daniela Celis cuando Thiago estuvo en coma"},"content":{"rendered":"<p>El ex \u201cGran Hermano\u201d hab\u00eda estado un mes internado despu\u00e9s de sufrir un brutal accidente en moto.<\/p>\n<div class=\"col-content\"><main class=\"col-content\"><\/p>\n<div class=\"default-article-color article__body article__article\">\n<p class=\"paragraph font__body-regular\"><b>Daniela Celis<\/b><b>\u00a0<\/b>cont\u00f3 un extra\u00f1o suceso que vivi\u00f3 cuando\u00a0<b>Thiago Medina<\/b>, su expareja y pap\u00e1 de sus hijas, estuvo internado en terapia intensiva tras un brutal accidente en moto.<\/p>\n<div class=\"AV6543bedcd858799fe90b5c47\">\n<div id=\"aniBox\">\n<div id=\"aniplayer_AV6543bedcd858799fe90b5c47-1770719004379\">\n<div id=\"aniplayer_AV6543bedcd858799fe90b5c47-1770719004379gui\">\n<div id=\"av-caption\">\n<div id=\"av-close-btn-overlay\" class=\"av-pos-top-left\"><\/div>\n<\/div>\n<\/div>\n<\/div>\n<\/div>\n<\/div>\n<div id=\"ad-slot-infeed\" class=\"infeed-container ad-slot-infeed ad-slot\" data-adtype=\"infeed\" data-lazyload=\"1\" data-google-query-id=\"CLWfu6XazpIDFcltuAQdgSYmcg\">\n<div id=\"google_ads_iframe_\/113951150\/tn-arc\/nota\/infeed_0__container__\"><\/div>\n<\/div>\n<p class=\"paragraph font__body-regular\">Este lunes al aire de\u00a0<i>Patria y Familia<\/i>\u00a0(<i>Luzu<\/i>), la exparticipante de\u00a0<i>Gran Hermano\u00a0<\/i>(<i>Telefe<\/i>) relat\u00f3: \u201cLas nenas son repaperas, pero en ese mes nunca lo mencionaron.\u00a0<b>Un d\u00eda est\u00e1bamos las tres sentadas jugando en el cuarto y Laia mira la puerta, me dice \u2018pap\u00e1\u2019, sonr\u00ede y sigue jugando\u201d<\/b>.<\/p>\n<p class=\"paragraph font__body-regular\">\u201cDespu\u00e9s, hablando con Thiago, me cont\u00f3 un sue\u00f1o que lo so\u00f1aba cuando estaba en el hospital\u201d, advirti\u00f3 para luego revelar la historia.<\/p>\n<figure class=\"\" data-testid=\"figure-testid\">\n<div class=\"aspect_ratio__container\"><picture class=\"responsive-image\"><source srcset=\"https:\/\/tn.com.ar\/resizer\/v2\/thiago-medina-y-daniela-celis-junto-a-sus-hijas-laia-y-aime-foto-instagramdanielacelis01-3VSYWD6TGNGCTINLZMLLLPXEME.png?auth=9ecf15f30e87266b771fb2d8d9bcc1c57301a996a977b291c600da28bae3b308&amp;width=767\" type=\"image\/jpg\" media=\"(max-width: 728px)\" \/><source srcset=\"https:\/\/tn.com.ar\/resizer\/v2\/thiago-medina-y-daniela-celis-junto-a-sus-hijas-laia-y-aime-foto-instagramdanielacelis01-3VSYWD6TGNGCTINLZMLLLPXEME.png?auth=9ecf15f30e87266b771fb2d8d9bcc1c57301a996a977b291c600da28bae3b308&amp;width=1023\" type=\"image\/jpg\" media=\"(max-width: 1023px)\" \/><source srcset=\"https:\/\/tn.com.ar\/resizer\/v2\/thiago-medina-y-daniela-celis-junto-a-sus-hijas-laia-y-aime-foto-instagramdanielacelis01-3VSYWD6TGNGCTINLZMLLLPXEME.png?auth=9ecf15f30e87266b771fb2d8d9bcc1c57301a996a977b291c600da28bae3b308&amp;width=1440\" type=\"image\/jpg\" \/><img loading=\"lazy\" decoding=\"async\" class=\"image content-image image_placeholder\" src=\"https:\/\/tn.com.ar\/resizer\/v2\/thiago-medina-y-daniela-celis-junto-a-sus-hijas-laia-y-aime-foto-instagramdanielacelis01-3VSYWD6TGNGCTINLZMLLLPXEME.png?auth=9ecf15f30e87266b771fb2d8d9bcc1c57301a996a977b291c600da28bae3b308&amp;width=767\" alt=\"Thiago Medina y Daniela Celis junto a sus hijas Laia y Aim\u00e9. (Foto: Instagram\/danielacelis01)\" width=\"767\" height=\"1203\" data-testid=\"loading-testid\" \/><\/picture><\/div><figcaption class=\"caption_image\" data-testid=\"figcaption-testid\">\n<div class=\"image_caption \">Thiago Medina y Daniela Celis junto a sus hijas Laia y Aim\u00e9. (Foto: Instagram\/danielacelis01)<\/div>\n<\/figcaption><\/figure>\n<p class=\"paragraph font__body-regular\"><b>\u201cEstabas vos sentada en un \u00e1ngulo en la pieza, yo estaba en la puerta y quer\u00eda entrar a jugar con ustedes y no pod\u00eda.<\/b>\u00a0Hab\u00eda algo que me chocaba y no pod\u00eda entrar, no pod\u00eda entrar. Hac\u00eda fuerzas para entrar y no pod\u00eda pasar esa puerta\u201d, relat\u00f3 sobre el sue\u00f1o del joven.<\/p>\n<p class=\"paragraph font__body-regular\">A coraz\u00f3n abierto, expres\u00f3: \u201c<b>Y ah\u00ed se me puso la piel de gallina\u00a0<\/b>y le dije: \u2018Thiago, yo no s\u00e9 si era el mismo d\u00eda o no, pero la nena me se\u00f1alaba la puerta y me dec\u00eda pap\u00e1. Y nunca te hab\u00eda mencionado antes\u2019\u201d.<\/p>\n<p class=\"paragraph font__body-regular\"><b>\u201cMis hijas lo vieron. Y despu\u00e9s con el psic\u00f3logo tambi\u00e9n entend\u00ed que mis hijas no lo mencionaban porque lo sent\u00edan con nosotras. O sea, como que \u00e9l estaba siempre ah\u00ed al lado de ellas\u201d<\/b>, concluy\u00f3.<\/p>\n<h2 class=\"font--primary font__display\">El impactante relato de Thiago Medina sobre sus sue\u00f1os en terapia intensiva: \u201cMe fui al cielo\u201d<\/h2>\n<p class=\"paragraph font__body-regular\"><b>Thiago Medina<\/b>\u00a0habl\u00f3 a coraz\u00f3n abierto acerca del accidente que lo dej\u00f3 un mes y medio en terapia intensiva y\u00a0<b>cont\u00f3 por primera vez los sue\u00f1os que tuvo<\/b>\u00a0mientras estaba internado en grave estado.<\/p>\n<p class=\"paragraph font__body-regular\">\u201cTuve muchos sue\u00f1os cuando estuve en coma. Buenos y malos.\u00a0<b>Vi muchas cosas<\/b>, de muerte y cosas lindas\u201d, comenz\u00f3 diciendo d\u00edas atr\u00e1s en el streaming de DGO.<\/p>\n<div class=\"genoa_video raw relative\">\n<div class=\"video_placeholder\">\n<div class=\"aspect_ratio__container\"><picture class=\"responsive-image\"><source srcset=\"https:\/\/tn.com.ar\/resizer\/v2\/https%3A%2F%2Fthumbs.vodgc.net%2F1-14-0YQF061769962035078-1769963888.jpg?auth=1c2fe629472a335725b68b89f3c17b228c4f4a9cd144529f3b2346493c5f5916&amp;width=767\" type=\"image\/jpg\" media=\"(max-width: 728px)\" \/><source srcset=\"https:\/\/tn.com.ar\/resizer\/v2\/https%3A%2F%2Fthumbs.vodgc.net%2F1-14-0YQF061769962035078-1769963888.jpg?auth=1c2fe629472a335725b68b89f3c17b228c4f4a9cd144529f3b2346493c5f5916&amp;width=1023\" type=\"image\/jpg\" media=\"(max-width: 1023px)\" \/><source srcset=\"https:\/\/tn.com.ar\/resizer\/v2\/https%3A%2F%2Fthumbs.vodgc.net%2F1-14-0YQF061769962035078-1769963888.jpg?auth=1c2fe629472a335725b68b89f3c17b228c4f4a9cd144529f3b2346493c5f5916&amp;width=1440\" type=\"image\/jpg\" \/><\/picture><\/div>\n<p><button type=\"button\" data-testid=\"video-placeholder-button\"><\/button><\/div>\n<\/div>\n<div class=\"genoa_description font__body-regular\"><\/div>\n<p class=\"paragraph font__body-regular\">Acto seguido, relat\u00f3 una de las experiencias m\u00e1s impactantes: \u201cYo\u00a0<b>me fui al cielo.\u00a0<\/b>Ten\u00eda la imagen en mi cabeza, que no me la olvido nunca,\u00a0<b>de una puerta blanca y todo nubes.<\/b>\u00a0Una puerta enorme blanca y una persona parada. Yo quer\u00eda cruzar la puerta y esa persona me dec\u00eda\u00a0<b>\u2018ten\u00e9s que volver\u2019<\/b>. Al otro d\u00eda me despert\u00e9\u201d.<\/p>\n<p class=\"paragraph font__body-regular\">\u201cEstaba en\u00a0<b>un sue\u00f1o constante<\/b>, que quer\u00eda salir y cuando estaba por salir, me volv\u00eda, volv\u00eda de vuelta al mismo lugar\u201d, record\u00f3.<\/p>\n<p class=\"paragraph font__body-regular\">En ese sentido, explic\u00f3 que tuvo una charla con Daniela Celis, en la cual le cont\u00f3 c\u00f3mo ella lo viv\u00eda del otro lado. \u201cMe cont\u00f3 Dani que era porque yo me quer\u00eda despertar. Porque hac\u00eda fuerza el cuerpo.\u00a0<b>Yo hac\u00eda fuerza con mi cabeza, le mandaba a mi cuerpo para despertarme\u00a0<\/b>y los doctores me segu\u00edan durmiendo. No me pod\u00eda despertar por las costillas, en ese momento no me hab\u00edan operado\u201d, coment\u00f3.<\/p>\n<\/div>\n<p><\/main><\/div>\n<aside class=\"col-right-rail right-rail\">\n<div id=\"parent-ad-slot-caja\" class=\"ad-container caja_ad \">\n<div class=\"ad-content\"><\/div>\n<\/div>\n<\/aside>\n","protected":false},"excerpt":{"rendered":"<p>El ex \u201cGran Hermano\u201d hab\u00eda estado un mes internado despu\u00e9s de sufrir un brutal accidente en moto. Daniela Celis\u00a0cont\u00f3 un extra\u00f1o suceso que vivi\u00f3 cuando\u00a0Thiago Medina, su expareja y pap\u00e1 de sus hijas, estuvo internado en terapia intensiva tras un brutal accidente en moto. Este lunes al aire de\u00a0Patria y Familia\u00a0(Luzu), la exparticipante de\u00a0Gran Hermano\u00a0(Telefe) [&hellip;]<\/p>\n","protected":false},"author":1,"featured_media":12183,"comment_status":"open","ping_status":"open","sticky":false,"template":"","format":"standard","meta":{"rop_custom_images_group":[],"rop_custom_messages_group":[],"rop_publish_now":"initial","rop_publish_now_accounts":[],"rop_publish_now_history":[],"rop_publish_now_status":"pending","footnotes":"","jetpack_publicize_message":"","jetpack_publicize_feature_enabled":true,"jetpack_social_post_already_shared":true,"jetpack_social_options":{"image_generator_settings":{"template":"highway","enabled":false},"version":2}},"categories":[12],"tags":[],"class_list":{"0":"post-12180","1":"post","2":"type-post","3":"status-publish","4":"format-standard","5":"has-post-thumbnail","7":"category-espectaculos"},"jetpack_publicize_connections":[],"yoast_head":"<!-- This site is optimized with the Yoast SEO plugin v27.3 - https:\/\/yoast.com\/product\/yoast-seo-wordpress\/ -->\n<title>&quot;Lo vieron\u201d: la experiencia paranormal de las hijas de Daniela Celis cuando Thiago estuvo en coma - CLAN ESPECTACULOS<\/title>\n<meta name=\"robots\" content=\"index, follow, max-snippet:-1, max-image-preview:large, max-video-preview:-1\" \/>\n<link rel=\"canonical\" href=\"https:\/\/radioclanfm.com\/clanespectaculos\/lo-vieron-la-experiencia-paranormal-de-las-hijas-de-daniela-celis-cuando-thiago-estuvo-en-coma\/\" \/>\n<meta property=\"og:locale\" content=\"es_ES\" \/>\n<meta property=\"og:type\" content=\"article\" \/>\n<meta property=\"og:title\" content=\"&quot;Lo vieron\u201d: la experiencia paranormal de las hijas de Daniela Celis cuando Thiago estuvo en coma - CLAN ESPECTACULOS\" \/>\n<meta property=\"og:description\" content=\"El ex \u201cGran Hermano\u201d hab\u00eda estado un mes internado despu\u00e9s de sufrir un brutal accidente en moto. Daniela Celis\u00a0cont\u00f3 un extra\u00f1o suceso que vivi\u00f3 cuando\u00a0Thiago Medina, su expareja y pap\u00e1 de sus hijas, estuvo internado en terapia intensiva tras un brutal accidente en moto. Este lunes al aire de\u00a0Patria y Familia\u00a0(Luzu), la exparticipante de\u00a0Gran Hermano\u00a0(Telefe) [&hellip;]\" \/>\n<meta property=\"og:url\" content=\"https:\/\/radioclanfm.com\/clanespectaculos\/lo-vieron-la-experiencia-paranormal-de-las-hijas-de-daniela-celis-cuando-thiago-estuvo-en-coma\/\" \/>\n<meta property=\"og:site_name\" content=\"CLAN ESPECTACULOS\" \/>\n<meta property=\"article:publisher\" content=\"https:\/\/www.facebook.com\/clanespectaculos\/\" \/>\n<meta property=\"article:published_time\" content=\"2026-02-10T10:24:00+00:00\" \/>\n<meta property=\"og:image\" content=\"https:\/\/radioclanfm.com\/clanespectaculos\/wp-content\/uploads\/sites\/2\/2026\/02\/uqYiOuqG.jpg\" \/>\n\t<meta property=\"og:image:width\" content=\"900\" \/>\n\t<meta property=\"og:image:height\" content=\"505\" \/>\n\t<meta property=\"og:image:type\" content=\"image\/jpeg\" \/>\n<meta name=\"author\" content=\"E-GRUPOCLAN\" \/>\n<meta name=\"twitter:card\" content=\"summary_large_image\" \/>\n<meta name=\"twitter:creator\" content=\"@clanespectok\" \/>\n<meta name=\"twitter:site\" content=\"@clanespectok\" \/>\n<meta name=\"twitter:label1\" content=\"Escrito por\" \/>\n\t<meta name=\"twitter:data1\" content=\"E-GRUPOCLAN\" \/>\n\t<meta name=\"twitter:label2\" content=\"Tiempo de lectura\" \/>\n\t<meta name=\"twitter:data2\" content=\"3 minutos\" \/>\n<script type=\"application\/ld+json\" class=\"yoast-schema-graph\">{\"@context\":\"https:\\\/\\\/schema.org\",\"@graph\":[{\"@type\":\"Article\",\"@id\":\"https:\\\/\\\/radioclanfm.com\\\/clanespectaculos\\\/lo-vieron-la-experiencia-paranormal-de-las-hijas-de-daniela-celis-cuando-thiago-estuvo-en-coma\\\/#article\",\"isPartOf\":{\"@id\":\"https:\\\/\\\/radioclanfm.com\\\/clanespectaculos\\\/lo-vieron-la-experiencia-paranormal-de-las-hijas-de-daniela-celis-cuando-thiago-estuvo-en-coma\\\/\"},\"author\":{\"name\":\"E-GRUPOCLAN\",\"@id\":\"https:\\\/\\\/radioclanfm.com\\\/clanespectaculos\\\/#\\\/schema\\\/person\\\/9734813083303230f3ad84d99171b20c\"},\"headline\":\"&#8220;Lo vieron\u201d: la experiencia paranormal de las hijas de Daniela Celis cuando Thiago estuvo en coma\",\"datePublished\":\"2026-02-10T10:24:00+00:00\",\"mainEntityOfPage\":{\"@id\":\"https:\\\/\\\/radioclanfm.com\\\/clanespectaculos\\\/lo-vieron-la-experiencia-paranormal-de-las-hijas-de-daniela-celis-cuando-thiago-estuvo-en-coma\\\/\"},\"wordCount\":559,\"commentCount\":0,\"publisher\":{\"@id\":\"https:\\\/\\\/radioclanfm.com\\\/clanespectaculos\\\/#organization\"},\"image\":{\"@id\":\"https:\\\/\\\/radioclanfm.com\\\/clanespectaculos\\\/lo-vieron-la-experiencia-paranormal-de-las-hijas-de-daniela-celis-cuando-thiago-estuvo-en-coma\\\/#primaryimage\"},\"thumbnailUrl\":\"https:\\\/\\\/radioclanfm.com\\\/clanespectaculos\\\/wp-content\\\/uploads\\\/sites\\\/2\\\/2026\\\/02\\\/uqYiOuqG.jpg\",\"articleSection\":[\"Espectaculos\"],\"inLanguage\":\"es-AR\",\"potentialAction\":[{\"@type\":\"CommentAction\",\"name\":\"Comment\",\"target\":[\"https:\\\/\\\/radioclanfm.com\\\/clanespectaculos\\\/lo-vieron-la-experiencia-paranormal-de-las-hijas-de-daniela-celis-cuando-thiago-estuvo-en-coma\\\/#respond\"]}]},{\"@type\":\"WebPage\",\"@id\":\"https:\\\/\\\/radioclanfm.com\\\/clanespectaculos\\\/lo-vieron-la-experiencia-paranormal-de-las-hijas-de-daniela-celis-cuando-thiago-estuvo-en-coma\\\/\",\"url\":\"https:\\\/\\\/radioclanfm.com\\\/clanespectaculos\\\/lo-vieron-la-experiencia-paranormal-de-las-hijas-de-daniela-celis-cuando-thiago-estuvo-en-coma\\\/\",\"name\":\"\\\"Lo vieron\u201d: la experiencia paranormal de las hijas de Daniela Celis cuando Thiago estuvo en coma - CLAN ESPECTACULOS\",\"isPartOf\":{\"@id\":\"https:\\\/\\\/radioclanfm.com\\\/clanespectaculos\\\/#website\"},\"primaryImageOfPage\":{\"@id\":\"https:\\\/\\\/radioclanfm.com\\\/clanespectaculos\\\/lo-vieron-la-experiencia-paranormal-de-las-hijas-de-daniela-celis-cuando-thiago-estuvo-en-coma\\\/#primaryimage\"},\"image\":{\"@id\":\"https:\\\/\\\/radioclanfm.com\\\/clanespectaculos\\\/lo-vieron-la-experiencia-paranormal-de-las-hijas-de-daniela-celis-cuando-thiago-estuvo-en-coma\\\/#primaryimage\"},\"thumbnailUrl\":\"https:\\\/\\\/radioclanfm.com\\\/clanespectaculos\\\/wp-content\\\/uploads\\\/sites\\\/2\\\/2026\\\/02\\\/uqYiOuqG.jpg\",\"datePublished\":\"2026-02-10T10:24:00+00:00\",\"breadcrumb\":{\"@id\":\"https:\\\/\\\/radioclanfm.com\\\/clanespectaculos\\\/lo-vieron-la-experiencia-paranormal-de-las-hijas-de-daniela-celis-cuando-thiago-estuvo-en-coma\\\/#breadcrumb\"},\"inLanguage\":\"es-AR\",\"potentialAction\":[{\"@type\":\"ReadAction\",\"target\":[\"https:\\\/\\\/radioclanfm.com\\\/clanespectaculos\\\/lo-vieron-la-experiencia-paranormal-de-las-hijas-de-daniela-celis-cuando-thiago-estuvo-en-coma\\\/\"]}]},{\"@type\":\"ImageObject\",\"inLanguage\":\"es-AR\",\"@id\":\"https:\\\/\\\/radioclanfm.com\\\/clanespectaculos\\\/lo-vieron-la-experiencia-paranormal-de-las-hijas-de-daniela-celis-cuando-thiago-estuvo-en-coma\\\/#primaryimage\",\"url\":\"https:\\\/\\\/radioclanfm.com\\\/clanespectaculos\\\/wp-content\\\/uploads\\\/sites\\\/2\\\/2026\\\/02\\\/uqYiOuqG.jpg\",\"contentUrl\":\"https:\\\/\\\/radioclanfm.com\\\/clanespectaculos\\\/wp-content\\\/uploads\\\/sites\\\/2\\\/2026\\\/02\\\/uqYiOuqG.jpg\",\"width\":900,\"height\":505},{\"@type\":\"BreadcrumbList\",\"@id\":\"https:\\\/\\\/radioclanfm.com\\\/clanespectaculos\\\/lo-vieron-la-experiencia-paranormal-de-las-hijas-de-daniela-celis-cuando-thiago-estuvo-en-coma\\\/#breadcrumb\",\"itemListElement\":[{\"@type\":\"ListItem\",\"position\":1,\"name\":\"Inicio\",\"item\":\"https:\\\/\\\/radioclanfm.com\\\/clanespectaculos\\\/\"},{\"@type\":\"ListItem\",\"position\":2,\"name\":\"&#8220;Lo vieron\u201d: la experiencia paranormal de las hijas de Daniela Celis cuando Thiago estuvo en coma\"}]},{\"@type\":\"WebSite\",\"@id\":\"https:\\\/\\\/radioclanfm.com\\\/clanespectaculos\\\/#website\",\"url\":\"https:\\\/\\\/radioclanfm.com\\\/clanespectaculos\\\/\",\"name\":\"CLAN ESPECTACULOS\",\"description\":\"\",\"publisher\":{\"@id\":\"https:\\\/\\\/radioclanfm.com\\\/clanespectaculos\\\/#organization\"},\"potentialAction\":[{\"@type\":\"SearchAction\",\"target\":{\"@type\":\"EntryPoint\",\"urlTemplate\":\"https:\\\/\\\/radioclanfm.com\\\/clanespectaculos\\\/?s={search_term_string}\"},\"query-input\":{\"@type\":\"PropertyValueSpecification\",\"valueRequired\":true,\"valueName\":\"search_term_string\"}}],\"inLanguage\":\"es-AR\"},{\"@type\":\"Organization\",\"@id\":\"https:\\\/\\\/radioclanfm.com\\\/clanespectaculos\\\/#organization\",\"name\":\"CLAN ESPECTACULOS\",\"url\":\"https:\\\/\\\/radioclanfm.com\\\/clanespectaculos\\\/\",\"logo\":{\"@type\":\"ImageObject\",\"inLanguage\":\"es-AR\",\"@id\":\"https:\\\/\\\/radioclanfm.com\\\/clanespectaculos\\\/#\\\/schema\\\/logo\\\/image\\\/\",\"url\":\"https:\\\/\\\/radioclanfm.com\\\/clanespectaculos\\\/wp-content\\\/uploads\\\/sites\\\/2\\\/2026\\\/04\\\/ChatGPT-Image-23-mar-2026-10_09_00.png\",\"contentUrl\":\"https:\\\/\\\/radioclanfm.com\\\/clanespectaculos\\\/wp-content\\\/uploads\\\/sites\\\/2\\\/2026\\\/04\\\/ChatGPT-Image-23-mar-2026-10_09_00.png\",\"width\":1024,\"height\":1024,\"caption\":\"CLAN ESPECTACULOS\"},\"image\":{\"@id\":\"https:\\\/\\\/radioclanfm.com\\\/clanespectaculos\\\/#\\\/schema\\\/logo\\\/image\\\/\"},\"sameAs\":[\"https:\\\/\\\/www.facebook.com\\\/clanespectaculos\\\/\",\"https:\\\/\\\/x.com\\\/clanespectok\"]},{\"@type\":\"Person\",\"@id\":\"https:\\\/\\\/radioclanfm.com\\\/clanespectaculos\\\/#\\\/schema\\\/person\\\/9734813083303230f3ad84d99171b20c\",\"name\":\"E-GRUPOCLAN\",\"image\":{\"@type\":\"ImageObject\",\"inLanguage\":\"es-AR\",\"@id\":\"https:\\\/\\\/secure.gravatar.com\\\/avatar\\\/af6e19837c3d6a212034a48c7b3818d2ac1826f6025df0155da5a186ad321d79?s=96&d=mm&r=g\",\"url\":\"https:\\\/\\\/secure.gravatar.com\\\/avatar\\\/af6e19837c3d6a212034a48c7b3818d2ac1826f6025df0155da5a186ad321d79?s=96&d=mm&r=g\",\"contentUrl\":\"https:\\\/\\\/secure.gravatar.com\\\/avatar\\\/af6e19837c3d6a212034a48c7b3818d2ac1826f6025df0155da5a186ad321d79?s=96&d=mm&r=g\",\"caption\":\"E-GRUPOCLAN\"},\"sameAs\":[\"https:\\\/\\\/radioclanfm.com\"],\"url\":\"https:\\\/\\\/radioclanfm.com\\\/clanespectaculos\\\/author\\\/admin\\\/\"}]}<\/script>\n<!-- \/ Yoast SEO plugin. -->","yoast_head_json":{"title":"\"Lo vieron\u201d: la experiencia paranormal de las hijas de Daniela Celis cuando Thiago estuvo en coma - CLAN ESPECTACULOS","robots":{"index":"index","follow":"follow","max-snippet":"max-snippet:-1","max-image-preview":"max-image-preview:large","max-video-preview":"max-video-preview:-1"},"canonical":"https:\/\/radioclanfm.com\/clanespectaculos\/lo-vieron-la-experiencia-paranormal-de-las-hijas-de-daniela-celis-cuando-thiago-estuvo-en-coma\/","og_locale":"es_ES","og_type":"article","og_title":"\"Lo vieron\u201d: la experiencia paranormal de las hijas de Daniela Celis cuando Thiago estuvo en coma - CLAN ESPECTACULOS","og_description":"El ex \u201cGran Hermano\u201d hab\u00eda estado un mes internado despu\u00e9s de sufrir un brutal accidente en moto. Daniela Celis\u00a0cont\u00f3 un extra\u00f1o suceso que vivi\u00f3 cuando\u00a0Thiago Medina, su expareja y pap\u00e1 de sus hijas, estuvo internado en terapia intensiva tras un brutal accidente en moto. Este lunes al aire de\u00a0Patria y Familia\u00a0(Luzu), la exparticipante de\u00a0Gran Hermano\u00a0(Telefe) [&hellip;]","og_url":"https:\/\/radioclanfm.com\/clanespectaculos\/lo-vieron-la-experiencia-paranormal-de-las-hijas-de-daniela-celis-cuando-thiago-estuvo-en-coma\/","og_site_name":"CLAN ESPECTACULOS","article_publisher":"https:\/\/www.facebook.com\/clanespectaculos\/","article_published_time":"2026-02-10T10:24:00+00:00","og_image":[{"width":900,"height":505,"url":"https:\/\/radioclanfm.com\/clanespectaculos\/wp-content\/uploads\/sites\/2\/2026\/02\/uqYiOuqG.jpg","type":"image\/jpeg"}],"author":"E-GRUPOCLAN","twitter_card":"summary_large_image","twitter_creator":"@clanespectok","twitter_site":"@clanespectok","twitter_misc":{"Escrito por":"E-GRUPOCLAN","Tiempo de lectura":"3 minutos"},"schema":{"@context":"https:\/\/schema.org","@graph":[{"@type":"Article","@id":"https:\/\/radioclanfm.com\/clanespectaculos\/lo-vieron-la-experiencia-paranormal-de-las-hijas-de-daniela-celis-cuando-thiago-estuvo-en-coma\/#article","isPartOf":{"@id":"https:\/\/radioclanfm.com\/clanespectaculos\/lo-vieron-la-experiencia-paranormal-de-las-hijas-de-daniela-celis-cuando-thiago-estuvo-en-coma\/"},"author":{"name":"E-GRUPOCLAN","@id":"https:\/\/radioclanfm.com\/clanespectaculos\/#\/schema\/person\/9734813083303230f3ad84d99171b20c"},"headline":"&#8220;Lo vieron\u201d: la experiencia paranormal de las hijas de Daniela Celis cuando Thiago estuvo en coma","datePublished":"2026-02-10T10:24:00+00:00","mainEntityOfPage":{"@id":"https:\/\/radioclanfm.com\/clanespectaculos\/lo-vieron-la-experiencia-paranormal-de-las-hijas-de-daniela-celis-cuando-thiago-estuvo-en-coma\/"},"wordCount":559,"commentCount":0,"publisher":{"@id":"https:\/\/radioclanfm.com\/clanespectaculos\/#organization"},"image":{"@id":"https:\/\/radioclanfm.com\/clanespectaculos\/lo-vieron-la-experiencia-paranormal-de-las-hijas-de-daniela-celis-cuando-thiago-estuvo-en-coma\/#primaryimage"},"thumbnailUrl":"https:\/\/radioclanfm.com\/clanespectaculos\/wp-content\/uploads\/sites\/2\/2026\/02\/uqYiOuqG.jpg","articleSection":["Espectaculos"],"inLanguage":"es-AR","potentialAction":[{"@type":"CommentAction","name":"Comment","target":["https:\/\/radioclanfm.com\/clanespectaculos\/lo-vieron-la-experiencia-paranormal-de-las-hijas-de-daniela-celis-cuando-thiago-estuvo-en-coma\/#respond"]}]},{"@type":"WebPage","@id":"https:\/\/radioclanfm.com\/clanespectaculos\/lo-vieron-la-experiencia-paranormal-de-las-hijas-de-daniela-celis-cuando-thiago-estuvo-en-coma\/","url":"https:\/\/radioclanfm.com\/clanespectaculos\/lo-vieron-la-experiencia-paranormal-de-las-hijas-de-daniela-celis-cuando-thiago-estuvo-en-coma\/","name":"\"Lo vieron\u201d: la experiencia paranormal de las hijas de Daniela Celis cuando Thiago estuvo en coma - CLAN ESPECTACULOS","isPartOf":{"@id":"https:\/\/radioclanfm.com\/clanespectaculos\/#website"},"primaryImageOfPage":{"@id":"https:\/\/radioclanfm.com\/clanespectaculos\/lo-vieron-la-experiencia-paranormal-de-las-hijas-de-daniela-celis-cuando-thiago-estuvo-en-coma\/#primaryimage"},"image":{"@id":"https:\/\/radioclanfm.com\/clanespectaculos\/lo-vieron-la-experiencia-paranormal-de-las-hijas-de-daniela-celis-cuando-thiago-estuvo-en-coma\/#primaryimage"},"thumbnailUrl":"https:\/\/radioclanfm.com\/clanespectaculos\/wp-content\/uploads\/sites\/2\/2026\/02\/uqYiOuqG.jpg","datePublished":"2026-02-10T10:24:00+00:00","breadcrumb":{"@id":"https:\/\/radioclanfm.com\/clanespectaculos\/lo-vieron-la-experiencia-paranormal-de-las-hijas-de-daniela-celis-cuando-thiago-estuvo-en-coma\/#breadcrumb"},"inLanguage":"es-AR","potentialAction":[{"@type":"ReadAction","target":["https:\/\/radioclanfm.com\/clanespectaculos\/lo-vieron-la-experiencia-paranormal-de-las-hijas-de-daniela-celis-cuando-thiago-estuvo-en-coma\/"]}]},{"@type":"ImageObject","inLanguage":"es-AR","@id":"https:\/\/radioclanfm.com\/clanespectaculos\/lo-vieron-la-experiencia-paranormal-de-las-hijas-de-daniela-celis-cuando-thiago-estuvo-en-coma\/#primaryimage","url":"https:\/\/radioclanfm.com\/clanespectaculos\/wp-content\/uploads\/sites\/2\/2026\/02\/uqYiOuqG.jpg","contentUrl":"https:\/\/radioclanfm.com\/clanespectaculos\/wp-content\/uploads\/sites\/2\/2026\/02\/uqYiOuqG.jpg","width":900,"height":505},{"@type":"BreadcrumbList","@id":"https:\/\/radioclanfm.com\/clanespectaculos\/lo-vieron-la-experiencia-paranormal-de-las-hijas-de-daniela-celis-cuando-thiago-estuvo-en-coma\/#breadcrumb","itemListElement":[{"@type":"ListItem","position":1,"name":"Inicio","item":"https:\/\/radioclanfm.com\/clanespectaculos\/"},{"@type":"ListItem","position":2,"name":"&#8220;Lo vieron\u201d: la experiencia paranormal de las hijas de Daniela Celis cuando Thiago estuvo en coma"}]},{"@type":"WebSite","@id":"https:\/\/radioclanfm.com\/clanespectaculos\/#website","url":"https:\/\/radioclanfm.com\/clanespectaculos\/","name":"CLAN ESPECTACULOS","description":"","publisher":{"@id":"https:\/\/radioclanfm.com\/clanespectaculos\/#organization"},"potentialAction":[{"@type":"SearchAction","target":{"@type":"EntryPoint","urlTemplate":"https:\/\/radioclanfm.com\/clanespectaculos\/?s={search_term_string}"},"query-input":{"@type":"PropertyValueSpecification","valueRequired":true,"valueName":"search_term_string"}}],"inLanguage":"es-AR"},{"@type":"Organization","@id":"https:\/\/radioclanfm.com\/clanespectaculos\/#organization","name":"CLAN ESPECTACULOS","url":"https:\/\/radioclanfm.com\/clanespectaculos\/","logo":{"@type":"ImageObject","inLanguage":"es-AR","@id":"https:\/\/radioclanfm.com\/clanespectaculos\/#\/schema\/logo\/image\/","url":"https:\/\/radioclanfm.com\/clanespectaculos\/wp-content\/uploads\/sites\/2\/2026\/04\/ChatGPT-Image-23-mar-2026-10_09_00.png","contentUrl":"https:\/\/radioclanfm.com\/clanespectaculos\/wp-content\/uploads\/sites\/2\/2026\/04\/ChatGPT-Image-23-mar-2026-10_09_00.png","width":1024,"height":1024,"caption":"CLAN ESPECTACULOS"},"image":{"@id":"https:\/\/radioclanfm.com\/clanespectaculos\/#\/schema\/logo\/image\/"},"sameAs":["https:\/\/www.facebook.com\/clanespectaculos\/","https:\/\/x.com\/clanespectok"]},{"@type":"Person","@id":"https:\/\/radioclanfm.com\/clanespectaculos\/#\/schema\/person\/9734813083303230f3ad84d99171b20c","name":"E-GRUPOCLAN","image":{"@type":"ImageObject","inLanguage":"es-AR","@id":"https:\/\/secure.gravatar.com\/avatar\/af6e19837c3d6a212034a48c7b3818d2ac1826f6025df0155da5a186ad321d79?s=96&d=mm&r=g","url":"https:\/\/secure.gravatar.com\/avatar\/af6e19837c3d6a212034a48c7b3818d2ac1826f6025df0155da5a186ad321d79?s=96&d=mm&r=g","contentUrl":"https:\/\/secure.gravatar.com\/avatar\/af6e19837c3d6a212034a48c7b3818d2ac1826f6025df0155da5a186ad321d79?s=96&d=mm&r=g","caption":"E-GRUPOCLAN"},"sameAs":["https:\/\/radioclanfm.com"],"url":"https:\/\/radioclanfm.com\/clanespectaculos\/author\/admin\/"}]}},"_links":{"self":[{"href":"https:\/\/radioclanfm.com\/clanespectaculos\/wp-json\/wp\/v2\/posts\/12180","targetHints":{"allow":["GET"]}}],"collection":[{"href":"https:\/\/radioclanfm.com\/clanespectaculos\/wp-json\/wp\/v2\/posts"}],"about":[{"href":"https:\/\/radioclanfm.com\/clanespectaculos\/wp-json\/wp\/v2\/types\/post"}],"author":[{"embeddable":true,"href":"https:\/\/radioclanfm.com\/clanespectaculos\/wp-json\/wp\/v2\/users\/1"}],"replies":[{"embeddable":true,"href":"https:\/\/radioclanfm.com\/clanespectaculos\/wp-json\/wp\/v2\/comments?post=12180"}],"version-history":[{"count":1,"href":"https:\/\/radioclanfm.com\/clanespectaculos\/wp-json\/wp\/v2\/posts\/12180\/revisions"}],"predecessor-version":[{"id":12184,"href":"https:\/\/radioclanfm.com\/clanespectaculos\/wp-json\/wp\/v2\/posts\/12180\/revisions\/12184"}],"wp:featuredmedia":[{"embeddable":true,"href":"https:\/\/radioclanfm.com\/clanespectaculos\/wp-json\/wp\/v2\/media\/12183"}],"wp:attachment":[{"href":"https:\/\/radioclanfm.com\/clanespectaculos\/wp-json\/wp\/v2\/media?parent=12180"}],"wp:term":[{"taxonomy":"category","embeddable":true,"href":"https:\/\/radioclanfm.com\/clanespectaculos\/wp-json\/wp\/v2\/categories?post=12180"},{"taxonomy":"post_tag","embeddable":true,"href":"https:\/\/radioclanfm.com\/clanespectaculos\/wp-json\/wp\/v2\/tags?post=12180"}],"curies":[{"name":"wp","href":"https:\/\/api.w.org\/{rel}","templated":true}]}}