{"id":12175,"date":"2026-02-10T07:21:47","date_gmt":"2026-02-10T10:21:47","guid":{"rendered":"https:\/\/radioclanfm.com\/clanespectaculos\/?p=12175"},"modified":"2026-02-10T07:21:47","modified_gmt":"2026-02-10T10:21:47","slug":"nacio-el-hijo-del-chino-darin-y-ursula-corbero","status":"publish","type":"post","link":"https:\/\/radioclanfm.com\/clanespectaculos\/nacio-el-hijo-del-chino-darin-y-ursula-corbero\/","title":{"rendered":"Naci\u00f3 el hijo del Chino Dar\u00edn y \u00darsula Corber\u00f3"},"content":{"rendered":"<p>La actriz dio a luz en una cl\u00ednica de Barcelona, seg\u00fan inform\u00f3 un medio espa\u00f1ol.<\/p>\n<div class=\"col-content\"><main class=\"col-content\"><\/p>\n<div class=\"default-article-color article__body article__article\">\n<p class=\"paragraph font__body-regular\"><b>\u00darsula Corber\u00f3<\/b>\u00a0<b>y\u00a0<\/b><b>el Chino Dar\u00edn<\/b><b>\u00a0se convirtieron en pap\u00e1s por primera vez<\/b>. Seg\u00fan la informaci\u00f3n que dieron a conocer en el programa espa\u00f1ol\u00a0<i>Y ahora Sonsoles (Antena 3)<\/i>, la actriz catalana<b>\u00a0dio a luz en una cl\u00ednica de Barcelona<\/b>, ciudad que eligieron pese a los rumores de que el nacimiento pod\u00eda ocurrir en Buenos Aires o Madrid.<\/p>\n<div class=\"AV6543bedcd858799fe90b5c47\">\n<div id=\"aniBox\">\n<div id=\"aniplayer_AV6543bedcd858799fe90b5c47-1770718877253\">\n<div id=\"aniplayer_AV6543bedcd858799fe90b5c47-1770718877253gui\">\n<div id=\"av-caption\">\n<div id=\"av-close-btn-overlay\" class=\"av-pos-top-left\"><\/div>\n<\/div>\n<\/div>\n<\/div>\n<\/div>\n<\/div>\n<div id=\"ad-slot-infeed\" class=\"infeed-container ad-slot-infeed ad-slot\" data-adtype=\"infeed\" data-lazyload=\"1\" data-google-query-id=\"CM_2zeTZzpIDFSVM3QId-70NjA\">\n<div id=\"google_ads_iframe_\/113951150\/tn-arc\/nota\/infeed_0__container__\"><\/div>\n<\/div>\n<p class=\"paragraph font__body-regular\">Por el momento, la pareja no dio detalles p\u00fablicos ni trascendieron datos como el nombre o la fecha exacta.<\/p>\n<p class=\"paragraph font__body-regular\">Corber\u00f3 hab\u00eda confirmado la noticia de su embarazo el 9 de septiembre de 2025 con una postal \u00edntima en redes sociales y una frase que r\u00e1pidamente se volvi\u00f3 viral: \u201cEsto no es IA\u201d.<\/p>\n<figure class=\"\" data-testid=\"figure-testid\">\n<div class=\"aspect_ratio__container\"><picture class=\"responsive-image\"><source srcset=\"https:\/\/tn.com.ar\/resizer\/v2\/el-chino-darin-y-ursula-corbero-atraviesan-uno-de-los-momentos-mas-felices-de-su-vida-foto-instagramchinodarin-AL6SPUUHUNCGJH4HVCQ7AJ2JMI.jpg?auth=0b5a4edd33571de2b199cd3cab180b8bf18f70f1f7fc973f851f1d0676ff42a1&amp;width=767\" type=\"image\/jpg\" media=\"(max-width: 728px)\" \/><source srcset=\"https:\/\/tn.com.ar\/resizer\/v2\/el-chino-darin-y-ursula-corbero-atraviesan-uno-de-los-momentos-mas-felices-de-su-vida-foto-instagramchinodarin-AL6SPUUHUNCGJH4HVCQ7AJ2JMI.jpg?auth=0b5a4edd33571de2b199cd3cab180b8bf18f70f1f7fc973f851f1d0676ff42a1&amp;width=1023\" type=\"image\/jpg\" media=\"(max-width: 1023px)\" \/><source srcset=\"https:\/\/tn.com.ar\/resizer\/v2\/el-chino-darin-y-ursula-corbero-atraviesan-uno-de-los-momentos-mas-felices-de-su-vida-foto-instagramchinodarin-AL6SPUUHUNCGJH4HVCQ7AJ2JMI.jpg?auth=0b5a4edd33571de2b199cd3cab180b8bf18f70f1f7fc973f851f1d0676ff42a1&amp;width=1440\" type=\"image\/jpg\" \/><img loading=\"lazy\" decoding=\"async\" class=\"image content-image image_placeholder\" src=\"https:\/\/tn.com.ar\/resizer\/v2\/el-chino-darin-y-ursula-corbero-atraviesan-uno-de-los-momentos-mas-felices-de-su-vida-foto-instagramchinodarin-AL6SPUUHUNCGJH4HVCQ7AJ2JMI.jpg?auth=0b5a4edd33571de2b199cd3cab180b8bf18f70f1f7fc973f851f1d0676ff42a1&amp;width=767\" alt=\"El Chino Dar\u00edn y \u00darsula Corber\u00f3 atraviesan uno de los momentos m\u00e1s felices de su vida. (Foto: Instagram\/chinodarin)\" width=\"767\" height=\"430\" data-testid=\"loading-testid\" \/><\/picture><\/div><figcaption class=\"caption_image\" data-testid=\"figcaption-testid\">\n<div class=\"image_caption \">El Chino Dar\u00edn y \u00darsula Corber\u00f3 atraviesan uno de los momentos m\u00e1s felices de su vida. (Foto: Instagram\/chinodarin)<\/div>\n<\/figcaption><\/figure>\n<p class=\"paragraph font__body-regular\">Este fin de semana, un video de la protagonista de La casa de papel paseando junto a su suegro,\u00a0<b>Ricardo Dar\u00edn<\/b>, se hab\u00eda vuelto viral en las redes sociales.<\/p>\n<h2 class=\"font--primary font__display\">As\u00ed empez\u00f3 la historia de amor de Ricardo Dar\u00edn y \u00darsula Corber\u00f3<\/h2>\n<p class=\"paragraph font__body-regular\"><b>El romance entre el Chino Dar\u00edn y \u00darsula Corber\u00f3 comenz\u00f3 en 2015<\/b>, cuando coincidieron\u00a0<b>en el rodaje de\u00a0<\/b><i><b>La embajada<\/b><\/i>, la ficci\u00f3n espa\u00f1ola que marc\u00f3 el inicio de su v\u00ednculo.<\/p>\n<p class=\"paragraph font__body-regular\">En ese momento, \u00e9l empezaba a expandir su carrera en Europa y ella a\u00fan no hab\u00eda alcanzado la proyecci\u00f3n internacional que le dar\u00eda\u00a0<i>La Casa de Papel<\/i>, pero entre escenas y jornadas de grabaci\u00f3n naci\u00f3 una relaci\u00f3n que con el tiempo se consolidar\u00eda.<\/p>\n<p class=\"paragraph font__body-regular\">Tras el final del rodaje, atravesaron una etapa de idas y vueltas entre la Argentina y Espa\u00f1a. El Chino regres\u00f3 al pa\u00eds, pero viajaba con frecuencia para reencontrarse con la actriz. La distancia no fue un obst\u00e1culo: al contrario, fortaleci\u00f3 un v\u00ednculo que siempre eligi\u00f3 la discreci\u00f3n y el bajo perfil frente a la exposici\u00f3n medi\u00e1tica.<\/p>\n<figure class=\"\" data-testid=\"figure-testid\">\n<div class=\"aspect_ratio__container\"><picture class=\"responsive-image\"><source srcset=\"https:\/\/tn.com.ar\/resizer\/v2\/el-chino-darin-y-ursula-corbero-llevan-una-decada-en-pareja-foto-instagramursulolita-6FAWNLUE2ZFUPCHHXPHPRY32HE.jpg?auth=360e4cb15818ec60f6ebb0c739c0847a0914b2699e18006d78c243bbd0c751c1&amp;width=767\" type=\"image\/jpg\" media=\"(max-width: 728px)\" \/><source srcset=\"https:\/\/tn.com.ar\/resizer\/v2\/el-chino-darin-y-ursula-corbero-llevan-una-decada-en-pareja-foto-instagramursulolita-6FAWNLUE2ZFUPCHHXPHPRY32HE.jpg?auth=360e4cb15818ec60f6ebb0c739c0847a0914b2699e18006d78c243bbd0c751c1&amp;width=1023\" type=\"image\/jpg\" media=\"(max-width: 1023px)\" \/><source srcset=\"https:\/\/tn.com.ar\/resizer\/v2\/el-chino-darin-y-ursula-corbero-llevan-una-decada-en-pareja-foto-instagramursulolita-6FAWNLUE2ZFUPCHHXPHPRY32HE.jpg?auth=360e4cb15818ec60f6ebb0c739c0847a0914b2699e18006d78c243bbd0c751c1&amp;width=1440\" type=\"image\/jpg\" \/><img loading=\"lazy\" decoding=\"async\" class=\"image content-image image_placeholder\" src=\"https:\/\/tn.com.ar\/resizer\/v2\/el-chino-darin-y-ursula-corbero-llevan-una-decada-en-pareja-foto-instagramursulolita-6FAWNLUE2ZFUPCHHXPHPRY32HE.jpg?auth=360e4cb15818ec60f6ebb0c739c0847a0914b2699e18006d78c243bbd0c751c1&amp;width=767\" alt=\"El Chino Dar\u00edn y \u00darsula Corber\u00f3 llevan una d\u00e9cada en pareja. (Foto: Instagram\/@ursulolita)\" width=\"767\" height=\"432\" data-testid=\"loading-testid\" \/><\/picture><\/div><figcaption class=\"caption_image\" data-testid=\"figcaption-testid\">\n<div class=\"image_caption \">El Chino Dar\u00edn y \u00darsula Corber\u00f3 llevan una d\u00e9cada en pareja. (Foto: Instagram\/@ursulolita)<\/div>\n<\/figcaption><\/figure>\n<p class=\"paragraph font__body-regular\">Con los a\u00f1os, dieron pasos firmes.<b>\u00a0Se instalaron juntos en Barcelona, compartieron proyectos y tambi\u00e9n momentos familiares, como la primera visita de \u00darsula a la Argentina<\/b>, donde fue recibida por el clan Dar\u00edn. Incluso, Ricardo no dud\u00f3 en elogiarla p\u00fablicamente, y las postales familiares confirmaron la integraci\u00f3n total de la actriz espa\u00f1ola al c\u00edrculo \u00edntimo.<\/p>\n<p class=\"paragraph font__body-regular\">Lejos de los esc\u00e1ndalos y con una presencia p\u00fablica medida, construyeron una relaci\u00f3n s\u00f3lida basada en el compa\u00f1erismo y la admiraci\u00f3n mutua. \u201c<b>Lo m\u00e1s lindo de Espa\u00f1a es ella\u201d, lleg\u00f3 a decir el actor en una alfombra roja<\/b>, dejando en claro el lugar central que ocupa en su vida.<\/p>\n<p class=\"paragraph font__body-regular\">A una d\u00e9cada de aquel primer encuentro, la historia sum\u00f3 su cap\u00edtulo m\u00e1s feliz: la llegada de su primer hijo. La pareja, que siempre defendi\u00f3 su intimidad, atraviesa as\u00ed una nueva etapa marcada por la maternidad y la paternidad, coronando un amor que creci\u00f3 paso a paso y hoy se consolida en familia.<\/p>\n<\/div>\n<p><\/main><\/div>\n<aside class=\"col-right-rail right-rail\">\n<div id=\"parent-ad-slot-caja\" class=\"ad-container caja_ad \">\n<div class=\"ad-content\"><\/div>\n<\/div>\n<\/aside>\n","protected":false},"excerpt":{"rendered":"<p>La actriz dio a luz en una cl\u00ednica de Barcelona, seg\u00fan inform\u00f3 un medio espa\u00f1ol. \u00darsula Corber\u00f3\u00a0y\u00a0el Chino Dar\u00edn\u00a0se convirtieron en pap\u00e1s por primera vez. Seg\u00fan la informaci\u00f3n que dieron a conocer en el programa espa\u00f1ol\u00a0Y ahora Sonsoles (Antena 3), la actriz catalana\u00a0dio a luz en una cl\u00ednica de Barcelona, ciudad que eligieron pese a [&hellip;]<\/p>\n","protected":false},"author":1,"featured_media":12178,"comment_status":"open","ping_status":"open","sticky":false,"template":"","format":"standard","meta":{"rop_custom_images_group":[],"rop_custom_messages_group":[],"rop_publish_now":"initial","rop_publish_now_accounts":[],"rop_publish_now_history":[],"rop_publish_now_status":"pending","footnotes":"","jetpack_publicize_message":"","jetpack_publicize_feature_enabled":true,"jetpack_social_post_already_shared":true,"jetpack_social_options":{"image_generator_settings":{"template":"highway","enabled":false},"version":2}},"categories":[12],"tags":[],"class_list":{"0":"post-12175","1":"post","2":"type-post","3":"status-publish","4":"format-standard","5":"has-post-thumbnail","7":"category-espectaculos"},"jetpack_publicize_connections":[],"yoast_head":"<!-- This site is optimized with the Yoast SEO plugin v27.3 - https:\/\/yoast.com\/product\/yoast-seo-wordpress\/ -->\n<title>Naci\u00f3 el hijo del Chino Dar\u00edn y \u00darsula Corber\u00f3 - CLAN ESPECTACULOS<\/title>\n<meta name=\"robots\" content=\"index, follow, max-snippet:-1, max-image-preview:large, max-video-preview:-1\" \/>\n<link rel=\"canonical\" href=\"https:\/\/radioclanfm.com\/clanespectaculos\/nacio-el-hijo-del-chino-darin-y-ursula-corbero\/\" \/>\n<meta property=\"og:locale\" content=\"es_ES\" \/>\n<meta property=\"og:type\" content=\"article\" \/>\n<meta property=\"og:title\" content=\"Naci\u00f3 el hijo del Chino Dar\u00edn y \u00darsula Corber\u00f3 - CLAN ESPECTACULOS\" \/>\n<meta property=\"og:description\" content=\"La actriz dio a luz en una cl\u00ednica de Barcelona, seg\u00fan inform\u00f3 un medio espa\u00f1ol. \u00darsula Corber\u00f3\u00a0y\u00a0el Chino Dar\u00edn\u00a0se convirtieron en pap\u00e1s por primera vez. Seg\u00fan la informaci\u00f3n que dieron a conocer en el programa espa\u00f1ol\u00a0Y ahora Sonsoles (Antena 3), la actriz catalana\u00a0dio a luz en una cl\u00ednica de Barcelona, ciudad que eligieron pese a [&hellip;]\" \/>\n<meta property=\"og:url\" content=\"https:\/\/radioclanfm.com\/clanespectaculos\/nacio-el-hijo-del-chino-darin-y-ursula-corbero\/\" \/>\n<meta property=\"og:site_name\" content=\"CLAN ESPECTACULOS\" \/>\n<meta property=\"article:publisher\" content=\"https:\/\/www.facebook.com\/clanespectaculos\/\" \/>\n<meta property=\"article:published_time\" content=\"2026-02-10T10:21:47+00:00\" \/>\n<meta property=\"og:image\" content=\"https:\/\/radioclanfm.com\/clanespectaculos\/wp-content\/uploads\/sites\/2\/2026\/02\/EEYk_BT-.jpg\" \/>\n\t<meta property=\"og:image:width\" content=\"900\" \/>\n\t<meta property=\"og:image:height\" content=\"504\" \/>\n\t<meta property=\"og:image:type\" content=\"image\/jpeg\" \/>\n<meta name=\"author\" content=\"E-GRUPOCLAN\" \/>\n<meta name=\"twitter:card\" content=\"summary_large_image\" \/>\n<meta name=\"twitter:creator\" content=\"@clanespectok\" \/>\n<meta name=\"twitter:site\" content=\"@clanespectok\" \/>\n<meta name=\"twitter:label1\" content=\"Escrito por\" \/>\n\t<meta name=\"twitter:data1\" content=\"E-GRUPOCLAN\" \/>\n\t<meta name=\"twitter:label2\" content=\"Tiempo de lectura\" \/>\n\t<meta name=\"twitter:data2\" content=\"3 minutos\" \/>\n<script type=\"application\/ld+json\" class=\"yoast-schema-graph\">{\"@context\":\"https:\\\/\\\/schema.org\",\"@graph\":[{\"@type\":\"Article\",\"@id\":\"https:\\\/\\\/radioclanfm.com\\\/clanespectaculos\\\/nacio-el-hijo-del-chino-darin-y-ursula-corbero\\\/#article\",\"isPartOf\":{\"@id\":\"https:\\\/\\\/radioclanfm.com\\\/clanespectaculos\\\/nacio-el-hijo-del-chino-darin-y-ursula-corbero\\\/\"},\"author\":{\"name\":\"E-GRUPOCLAN\",\"@id\":\"https:\\\/\\\/radioclanfm.com\\\/clanespectaculos\\\/#\\\/schema\\\/person\\\/9734813083303230f3ad84d99171b20c\"},\"headline\":\"Naci\u00f3 el hijo del Chino Dar\u00edn y \u00darsula Corber\u00f3\",\"datePublished\":\"2026-02-10T10:21:47+00:00\",\"mainEntityOfPage\":{\"@id\":\"https:\\\/\\\/radioclanfm.com\\\/clanespectaculos\\\/nacio-el-hijo-del-chino-darin-y-ursula-corbero\\\/\"},\"wordCount\":547,\"commentCount\":0,\"publisher\":{\"@id\":\"https:\\\/\\\/radioclanfm.com\\\/clanespectaculos\\\/#organization\"},\"image\":{\"@id\":\"https:\\\/\\\/radioclanfm.com\\\/clanespectaculos\\\/nacio-el-hijo-del-chino-darin-y-ursula-corbero\\\/#primaryimage\"},\"thumbnailUrl\":\"https:\\\/\\\/radioclanfm.com\\\/clanespectaculos\\\/wp-content\\\/uploads\\\/sites\\\/2\\\/2026\\\/02\\\/EEYk_BT-.jpg\",\"articleSection\":[\"Espectaculos\"],\"inLanguage\":\"es-AR\",\"potentialAction\":[{\"@type\":\"CommentAction\",\"name\":\"Comment\",\"target\":[\"https:\\\/\\\/radioclanfm.com\\\/clanespectaculos\\\/nacio-el-hijo-del-chino-darin-y-ursula-corbero\\\/#respond\"]}]},{\"@type\":\"WebPage\",\"@id\":\"https:\\\/\\\/radioclanfm.com\\\/clanespectaculos\\\/nacio-el-hijo-del-chino-darin-y-ursula-corbero\\\/\",\"url\":\"https:\\\/\\\/radioclanfm.com\\\/clanespectaculos\\\/nacio-el-hijo-del-chino-darin-y-ursula-corbero\\\/\",\"name\":\"Naci\u00f3 el hijo del Chino Dar\u00edn y \u00darsula Corber\u00f3 - CLAN ESPECTACULOS\",\"isPartOf\":{\"@id\":\"https:\\\/\\\/radioclanfm.com\\\/clanespectaculos\\\/#website\"},\"primaryImageOfPage\":{\"@id\":\"https:\\\/\\\/radioclanfm.com\\\/clanespectaculos\\\/nacio-el-hijo-del-chino-darin-y-ursula-corbero\\\/#primaryimage\"},\"image\":{\"@id\":\"https:\\\/\\\/radioclanfm.com\\\/clanespectaculos\\\/nacio-el-hijo-del-chino-darin-y-ursula-corbero\\\/#primaryimage\"},\"thumbnailUrl\":\"https:\\\/\\\/radioclanfm.com\\\/clanespectaculos\\\/wp-content\\\/uploads\\\/sites\\\/2\\\/2026\\\/02\\\/EEYk_BT-.jpg\",\"datePublished\":\"2026-02-10T10:21:47+00:00\",\"breadcrumb\":{\"@id\":\"https:\\\/\\\/radioclanfm.com\\\/clanespectaculos\\\/nacio-el-hijo-del-chino-darin-y-ursula-corbero\\\/#breadcrumb\"},\"inLanguage\":\"es-AR\",\"potentialAction\":[{\"@type\":\"ReadAction\",\"target\":[\"https:\\\/\\\/radioclanfm.com\\\/clanespectaculos\\\/nacio-el-hijo-del-chino-darin-y-ursula-corbero\\\/\"]}]},{\"@type\":\"ImageObject\",\"inLanguage\":\"es-AR\",\"@id\":\"https:\\\/\\\/radioclanfm.com\\\/clanespectaculos\\\/nacio-el-hijo-del-chino-darin-y-ursula-corbero\\\/#primaryimage\",\"url\":\"https:\\\/\\\/radioclanfm.com\\\/clanespectaculos\\\/wp-content\\\/uploads\\\/sites\\\/2\\\/2026\\\/02\\\/EEYk_BT-.jpg\",\"contentUrl\":\"https:\\\/\\\/radioclanfm.com\\\/clanespectaculos\\\/wp-content\\\/uploads\\\/sites\\\/2\\\/2026\\\/02\\\/EEYk_BT-.jpg\",\"width\":900,\"height\":504},{\"@type\":\"BreadcrumbList\",\"@id\":\"https:\\\/\\\/radioclanfm.com\\\/clanespectaculos\\\/nacio-el-hijo-del-chino-darin-y-ursula-corbero\\\/#breadcrumb\",\"itemListElement\":[{\"@type\":\"ListItem\",\"position\":1,\"name\":\"Inicio\",\"item\":\"https:\\\/\\\/radioclanfm.com\\\/clanespectaculos\\\/\"},{\"@type\":\"ListItem\",\"position\":2,\"name\":\"Naci\u00f3 el hijo del Chino Dar\u00edn y \u00darsula Corber\u00f3\"}]},{\"@type\":\"WebSite\",\"@id\":\"https:\\\/\\\/radioclanfm.com\\\/clanespectaculos\\\/#website\",\"url\":\"https:\\\/\\\/radioclanfm.com\\\/clanespectaculos\\\/\",\"name\":\"CLAN ESPECTACULOS\",\"description\":\"\",\"publisher\":{\"@id\":\"https:\\\/\\\/radioclanfm.com\\\/clanespectaculos\\\/#organization\"},\"potentialAction\":[{\"@type\":\"SearchAction\",\"target\":{\"@type\":\"EntryPoint\",\"urlTemplate\":\"https:\\\/\\\/radioclanfm.com\\\/clanespectaculos\\\/?s={search_term_string}\"},\"query-input\":{\"@type\":\"PropertyValueSpecification\",\"valueRequired\":true,\"valueName\":\"search_term_string\"}}],\"inLanguage\":\"es-AR\"},{\"@type\":\"Organization\",\"@id\":\"https:\\\/\\\/radioclanfm.com\\\/clanespectaculos\\\/#organization\",\"name\":\"CLAN ESPECTACULOS\",\"url\":\"https:\\\/\\\/radioclanfm.com\\\/clanespectaculos\\\/\",\"logo\":{\"@type\":\"ImageObject\",\"inLanguage\":\"es-AR\",\"@id\":\"https:\\\/\\\/radioclanfm.com\\\/clanespectaculos\\\/#\\\/schema\\\/logo\\\/image\\\/\",\"url\":\"https:\\\/\\\/radioclanfm.com\\\/clanespectaculos\\\/wp-content\\\/uploads\\\/sites\\\/2\\\/2026\\\/04\\\/ChatGPT-Image-23-mar-2026-10_09_00.png\",\"contentUrl\":\"https:\\\/\\\/radioclanfm.com\\\/clanespectaculos\\\/wp-content\\\/uploads\\\/sites\\\/2\\\/2026\\\/04\\\/ChatGPT-Image-23-mar-2026-10_09_00.png\",\"width\":1024,\"height\":1024,\"caption\":\"CLAN ESPECTACULOS\"},\"image\":{\"@id\":\"https:\\\/\\\/radioclanfm.com\\\/clanespectaculos\\\/#\\\/schema\\\/logo\\\/image\\\/\"},\"sameAs\":[\"https:\\\/\\\/www.facebook.com\\\/clanespectaculos\\\/\",\"https:\\\/\\\/x.com\\\/clanespectok\"]},{\"@type\":\"Person\",\"@id\":\"https:\\\/\\\/radioclanfm.com\\\/clanespectaculos\\\/#\\\/schema\\\/person\\\/9734813083303230f3ad84d99171b20c\",\"name\":\"E-GRUPOCLAN\",\"image\":{\"@type\":\"ImageObject\",\"inLanguage\":\"es-AR\",\"@id\":\"https:\\\/\\\/secure.gravatar.com\\\/avatar\\\/af6e19837c3d6a212034a48c7b3818d2ac1826f6025df0155da5a186ad321d79?s=96&d=mm&r=g\",\"url\":\"https:\\\/\\\/secure.gravatar.com\\\/avatar\\\/af6e19837c3d6a212034a48c7b3818d2ac1826f6025df0155da5a186ad321d79?s=96&d=mm&r=g\",\"contentUrl\":\"https:\\\/\\\/secure.gravatar.com\\\/avatar\\\/af6e19837c3d6a212034a48c7b3818d2ac1826f6025df0155da5a186ad321d79?s=96&d=mm&r=g\",\"caption\":\"E-GRUPOCLAN\"},\"sameAs\":[\"https:\\\/\\\/radioclanfm.com\"],\"url\":\"https:\\\/\\\/radioclanfm.com\\\/clanespectaculos\\\/author\\\/admin\\\/\"}]}<\/script>\n<!-- \/ Yoast SEO plugin. -->","yoast_head_json":{"title":"Naci\u00f3 el hijo del Chino Dar\u00edn y \u00darsula Corber\u00f3 - CLAN ESPECTACULOS","robots":{"index":"index","follow":"follow","max-snippet":"max-snippet:-1","max-image-preview":"max-image-preview:large","max-video-preview":"max-video-preview:-1"},"canonical":"https:\/\/radioclanfm.com\/clanespectaculos\/nacio-el-hijo-del-chino-darin-y-ursula-corbero\/","og_locale":"es_ES","og_type":"article","og_title":"Naci\u00f3 el hijo del Chino Dar\u00edn y \u00darsula Corber\u00f3 - CLAN ESPECTACULOS","og_description":"La actriz dio a luz en una cl\u00ednica de Barcelona, seg\u00fan inform\u00f3 un medio espa\u00f1ol. \u00darsula Corber\u00f3\u00a0y\u00a0el Chino Dar\u00edn\u00a0se convirtieron en pap\u00e1s por primera vez. Seg\u00fan la informaci\u00f3n que dieron a conocer en el programa espa\u00f1ol\u00a0Y ahora Sonsoles (Antena 3), la actriz catalana\u00a0dio a luz en una cl\u00ednica de Barcelona, ciudad que eligieron pese a [&hellip;]","og_url":"https:\/\/radioclanfm.com\/clanespectaculos\/nacio-el-hijo-del-chino-darin-y-ursula-corbero\/","og_site_name":"CLAN ESPECTACULOS","article_publisher":"https:\/\/www.facebook.com\/clanespectaculos\/","article_published_time":"2026-02-10T10:21:47+00:00","og_image":[{"width":900,"height":504,"url":"https:\/\/radioclanfm.com\/clanespectaculos\/wp-content\/uploads\/sites\/2\/2026\/02\/EEYk_BT-.jpg","type":"image\/jpeg"}],"author":"E-GRUPOCLAN","twitter_card":"summary_large_image","twitter_creator":"@clanespectok","twitter_site":"@clanespectok","twitter_misc":{"Escrito por":"E-GRUPOCLAN","Tiempo de lectura":"3 minutos"},"schema":{"@context":"https:\/\/schema.org","@graph":[{"@type":"Article","@id":"https:\/\/radioclanfm.com\/clanespectaculos\/nacio-el-hijo-del-chino-darin-y-ursula-corbero\/#article","isPartOf":{"@id":"https:\/\/radioclanfm.com\/clanespectaculos\/nacio-el-hijo-del-chino-darin-y-ursula-corbero\/"},"author":{"name":"E-GRUPOCLAN","@id":"https:\/\/radioclanfm.com\/clanespectaculos\/#\/schema\/person\/9734813083303230f3ad84d99171b20c"},"headline":"Naci\u00f3 el hijo del Chino Dar\u00edn y \u00darsula Corber\u00f3","datePublished":"2026-02-10T10:21:47+00:00","mainEntityOfPage":{"@id":"https:\/\/radioclanfm.com\/clanespectaculos\/nacio-el-hijo-del-chino-darin-y-ursula-corbero\/"},"wordCount":547,"commentCount":0,"publisher":{"@id":"https:\/\/radioclanfm.com\/clanespectaculos\/#organization"},"image":{"@id":"https:\/\/radioclanfm.com\/clanespectaculos\/nacio-el-hijo-del-chino-darin-y-ursula-corbero\/#primaryimage"},"thumbnailUrl":"https:\/\/radioclanfm.com\/clanespectaculos\/wp-content\/uploads\/sites\/2\/2026\/02\/EEYk_BT-.jpg","articleSection":["Espectaculos"],"inLanguage":"es-AR","potentialAction":[{"@type":"CommentAction","name":"Comment","target":["https:\/\/radioclanfm.com\/clanespectaculos\/nacio-el-hijo-del-chino-darin-y-ursula-corbero\/#respond"]}]},{"@type":"WebPage","@id":"https:\/\/radioclanfm.com\/clanespectaculos\/nacio-el-hijo-del-chino-darin-y-ursula-corbero\/","url":"https:\/\/radioclanfm.com\/clanespectaculos\/nacio-el-hijo-del-chino-darin-y-ursula-corbero\/","name":"Naci\u00f3 el hijo del Chino Dar\u00edn y \u00darsula Corber\u00f3 - CLAN ESPECTACULOS","isPartOf":{"@id":"https:\/\/radioclanfm.com\/clanespectaculos\/#website"},"primaryImageOfPage":{"@id":"https:\/\/radioclanfm.com\/clanespectaculos\/nacio-el-hijo-del-chino-darin-y-ursula-corbero\/#primaryimage"},"image":{"@id":"https:\/\/radioclanfm.com\/clanespectaculos\/nacio-el-hijo-del-chino-darin-y-ursula-corbero\/#primaryimage"},"thumbnailUrl":"https:\/\/radioclanfm.com\/clanespectaculos\/wp-content\/uploads\/sites\/2\/2026\/02\/EEYk_BT-.jpg","datePublished":"2026-02-10T10:21:47+00:00","breadcrumb":{"@id":"https:\/\/radioclanfm.com\/clanespectaculos\/nacio-el-hijo-del-chino-darin-y-ursula-corbero\/#breadcrumb"},"inLanguage":"es-AR","potentialAction":[{"@type":"ReadAction","target":["https:\/\/radioclanfm.com\/clanespectaculos\/nacio-el-hijo-del-chino-darin-y-ursula-corbero\/"]}]},{"@type":"ImageObject","inLanguage":"es-AR","@id":"https:\/\/radioclanfm.com\/clanespectaculos\/nacio-el-hijo-del-chino-darin-y-ursula-corbero\/#primaryimage","url":"https:\/\/radioclanfm.com\/clanespectaculos\/wp-content\/uploads\/sites\/2\/2026\/02\/EEYk_BT-.jpg","contentUrl":"https:\/\/radioclanfm.com\/clanespectaculos\/wp-content\/uploads\/sites\/2\/2026\/02\/EEYk_BT-.jpg","width":900,"height":504},{"@type":"BreadcrumbList","@id":"https:\/\/radioclanfm.com\/clanespectaculos\/nacio-el-hijo-del-chino-darin-y-ursula-corbero\/#breadcrumb","itemListElement":[{"@type":"ListItem","position":1,"name":"Inicio","item":"https:\/\/radioclanfm.com\/clanespectaculos\/"},{"@type":"ListItem","position":2,"name":"Naci\u00f3 el hijo del Chino Dar\u00edn y \u00darsula Corber\u00f3"}]},{"@type":"WebSite","@id":"https:\/\/radioclanfm.com\/clanespectaculos\/#website","url":"https:\/\/radioclanfm.com\/clanespectaculos\/","name":"CLAN ESPECTACULOS","description":"","publisher":{"@id":"https:\/\/radioclanfm.com\/clanespectaculos\/#organization"},"potentialAction":[{"@type":"SearchAction","target":{"@type":"EntryPoint","urlTemplate":"https:\/\/radioclanfm.com\/clanespectaculos\/?s={search_term_string}"},"query-input":{"@type":"PropertyValueSpecification","valueRequired":true,"valueName":"search_term_string"}}],"inLanguage":"es-AR"},{"@type":"Organization","@id":"https:\/\/radioclanfm.com\/clanespectaculos\/#organization","name":"CLAN ESPECTACULOS","url":"https:\/\/radioclanfm.com\/clanespectaculos\/","logo":{"@type":"ImageObject","inLanguage":"es-AR","@id":"https:\/\/radioclanfm.com\/clanespectaculos\/#\/schema\/logo\/image\/","url":"https:\/\/radioclanfm.com\/clanespectaculos\/wp-content\/uploads\/sites\/2\/2026\/04\/ChatGPT-Image-23-mar-2026-10_09_00.png","contentUrl":"https:\/\/radioclanfm.com\/clanespectaculos\/wp-content\/uploads\/sites\/2\/2026\/04\/ChatGPT-Image-23-mar-2026-10_09_00.png","width":1024,"height":1024,"caption":"CLAN ESPECTACULOS"},"image":{"@id":"https:\/\/radioclanfm.com\/clanespectaculos\/#\/schema\/logo\/image\/"},"sameAs":["https:\/\/www.facebook.com\/clanespectaculos\/","https:\/\/x.com\/clanespectok"]},{"@type":"Person","@id":"https:\/\/radioclanfm.com\/clanespectaculos\/#\/schema\/person\/9734813083303230f3ad84d99171b20c","name":"E-GRUPOCLAN","image":{"@type":"ImageObject","inLanguage":"es-AR","@id":"https:\/\/secure.gravatar.com\/avatar\/af6e19837c3d6a212034a48c7b3818d2ac1826f6025df0155da5a186ad321d79?s=96&d=mm&r=g","url":"https:\/\/secure.gravatar.com\/avatar\/af6e19837c3d6a212034a48c7b3818d2ac1826f6025df0155da5a186ad321d79?s=96&d=mm&r=g","contentUrl":"https:\/\/secure.gravatar.com\/avatar\/af6e19837c3d6a212034a48c7b3818d2ac1826f6025df0155da5a186ad321d79?s=96&d=mm&r=g","caption":"E-GRUPOCLAN"},"sameAs":["https:\/\/radioclanfm.com"],"url":"https:\/\/radioclanfm.com\/clanespectaculos\/author\/admin\/"}]}},"_links":{"self":[{"href":"https:\/\/radioclanfm.com\/clanespectaculos\/wp-json\/wp\/v2\/posts\/12175","targetHints":{"allow":["GET"]}}],"collection":[{"href":"https:\/\/radioclanfm.com\/clanespectaculos\/wp-json\/wp\/v2\/posts"}],"about":[{"href":"https:\/\/radioclanfm.com\/clanespectaculos\/wp-json\/wp\/v2\/types\/post"}],"author":[{"embeddable":true,"href":"https:\/\/radioclanfm.com\/clanespectaculos\/wp-json\/wp\/v2\/users\/1"}],"replies":[{"embeddable":true,"href":"https:\/\/radioclanfm.com\/clanespectaculos\/wp-json\/wp\/v2\/comments?post=12175"}],"version-history":[{"count":1,"href":"https:\/\/radioclanfm.com\/clanespectaculos\/wp-json\/wp\/v2\/posts\/12175\/revisions"}],"predecessor-version":[{"id":12179,"href":"https:\/\/radioclanfm.com\/clanespectaculos\/wp-json\/wp\/v2\/posts\/12175\/revisions\/12179"}],"wp:featuredmedia":[{"embeddable":true,"href":"https:\/\/radioclanfm.com\/clanespectaculos\/wp-json\/wp\/v2\/media\/12178"}],"wp:attachment":[{"href":"https:\/\/radioclanfm.com\/clanespectaculos\/wp-json\/wp\/v2\/media?parent=12175"}],"wp:term":[{"taxonomy":"category","embeddable":true,"href":"https:\/\/radioclanfm.com\/clanespectaculos\/wp-json\/wp\/v2\/categories?post=12175"},{"taxonomy":"post_tag","embeddable":true,"href":"https:\/\/radioclanfm.com\/clanespectaculos\/wp-json\/wp\/v2\/tags?post=12175"}],"curies":[{"name":"wp","href":"https:\/\/api.w.org\/{rel}","templated":true}]}}