{"id":12170,"date":"2026-02-10T07:20:08","date_gmt":"2026-02-10T10:20:08","guid":{"rendered":"https:\/\/radioclanfm.com\/clanespectaculos\/?p=12170"},"modified":"2026-02-10T07:20:08","modified_gmt":"2026-02-10T10:20:08","slug":"la-fuerte-advertencia-de-juana-tinelli-a-un-famoso-que-nego-ser-su-novio-ya-paso-el-tren","status":"publish","type":"post","link":"https:\/\/radioclanfm.com\/clanespectaculos\/la-fuerte-advertencia-de-juana-tinelli-a-un-famoso-que-nego-ser-su-novio-ya-paso-el-tren\/","title":{"rendered":"La fuerte advertencia de Juana Tinelli a un famoso que neg\u00f3 ser su novio: &#8220;Ya pas\u00f3 el tren&#8221;"},"content":{"rendered":"<p>La hija de Marcelo Tinelli mostr\u00f3 su lado m\u00e1s rom\u00e1ntico y revel\u00f3 c\u00f3mo fue la cita en la que se enamor\u00f3.<\/p>\n<div class=\"col-content\"><main class=\"col-content\"><\/p>\n<div class=\"default-article-color article__body article__article\">\n<p class=\"paragraph font__body-regular\">En los \u00faltimos d\u00edas se habl\u00f3 mucho sobre un posible romance entre\u00a0<b>Juana Tinelli<\/b><b>\u00a0y el famoso influencer Tom\u00e1s Mazza<\/b>, luego de que intercambiaran rom\u00e1nticos mensajes en las redes sociales.<\/p>\n<div class=\"AV6543bedcd858799fe90b5c47\">\n<div id=\"aniBox\">\n<div id=\"aniplayer_AV6543bedcd858799fe90b5c47-1770718780494\">\n<div id=\"aniplayer_AV6543bedcd858799fe90b5c47-1770718780494gui\">\n<div id=\"av-caption\">\n<div id=\"av-close-btn-overlay\" class=\"av-pos-top-left\"><\/div>\n<\/div>\n<\/div>\n<\/div>\n<\/div>\n<\/div>\n<div id=\"ad-slot-infeed\" class=\"infeed-container ad-slot-infeed ad-slot\" data-adtype=\"infeed\" data-lazyload=\"1\" data-google-query-id=\"CLublbrZzpIDFYBc3QId29AvPg\">\n<div id=\"google_ads_iframe_\/113951150\/tn-arc\/nota\/infeed_0__container__\"><\/div>\n<\/div>\n<p class=\"paragraph font__body-regular\">En este contexto, la hija del conductor fue de invitada al streaming de Mazza y sorprendieron a todos cuando, al final de la transmisi\u00f3n,\u00a0<b>se dieron un apasionado beso.<\/b><\/p>\n<p class=\"paragraph font__body-regular\">Como si eso fuera poco, durante la charla tambi\u00e9n dieron\u00a0<b>detalles acerca de lo que fue su primera cita<\/b>\u00a0y las cosas que cada uno pens\u00f3 del otro.<\/p>\n<figure class=\"\" data-testid=\"figure-testid\">\n<div class=\"aspect_ratio__container\"><picture class=\"responsive-image\"><source srcset=\"https:\/\/tn.com.ar\/resizer\/v2\/juana-tinelli-a-los-besos-con-tomas-mazza-foto-captura-kick-Q5SWGMAFNBA7RGGZJ5ITVSEI5U.png?auth=8f37394598aba8257e2ff174f517745cfcd83f5ddeb35a2442ee06510d4f4018&amp;width=767\" type=\"image\/jpg\" media=\"(max-width: 728px)\" \/><source srcset=\"https:\/\/tn.com.ar\/resizer\/v2\/juana-tinelli-a-los-besos-con-tomas-mazza-foto-captura-kick-Q5SWGMAFNBA7RGGZJ5ITVSEI5U.png?auth=8f37394598aba8257e2ff174f517745cfcd83f5ddeb35a2442ee06510d4f4018&amp;width=1023\" type=\"image\/jpg\" media=\"(max-width: 1023px)\" \/><source srcset=\"https:\/\/tn.com.ar\/resizer\/v2\/juana-tinelli-a-los-besos-con-tomas-mazza-foto-captura-kick-Q5SWGMAFNBA7RGGZJ5ITVSEI5U.png?auth=8f37394598aba8257e2ff174f517745cfcd83f5ddeb35a2442ee06510d4f4018&amp;width=1440\" type=\"image\/jpg\" \/><img loading=\"lazy\" decoding=\"async\" class=\"image content-image image_placeholder\" src=\"https:\/\/tn.com.ar\/resizer\/v2\/juana-tinelli-a-los-besos-con-tomas-mazza-foto-captura-kick-Q5SWGMAFNBA7RGGZJ5ITVSEI5U.png?auth=8f37394598aba8257e2ff174f517745cfcd83f5ddeb35a2442ee06510d4f4018&amp;width=767\" alt=\"Juana Tinelli a los besos con Tom\u00e1s Mazza. (Foto: Captura Kick)\" width=\"767\" height=\"357\" data-testid=\"loading-testid\" \/><\/picture><\/div><figcaption class=\"caption_image\" data-testid=\"figcaption-testid\">\n<div class=\"image_caption \">Juana Tinelli a los besos con Tom\u00e1s Mazza. (Foto: Captura Kick)<\/div>\n<\/figcaption><\/figure>\n<p class=\"paragraph font__body-regular\">\u201cYo estaba pensando en mi cabeza: \u2018Listo, no le gusto, soy un enano\u2019. Yo estuve todo el momento pensando eso\u201d, confes\u00f3 \u00e9l. Mientras tanto, Juana intent\u00f3 recordar un momento puntual: \u201cYo me acuerdo de que te pregunt\u00e9 por qu\u00e9 dec\u00edas una frase\u201d.<\/p>\n<p class=\"paragraph font__body-regular\">De todas formas, dejaron en claro que por el momento no ten\u00edan nada oficial.\u00a0<b>\u201cNo somos novios, vamos a serlo\u201d,<\/b>\u00a0desliz\u00f3 Mazza. \u201cYa pas\u00f3 el tren varias veces\u201d, retruc\u00f3 ella.<\/p>\n<h2 class=\"font--primary font__display\">C\u00f3mo iniciaron los rumores de romance entre Juana Tinelli y Tom\u00e1s Mazza<\/h2>\n<p class=\"paragraph font__body-regular\">En noviembre del a\u00f1o pasado,\u00a0<b>Juana Tinelli<\/b>\u00a0le puso fin a su \u00faltima relaci\u00f3n. Este verano, se mostr\u00f3 muy activa en sus redes sociales y llam\u00f3 la atenci\u00f3n por un\u00a0<b>intercambio de mensajes con el influencer Tom\u00e1s Mazza.<\/b><\/p>\n<p class=\"paragraph font__body-regular\">Lo cierto es que\u00a0<b>los dos se siguen en Instagram<\/b>, y el influencer estuvo comentando las fotos de ella con picantes mensajes.<\/p>\n<figure class=\"\" data-testid=\"figure-testid\">\n<div class=\"aspect_ratio__container\"><picture class=\"responsive-image\"><source srcset=\"https:\/\/tn.com.ar\/resizer\/v2\/los-mensajes-entre-juana-tinelli-y-tomas-mazza-foto-instagramjuanitinelli1-XNBGSJPJVRHPNOONL5OPUQOCRE.jpeg?auth=3a53a509d846383288cfdfde8e29f97c8605467864cbaf0e22a060bb89636988&amp;width=767\" type=\"image\/jpg\" media=\"(max-width: 728px)\" \/><source srcset=\"https:\/\/tn.com.ar\/resizer\/v2\/los-mensajes-entre-juana-tinelli-y-tomas-mazza-foto-instagramjuanitinelli1-XNBGSJPJVRHPNOONL5OPUQOCRE.jpeg?auth=3a53a509d846383288cfdfde8e29f97c8605467864cbaf0e22a060bb89636988&amp;width=1023\" type=\"image\/jpg\" media=\"(max-width: 1023px)\" \/><source srcset=\"https:\/\/tn.com.ar\/resizer\/v2\/los-mensajes-entre-juana-tinelli-y-tomas-mazza-foto-instagramjuanitinelli1-XNBGSJPJVRHPNOONL5OPUQOCRE.jpeg?auth=3a53a509d846383288cfdfde8e29f97c8605467864cbaf0e22a060bb89636988&amp;width=1440\" type=\"image\/jpg\" \/><img loading=\"lazy\" decoding=\"async\" class=\"image content-image image_placeholder\" src=\"https:\/\/tn.com.ar\/resizer\/v2\/los-mensajes-entre-juana-tinelli-y-tomas-mazza-foto-instagramjuanitinelli1-XNBGSJPJVRHPNOONL5OPUQOCRE.jpeg?auth=3a53a509d846383288cfdfde8e29f97c8605467864cbaf0e22a060bb89636988&amp;width=767\" alt=\"Los mensajes entre Juana Tinelli y Tom\u00e1s Mazza. (Foto: Instagram\/juanitinelli1)\" width=\"767\" height=\"656\" data-testid=\"loading-testid\" \/><\/picture><\/div><figcaption class=\"caption_image\" data-testid=\"figcaption-testid\">\n<div class=\"image_caption \">Los mensajes entre Juana Tinelli y Tom\u00e1s Mazza. (Foto: Instagram\/juanitinelli1)<\/div>\n<\/figcaption><\/figure>\n<p class=\"paragraph font__body-regular\">La hija del conductor public\u00f3 una foto con un pa\u00f1uelo en el pelo y \u00e9l reaccion\u00f3:\u00a0<b>\u201cGuao\u201d<\/b>. Ella, por su parte, le dio like y respondi\u00f3:\u00a0<b>\u201cGuauuuu\u201d.<\/b><\/p>\n<p class=\"paragraph font__body-regular\">Despu\u00e9s, mostr\u00f3 su cambio de look y \u00e9l no dej\u00f3 pasar la oportunidad. \u201cTemazo\u201d, le escribi\u00f3 a modo de broma. Horas despu\u00e9s, ella public\u00f3 un video y Tom\u00e1s volvi\u00f3 a aparecer:\u00a0<b>\u201c\u00bfPor qu\u00e9 el video nunca termina?\u201d<\/b>.<\/p>\n<p class=\"paragraph font__body-regular\">Lejos de mostrarse indiferente, Juana le dio\u00a0<b>like a todos los mensajes<\/b>, dejando en claro que hay algo entre los dos.<\/p>\n<\/div>\n<p><\/main><\/div>\n<aside class=\"col-right-rail right-rail\">\n<div id=\"parent-ad-slot-caja\" class=\"ad-container caja_ad \">\n<div class=\"ad-content\"><\/div>\n<\/div>\n<\/aside>\n<p>&nbsp;<\/p>\n","protected":false},"excerpt":{"rendered":"<p>La hija de Marcelo Tinelli mostr\u00f3 su lado m\u00e1s rom\u00e1ntico y revel\u00f3 c\u00f3mo fue la cita en la que se enamor\u00f3. En los \u00faltimos d\u00edas se habl\u00f3 mucho sobre un posible romance entre\u00a0Juana Tinelli\u00a0y el famoso influencer Tom\u00e1s Mazza, luego de que intercambiaran rom\u00e1nticos mensajes en las redes sociales. En este contexto, la hija del [&hellip;]<\/p>\n","protected":false},"author":1,"featured_media":12173,"comment_status":"open","ping_status":"open","sticky":false,"template":"","format":"standard","meta":{"rop_custom_images_group":[],"rop_custom_messages_group":[],"rop_publish_now":"initial","rop_publish_now_accounts":[],"rop_publish_now_history":[],"rop_publish_now_status":"pending","footnotes":"","jetpack_publicize_message":"","jetpack_publicize_feature_enabled":true,"jetpack_social_post_already_shared":true,"jetpack_social_options":{"image_generator_settings":{"template":"highway","enabled":false},"version":2}},"categories":[12],"tags":[],"class_list":{"0":"post-12170","1":"post","2":"type-post","3":"status-publish","4":"format-standard","5":"has-post-thumbnail","7":"category-espectaculos"},"jetpack_publicize_connections":[],"yoast_head":"<!-- This site is optimized with the Yoast SEO plugin v27.3 - https:\/\/yoast.com\/product\/yoast-seo-wordpress\/ -->\n<title>La fuerte advertencia de Juana Tinelli a un famoso que neg\u00f3 ser su novio: &quot;Ya pas\u00f3 el tren&quot; - CLAN ESPECTACULOS<\/title>\n<meta name=\"robots\" content=\"index, follow, max-snippet:-1, max-image-preview:large, max-video-preview:-1\" \/>\n<link rel=\"canonical\" href=\"https:\/\/radioclanfm.com\/clanespectaculos\/la-fuerte-advertencia-de-juana-tinelli-a-un-famoso-que-nego-ser-su-novio-ya-paso-el-tren\/\" \/>\n<meta property=\"og:locale\" content=\"es_ES\" \/>\n<meta property=\"og:type\" content=\"article\" \/>\n<meta property=\"og:title\" content=\"La fuerte advertencia de Juana Tinelli a un famoso que neg\u00f3 ser su novio: &quot;Ya pas\u00f3 el tren&quot; - CLAN ESPECTACULOS\" \/>\n<meta property=\"og:description\" content=\"La hija de Marcelo Tinelli mostr\u00f3 su lado m\u00e1s rom\u00e1ntico y revel\u00f3 c\u00f3mo fue la cita en la que se enamor\u00f3. En los \u00faltimos d\u00edas se habl\u00f3 mucho sobre un posible romance entre\u00a0Juana Tinelli\u00a0y el famoso influencer Tom\u00e1s Mazza, luego de que intercambiaran rom\u00e1nticos mensajes en las redes sociales. En este contexto, la hija del [&hellip;]\" \/>\n<meta property=\"og:url\" content=\"https:\/\/radioclanfm.com\/clanespectaculos\/la-fuerte-advertencia-de-juana-tinelli-a-un-famoso-que-nego-ser-su-novio-ya-paso-el-tren\/\" \/>\n<meta property=\"og:site_name\" content=\"CLAN ESPECTACULOS\" \/>\n<meta property=\"article:publisher\" content=\"https:\/\/www.facebook.com\/clanespectaculos\/\" \/>\n<meta property=\"article:published_time\" content=\"2026-02-10T10:20:08+00:00\" \/>\n<meta property=\"og:image\" content=\"https:\/\/radioclanfm.com\/clanespectaculos\/wp-content\/uploads\/sites\/2\/2026\/02\/IX3FKMO8.jpg\" \/>\n\t<meta property=\"og:image:width\" content=\"900\" \/>\n\t<meta property=\"og:image:height\" content=\"505\" \/>\n\t<meta property=\"og:image:type\" content=\"image\/jpeg\" \/>\n<meta name=\"author\" content=\"E-GRUPOCLAN\" \/>\n<meta name=\"twitter:card\" content=\"summary_large_image\" \/>\n<meta name=\"twitter:creator\" content=\"@clanespectok\" \/>\n<meta name=\"twitter:site\" content=\"@clanespectok\" \/>\n<meta name=\"twitter:label1\" content=\"Escrito por\" \/>\n\t<meta name=\"twitter:data1\" content=\"E-GRUPOCLAN\" \/>\n\t<meta name=\"twitter:label2\" content=\"Tiempo de lectura\" \/>\n\t<meta name=\"twitter:data2\" content=\"2 minutos\" \/>\n<script type=\"application\/ld+json\" class=\"yoast-schema-graph\">{\"@context\":\"https:\\\/\\\/schema.org\",\"@graph\":[{\"@type\":\"Article\",\"@id\":\"https:\\\/\\\/radioclanfm.com\\\/clanespectaculos\\\/la-fuerte-advertencia-de-juana-tinelli-a-un-famoso-que-nego-ser-su-novio-ya-paso-el-tren\\\/#article\",\"isPartOf\":{\"@id\":\"https:\\\/\\\/radioclanfm.com\\\/clanespectaculos\\\/la-fuerte-advertencia-de-juana-tinelli-a-un-famoso-que-nego-ser-su-novio-ya-paso-el-tren\\\/\"},\"author\":{\"name\":\"E-GRUPOCLAN\",\"@id\":\"https:\\\/\\\/radioclanfm.com\\\/clanespectaculos\\\/#\\\/schema\\\/person\\\/9734813083303230f3ad84d99171b20c\"},\"headline\":\"La fuerte advertencia de Juana Tinelli a un famoso que neg\u00f3 ser su novio: &#8220;Ya pas\u00f3 el tren&#8221;\",\"datePublished\":\"2026-02-10T10:20:08+00:00\",\"mainEntityOfPage\":{\"@id\":\"https:\\\/\\\/radioclanfm.com\\\/clanespectaculos\\\/la-fuerte-advertencia-de-juana-tinelli-a-un-famoso-que-nego-ser-su-novio-ya-paso-el-tren\\\/\"},\"wordCount\":400,\"commentCount\":0,\"publisher\":{\"@id\":\"https:\\\/\\\/radioclanfm.com\\\/clanespectaculos\\\/#organization\"},\"image\":{\"@id\":\"https:\\\/\\\/radioclanfm.com\\\/clanespectaculos\\\/la-fuerte-advertencia-de-juana-tinelli-a-un-famoso-que-nego-ser-su-novio-ya-paso-el-tren\\\/#primaryimage\"},\"thumbnailUrl\":\"https:\\\/\\\/radioclanfm.com\\\/clanespectaculos\\\/wp-content\\\/uploads\\\/sites\\\/2\\\/2026\\\/02\\\/IX3FKMO8.jpg\",\"articleSection\":[\"Espectaculos\"],\"inLanguage\":\"es-AR\",\"potentialAction\":[{\"@type\":\"CommentAction\",\"name\":\"Comment\",\"target\":[\"https:\\\/\\\/radioclanfm.com\\\/clanespectaculos\\\/la-fuerte-advertencia-de-juana-tinelli-a-un-famoso-que-nego-ser-su-novio-ya-paso-el-tren\\\/#respond\"]}]},{\"@type\":\"WebPage\",\"@id\":\"https:\\\/\\\/radioclanfm.com\\\/clanespectaculos\\\/la-fuerte-advertencia-de-juana-tinelli-a-un-famoso-que-nego-ser-su-novio-ya-paso-el-tren\\\/\",\"url\":\"https:\\\/\\\/radioclanfm.com\\\/clanespectaculos\\\/la-fuerte-advertencia-de-juana-tinelli-a-un-famoso-que-nego-ser-su-novio-ya-paso-el-tren\\\/\",\"name\":\"La fuerte advertencia de Juana Tinelli a un famoso que neg\u00f3 ser su novio: \\\"Ya pas\u00f3 el tren\\\" - CLAN ESPECTACULOS\",\"isPartOf\":{\"@id\":\"https:\\\/\\\/radioclanfm.com\\\/clanespectaculos\\\/#website\"},\"primaryImageOfPage\":{\"@id\":\"https:\\\/\\\/radioclanfm.com\\\/clanespectaculos\\\/la-fuerte-advertencia-de-juana-tinelli-a-un-famoso-que-nego-ser-su-novio-ya-paso-el-tren\\\/#primaryimage\"},\"image\":{\"@id\":\"https:\\\/\\\/radioclanfm.com\\\/clanespectaculos\\\/la-fuerte-advertencia-de-juana-tinelli-a-un-famoso-que-nego-ser-su-novio-ya-paso-el-tren\\\/#primaryimage\"},\"thumbnailUrl\":\"https:\\\/\\\/radioclanfm.com\\\/clanespectaculos\\\/wp-content\\\/uploads\\\/sites\\\/2\\\/2026\\\/02\\\/IX3FKMO8.jpg\",\"datePublished\":\"2026-02-10T10:20:08+00:00\",\"breadcrumb\":{\"@id\":\"https:\\\/\\\/radioclanfm.com\\\/clanespectaculos\\\/la-fuerte-advertencia-de-juana-tinelli-a-un-famoso-que-nego-ser-su-novio-ya-paso-el-tren\\\/#breadcrumb\"},\"inLanguage\":\"es-AR\",\"potentialAction\":[{\"@type\":\"ReadAction\",\"target\":[\"https:\\\/\\\/radioclanfm.com\\\/clanespectaculos\\\/la-fuerte-advertencia-de-juana-tinelli-a-un-famoso-que-nego-ser-su-novio-ya-paso-el-tren\\\/\"]}]},{\"@type\":\"ImageObject\",\"inLanguage\":\"es-AR\",\"@id\":\"https:\\\/\\\/radioclanfm.com\\\/clanespectaculos\\\/la-fuerte-advertencia-de-juana-tinelli-a-un-famoso-que-nego-ser-su-novio-ya-paso-el-tren\\\/#primaryimage\",\"url\":\"https:\\\/\\\/radioclanfm.com\\\/clanespectaculos\\\/wp-content\\\/uploads\\\/sites\\\/2\\\/2026\\\/02\\\/IX3FKMO8.jpg\",\"contentUrl\":\"https:\\\/\\\/radioclanfm.com\\\/clanespectaculos\\\/wp-content\\\/uploads\\\/sites\\\/2\\\/2026\\\/02\\\/IX3FKMO8.jpg\",\"width\":900,\"height\":505},{\"@type\":\"BreadcrumbList\",\"@id\":\"https:\\\/\\\/radioclanfm.com\\\/clanespectaculos\\\/la-fuerte-advertencia-de-juana-tinelli-a-un-famoso-que-nego-ser-su-novio-ya-paso-el-tren\\\/#breadcrumb\",\"itemListElement\":[{\"@type\":\"ListItem\",\"position\":1,\"name\":\"Inicio\",\"item\":\"https:\\\/\\\/radioclanfm.com\\\/clanespectaculos\\\/\"},{\"@type\":\"ListItem\",\"position\":2,\"name\":\"La fuerte advertencia de Juana Tinelli a un famoso que neg\u00f3 ser su novio: &#8220;Ya pas\u00f3 el tren&#8221;\"}]},{\"@type\":\"WebSite\",\"@id\":\"https:\\\/\\\/radioclanfm.com\\\/clanespectaculos\\\/#website\",\"url\":\"https:\\\/\\\/radioclanfm.com\\\/clanespectaculos\\\/\",\"name\":\"CLAN ESPECTACULOS\",\"description\":\"\",\"publisher\":{\"@id\":\"https:\\\/\\\/radioclanfm.com\\\/clanespectaculos\\\/#organization\"},\"potentialAction\":[{\"@type\":\"SearchAction\",\"target\":{\"@type\":\"EntryPoint\",\"urlTemplate\":\"https:\\\/\\\/radioclanfm.com\\\/clanespectaculos\\\/?s={search_term_string}\"},\"query-input\":{\"@type\":\"PropertyValueSpecification\",\"valueRequired\":true,\"valueName\":\"search_term_string\"}}],\"inLanguage\":\"es-AR\"},{\"@type\":\"Organization\",\"@id\":\"https:\\\/\\\/radioclanfm.com\\\/clanespectaculos\\\/#organization\",\"name\":\"CLAN ESPECTACULOS\",\"url\":\"https:\\\/\\\/radioclanfm.com\\\/clanespectaculos\\\/\",\"logo\":{\"@type\":\"ImageObject\",\"inLanguage\":\"es-AR\",\"@id\":\"https:\\\/\\\/radioclanfm.com\\\/clanespectaculos\\\/#\\\/schema\\\/logo\\\/image\\\/\",\"url\":\"https:\\\/\\\/radioclanfm.com\\\/clanespectaculos\\\/wp-content\\\/uploads\\\/sites\\\/2\\\/2026\\\/04\\\/ChatGPT-Image-23-mar-2026-10_09_00.png\",\"contentUrl\":\"https:\\\/\\\/radioclanfm.com\\\/clanespectaculos\\\/wp-content\\\/uploads\\\/sites\\\/2\\\/2026\\\/04\\\/ChatGPT-Image-23-mar-2026-10_09_00.png\",\"width\":1024,\"height\":1024,\"caption\":\"CLAN ESPECTACULOS\"},\"image\":{\"@id\":\"https:\\\/\\\/radioclanfm.com\\\/clanespectaculos\\\/#\\\/schema\\\/logo\\\/image\\\/\"},\"sameAs\":[\"https:\\\/\\\/www.facebook.com\\\/clanespectaculos\\\/\",\"https:\\\/\\\/x.com\\\/clanespectok\"]},{\"@type\":\"Person\",\"@id\":\"https:\\\/\\\/radioclanfm.com\\\/clanespectaculos\\\/#\\\/schema\\\/person\\\/9734813083303230f3ad84d99171b20c\",\"name\":\"E-GRUPOCLAN\",\"image\":{\"@type\":\"ImageObject\",\"inLanguage\":\"es-AR\",\"@id\":\"https:\\\/\\\/secure.gravatar.com\\\/avatar\\\/af6e19837c3d6a212034a48c7b3818d2ac1826f6025df0155da5a186ad321d79?s=96&d=mm&r=g\",\"url\":\"https:\\\/\\\/secure.gravatar.com\\\/avatar\\\/af6e19837c3d6a212034a48c7b3818d2ac1826f6025df0155da5a186ad321d79?s=96&d=mm&r=g\",\"contentUrl\":\"https:\\\/\\\/secure.gravatar.com\\\/avatar\\\/af6e19837c3d6a212034a48c7b3818d2ac1826f6025df0155da5a186ad321d79?s=96&d=mm&r=g\",\"caption\":\"E-GRUPOCLAN\"},\"sameAs\":[\"https:\\\/\\\/radioclanfm.com\"],\"url\":\"https:\\\/\\\/radioclanfm.com\\\/clanespectaculos\\\/author\\\/admin\\\/\"}]}<\/script>\n<!-- \/ Yoast SEO plugin. -->","yoast_head_json":{"title":"La fuerte advertencia de Juana Tinelli a un famoso que neg\u00f3 ser su novio: \"Ya pas\u00f3 el tren\" - CLAN ESPECTACULOS","robots":{"index":"index","follow":"follow","max-snippet":"max-snippet:-1","max-image-preview":"max-image-preview:large","max-video-preview":"max-video-preview:-1"},"canonical":"https:\/\/radioclanfm.com\/clanespectaculos\/la-fuerte-advertencia-de-juana-tinelli-a-un-famoso-que-nego-ser-su-novio-ya-paso-el-tren\/","og_locale":"es_ES","og_type":"article","og_title":"La fuerte advertencia de Juana Tinelli a un famoso que neg\u00f3 ser su novio: \"Ya pas\u00f3 el tren\" - CLAN ESPECTACULOS","og_description":"La hija de Marcelo Tinelli mostr\u00f3 su lado m\u00e1s rom\u00e1ntico y revel\u00f3 c\u00f3mo fue la cita en la que se enamor\u00f3. En los \u00faltimos d\u00edas se habl\u00f3 mucho sobre un posible romance entre\u00a0Juana Tinelli\u00a0y el famoso influencer Tom\u00e1s Mazza, luego de que intercambiaran rom\u00e1nticos mensajes en las redes sociales. En este contexto, la hija del [&hellip;]","og_url":"https:\/\/radioclanfm.com\/clanespectaculos\/la-fuerte-advertencia-de-juana-tinelli-a-un-famoso-que-nego-ser-su-novio-ya-paso-el-tren\/","og_site_name":"CLAN ESPECTACULOS","article_publisher":"https:\/\/www.facebook.com\/clanespectaculos\/","article_published_time":"2026-02-10T10:20:08+00:00","og_image":[{"width":900,"height":505,"url":"https:\/\/radioclanfm.com\/clanespectaculos\/wp-content\/uploads\/sites\/2\/2026\/02\/IX3FKMO8.jpg","type":"image\/jpeg"}],"author":"E-GRUPOCLAN","twitter_card":"summary_large_image","twitter_creator":"@clanespectok","twitter_site":"@clanespectok","twitter_misc":{"Escrito por":"E-GRUPOCLAN","Tiempo de lectura":"2 minutos"},"schema":{"@context":"https:\/\/schema.org","@graph":[{"@type":"Article","@id":"https:\/\/radioclanfm.com\/clanespectaculos\/la-fuerte-advertencia-de-juana-tinelli-a-un-famoso-que-nego-ser-su-novio-ya-paso-el-tren\/#article","isPartOf":{"@id":"https:\/\/radioclanfm.com\/clanespectaculos\/la-fuerte-advertencia-de-juana-tinelli-a-un-famoso-que-nego-ser-su-novio-ya-paso-el-tren\/"},"author":{"name":"E-GRUPOCLAN","@id":"https:\/\/radioclanfm.com\/clanespectaculos\/#\/schema\/person\/9734813083303230f3ad84d99171b20c"},"headline":"La fuerte advertencia de Juana Tinelli a un famoso que neg\u00f3 ser su novio: &#8220;Ya pas\u00f3 el tren&#8221;","datePublished":"2026-02-10T10:20:08+00:00","mainEntityOfPage":{"@id":"https:\/\/radioclanfm.com\/clanespectaculos\/la-fuerte-advertencia-de-juana-tinelli-a-un-famoso-que-nego-ser-su-novio-ya-paso-el-tren\/"},"wordCount":400,"commentCount":0,"publisher":{"@id":"https:\/\/radioclanfm.com\/clanespectaculos\/#organization"},"image":{"@id":"https:\/\/radioclanfm.com\/clanespectaculos\/la-fuerte-advertencia-de-juana-tinelli-a-un-famoso-que-nego-ser-su-novio-ya-paso-el-tren\/#primaryimage"},"thumbnailUrl":"https:\/\/radioclanfm.com\/clanespectaculos\/wp-content\/uploads\/sites\/2\/2026\/02\/IX3FKMO8.jpg","articleSection":["Espectaculos"],"inLanguage":"es-AR","potentialAction":[{"@type":"CommentAction","name":"Comment","target":["https:\/\/radioclanfm.com\/clanespectaculos\/la-fuerte-advertencia-de-juana-tinelli-a-un-famoso-que-nego-ser-su-novio-ya-paso-el-tren\/#respond"]}]},{"@type":"WebPage","@id":"https:\/\/radioclanfm.com\/clanespectaculos\/la-fuerte-advertencia-de-juana-tinelli-a-un-famoso-que-nego-ser-su-novio-ya-paso-el-tren\/","url":"https:\/\/radioclanfm.com\/clanespectaculos\/la-fuerte-advertencia-de-juana-tinelli-a-un-famoso-que-nego-ser-su-novio-ya-paso-el-tren\/","name":"La fuerte advertencia de Juana Tinelli a un famoso que neg\u00f3 ser su novio: \"Ya pas\u00f3 el tren\" - CLAN ESPECTACULOS","isPartOf":{"@id":"https:\/\/radioclanfm.com\/clanespectaculos\/#website"},"primaryImageOfPage":{"@id":"https:\/\/radioclanfm.com\/clanespectaculos\/la-fuerte-advertencia-de-juana-tinelli-a-un-famoso-que-nego-ser-su-novio-ya-paso-el-tren\/#primaryimage"},"image":{"@id":"https:\/\/radioclanfm.com\/clanespectaculos\/la-fuerte-advertencia-de-juana-tinelli-a-un-famoso-que-nego-ser-su-novio-ya-paso-el-tren\/#primaryimage"},"thumbnailUrl":"https:\/\/radioclanfm.com\/clanespectaculos\/wp-content\/uploads\/sites\/2\/2026\/02\/IX3FKMO8.jpg","datePublished":"2026-02-10T10:20:08+00:00","breadcrumb":{"@id":"https:\/\/radioclanfm.com\/clanespectaculos\/la-fuerte-advertencia-de-juana-tinelli-a-un-famoso-que-nego-ser-su-novio-ya-paso-el-tren\/#breadcrumb"},"inLanguage":"es-AR","potentialAction":[{"@type":"ReadAction","target":["https:\/\/radioclanfm.com\/clanespectaculos\/la-fuerte-advertencia-de-juana-tinelli-a-un-famoso-que-nego-ser-su-novio-ya-paso-el-tren\/"]}]},{"@type":"ImageObject","inLanguage":"es-AR","@id":"https:\/\/radioclanfm.com\/clanespectaculos\/la-fuerte-advertencia-de-juana-tinelli-a-un-famoso-que-nego-ser-su-novio-ya-paso-el-tren\/#primaryimage","url":"https:\/\/radioclanfm.com\/clanespectaculos\/wp-content\/uploads\/sites\/2\/2026\/02\/IX3FKMO8.jpg","contentUrl":"https:\/\/radioclanfm.com\/clanespectaculos\/wp-content\/uploads\/sites\/2\/2026\/02\/IX3FKMO8.jpg","width":900,"height":505},{"@type":"BreadcrumbList","@id":"https:\/\/radioclanfm.com\/clanespectaculos\/la-fuerte-advertencia-de-juana-tinelli-a-un-famoso-que-nego-ser-su-novio-ya-paso-el-tren\/#breadcrumb","itemListElement":[{"@type":"ListItem","position":1,"name":"Inicio","item":"https:\/\/radioclanfm.com\/clanespectaculos\/"},{"@type":"ListItem","position":2,"name":"La fuerte advertencia de Juana Tinelli a un famoso que neg\u00f3 ser su novio: &#8220;Ya pas\u00f3 el tren&#8221;"}]},{"@type":"WebSite","@id":"https:\/\/radioclanfm.com\/clanespectaculos\/#website","url":"https:\/\/radioclanfm.com\/clanespectaculos\/","name":"CLAN ESPECTACULOS","description":"","publisher":{"@id":"https:\/\/radioclanfm.com\/clanespectaculos\/#organization"},"potentialAction":[{"@type":"SearchAction","target":{"@type":"EntryPoint","urlTemplate":"https:\/\/radioclanfm.com\/clanespectaculos\/?s={search_term_string}"},"query-input":{"@type":"PropertyValueSpecification","valueRequired":true,"valueName":"search_term_string"}}],"inLanguage":"es-AR"},{"@type":"Organization","@id":"https:\/\/radioclanfm.com\/clanespectaculos\/#organization","name":"CLAN ESPECTACULOS","url":"https:\/\/radioclanfm.com\/clanespectaculos\/","logo":{"@type":"ImageObject","inLanguage":"es-AR","@id":"https:\/\/radioclanfm.com\/clanespectaculos\/#\/schema\/logo\/image\/","url":"https:\/\/radioclanfm.com\/clanespectaculos\/wp-content\/uploads\/sites\/2\/2026\/04\/ChatGPT-Image-23-mar-2026-10_09_00.png","contentUrl":"https:\/\/radioclanfm.com\/clanespectaculos\/wp-content\/uploads\/sites\/2\/2026\/04\/ChatGPT-Image-23-mar-2026-10_09_00.png","width":1024,"height":1024,"caption":"CLAN ESPECTACULOS"},"image":{"@id":"https:\/\/radioclanfm.com\/clanespectaculos\/#\/schema\/logo\/image\/"},"sameAs":["https:\/\/www.facebook.com\/clanespectaculos\/","https:\/\/x.com\/clanespectok"]},{"@type":"Person","@id":"https:\/\/radioclanfm.com\/clanespectaculos\/#\/schema\/person\/9734813083303230f3ad84d99171b20c","name":"E-GRUPOCLAN","image":{"@type":"ImageObject","inLanguage":"es-AR","@id":"https:\/\/secure.gravatar.com\/avatar\/af6e19837c3d6a212034a48c7b3818d2ac1826f6025df0155da5a186ad321d79?s=96&d=mm&r=g","url":"https:\/\/secure.gravatar.com\/avatar\/af6e19837c3d6a212034a48c7b3818d2ac1826f6025df0155da5a186ad321d79?s=96&d=mm&r=g","contentUrl":"https:\/\/secure.gravatar.com\/avatar\/af6e19837c3d6a212034a48c7b3818d2ac1826f6025df0155da5a186ad321d79?s=96&d=mm&r=g","caption":"E-GRUPOCLAN"},"sameAs":["https:\/\/radioclanfm.com"],"url":"https:\/\/radioclanfm.com\/clanespectaculos\/author\/admin\/"}]}},"_links":{"self":[{"href":"https:\/\/radioclanfm.com\/clanespectaculos\/wp-json\/wp\/v2\/posts\/12170","targetHints":{"allow":["GET"]}}],"collection":[{"href":"https:\/\/radioclanfm.com\/clanespectaculos\/wp-json\/wp\/v2\/posts"}],"about":[{"href":"https:\/\/radioclanfm.com\/clanespectaculos\/wp-json\/wp\/v2\/types\/post"}],"author":[{"embeddable":true,"href":"https:\/\/radioclanfm.com\/clanespectaculos\/wp-json\/wp\/v2\/users\/1"}],"replies":[{"embeddable":true,"href":"https:\/\/radioclanfm.com\/clanespectaculos\/wp-json\/wp\/v2\/comments?post=12170"}],"version-history":[{"count":1,"href":"https:\/\/radioclanfm.com\/clanespectaculos\/wp-json\/wp\/v2\/posts\/12170\/revisions"}],"predecessor-version":[{"id":12174,"href":"https:\/\/radioclanfm.com\/clanespectaculos\/wp-json\/wp\/v2\/posts\/12170\/revisions\/12174"}],"wp:featuredmedia":[{"embeddable":true,"href":"https:\/\/radioclanfm.com\/clanespectaculos\/wp-json\/wp\/v2\/media\/12173"}],"wp:attachment":[{"href":"https:\/\/radioclanfm.com\/clanespectaculos\/wp-json\/wp\/v2\/media?parent=12170"}],"wp:term":[{"taxonomy":"category","embeddable":true,"href":"https:\/\/radioclanfm.com\/clanespectaculos\/wp-json\/wp\/v2\/categories?post=12170"},{"taxonomy":"post_tag","embeddable":true,"href":"https:\/\/radioclanfm.com\/clanespectaculos\/wp-json\/wp\/v2\/tags?post=12170"}],"curies":[{"name":"wp","href":"https:\/\/api.w.org\/{rel}","templated":true}]}}