{"id":12150,"date":"2026-02-10T07:12:49","date_gmt":"2026-02-10T10:12:49","guid":{"rendered":"https:\/\/radioclanfm.com\/clanespectaculos\/?p=12150"},"modified":"2026-02-10T07:12:49","modified_gmt":"2026-02-10T10:12:49","slug":"asi-es-el-departamento-de-marcelo-tinelli-en-palermo-seis-habitaciones-seis-banos-y-bar-privado","status":"publish","type":"post","link":"https:\/\/radioclanfm.com\/clanespectaculos\/asi-es-el-departamento-de-marcelo-tinelli-en-palermo-seis-habitaciones-seis-banos-y-bar-privado\/","title":{"rendered":"As\u00ed es el departamento de Marcelo Tinelli en Palermo: seis habitaciones, seis ba\u00f1os y bar privado"},"content":{"rendered":"<p>La propiedad del conductor se destaca por sus amplios ambientes y un dise\u00f1o elegante.<\/p>\n<div class=\"col-content\"><main class=\"col-content\"><\/p>\n<div class=\"default-article-color article__body article__article\">\n<p class=\"paragraph font__body-regular\"><b>Marcelo Tinelli<\/b><b>\u00a0<\/b>vive en una imponente casa ubicada en Palermo, uno de los barrios m\u00e1s exclusivos de la ciudad de Buenos Aires. La propiedad, se destaca por ser un\u00a0<b>piso completo con<\/b>\u00a0<b>amplias dimensiones y lujosas comodidades.<\/b><\/p>\n<div id=\"ad-slot-infeed\" class=\"infeed-container\"><\/div>\n<p class=\"paragraph font__body-regular\">El departamento tiene aproximadamente\u00a0<b>530 metros cuadrados<\/b>\u00a0y cuenta con\u00a0<b>seis dormitorios y seis ba\u00f1os<\/b>, distribuidos en distintos sectores de la casa, para la privacidad de cada uno de sus habitantes.<\/p>\n<p class=\"paragraph font__body-regular\">Los ambientes son amplios, luminosos y est\u00e1n pensados tanto para su amplia familia como para recibir visitas. Entre los espacios m\u00e1s llamativos est\u00e1 su\u00a0<b>bar privado<\/b>, ideal para reuniones con amigos.<\/p>\n<figure class=\"\" data-testid=\"figure-testid\">\n<div class=\"aspect_ratio__container\"><picture class=\"responsive-image\"><source srcset=\"https:\/\/tn.com.ar\/resizer\/v2\/asi-es-la-casa-de-marcelo-tinelli-foto-instagrammarcelotinelli-DSCZATCP5VDZDFKEPGZUPMMMZ4.PNG?auth=f4e9c2a719ebc9f018d4defac23ef24284f12acbffc57e796ad2e47403b839ea&amp;width=767\" type=\"image\/jpg\" media=\"(max-width: 728px)\" \/><source srcset=\"https:\/\/tn.com.ar\/resizer\/v2\/asi-es-la-casa-de-marcelo-tinelli-foto-instagrammarcelotinelli-DSCZATCP5VDZDFKEPGZUPMMMZ4.PNG?auth=f4e9c2a719ebc9f018d4defac23ef24284f12acbffc57e796ad2e47403b839ea&amp;width=1023\" type=\"image\/jpg\" media=\"(max-width: 1023px)\" \/><source srcset=\"https:\/\/tn.com.ar\/resizer\/v2\/asi-es-la-casa-de-marcelo-tinelli-foto-instagrammarcelotinelli-DSCZATCP5VDZDFKEPGZUPMMMZ4.PNG?auth=f4e9c2a719ebc9f018d4defac23ef24284f12acbffc57e796ad2e47403b839ea&amp;width=1440\" type=\"image\/jpg\" \/><img loading=\"lazy\" decoding=\"async\" class=\"image content-image image_placeholder\" src=\"https:\/\/tn.com.ar\/resizer\/v2\/asi-es-la-casa-de-marcelo-tinelli-foto-instagrammarcelotinelli-DSCZATCP5VDZDFKEPGZUPMMMZ4.PNG?auth=f4e9c2a719ebc9f018d4defac23ef24284f12acbffc57e796ad2e47403b839ea&amp;width=767\" alt=\"As\u00ed es la casa de Marcelo Tinelli. (Foto: Instagram\/marcelotinelli)\" width=\"767\" height=\"1220\" data-testid=\"loading-testid\" \/><\/picture><\/div><figcaption class=\"caption_image\" data-testid=\"figcaption-testid\">\n<div class=\"image_caption \">As\u00ed es la casa de Marcelo Tinelli. (Foto: Instagram\/marcelotinelli)<\/div>\n<\/figcaption><\/figure>\n<p class=\"paragraph font__body-regular\">Otra de las cosas m\u00e1s destacadas del departamento del conductor es la\u00a0<b>vista panor\u00e1mica de la Ciudad de Buenos Aires<\/b>\u00a0a trav\u00e9s de grandes ventanales que abarcan distintas partes de la propiedad.<\/p>\n<p class=\"paragraph font__body-regular\">En el \u00faltimo tiempo, Marcelo\u00a0<b>dej\u00f3 ver gran parte de sus propiedades en el reality de\u00a0<\/b><i><b>Los Tinelli<\/b><\/i><i>,\u00a0<\/i>donde mostr\u00f3 la intimidad de su vida en familia. Adem\u00e1s, en distintas oportunidades mostr\u00f3 parte de su hogar a trav\u00e9s de las redes sociales.<\/p>\n<figure class=\"\" data-testid=\"figure-testid\">\n<div class=\"aspect_ratio__container\"><picture class=\"responsive-image\"><source srcset=\"https:\/\/tn.com.ar\/resizer\/v2\/marcelo-tinelli-vive-en-un-lujoso-departamento-ubicado-en-palermo-foto-instagrammarcelotinelli-ZC7EXHNKXFCRJLOLIKIPHPJI2M.jpeg?auth=e11ea8496c4f0de89ea0c56eae25144249f38bba5d636ea2fbbf27a089aca61f&amp;width=767\" type=\"image\/jpg\" media=\"(max-width: 728px)\" \/><source srcset=\"https:\/\/tn.com.ar\/resizer\/v2\/marcelo-tinelli-vive-en-un-lujoso-departamento-ubicado-en-palermo-foto-instagrammarcelotinelli-ZC7EXHNKXFCRJLOLIKIPHPJI2M.jpeg?auth=e11ea8496c4f0de89ea0c56eae25144249f38bba5d636ea2fbbf27a089aca61f&amp;width=1023\" type=\"image\/jpg\" media=\"(max-width: 1023px)\" \/><source srcset=\"https:\/\/tn.com.ar\/resizer\/v2\/marcelo-tinelli-vive-en-un-lujoso-departamento-ubicado-en-palermo-foto-instagrammarcelotinelli-ZC7EXHNKXFCRJLOLIKIPHPJI2M.jpeg?auth=e11ea8496c4f0de89ea0c56eae25144249f38bba5d636ea2fbbf27a089aca61f&amp;width=1440\" type=\"image\/jpg\" \/><img loading=\"lazy\" decoding=\"async\" class=\"image content-image image_placeholder\" src=\"https:\/\/tn.com.ar\/resizer\/v2\/marcelo-tinelli-vive-en-un-lujoso-departamento-ubicado-en-palermo-foto-instagrammarcelotinelli-ZC7EXHNKXFCRJLOLIKIPHPJI2M.jpeg?auth=e11ea8496c4f0de89ea0c56eae25144249f38bba5d636ea2fbbf27a089aca61f&amp;width=767\" alt=\"Marcelo Tinelli vive en un lujoso departamento ubicado en Palermo. (Foto: Instagram\/marcelotinelli)\" width=\"767\" height=\"515\" data-testid=\"loading-testid\" \/><\/picture><\/div><figcaption class=\"caption_image\" data-testid=\"figcaption-testid\">\n<div class=\"image_caption \">Marcelo Tinelli vive en un lujoso departamento ubicado en Palermo. (Foto: Instagram\/marcelotinelli)<\/div>\n<\/figcaption><\/figure>\n<h2 class=\"font--primary font__display\">La terminante decisi\u00f3n laboral que tom\u00f3 Marcelo Tinelli tras superar la crisis familiar<\/h2>\n<p class=\"paragraph font__body-regular\">En las \u00faltimas semanas,\u00a0<b>Marcelo Tinelli<\/b>\u00a0y su familia pasaron por una crisis en la que el conductor estuvo enfrentado con su hija Juana. Tras superar ese conflicto y mostrarse cada vez m\u00e1s cercano a los suyos,\u00a0<b>el animador comunic\u00f3 una decisi\u00f3n tajante para este a\u00f1o.<\/b><\/p>\n<p class=\"paragraph font__body-regular\">En una historia de Instagram,\u00a0<b>Marcelo Tinelli anticip\u00f3 que este a\u00f1o volver\u00e1 a la televisi\u00f3n<\/b>\u00a0y tambi\u00e9n regresar\u00e1 a la conducci\u00f3n de streaming, algo que hab\u00eda puesto en suspenso a fines de 2025.<\/p>\n<figure class=\"\" data-testid=\"figure-testid\">\n<div class=\"aspect_ratio__container\"><picture class=\"responsive-image\"><source srcset=\"https:\/\/tn.com.ar\/resizer\/v2\/marcelo-tinelli-compartio-una-reflexion-sobre-sus-proximos-pasos-laborales-en-2026-foto-instagrammarcelotinelli-D6QGADYDHRHVLDJ7ILVF4VNFIY.JPG?auth=f27de22636435fd7f682a8af0a2bdac6903ba151aae20338e9709306e5000099&amp;width=767\" type=\"image\/jpg\" media=\"(max-width: 728px)\" \/><source srcset=\"https:\/\/tn.com.ar\/resizer\/v2\/marcelo-tinelli-compartio-una-reflexion-sobre-sus-proximos-pasos-laborales-en-2026-foto-instagrammarcelotinelli-D6QGADYDHRHVLDJ7ILVF4VNFIY.JPG?auth=f27de22636435fd7f682a8af0a2bdac6903ba151aae20338e9709306e5000099&amp;width=1023\" type=\"image\/jpg\" media=\"(max-width: 1023px)\" \/><source srcset=\"https:\/\/tn.com.ar\/resizer\/v2\/marcelo-tinelli-compartio-una-reflexion-sobre-sus-proximos-pasos-laborales-en-2026-foto-instagrammarcelotinelli-D6QGADYDHRHVLDJ7ILVF4VNFIY.JPG?auth=f27de22636435fd7f682a8af0a2bdac6903ba151aae20338e9709306e5000099&amp;width=1440\" type=\"image\/jpg\" \/><img loading=\"lazy\" decoding=\"async\" class=\"image content-image image_placeholder\" src=\"https:\/\/tn.com.ar\/resizer\/v2\/marcelo-tinelli-compartio-una-reflexion-sobre-sus-proximos-pasos-laborales-en-2026-foto-instagrammarcelotinelli-D6QGADYDHRHVLDJ7ILVF4VNFIY.JPG?auth=f27de22636435fd7f682a8af0a2bdac6903ba151aae20338e9709306e5000099&amp;width=767\" alt=\"Marcelo Tinelli comparti\u00f3 una reflexi\u00f3n sobre sus pr\u00f3ximos pasos laborales en 2026. (Foto: Instagram\/marcelotinelli)\" width=\"767\" height=\"1386\" data-testid=\"loading-testid\" \/><\/picture><\/div><figcaption class=\"caption_image\" data-testid=\"figcaption-testid\">\n<div class=\"image_caption \">Marcelo Tinelli comparti\u00f3 una reflexi\u00f3n sobre sus pr\u00f3ximos pasos laborales en 2026. (Foto: Instagram\/marcelotinelli)<\/div>\n<\/figcaption><\/figure>\n<p class=\"paragraph font__body-regular\">\u201cTermina un finde maravilloso junto a mis hijos m\u00e1s grandes. Felicidad absoluta. Ma\u00f1ana ya volvemos con todo a preparar\u00a0<b>los proyectos que tenemos para la tele y para el streaming, en este 2026<\/b>\u2033, remarc\u00f3 Tinelli.<\/p>\n<p class=\"paragraph font__body-regular\">Adem\u00e1s, se mostr\u00f3 esperanzado con su futuro en la pantalla. \u201cVolvemos con m\u00e1s fuerza y ganas que nunca.\u00a0<b>Gracias a todos por bancar en este tiempo<\/b>. Prometo dar lo mejor de m\u00ed, como si fuera mi primer d\u00eda de trabajo en la tele, all\u00e1 por los 90. Los amo. Gracias totales\u201d, cerr\u00f3.<\/p>\n<p class=\"paragraph font__body-regular\">La \u00faltima participaci\u00f3n de\u00a0<b>Marcelo Tinelli en la conducci\u00f3n televisiva<\/b>\u00a0fue en el\u00a0<i>Bailando 2023<\/i>\u00a0que se emiti\u00f3 por Am\u00e9rica. En streaming, el animador encabez\u00f3 el ciclo\u00a0<i>Estamos de paso<\/i>, en 2025, por el canal\u00a0<b>Carnaval.<\/b><\/p>\n<\/div>\n<p><\/main><\/div>\n<aside class=\"col-right-rail right-rail\">\n<div id=\"parent-ad-slot-caja\" class=\"ad-container caja_ad \">\n<div class=\"ad-content\"><\/div>\n<\/div>\n<\/aside>\n","protected":false},"excerpt":{"rendered":"<p>La propiedad del conductor se destaca por sus amplios ambientes y un dise\u00f1o elegante. Marcelo Tinelli\u00a0vive en una imponente casa ubicada en Palermo, uno de los barrios m\u00e1s exclusivos de la ciudad de Buenos Aires. La propiedad, se destaca por ser un\u00a0piso completo con\u00a0amplias dimensiones y lujosas comodidades. El departamento tiene aproximadamente\u00a0530 metros cuadrados\u00a0y cuenta [&hellip;]<\/p>\n","protected":false},"author":1,"featured_media":12153,"comment_status":"open","ping_status":"open","sticky":false,"template":"","format":"standard","meta":{"rop_custom_images_group":[],"rop_custom_messages_group":[],"rop_publish_now":"initial","rop_publish_now_accounts":[],"rop_publish_now_history":[],"rop_publish_now_status":"pending","footnotes":"","jetpack_publicize_message":"","jetpack_publicize_feature_enabled":true,"jetpack_social_post_already_shared":true,"jetpack_social_options":{"image_generator_settings":{"template":"highway","enabled":false},"version":2}},"categories":[12],"tags":[],"class_list":{"0":"post-12150","1":"post","2":"type-post","3":"status-publish","4":"format-standard","5":"has-post-thumbnail","7":"category-espectaculos"},"jetpack_publicize_connections":[],"yoast_head":"<!-- This site is optimized with the Yoast SEO plugin v27.3 - https:\/\/yoast.com\/product\/yoast-seo-wordpress\/ -->\n<title>As\u00ed es el departamento de Marcelo Tinelli en Palermo: seis habitaciones, seis ba\u00f1os y bar privado - CLAN ESPECTACULOS<\/title>\n<meta name=\"robots\" content=\"index, follow, max-snippet:-1, max-image-preview:large, max-video-preview:-1\" \/>\n<link rel=\"canonical\" href=\"https:\/\/radioclanfm.com\/clanespectaculos\/asi-es-el-departamento-de-marcelo-tinelli-en-palermo-seis-habitaciones-seis-banos-y-bar-privado\/\" \/>\n<meta property=\"og:locale\" content=\"es_ES\" \/>\n<meta property=\"og:type\" content=\"article\" \/>\n<meta property=\"og:title\" content=\"As\u00ed es el departamento de Marcelo Tinelli en Palermo: seis habitaciones, seis ba\u00f1os y bar privado - CLAN ESPECTACULOS\" \/>\n<meta property=\"og:description\" content=\"La propiedad del conductor se destaca por sus amplios ambientes y un dise\u00f1o elegante. Marcelo Tinelli\u00a0vive en una imponente casa ubicada en Palermo, uno de los barrios m\u00e1s exclusivos de la ciudad de Buenos Aires. La propiedad, se destaca por ser un\u00a0piso completo con\u00a0amplias dimensiones y lujosas comodidades. El departamento tiene aproximadamente\u00a0530 metros cuadrados\u00a0y cuenta [&hellip;]\" \/>\n<meta property=\"og:url\" content=\"https:\/\/radioclanfm.com\/clanespectaculos\/asi-es-el-departamento-de-marcelo-tinelli-en-palermo-seis-habitaciones-seis-banos-y-bar-privado\/\" \/>\n<meta property=\"og:site_name\" content=\"CLAN ESPECTACULOS\" \/>\n<meta property=\"article:publisher\" content=\"https:\/\/www.facebook.com\/clanespectaculos\/\" \/>\n<meta property=\"article:published_time\" content=\"2026-02-10T10:12:49+00:00\" \/>\n<meta property=\"og:image\" content=\"https:\/\/radioclanfm.com\/clanespectaculos\/wp-content\/uploads\/sites\/2\/2026\/02\/RgBldvqD.jpg\" \/>\n\t<meta property=\"og:image:width\" content=\"900\" \/>\n\t<meta property=\"og:image:height\" content=\"511\" \/>\n\t<meta property=\"og:image:type\" content=\"image\/jpeg\" \/>\n<meta name=\"author\" content=\"E-GRUPOCLAN\" \/>\n<meta name=\"twitter:card\" content=\"summary_large_image\" \/>\n<meta name=\"twitter:creator\" content=\"@clanespectok\" \/>\n<meta name=\"twitter:site\" content=\"@clanespectok\" \/>\n<meta name=\"twitter:label1\" content=\"Escrito por\" \/>\n\t<meta name=\"twitter:data1\" content=\"E-GRUPOCLAN\" \/>\n\t<meta name=\"twitter:label2\" content=\"Tiempo de lectura\" \/>\n\t<meta name=\"twitter:data2\" content=\"2 minutos\" \/>\n<script type=\"application\/ld+json\" class=\"yoast-schema-graph\">{\"@context\":\"https:\\\/\\\/schema.org\",\"@graph\":[{\"@type\":\"Article\",\"@id\":\"https:\\\/\\\/radioclanfm.com\\\/clanespectaculos\\\/asi-es-el-departamento-de-marcelo-tinelli-en-palermo-seis-habitaciones-seis-banos-y-bar-privado\\\/#article\",\"isPartOf\":{\"@id\":\"https:\\\/\\\/radioclanfm.com\\\/clanespectaculos\\\/asi-es-el-departamento-de-marcelo-tinelli-en-palermo-seis-habitaciones-seis-banos-y-bar-privado\\\/\"},\"author\":{\"name\":\"E-GRUPOCLAN\",\"@id\":\"https:\\\/\\\/radioclanfm.com\\\/clanespectaculos\\\/#\\\/schema\\\/person\\\/9734813083303230f3ad84d99171b20c\"},\"headline\":\"As\u00ed es el departamento de Marcelo Tinelli en Palermo: seis habitaciones, seis ba\u00f1os y bar privado\",\"datePublished\":\"2026-02-10T10:12:49+00:00\",\"mainEntityOfPage\":{\"@id\":\"https:\\\/\\\/radioclanfm.com\\\/clanespectaculos\\\/asi-es-el-departamento-de-marcelo-tinelli-en-palermo-seis-habitaciones-seis-banos-y-bar-privado\\\/\"},\"wordCount\":479,\"commentCount\":0,\"publisher\":{\"@id\":\"https:\\\/\\\/radioclanfm.com\\\/clanespectaculos\\\/#organization\"},\"image\":{\"@id\":\"https:\\\/\\\/radioclanfm.com\\\/clanespectaculos\\\/asi-es-el-departamento-de-marcelo-tinelli-en-palermo-seis-habitaciones-seis-banos-y-bar-privado\\\/#primaryimage\"},\"thumbnailUrl\":\"https:\\\/\\\/radioclanfm.com\\\/clanespectaculos\\\/wp-content\\\/uploads\\\/sites\\\/2\\\/2026\\\/02\\\/RgBldvqD.jpg\",\"articleSection\":[\"Espectaculos\"],\"inLanguage\":\"es-AR\",\"potentialAction\":[{\"@type\":\"CommentAction\",\"name\":\"Comment\",\"target\":[\"https:\\\/\\\/radioclanfm.com\\\/clanespectaculos\\\/asi-es-el-departamento-de-marcelo-tinelli-en-palermo-seis-habitaciones-seis-banos-y-bar-privado\\\/#respond\"]}]},{\"@type\":\"WebPage\",\"@id\":\"https:\\\/\\\/radioclanfm.com\\\/clanespectaculos\\\/asi-es-el-departamento-de-marcelo-tinelli-en-palermo-seis-habitaciones-seis-banos-y-bar-privado\\\/\",\"url\":\"https:\\\/\\\/radioclanfm.com\\\/clanespectaculos\\\/asi-es-el-departamento-de-marcelo-tinelli-en-palermo-seis-habitaciones-seis-banos-y-bar-privado\\\/\",\"name\":\"As\u00ed es el departamento de Marcelo Tinelli en Palermo: seis habitaciones, seis ba\u00f1os y bar privado - CLAN ESPECTACULOS\",\"isPartOf\":{\"@id\":\"https:\\\/\\\/radioclanfm.com\\\/clanespectaculos\\\/#website\"},\"primaryImageOfPage\":{\"@id\":\"https:\\\/\\\/radioclanfm.com\\\/clanespectaculos\\\/asi-es-el-departamento-de-marcelo-tinelli-en-palermo-seis-habitaciones-seis-banos-y-bar-privado\\\/#primaryimage\"},\"image\":{\"@id\":\"https:\\\/\\\/radioclanfm.com\\\/clanespectaculos\\\/asi-es-el-departamento-de-marcelo-tinelli-en-palermo-seis-habitaciones-seis-banos-y-bar-privado\\\/#primaryimage\"},\"thumbnailUrl\":\"https:\\\/\\\/radioclanfm.com\\\/clanespectaculos\\\/wp-content\\\/uploads\\\/sites\\\/2\\\/2026\\\/02\\\/RgBldvqD.jpg\",\"datePublished\":\"2026-02-10T10:12:49+00:00\",\"breadcrumb\":{\"@id\":\"https:\\\/\\\/radioclanfm.com\\\/clanespectaculos\\\/asi-es-el-departamento-de-marcelo-tinelli-en-palermo-seis-habitaciones-seis-banos-y-bar-privado\\\/#breadcrumb\"},\"inLanguage\":\"es-AR\",\"potentialAction\":[{\"@type\":\"ReadAction\",\"target\":[\"https:\\\/\\\/radioclanfm.com\\\/clanespectaculos\\\/asi-es-el-departamento-de-marcelo-tinelli-en-palermo-seis-habitaciones-seis-banos-y-bar-privado\\\/\"]}]},{\"@type\":\"ImageObject\",\"inLanguage\":\"es-AR\",\"@id\":\"https:\\\/\\\/radioclanfm.com\\\/clanespectaculos\\\/asi-es-el-departamento-de-marcelo-tinelli-en-palermo-seis-habitaciones-seis-banos-y-bar-privado\\\/#primaryimage\",\"url\":\"https:\\\/\\\/radioclanfm.com\\\/clanespectaculos\\\/wp-content\\\/uploads\\\/sites\\\/2\\\/2026\\\/02\\\/RgBldvqD.jpg\",\"contentUrl\":\"https:\\\/\\\/radioclanfm.com\\\/clanespectaculos\\\/wp-content\\\/uploads\\\/sites\\\/2\\\/2026\\\/02\\\/RgBldvqD.jpg\",\"width\":900,\"height\":511},{\"@type\":\"BreadcrumbList\",\"@id\":\"https:\\\/\\\/radioclanfm.com\\\/clanespectaculos\\\/asi-es-el-departamento-de-marcelo-tinelli-en-palermo-seis-habitaciones-seis-banos-y-bar-privado\\\/#breadcrumb\",\"itemListElement\":[{\"@type\":\"ListItem\",\"position\":1,\"name\":\"Inicio\",\"item\":\"https:\\\/\\\/radioclanfm.com\\\/clanespectaculos\\\/\"},{\"@type\":\"ListItem\",\"position\":2,\"name\":\"As\u00ed es el departamento de Marcelo Tinelli en Palermo: seis habitaciones, seis ba\u00f1os y bar privado\"}]},{\"@type\":\"WebSite\",\"@id\":\"https:\\\/\\\/radioclanfm.com\\\/clanespectaculos\\\/#website\",\"url\":\"https:\\\/\\\/radioclanfm.com\\\/clanespectaculos\\\/\",\"name\":\"CLAN ESPECTACULOS\",\"description\":\"\",\"publisher\":{\"@id\":\"https:\\\/\\\/radioclanfm.com\\\/clanespectaculos\\\/#organization\"},\"potentialAction\":[{\"@type\":\"SearchAction\",\"target\":{\"@type\":\"EntryPoint\",\"urlTemplate\":\"https:\\\/\\\/radioclanfm.com\\\/clanespectaculos\\\/?s={search_term_string}\"},\"query-input\":{\"@type\":\"PropertyValueSpecification\",\"valueRequired\":true,\"valueName\":\"search_term_string\"}}],\"inLanguage\":\"es-AR\"},{\"@type\":\"Organization\",\"@id\":\"https:\\\/\\\/radioclanfm.com\\\/clanespectaculos\\\/#organization\",\"name\":\"CLAN ESPECTACULOS\",\"url\":\"https:\\\/\\\/radioclanfm.com\\\/clanespectaculos\\\/\",\"logo\":{\"@type\":\"ImageObject\",\"inLanguage\":\"es-AR\",\"@id\":\"https:\\\/\\\/radioclanfm.com\\\/clanespectaculos\\\/#\\\/schema\\\/logo\\\/image\\\/\",\"url\":\"https:\\\/\\\/radioclanfm.com\\\/clanespectaculos\\\/wp-content\\\/uploads\\\/sites\\\/2\\\/2026\\\/04\\\/ChatGPT-Image-23-mar-2026-10_09_00.png\",\"contentUrl\":\"https:\\\/\\\/radioclanfm.com\\\/clanespectaculos\\\/wp-content\\\/uploads\\\/sites\\\/2\\\/2026\\\/04\\\/ChatGPT-Image-23-mar-2026-10_09_00.png\",\"width\":1024,\"height\":1024,\"caption\":\"CLAN ESPECTACULOS\"},\"image\":{\"@id\":\"https:\\\/\\\/radioclanfm.com\\\/clanespectaculos\\\/#\\\/schema\\\/logo\\\/image\\\/\"},\"sameAs\":[\"https:\\\/\\\/www.facebook.com\\\/clanespectaculos\\\/\",\"https:\\\/\\\/x.com\\\/clanespectok\"]},{\"@type\":\"Person\",\"@id\":\"https:\\\/\\\/radioclanfm.com\\\/clanespectaculos\\\/#\\\/schema\\\/person\\\/9734813083303230f3ad84d99171b20c\",\"name\":\"E-GRUPOCLAN\",\"image\":{\"@type\":\"ImageObject\",\"inLanguage\":\"es-AR\",\"@id\":\"https:\\\/\\\/secure.gravatar.com\\\/avatar\\\/af6e19837c3d6a212034a48c7b3818d2ac1826f6025df0155da5a186ad321d79?s=96&d=mm&r=g\",\"url\":\"https:\\\/\\\/secure.gravatar.com\\\/avatar\\\/af6e19837c3d6a212034a48c7b3818d2ac1826f6025df0155da5a186ad321d79?s=96&d=mm&r=g\",\"contentUrl\":\"https:\\\/\\\/secure.gravatar.com\\\/avatar\\\/af6e19837c3d6a212034a48c7b3818d2ac1826f6025df0155da5a186ad321d79?s=96&d=mm&r=g\",\"caption\":\"E-GRUPOCLAN\"},\"sameAs\":[\"https:\\\/\\\/radioclanfm.com\"],\"url\":\"https:\\\/\\\/radioclanfm.com\\\/clanespectaculos\\\/author\\\/admin\\\/\"}]}<\/script>\n<!-- \/ Yoast SEO plugin. -->","yoast_head_json":{"title":"As\u00ed es el departamento de Marcelo Tinelli en Palermo: seis habitaciones, seis ba\u00f1os y bar privado - CLAN ESPECTACULOS","robots":{"index":"index","follow":"follow","max-snippet":"max-snippet:-1","max-image-preview":"max-image-preview:large","max-video-preview":"max-video-preview:-1"},"canonical":"https:\/\/radioclanfm.com\/clanespectaculos\/asi-es-el-departamento-de-marcelo-tinelli-en-palermo-seis-habitaciones-seis-banos-y-bar-privado\/","og_locale":"es_ES","og_type":"article","og_title":"As\u00ed es el departamento de Marcelo Tinelli en Palermo: seis habitaciones, seis ba\u00f1os y bar privado - CLAN ESPECTACULOS","og_description":"La propiedad del conductor se destaca por sus amplios ambientes y un dise\u00f1o elegante. Marcelo Tinelli\u00a0vive en una imponente casa ubicada en Palermo, uno de los barrios m\u00e1s exclusivos de la ciudad de Buenos Aires. La propiedad, se destaca por ser un\u00a0piso completo con\u00a0amplias dimensiones y lujosas comodidades. El departamento tiene aproximadamente\u00a0530 metros cuadrados\u00a0y cuenta [&hellip;]","og_url":"https:\/\/radioclanfm.com\/clanespectaculos\/asi-es-el-departamento-de-marcelo-tinelli-en-palermo-seis-habitaciones-seis-banos-y-bar-privado\/","og_site_name":"CLAN ESPECTACULOS","article_publisher":"https:\/\/www.facebook.com\/clanespectaculos\/","article_published_time":"2026-02-10T10:12:49+00:00","og_image":[{"width":900,"height":511,"url":"https:\/\/radioclanfm.com\/clanespectaculos\/wp-content\/uploads\/sites\/2\/2026\/02\/RgBldvqD.jpg","type":"image\/jpeg"}],"author":"E-GRUPOCLAN","twitter_card":"summary_large_image","twitter_creator":"@clanespectok","twitter_site":"@clanespectok","twitter_misc":{"Escrito por":"E-GRUPOCLAN","Tiempo de lectura":"2 minutos"},"schema":{"@context":"https:\/\/schema.org","@graph":[{"@type":"Article","@id":"https:\/\/radioclanfm.com\/clanespectaculos\/asi-es-el-departamento-de-marcelo-tinelli-en-palermo-seis-habitaciones-seis-banos-y-bar-privado\/#article","isPartOf":{"@id":"https:\/\/radioclanfm.com\/clanespectaculos\/asi-es-el-departamento-de-marcelo-tinelli-en-palermo-seis-habitaciones-seis-banos-y-bar-privado\/"},"author":{"name":"E-GRUPOCLAN","@id":"https:\/\/radioclanfm.com\/clanespectaculos\/#\/schema\/person\/9734813083303230f3ad84d99171b20c"},"headline":"As\u00ed es el departamento de Marcelo Tinelli en Palermo: seis habitaciones, seis ba\u00f1os y bar privado","datePublished":"2026-02-10T10:12:49+00:00","mainEntityOfPage":{"@id":"https:\/\/radioclanfm.com\/clanespectaculos\/asi-es-el-departamento-de-marcelo-tinelli-en-palermo-seis-habitaciones-seis-banos-y-bar-privado\/"},"wordCount":479,"commentCount":0,"publisher":{"@id":"https:\/\/radioclanfm.com\/clanespectaculos\/#organization"},"image":{"@id":"https:\/\/radioclanfm.com\/clanespectaculos\/asi-es-el-departamento-de-marcelo-tinelli-en-palermo-seis-habitaciones-seis-banos-y-bar-privado\/#primaryimage"},"thumbnailUrl":"https:\/\/radioclanfm.com\/clanespectaculos\/wp-content\/uploads\/sites\/2\/2026\/02\/RgBldvqD.jpg","articleSection":["Espectaculos"],"inLanguage":"es-AR","potentialAction":[{"@type":"CommentAction","name":"Comment","target":["https:\/\/radioclanfm.com\/clanespectaculos\/asi-es-el-departamento-de-marcelo-tinelli-en-palermo-seis-habitaciones-seis-banos-y-bar-privado\/#respond"]}]},{"@type":"WebPage","@id":"https:\/\/radioclanfm.com\/clanespectaculos\/asi-es-el-departamento-de-marcelo-tinelli-en-palermo-seis-habitaciones-seis-banos-y-bar-privado\/","url":"https:\/\/radioclanfm.com\/clanespectaculos\/asi-es-el-departamento-de-marcelo-tinelli-en-palermo-seis-habitaciones-seis-banos-y-bar-privado\/","name":"As\u00ed es el departamento de Marcelo Tinelli en Palermo: seis habitaciones, seis ba\u00f1os y bar privado - CLAN ESPECTACULOS","isPartOf":{"@id":"https:\/\/radioclanfm.com\/clanespectaculos\/#website"},"primaryImageOfPage":{"@id":"https:\/\/radioclanfm.com\/clanespectaculos\/asi-es-el-departamento-de-marcelo-tinelli-en-palermo-seis-habitaciones-seis-banos-y-bar-privado\/#primaryimage"},"image":{"@id":"https:\/\/radioclanfm.com\/clanespectaculos\/asi-es-el-departamento-de-marcelo-tinelli-en-palermo-seis-habitaciones-seis-banos-y-bar-privado\/#primaryimage"},"thumbnailUrl":"https:\/\/radioclanfm.com\/clanespectaculos\/wp-content\/uploads\/sites\/2\/2026\/02\/RgBldvqD.jpg","datePublished":"2026-02-10T10:12:49+00:00","breadcrumb":{"@id":"https:\/\/radioclanfm.com\/clanespectaculos\/asi-es-el-departamento-de-marcelo-tinelli-en-palermo-seis-habitaciones-seis-banos-y-bar-privado\/#breadcrumb"},"inLanguage":"es-AR","potentialAction":[{"@type":"ReadAction","target":["https:\/\/radioclanfm.com\/clanespectaculos\/asi-es-el-departamento-de-marcelo-tinelli-en-palermo-seis-habitaciones-seis-banos-y-bar-privado\/"]}]},{"@type":"ImageObject","inLanguage":"es-AR","@id":"https:\/\/radioclanfm.com\/clanespectaculos\/asi-es-el-departamento-de-marcelo-tinelli-en-palermo-seis-habitaciones-seis-banos-y-bar-privado\/#primaryimage","url":"https:\/\/radioclanfm.com\/clanespectaculos\/wp-content\/uploads\/sites\/2\/2026\/02\/RgBldvqD.jpg","contentUrl":"https:\/\/radioclanfm.com\/clanespectaculos\/wp-content\/uploads\/sites\/2\/2026\/02\/RgBldvqD.jpg","width":900,"height":511},{"@type":"BreadcrumbList","@id":"https:\/\/radioclanfm.com\/clanespectaculos\/asi-es-el-departamento-de-marcelo-tinelli-en-palermo-seis-habitaciones-seis-banos-y-bar-privado\/#breadcrumb","itemListElement":[{"@type":"ListItem","position":1,"name":"Inicio","item":"https:\/\/radioclanfm.com\/clanespectaculos\/"},{"@type":"ListItem","position":2,"name":"As\u00ed es el departamento de Marcelo Tinelli en Palermo: seis habitaciones, seis ba\u00f1os y bar privado"}]},{"@type":"WebSite","@id":"https:\/\/radioclanfm.com\/clanespectaculos\/#website","url":"https:\/\/radioclanfm.com\/clanespectaculos\/","name":"CLAN ESPECTACULOS","description":"","publisher":{"@id":"https:\/\/radioclanfm.com\/clanespectaculos\/#organization"},"potentialAction":[{"@type":"SearchAction","target":{"@type":"EntryPoint","urlTemplate":"https:\/\/radioclanfm.com\/clanespectaculos\/?s={search_term_string}"},"query-input":{"@type":"PropertyValueSpecification","valueRequired":true,"valueName":"search_term_string"}}],"inLanguage":"es-AR"},{"@type":"Organization","@id":"https:\/\/radioclanfm.com\/clanespectaculos\/#organization","name":"CLAN ESPECTACULOS","url":"https:\/\/radioclanfm.com\/clanespectaculos\/","logo":{"@type":"ImageObject","inLanguage":"es-AR","@id":"https:\/\/radioclanfm.com\/clanespectaculos\/#\/schema\/logo\/image\/","url":"https:\/\/radioclanfm.com\/clanespectaculos\/wp-content\/uploads\/sites\/2\/2026\/04\/ChatGPT-Image-23-mar-2026-10_09_00.png","contentUrl":"https:\/\/radioclanfm.com\/clanespectaculos\/wp-content\/uploads\/sites\/2\/2026\/04\/ChatGPT-Image-23-mar-2026-10_09_00.png","width":1024,"height":1024,"caption":"CLAN ESPECTACULOS"},"image":{"@id":"https:\/\/radioclanfm.com\/clanespectaculos\/#\/schema\/logo\/image\/"},"sameAs":["https:\/\/www.facebook.com\/clanespectaculos\/","https:\/\/x.com\/clanespectok"]},{"@type":"Person","@id":"https:\/\/radioclanfm.com\/clanespectaculos\/#\/schema\/person\/9734813083303230f3ad84d99171b20c","name":"E-GRUPOCLAN","image":{"@type":"ImageObject","inLanguage":"es-AR","@id":"https:\/\/secure.gravatar.com\/avatar\/af6e19837c3d6a212034a48c7b3818d2ac1826f6025df0155da5a186ad321d79?s=96&d=mm&r=g","url":"https:\/\/secure.gravatar.com\/avatar\/af6e19837c3d6a212034a48c7b3818d2ac1826f6025df0155da5a186ad321d79?s=96&d=mm&r=g","contentUrl":"https:\/\/secure.gravatar.com\/avatar\/af6e19837c3d6a212034a48c7b3818d2ac1826f6025df0155da5a186ad321d79?s=96&d=mm&r=g","caption":"E-GRUPOCLAN"},"sameAs":["https:\/\/radioclanfm.com"],"url":"https:\/\/radioclanfm.com\/clanespectaculos\/author\/admin\/"}]}},"_links":{"self":[{"href":"https:\/\/radioclanfm.com\/clanespectaculos\/wp-json\/wp\/v2\/posts\/12150","targetHints":{"allow":["GET"]}}],"collection":[{"href":"https:\/\/radioclanfm.com\/clanespectaculos\/wp-json\/wp\/v2\/posts"}],"about":[{"href":"https:\/\/radioclanfm.com\/clanespectaculos\/wp-json\/wp\/v2\/types\/post"}],"author":[{"embeddable":true,"href":"https:\/\/radioclanfm.com\/clanespectaculos\/wp-json\/wp\/v2\/users\/1"}],"replies":[{"embeddable":true,"href":"https:\/\/radioclanfm.com\/clanespectaculos\/wp-json\/wp\/v2\/comments?post=12150"}],"version-history":[{"count":1,"href":"https:\/\/radioclanfm.com\/clanespectaculos\/wp-json\/wp\/v2\/posts\/12150\/revisions"}],"predecessor-version":[{"id":12154,"href":"https:\/\/radioclanfm.com\/clanespectaculos\/wp-json\/wp\/v2\/posts\/12150\/revisions\/12154"}],"wp:featuredmedia":[{"embeddable":true,"href":"https:\/\/radioclanfm.com\/clanespectaculos\/wp-json\/wp\/v2\/media\/12153"}],"wp:attachment":[{"href":"https:\/\/radioclanfm.com\/clanespectaculos\/wp-json\/wp\/v2\/media?parent=12150"}],"wp:term":[{"taxonomy":"category","embeddable":true,"href":"https:\/\/radioclanfm.com\/clanespectaculos\/wp-json\/wp\/v2\/categories?post=12150"},{"taxonomy":"post_tag","embeddable":true,"href":"https:\/\/radioclanfm.com\/clanespectaculos\/wp-json\/wp\/v2\/tags?post=12150"}],"curies":[{"name":"wp","href":"https:\/\/api.w.org\/{rel}","templated":true}]}}