{"id":12145,"date":"2026-02-10T07:11:37","date_gmt":"2026-02-10T10:11:37","guid":{"rendered":"https:\/\/radioclanfm.com\/clanespectaculos\/?p=12145"},"modified":"2026-02-10T07:11:37","modified_gmt":"2026-02-10T10:11:37","slug":"la-estricta-condicion-de-furia-a-un-futbolista-profesional-antes-de-su-primera-cita","status":"publish","type":"post","link":"https:\/\/radioclanfm.com\/clanespectaculos\/la-estricta-condicion-de-furia-a-un-futbolista-profesional-antes-de-su-primera-cita\/","title":{"rendered":"La estricta condici\u00f3n de Furia a un futbolista profesional antes de su primera cita"},"content":{"rendered":"<p>Luego de confirmar su romance, la ex \u201cGran Hermano\u201d dio detalles acerca de c\u00f3mo se conocieron.<\/p>\n<div class=\"col-content\"><main class=\"col-content\"><\/p>\n<div class=\"default-article-color article__body article__article\">\n<p class=\"paragraph font__body-regular\"><b>Juliana \u2018Furia\u2019 Scaglione<\/b>\u00a0blanque\u00f3 este lunes su romance con el jugador de Excursionistas<b>\u00a0Nicol\u00e1s Rodr\u00edguez.<\/b>\u00a0En medio del revuelo que esto gener\u00f3 entre sus fan\u00e1ticos, la medi\u00e1tica\u00a0<b>cont\u00f3 en un streaming c\u00f3mo empez\u00f3 su historia de amor.<\/b><\/p>\n<div class=\"AV6543bedcd858799fe90b5c47\">\n<div id=\"aniBox\">\n<div id=\"aniplayer_AV6543bedcd858799fe90b5c47-1770718264076\">\n<div id=\"aniplayer_AV6543bedcd858799fe90b5c47-1770718264076gui\">\n<div id=\"av-caption\">\n<div id=\"av-close-btn-overlay\" class=\"av-pos-top-left\"><\/div>\n<\/div>\n<\/div>\n<\/div>\n<\/div>\n<\/div>\n<div id=\"ad-slot-infeed\" class=\"infeed-container ad-slot-infeed ad-slot\" data-adtype=\"infeed\" data-lazyload=\"1\" data-google-query-id=\"CKyl4MTXzpIDFThV3QIdiTYW9Q\">\n<div id=\"google_ads_iframe_\/113951150\/tn-arc\/nota\/infeed_0__container__\"><\/div>\n<\/div>\n<p class=\"paragraph font__body-regular\"><b>\u201cCuando me dijo que era futbolista, le dije que no\u201d<\/b>, confes\u00f3 la ex \u201cGran Hermano\u201d en el programa\u00a0<i>Una Cosa de Locos (Loop TV)\u00a0<\/i>acerca de la primera impresi\u00f3n que tuvo.<\/p>\n<p class=\"paragraph font__body-regular\">Sin embargo, cont\u00f3 que todo cambi\u00f3 despu\u00e9s de la primera cita. \u201c\u00c9l me invit\u00f3 a comer y le dije que\u00a0<b>vayamos a un lugar cerrado porque yo no salgo con nadie, no muestro.<\/b>\u00a0Porque si no, te sacan foto y ya est\u00e1, te queman\u201d, record\u00f3.<\/p>\n<figure class=\"\" data-testid=\"figure-testid\">\n<div class=\"aspect_ratio__container\"><picture class=\"responsive-image\"><source srcset=\"https:\/\/tn.com.ar\/resizer\/v2\/furia-esta-de-novia-con-el-futbolista-nicolas-rodriguez-foto-instagramfuriascaglione-WQPRR5UT7BGDZJNPTAG4OV5SB4.jpeg?auth=41aba7194560ac7247f98acf470cd2ba9bfdf7ba80cadf5e7ffc821820989e88&amp;width=767\" type=\"image\/jpg\" media=\"(max-width: 728px)\" \/><source srcset=\"https:\/\/tn.com.ar\/resizer\/v2\/furia-esta-de-novia-con-el-futbolista-nicolas-rodriguez-foto-instagramfuriascaglione-WQPRR5UT7BGDZJNPTAG4OV5SB4.jpeg?auth=41aba7194560ac7247f98acf470cd2ba9bfdf7ba80cadf5e7ffc821820989e88&amp;width=1023\" type=\"image\/jpg\" media=\"(max-width: 1023px)\" \/><source srcset=\"https:\/\/tn.com.ar\/resizer\/v2\/furia-esta-de-novia-con-el-futbolista-nicolas-rodriguez-foto-instagramfuriascaglione-WQPRR5UT7BGDZJNPTAG4OV5SB4.jpeg?auth=41aba7194560ac7247f98acf470cd2ba9bfdf7ba80cadf5e7ffc821820989e88&amp;width=1440\" type=\"image\/jpg\" \/><img loading=\"lazy\" decoding=\"async\" class=\"image content-image image_placeholder\" src=\"https:\/\/tn.com.ar\/resizer\/v2\/furia-esta-de-novia-con-el-futbolista-nicolas-rodriguez-foto-instagramfuriascaglione-WQPRR5UT7BGDZJNPTAG4OV5SB4.jpeg?auth=41aba7194560ac7247f98acf470cd2ba9bfdf7ba80cadf5e7ffc821820989e88&amp;width=767\" alt=\"Furia est\u00e1 de novia con el futbolista Nicol\u00e1s Rodr\u00edguez. (Foto: Instagram\/furiascaglione)\" width=\"767\" height=\"349\" data-testid=\"loading-testid\" \/><\/picture><\/div><figcaption class=\"caption_image\" data-testid=\"figcaption-testid\">\n<div class=\"image_caption \">Furia est\u00e1 de novia con el futbolista Nicol\u00e1s Rodr\u00edguez. (Foto: Instagram\/furiascaglione)<\/div>\n<\/figcaption><\/figure>\n<p class=\"paragraph font__body-regular\">Ambos se conocieron en un boliche e intercambiaron sus cuentas de Instagram. \u201c<b>\u00c9l vino a encararme.\u00a0<\/b>Estaba todo el tiempo busc\u00e1ndome\u201d, coment\u00f3.<\/p>\n<p class=\"paragraph font__body-regular\">Furia tambi\u00e9n precis\u00f3 qu\u00e9 es lo que m\u00e1s le gusta de Nicol\u00e1s:\u00a0<b>\u201cEs superhumilde, es reamoroso conmigo, muy atento y regracioso\u201d.<\/b><\/p>\n<h2 class=\"font--primary font__display\">As\u00ed blanque\u00f3 Furia su nuevo romance con Nicol\u00e1s Rodr\u00edguez<\/h2>\n<p class=\"paragraph font__body-regular\"><b>Juliana \u201cFuria\u201d Scaglione<\/b>\u00a0dej\u00f3 en shock a sus seguidores en las redes sociales: comparti\u00f3 una foto en su Instagram para blanquear su\u00a0<b>romance\u00a0<\/b>con un futbolista.<\/p>\n<p class=\"paragraph font__body-regular\">Alejada de la pol\u00e9mica y enfocada en el amor, la exparticipante de\u00a0<i>Gran Hermano<\/i>\u00a0finalmente confirm\u00f3 que est\u00e1 en pareja con\u00a0<b>Nicol\u00e1s Rodr\u00edguez<\/b>, jugador de\u00a0<b>Excursionistas<\/b>.<\/p>\n<figure class=\"\" data-testid=\"figure-testid\">\n<div class=\"aspect_ratio__container\"><picture class=\"responsive-image\"><source srcset=\"https:\/\/tn.com.ar\/resizer\/v2\/furia-scaglione-blanqueo-su-romance-con-nicolas-rodriguez-foto-instagramfuriascaglione-NAKICFCFXFB6XN6AI5SJV4HU5M.jpeg?auth=969b4dff7a39da2f87afbb13f2d802786b7a572782a460ae2ff920d09d06119d&amp;width=767\" type=\"image\/jpg\" media=\"(max-width: 728px)\" \/><source srcset=\"https:\/\/tn.com.ar\/resizer\/v2\/furia-scaglione-blanqueo-su-romance-con-nicolas-rodriguez-foto-instagramfuriascaglione-NAKICFCFXFB6XN6AI5SJV4HU5M.jpeg?auth=969b4dff7a39da2f87afbb13f2d802786b7a572782a460ae2ff920d09d06119d&amp;width=1023\" type=\"image\/jpg\" media=\"(max-width: 1023px)\" \/><source srcset=\"https:\/\/tn.com.ar\/resizer\/v2\/furia-scaglione-blanqueo-su-romance-con-nicolas-rodriguez-foto-instagramfuriascaglione-NAKICFCFXFB6XN6AI5SJV4HU5M.jpeg?auth=969b4dff7a39da2f87afbb13f2d802786b7a572782a460ae2ff920d09d06119d&amp;width=1440\" type=\"image\/jpg\" \/><img loading=\"lazy\" decoding=\"async\" class=\"image content-image image_placeholder\" src=\"https:\/\/tn.com.ar\/resizer\/v2\/furia-scaglione-blanqueo-su-romance-con-nicolas-rodriguez-foto-instagramfuriascaglione-NAKICFCFXFB6XN6AI5SJV4HU5M.jpeg?auth=969b4dff7a39da2f87afbb13f2d802786b7a572782a460ae2ff920d09d06119d&amp;width=767\" alt=\"Furia Scaglione blanque\u00f3 su romance con Nicol\u00e1s Rodr\u00edguez. (Foto: Instagram\/furiascaglione)\" width=\"767\" height=\"1359\" data-testid=\"loading-testid\" \/><\/picture><\/div><figcaption class=\"caption_image\" data-testid=\"figcaption-testid\">\n<div class=\"image_caption \">Furia Scaglione blanque\u00f3 su romance con Nicol\u00e1s Rodr\u00edguez. (Foto: Instagram\/furiascaglione)<\/div>\n<\/figcaption><\/figure>\n<p class=\"paragraph font__body-regular\">La foto fue publicada en un principio por el arquero y luego replicada por Furia. En la imagen se los ve con una actitud relajada mientras<b>\u00e9l la abraza<\/b>y sonr\u00ede a la c\u00e1mara. Adem\u00e1s, el emoji de coraz\u00f3n termin\u00f3 por sellar el mensaje.<\/p>\n<p class=\"paragraph font__body-regular\">Esta historia en Instagram fue suficiente para que los fans de la ex Gran Hermano entendieran que se trataba de una\u00a0<b>confirmaci\u00f3n\u00a0<\/b>del noviazgo.<\/p>\n<p class=\"paragraph font__body-regular\">Por eso, al instante le enviaron todo tipo de mensajes de felicitaciones. Incluso, muchos quedaron en shock por la relaci\u00f3n con el futbolista.<\/p>\n<\/div>\n<p><\/main><\/div>\n<aside class=\"col-right-rail right-rail\">\n<div id=\"parent-ad-slot-caja\" class=\"ad-container caja_ad \">\n<div class=\"ad-content\"><\/div>\n<\/div>\n<\/aside>\n<p>&nbsp;<\/p>\n","protected":false},"excerpt":{"rendered":"<p>Luego de confirmar su romance, la ex \u201cGran Hermano\u201d dio detalles acerca de c\u00f3mo se conocieron. Juliana \u2018Furia\u2019 Scaglione\u00a0blanque\u00f3 este lunes su romance con el jugador de Excursionistas\u00a0Nicol\u00e1s Rodr\u00edguez.\u00a0En medio del revuelo que esto gener\u00f3 entre sus fan\u00e1ticos, la medi\u00e1tica\u00a0cont\u00f3 en un streaming c\u00f3mo empez\u00f3 su historia de amor. \u201cCuando me dijo que era futbolista, [&hellip;]<\/p>\n","protected":false},"author":1,"featured_media":12148,"comment_status":"open","ping_status":"open","sticky":false,"template":"","format":"standard","meta":{"rop_custom_images_group":[],"rop_custom_messages_group":[],"rop_publish_now":"initial","rop_publish_now_accounts":[],"rop_publish_now_history":[],"rop_publish_now_status":"pending","footnotes":"","jetpack_publicize_message":"","jetpack_publicize_feature_enabled":true,"jetpack_social_post_already_shared":true,"jetpack_social_options":{"image_generator_settings":{"template":"highway","enabled":false},"version":2}},"categories":[12],"tags":[],"class_list":{"0":"post-12145","1":"post","2":"type-post","3":"status-publish","4":"format-standard","5":"has-post-thumbnail","7":"category-espectaculos"},"jetpack_publicize_connections":[],"yoast_head":"<!-- This site is optimized with the Yoast SEO plugin v27.3 - https:\/\/yoast.com\/product\/yoast-seo-wordpress\/ -->\n<title>La estricta condici\u00f3n de Furia a un futbolista profesional antes de su primera cita - CLAN ESPECTACULOS<\/title>\n<meta name=\"robots\" content=\"index, follow, max-snippet:-1, max-image-preview:large, max-video-preview:-1\" \/>\n<link rel=\"canonical\" href=\"https:\/\/radioclanfm.com\/clanespectaculos\/la-estricta-condicion-de-furia-a-un-futbolista-profesional-antes-de-su-primera-cita\/\" \/>\n<meta property=\"og:locale\" content=\"es_ES\" \/>\n<meta property=\"og:type\" content=\"article\" \/>\n<meta property=\"og:title\" content=\"La estricta condici\u00f3n de Furia a un futbolista profesional antes de su primera cita - CLAN ESPECTACULOS\" \/>\n<meta property=\"og:description\" content=\"Luego de confirmar su romance, la ex \u201cGran Hermano\u201d dio detalles acerca de c\u00f3mo se conocieron. Juliana \u2018Furia\u2019 Scaglione\u00a0blanque\u00f3 este lunes su romance con el jugador de Excursionistas\u00a0Nicol\u00e1s Rodr\u00edguez.\u00a0En medio del revuelo que esto gener\u00f3 entre sus fan\u00e1ticos, la medi\u00e1tica\u00a0cont\u00f3 en un streaming c\u00f3mo empez\u00f3 su historia de amor. \u201cCuando me dijo que era futbolista, [&hellip;]\" \/>\n<meta property=\"og:url\" content=\"https:\/\/radioclanfm.com\/clanespectaculos\/la-estricta-condicion-de-furia-a-un-futbolista-profesional-antes-de-su-primera-cita\/\" \/>\n<meta property=\"og:site_name\" content=\"CLAN ESPECTACULOS\" \/>\n<meta property=\"article:publisher\" content=\"https:\/\/www.facebook.com\/clanespectaculos\/\" \/>\n<meta property=\"article:published_time\" content=\"2026-02-10T10:11:37+00:00\" \/>\n<meta property=\"og:image\" content=\"https:\/\/radioclanfm.com\/clanespectaculos\/wp-content\/uploads\/sites\/2\/2026\/02\/flT6qGsL.jpg\" \/>\n\t<meta property=\"og:image:width\" content=\"900\" \/>\n\t<meta property=\"og:image:height\" content=\"505\" \/>\n\t<meta property=\"og:image:type\" content=\"image\/jpeg\" \/>\n<meta name=\"author\" content=\"E-GRUPOCLAN\" \/>\n<meta name=\"twitter:card\" content=\"summary_large_image\" \/>\n<meta name=\"twitter:creator\" content=\"@clanespectok\" \/>\n<meta name=\"twitter:site\" content=\"@clanespectok\" \/>\n<meta name=\"twitter:label1\" content=\"Escrito por\" \/>\n\t<meta name=\"twitter:data1\" content=\"E-GRUPOCLAN\" \/>\n\t<meta name=\"twitter:label2\" content=\"Tiempo de lectura\" \/>\n\t<meta name=\"twitter:data2\" content=\"2 minutos\" \/>\n<script type=\"application\/ld+json\" class=\"yoast-schema-graph\">{\"@context\":\"https:\\\/\\\/schema.org\",\"@graph\":[{\"@type\":\"Article\",\"@id\":\"https:\\\/\\\/radioclanfm.com\\\/clanespectaculos\\\/la-estricta-condicion-de-furia-a-un-futbolista-profesional-antes-de-su-primera-cita\\\/#article\",\"isPartOf\":{\"@id\":\"https:\\\/\\\/radioclanfm.com\\\/clanespectaculos\\\/la-estricta-condicion-de-furia-a-un-futbolista-profesional-antes-de-su-primera-cita\\\/\"},\"author\":{\"name\":\"E-GRUPOCLAN\",\"@id\":\"https:\\\/\\\/radioclanfm.com\\\/clanespectaculos\\\/#\\\/schema\\\/person\\\/9734813083303230f3ad84d99171b20c\"},\"headline\":\"La estricta condici\u00f3n de Furia a un futbolista profesional antes de su primera cita\",\"datePublished\":\"2026-02-10T10:11:37+00:00\",\"mainEntityOfPage\":{\"@id\":\"https:\\\/\\\/radioclanfm.com\\\/clanespectaculos\\\/la-estricta-condicion-de-furia-a-un-futbolista-profesional-antes-de-su-primera-cita\\\/\"},\"wordCount\":389,\"commentCount\":0,\"publisher\":{\"@id\":\"https:\\\/\\\/radioclanfm.com\\\/clanespectaculos\\\/#organization\"},\"image\":{\"@id\":\"https:\\\/\\\/radioclanfm.com\\\/clanespectaculos\\\/la-estricta-condicion-de-furia-a-un-futbolista-profesional-antes-de-su-primera-cita\\\/#primaryimage\"},\"thumbnailUrl\":\"https:\\\/\\\/radioclanfm.com\\\/clanespectaculos\\\/wp-content\\\/uploads\\\/sites\\\/2\\\/2026\\\/02\\\/flT6qGsL.jpg\",\"articleSection\":[\"Espectaculos\"],\"inLanguage\":\"es-AR\",\"potentialAction\":[{\"@type\":\"CommentAction\",\"name\":\"Comment\",\"target\":[\"https:\\\/\\\/radioclanfm.com\\\/clanespectaculos\\\/la-estricta-condicion-de-furia-a-un-futbolista-profesional-antes-de-su-primera-cita\\\/#respond\"]}]},{\"@type\":\"WebPage\",\"@id\":\"https:\\\/\\\/radioclanfm.com\\\/clanespectaculos\\\/la-estricta-condicion-de-furia-a-un-futbolista-profesional-antes-de-su-primera-cita\\\/\",\"url\":\"https:\\\/\\\/radioclanfm.com\\\/clanespectaculos\\\/la-estricta-condicion-de-furia-a-un-futbolista-profesional-antes-de-su-primera-cita\\\/\",\"name\":\"La estricta condici\u00f3n de Furia a un futbolista profesional antes de su primera cita - CLAN ESPECTACULOS\",\"isPartOf\":{\"@id\":\"https:\\\/\\\/radioclanfm.com\\\/clanespectaculos\\\/#website\"},\"primaryImageOfPage\":{\"@id\":\"https:\\\/\\\/radioclanfm.com\\\/clanespectaculos\\\/la-estricta-condicion-de-furia-a-un-futbolista-profesional-antes-de-su-primera-cita\\\/#primaryimage\"},\"image\":{\"@id\":\"https:\\\/\\\/radioclanfm.com\\\/clanespectaculos\\\/la-estricta-condicion-de-furia-a-un-futbolista-profesional-antes-de-su-primera-cita\\\/#primaryimage\"},\"thumbnailUrl\":\"https:\\\/\\\/radioclanfm.com\\\/clanespectaculos\\\/wp-content\\\/uploads\\\/sites\\\/2\\\/2026\\\/02\\\/flT6qGsL.jpg\",\"datePublished\":\"2026-02-10T10:11:37+00:00\",\"breadcrumb\":{\"@id\":\"https:\\\/\\\/radioclanfm.com\\\/clanespectaculos\\\/la-estricta-condicion-de-furia-a-un-futbolista-profesional-antes-de-su-primera-cita\\\/#breadcrumb\"},\"inLanguage\":\"es-AR\",\"potentialAction\":[{\"@type\":\"ReadAction\",\"target\":[\"https:\\\/\\\/radioclanfm.com\\\/clanespectaculos\\\/la-estricta-condicion-de-furia-a-un-futbolista-profesional-antes-de-su-primera-cita\\\/\"]}]},{\"@type\":\"ImageObject\",\"inLanguage\":\"es-AR\",\"@id\":\"https:\\\/\\\/radioclanfm.com\\\/clanespectaculos\\\/la-estricta-condicion-de-furia-a-un-futbolista-profesional-antes-de-su-primera-cita\\\/#primaryimage\",\"url\":\"https:\\\/\\\/radioclanfm.com\\\/clanespectaculos\\\/wp-content\\\/uploads\\\/sites\\\/2\\\/2026\\\/02\\\/flT6qGsL.jpg\",\"contentUrl\":\"https:\\\/\\\/radioclanfm.com\\\/clanespectaculos\\\/wp-content\\\/uploads\\\/sites\\\/2\\\/2026\\\/02\\\/flT6qGsL.jpg\",\"width\":900,\"height\":505},{\"@type\":\"BreadcrumbList\",\"@id\":\"https:\\\/\\\/radioclanfm.com\\\/clanespectaculos\\\/la-estricta-condicion-de-furia-a-un-futbolista-profesional-antes-de-su-primera-cita\\\/#breadcrumb\",\"itemListElement\":[{\"@type\":\"ListItem\",\"position\":1,\"name\":\"Inicio\",\"item\":\"https:\\\/\\\/radioclanfm.com\\\/clanespectaculos\\\/\"},{\"@type\":\"ListItem\",\"position\":2,\"name\":\"La estricta condici\u00f3n de Furia a un futbolista profesional antes de su primera cita\"}]},{\"@type\":\"WebSite\",\"@id\":\"https:\\\/\\\/radioclanfm.com\\\/clanespectaculos\\\/#website\",\"url\":\"https:\\\/\\\/radioclanfm.com\\\/clanespectaculos\\\/\",\"name\":\"CLAN ESPECTACULOS\",\"description\":\"\",\"publisher\":{\"@id\":\"https:\\\/\\\/radioclanfm.com\\\/clanespectaculos\\\/#organization\"},\"potentialAction\":[{\"@type\":\"SearchAction\",\"target\":{\"@type\":\"EntryPoint\",\"urlTemplate\":\"https:\\\/\\\/radioclanfm.com\\\/clanespectaculos\\\/?s={search_term_string}\"},\"query-input\":{\"@type\":\"PropertyValueSpecification\",\"valueRequired\":true,\"valueName\":\"search_term_string\"}}],\"inLanguage\":\"es-AR\"},{\"@type\":\"Organization\",\"@id\":\"https:\\\/\\\/radioclanfm.com\\\/clanespectaculos\\\/#organization\",\"name\":\"CLAN ESPECTACULOS\",\"url\":\"https:\\\/\\\/radioclanfm.com\\\/clanespectaculos\\\/\",\"logo\":{\"@type\":\"ImageObject\",\"inLanguage\":\"es-AR\",\"@id\":\"https:\\\/\\\/radioclanfm.com\\\/clanespectaculos\\\/#\\\/schema\\\/logo\\\/image\\\/\",\"url\":\"https:\\\/\\\/radioclanfm.com\\\/clanespectaculos\\\/wp-content\\\/uploads\\\/sites\\\/2\\\/2026\\\/04\\\/ChatGPT-Image-23-mar-2026-10_09_00.png\",\"contentUrl\":\"https:\\\/\\\/radioclanfm.com\\\/clanespectaculos\\\/wp-content\\\/uploads\\\/sites\\\/2\\\/2026\\\/04\\\/ChatGPT-Image-23-mar-2026-10_09_00.png\",\"width\":1024,\"height\":1024,\"caption\":\"CLAN ESPECTACULOS\"},\"image\":{\"@id\":\"https:\\\/\\\/radioclanfm.com\\\/clanespectaculos\\\/#\\\/schema\\\/logo\\\/image\\\/\"},\"sameAs\":[\"https:\\\/\\\/www.facebook.com\\\/clanespectaculos\\\/\",\"https:\\\/\\\/x.com\\\/clanespectok\"]},{\"@type\":\"Person\",\"@id\":\"https:\\\/\\\/radioclanfm.com\\\/clanespectaculos\\\/#\\\/schema\\\/person\\\/9734813083303230f3ad84d99171b20c\",\"name\":\"E-GRUPOCLAN\",\"image\":{\"@type\":\"ImageObject\",\"inLanguage\":\"es-AR\",\"@id\":\"https:\\\/\\\/secure.gravatar.com\\\/avatar\\\/af6e19837c3d6a212034a48c7b3818d2ac1826f6025df0155da5a186ad321d79?s=96&d=mm&r=g\",\"url\":\"https:\\\/\\\/secure.gravatar.com\\\/avatar\\\/af6e19837c3d6a212034a48c7b3818d2ac1826f6025df0155da5a186ad321d79?s=96&d=mm&r=g\",\"contentUrl\":\"https:\\\/\\\/secure.gravatar.com\\\/avatar\\\/af6e19837c3d6a212034a48c7b3818d2ac1826f6025df0155da5a186ad321d79?s=96&d=mm&r=g\",\"caption\":\"E-GRUPOCLAN\"},\"sameAs\":[\"https:\\\/\\\/radioclanfm.com\"],\"url\":\"https:\\\/\\\/radioclanfm.com\\\/clanespectaculos\\\/author\\\/admin\\\/\"}]}<\/script>\n<!-- \/ Yoast SEO plugin. -->","yoast_head_json":{"title":"La estricta condici\u00f3n de Furia a un futbolista profesional antes de su primera cita - CLAN ESPECTACULOS","robots":{"index":"index","follow":"follow","max-snippet":"max-snippet:-1","max-image-preview":"max-image-preview:large","max-video-preview":"max-video-preview:-1"},"canonical":"https:\/\/radioclanfm.com\/clanespectaculos\/la-estricta-condicion-de-furia-a-un-futbolista-profesional-antes-de-su-primera-cita\/","og_locale":"es_ES","og_type":"article","og_title":"La estricta condici\u00f3n de Furia a un futbolista profesional antes de su primera cita - CLAN ESPECTACULOS","og_description":"Luego de confirmar su romance, la ex \u201cGran Hermano\u201d dio detalles acerca de c\u00f3mo se conocieron. Juliana \u2018Furia\u2019 Scaglione\u00a0blanque\u00f3 este lunes su romance con el jugador de Excursionistas\u00a0Nicol\u00e1s Rodr\u00edguez.\u00a0En medio del revuelo que esto gener\u00f3 entre sus fan\u00e1ticos, la medi\u00e1tica\u00a0cont\u00f3 en un streaming c\u00f3mo empez\u00f3 su historia de amor. \u201cCuando me dijo que era futbolista, [&hellip;]","og_url":"https:\/\/radioclanfm.com\/clanespectaculos\/la-estricta-condicion-de-furia-a-un-futbolista-profesional-antes-de-su-primera-cita\/","og_site_name":"CLAN ESPECTACULOS","article_publisher":"https:\/\/www.facebook.com\/clanespectaculos\/","article_published_time":"2026-02-10T10:11:37+00:00","og_image":[{"width":900,"height":505,"url":"https:\/\/radioclanfm.com\/clanespectaculos\/wp-content\/uploads\/sites\/2\/2026\/02\/flT6qGsL.jpg","type":"image\/jpeg"}],"author":"E-GRUPOCLAN","twitter_card":"summary_large_image","twitter_creator":"@clanespectok","twitter_site":"@clanespectok","twitter_misc":{"Escrito por":"E-GRUPOCLAN","Tiempo de lectura":"2 minutos"},"schema":{"@context":"https:\/\/schema.org","@graph":[{"@type":"Article","@id":"https:\/\/radioclanfm.com\/clanespectaculos\/la-estricta-condicion-de-furia-a-un-futbolista-profesional-antes-de-su-primera-cita\/#article","isPartOf":{"@id":"https:\/\/radioclanfm.com\/clanespectaculos\/la-estricta-condicion-de-furia-a-un-futbolista-profesional-antes-de-su-primera-cita\/"},"author":{"name":"E-GRUPOCLAN","@id":"https:\/\/radioclanfm.com\/clanespectaculos\/#\/schema\/person\/9734813083303230f3ad84d99171b20c"},"headline":"La estricta condici\u00f3n de Furia a un futbolista profesional antes de su primera cita","datePublished":"2026-02-10T10:11:37+00:00","mainEntityOfPage":{"@id":"https:\/\/radioclanfm.com\/clanespectaculos\/la-estricta-condicion-de-furia-a-un-futbolista-profesional-antes-de-su-primera-cita\/"},"wordCount":389,"commentCount":0,"publisher":{"@id":"https:\/\/radioclanfm.com\/clanespectaculos\/#organization"},"image":{"@id":"https:\/\/radioclanfm.com\/clanespectaculos\/la-estricta-condicion-de-furia-a-un-futbolista-profesional-antes-de-su-primera-cita\/#primaryimage"},"thumbnailUrl":"https:\/\/radioclanfm.com\/clanespectaculos\/wp-content\/uploads\/sites\/2\/2026\/02\/flT6qGsL.jpg","articleSection":["Espectaculos"],"inLanguage":"es-AR","potentialAction":[{"@type":"CommentAction","name":"Comment","target":["https:\/\/radioclanfm.com\/clanespectaculos\/la-estricta-condicion-de-furia-a-un-futbolista-profesional-antes-de-su-primera-cita\/#respond"]}]},{"@type":"WebPage","@id":"https:\/\/radioclanfm.com\/clanespectaculos\/la-estricta-condicion-de-furia-a-un-futbolista-profesional-antes-de-su-primera-cita\/","url":"https:\/\/radioclanfm.com\/clanespectaculos\/la-estricta-condicion-de-furia-a-un-futbolista-profesional-antes-de-su-primera-cita\/","name":"La estricta condici\u00f3n de Furia a un futbolista profesional antes de su primera cita - CLAN ESPECTACULOS","isPartOf":{"@id":"https:\/\/radioclanfm.com\/clanespectaculos\/#website"},"primaryImageOfPage":{"@id":"https:\/\/radioclanfm.com\/clanespectaculos\/la-estricta-condicion-de-furia-a-un-futbolista-profesional-antes-de-su-primera-cita\/#primaryimage"},"image":{"@id":"https:\/\/radioclanfm.com\/clanespectaculos\/la-estricta-condicion-de-furia-a-un-futbolista-profesional-antes-de-su-primera-cita\/#primaryimage"},"thumbnailUrl":"https:\/\/radioclanfm.com\/clanespectaculos\/wp-content\/uploads\/sites\/2\/2026\/02\/flT6qGsL.jpg","datePublished":"2026-02-10T10:11:37+00:00","breadcrumb":{"@id":"https:\/\/radioclanfm.com\/clanespectaculos\/la-estricta-condicion-de-furia-a-un-futbolista-profesional-antes-de-su-primera-cita\/#breadcrumb"},"inLanguage":"es-AR","potentialAction":[{"@type":"ReadAction","target":["https:\/\/radioclanfm.com\/clanespectaculos\/la-estricta-condicion-de-furia-a-un-futbolista-profesional-antes-de-su-primera-cita\/"]}]},{"@type":"ImageObject","inLanguage":"es-AR","@id":"https:\/\/radioclanfm.com\/clanespectaculos\/la-estricta-condicion-de-furia-a-un-futbolista-profesional-antes-de-su-primera-cita\/#primaryimage","url":"https:\/\/radioclanfm.com\/clanespectaculos\/wp-content\/uploads\/sites\/2\/2026\/02\/flT6qGsL.jpg","contentUrl":"https:\/\/radioclanfm.com\/clanespectaculos\/wp-content\/uploads\/sites\/2\/2026\/02\/flT6qGsL.jpg","width":900,"height":505},{"@type":"BreadcrumbList","@id":"https:\/\/radioclanfm.com\/clanespectaculos\/la-estricta-condicion-de-furia-a-un-futbolista-profesional-antes-de-su-primera-cita\/#breadcrumb","itemListElement":[{"@type":"ListItem","position":1,"name":"Inicio","item":"https:\/\/radioclanfm.com\/clanespectaculos\/"},{"@type":"ListItem","position":2,"name":"La estricta condici\u00f3n de Furia a un futbolista profesional antes de su primera cita"}]},{"@type":"WebSite","@id":"https:\/\/radioclanfm.com\/clanespectaculos\/#website","url":"https:\/\/radioclanfm.com\/clanespectaculos\/","name":"CLAN ESPECTACULOS","description":"","publisher":{"@id":"https:\/\/radioclanfm.com\/clanespectaculos\/#organization"},"potentialAction":[{"@type":"SearchAction","target":{"@type":"EntryPoint","urlTemplate":"https:\/\/radioclanfm.com\/clanespectaculos\/?s={search_term_string}"},"query-input":{"@type":"PropertyValueSpecification","valueRequired":true,"valueName":"search_term_string"}}],"inLanguage":"es-AR"},{"@type":"Organization","@id":"https:\/\/radioclanfm.com\/clanespectaculos\/#organization","name":"CLAN ESPECTACULOS","url":"https:\/\/radioclanfm.com\/clanespectaculos\/","logo":{"@type":"ImageObject","inLanguage":"es-AR","@id":"https:\/\/radioclanfm.com\/clanespectaculos\/#\/schema\/logo\/image\/","url":"https:\/\/radioclanfm.com\/clanespectaculos\/wp-content\/uploads\/sites\/2\/2026\/04\/ChatGPT-Image-23-mar-2026-10_09_00.png","contentUrl":"https:\/\/radioclanfm.com\/clanespectaculos\/wp-content\/uploads\/sites\/2\/2026\/04\/ChatGPT-Image-23-mar-2026-10_09_00.png","width":1024,"height":1024,"caption":"CLAN ESPECTACULOS"},"image":{"@id":"https:\/\/radioclanfm.com\/clanespectaculos\/#\/schema\/logo\/image\/"},"sameAs":["https:\/\/www.facebook.com\/clanespectaculos\/","https:\/\/x.com\/clanespectok"]},{"@type":"Person","@id":"https:\/\/radioclanfm.com\/clanespectaculos\/#\/schema\/person\/9734813083303230f3ad84d99171b20c","name":"E-GRUPOCLAN","image":{"@type":"ImageObject","inLanguage":"es-AR","@id":"https:\/\/secure.gravatar.com\/avatar\/af6e19837c3d6a212034a48c7b3818d2ac1826f6025df0155da5a186ad321d79?s=96&d=mm&r=g","url":"https:\/\/secure.gravatar.com\/avatar\/af6e19837c3d6a212034a48c7b3818d2ac1826f6025df0155da5a186ad321d79?s=96&d=mm&r=g","contentUrl":"https:\/\/secure.gravatar.com\/avatar\/af6e19837c3d6a212034a48c7b3818d2ac1826f6025df0155da5a186ad321d79?s=96&d=mm&r=g","caption":"E-GRUPOCLAN"},"sameAs":["https:\/\/radioclanfm.com"],"url":"https:\/\/radioclanfm.com\/clanespectaculos\/author\/admin\/"}]}},"_links":{"self":[{"href":"https:\/\/radioclanfm.com\/clanespectaculos\/wp-json\/wp\/v2\/posts\/12145","targetHints":{"allow":["GET"]}}],"collection":[{"href":"https:\/\/radioclanfm.com\/clanespectaculos\/wp-json\/wp\/v2\/posts"}],"about":[{"href":"https:\/\/radioclanfm.com\/clanespectaculos\/wp-json\/wp\/v2\/types\/post"}],"author":[{"embeddable":true,"href":"https:\/\/radioclanfm.com\/clanespectaculos\/wp-json\/wp\/v2\/users\/1"}],"replies":[{"embeddable":true,"href":"https:\/\/radioclanfm.com\/clanespectaculos\/wp-json\/wp\/v2\/comments?post=12145"}],"version-history":[{"count":1,"href":"https:\/\/radioclanfm.com\/clanespectaculos\/wp-json\/wp\/v2\/posts\/12145\/revisions"}],"predecessor-version":[{"id":12149,"href":"https:\/\/radioclanfm.com\/clanespectaculos\/wp-json\/wp\/v2\/posts\/12145\/revisions\/12149"}],"wp:featuredmedia":[{"embeddable":true,"href":"https:\/\/radioclanfm.com\/clanespectaculos\/wp-json\/wp\/v2\/media\/12148"}],"wp:attachment":[{"href":"https:\/\/radioclanfm.com\/clanespectaculos\/wp-json\/wp\/v2\/media?parent=12145"}],"wp:term":[{"taxonomy":"category","embeddable":true,"href":"https:\/\/radioclanfm.com\/clanespectaculos\/wp-json\/wp\/v2\/categories?post=12145"},{"taxonomy":"post_tag","embeddable":true,"href":"https:\/\/radioclanfm.com\/clanespectaculos\/wp-json\/wp\/v2\/tags?post=12145"}],"curies":[{"name":"wp","href":"https:\/\/api.w.org\/{rel}","templated":true}]}}