{"id":12130,"date":"2026-02-10T07:05:10","date_gmt":"2026-02-10T10:05:10","guid":{"rendered":"https:\/\/radioclanfm.com\/clanespectaculos\/?p=12130"},"modified":"2026-02-10T07:05:10","modified_gmt":"2026-02-10T10:05:10","slug":"tendencias-wearables-la-tecnologia-se-acerca-cada-vez-mas-a-la-moda","status":"publish","type":"post","link":"https:\/\/radioclanfm.com\/clanespectaculos\/tendencias-wearables-la-tecnologia-se-acerca-cada-vez-mas-a-la-moda\/","title":{"rendered":"Tendencias wearables: la tecnolog\u00eda se acerca cada vez m\u00e1s a la moda"},"content":{"rendered":"<p>Los gadgets se convierten en accesorios para combinar con diferentes looks.<\/p>\n<p class=\"paragraph font__body-regular\">La era de los\u00a0<b>gadgets<\/b>\u00a0\u2014peque\u00f1os dispositivos electr\u00f3nicos, pr\u00e1cticos y novedosos, dise\u00f1ados para cumplir una funci\u00f3n espec\u00edfica y hacer la vida m\u00e1s f\u00e1cil\u2014 puramente funcionales ha terminado; ahora<b>\u00a0la tecnolog\u00eda wearable se convierte en moda, un accesorio y un estilo personal.<\/b><\/p>\n<div id=\"ad-slot-infeed\" class=\"infeed-container\"><\/div>\n<p>&nbsp;<\/p>\n<p class=\"paragraph font__body-regular\">Este es un paso m\u00e1s, como ha sucedido en otros campos donde, una vez consolidada,\u00a0<b>la tecnolog\u00eda tambi\u00e9n se ha vuelto atractiva<\/b>, y el dise\u00f1o ha ocupado su lugar, acentuando as\u00ed su aspecto est\u00e9tico.<\/p>\n<p class=\"paragraph font__body-regular\">Estamos al comienzo de un nuevo viaje, un nuevo territorio por explorar, donde\u00a0<b>la moda y la tecnolog\u00eda<\/b><b>\u00a0se fusionan para satisfacer la necesidad de intimidad e identidad<\/b>. Y, en consecuencia, un nuevo mercado.<\/p>\n<figure class=\"\" data-testid=\"figure-testid\">\n<div class=\"aspect_ratio__container\"><picture class=\"responsive-image\"><source srcset=\"https:\/\/tn.com.ar\/resizer\/v2\/los-buds-con-cristales-swarovski-tiene-sonido-calidad-premium-foto-motorolaswaroski-JYV6AWPWTNGVXA3RCBWKGZ7YD4.jpg?auth=c1e0e2f02f23c9c0af36057d20cdad81eef30d33670f7206f69add8e9fe8ca41&amp;width=767\" type=\"image\/jpg\" media=\"(max-width: 728px)\" \/><source srcset=\"https:\/\/tn.com.ar\/resizer\/v2\/los-buds-con-cristales-swarovski-tiene-sonido-calidad-premium-foto-motorolaswaroski-JYV6AWPWTNGVXA3RCBWKGZ7YD4.jpg?auth=c1e0e2f02f23c9c0af36057d20cdad81eef30d33670f7206f69add8e9fe8ca41&amp;width=1023\" type=\"image\/jpg\" media=\"(max-width: 1023px)\" \/><source srcset=\"https:\/\/tn.com.ar\/resizer\/v2\/los-buds-con-cristales-swarovski-tiene-sonido-calidad-premium-foto-motorolaswaroski-JYV6AWPWTNGVXA3RCBWKGZ7YD4.jpg?auth=c1e0e2f02f23c9c0af36057d20cdad81eef30d33670f7206f69add8e9fe8ca41&amp;width=1440\" type=\"image\/jpg\" \/><img loading=\"lazy\" decoding=\"async\" class=\"image content-image image_placeholder\" src=\"https:\/\/tn.com.ar\/resizer\/v2\/los-buds-con-cristales-swarovski-tiene-sonido-calidad-premium-foto-motorolaswaroski-JYV6AWPWTNGVXA3RCBWKGZ7YD4.jpg?auth=c1e0e2f02f23c9c0af36057d20cdad81eef30d33670f7206f69add8e9fe8ca41&amp;width=767\" alt=\"Los buds con cristales Swarovski tiene sonido calidad premium (Foto: Motorola\/Swaroski)\" width=\"767\" height=\"1151\" data-testid=\"loading-testid\" \/><\/picture><\/div><figcaption class=\"caption_image\" data-testid=\"figcaption-testid\">\n<div class=\"image_caption \">Los buds con cristales Swarovski tiene sonido calidad premium (Foto: Motorola\/Swaroski)<\/div>\n<\/figcaption><\/figure>\n<p class=\"paragraph font__body-regular\">Del estudio en profundidad realizado por el profesor Andrea Banfi, embajador y conferenciante del IED (Instituto Europeo de Dise\u00f1o), surge un hecho claro: para el 67% de la Generaci\u00f3n Z, una generaci\u00f3n notoriamente impulsada por las tendencias m\u00e1s que por ellas mismas,\u00a0<b>los dispositivos wearables se consideran verdaderos accesorios de dise\u00f1o, mientras que para el 33%, el estilo es el principal motivo de compra.<\/b><\/p>\n<p class=\"paragraph font__body-regular\">Entre los primeros ejemplos de esta tendencia se encuentran los\u00a0<b>auriculares abiertos FreeClip 2 de Huawei<\/b>, recientemente lanzados, cuyo dise\u00f1o de puente en C, inspirado en la joyer\u00eda fina, es el coraz\u00f3n est\u00e9tico. La paleta de colores \u2014que incluye negro, blanco, azul y la pr\u00f3xima versi\u00f3n en oro rosa\u2014 y la introducci\u00f3n de texturas texturizadas, como el efecto denim del modelo azul, est\u00e1n dise\u00f1adas para realzar cualquier look.<\/p>\n<figure class=\"\" data-testid=\"figure-testid\">\n<div class=\"aspect_ratio__container\"><picture class=\"responsive-image\"><source srcset=\"https:\/\/tn.com.ar\/resizer\/v2\/los-auriculares-abiertos-freeclip-2-de-huawei-foto-huawei-BDWCB6F4OZASRJLIDK7GD43DUQ.jpeg?auth=5ed159445098f353cbce995bc1bfa039b1e932bb4a057f0cf22eb1ed4cac3d46&amp;width=767\" type=\"image\/jpg\" media=\"(max-width: 728px)\" \/><source srcset=\"https:\/\/tn.com.ar\/resizer\/v2\/los-auriculares-abiertos-freeclip-2-de-huawei-foto-huawei-BDWCB6F4OZASRJLIDK7GD43DUQ.jpeg?auth=5ed159445098f353cbce995bc1bfa039b1e932bb4a057f0cf22eb1ed4cac3d46&amp;width=1023\" type=\"image\/jpg\" media=\"(max-width: 1023px)\" \/><source srcset=\"https:\/\/tn.com.ar\/resizer\/v2\/los-auriculares-abiertos-freeclip-2-de-huawei-foto-huawei-BDWCB6F4OZASRJLIDK7GD43DUQ.jpeg?auth=5ed159445098f353cbce995bc1bfa039b1e932bb4a057f0cf22eb1ed4cac3d46&amp;width=1440\" type=\"image\/jpg\" \/><img loading=\"lazy\" decoding=\"async\" class=\"image content-image image_placeholder\" src=\"https:\/\/tn.com.ar\/resizer\/v2\/los-auriculares-abiertos-freeclip-2-de-huawei-foto-huawei-BDWCB6F4OZASRJLIDK7GD43DUQ.jpeg?auth=5ed159445098f353cbce995bc1bfa039b1e932bb4a057f0cf22eb1ed4cac3d46&amp;width=767\" alt=\"Los auriculares abiertos FreeClip 2 de Huawei. (Foto: Huawei)\" width=\"767\" height=\"934\" data-testid=\"loading-testid\" \/><\/picture><\/div><figcaption class=\"caption_image\" data-testid=\"figcaption-testid\">\n<div class=\"image_caption \">Los auriculares abiertos FreeClip 2 de Huawei. (Foto: Huawei)<\/div>\n<\/figcaption><\/figure>\n<p class=\"paragraph font__body-regular\">Finalmente, la tendencia hacia la hiperpersonalizaci\u00f3n se complementa con la colaboraci\u00f3n de itslava y Les N\u00e9r\u00e9ides, cuyos\u00a0<b>charms transforman el dispositivo en un accesorio de moda.<\/b><\/p>\n<p class=\"paragraph font__body-regular\">Para transformar el FreeClip 2 de un simple auricular a un aut\u00e9ntico accesorio de moda, que expresa el estilo de quien lo usa, Huawei ha establecido dos\u00a0<b>alianzas estrat\u00e9gicas con marcas de accesorios que representan dos universos estil\u00edsticos diferentes y vanguardistas<\/b>.<\/p>\n<p class=\"paragraph font__body-regular\">Por un lado,<i>\u00a0Les N\u00e9r\u00e9ides<\/i>, la casa parisina de bijou de alta gama, sin\u00f3nimo de romance y feminidad desde 1980. Sus creaciones, como las delicadas<b>\u00a0flores de cerezo esmaltadas a mano<\/b>, se inspimran en la naturaleza y los cuentos de hadas.<\/p>\n<figure class=\"\" data-testid=\"figure-testid\">\n<div class=\"aspect_ratio__container\"><picture class=\"responsive-image\"><source srcset=\"https:\/\/tn.com.ar\/resizer\/v2\/la-propuesta-de-les-nereides-foto-les-nereides-B23GTTM2TBCFLDATMWRC6OSOBI.jpeg?auth=e6fcfff9ea632743438428c93ae7eca439bd37db6de07d2f59a6ceac367defa5&amp;width=767\" type=\"image\/jpg\" media=\"(max-width: 728px)\" \/><source srcset=\"https:\/\/tn.com.ar\/resizer\/v2\/la-propuesta-de-les-nereides-foto-les-nereides-B23GTTM2TBCFLDATMWRC6OSOBI.jpeg?auth=e6fcfff9ea632743438428c93ae7eca439bd37db6de07d2f59a6ceac367defa5&amp;width=1023\" type=\"image\/jpg\" media=\"(max-width: 1023px)\" \/><source srcset=\"https:\/\/tn.com.ar\/resizer\/v2\/la-propuesta-de-les-nereides-foto-les-nereides-B23GTTM2TBCFLDATMWRC6OSOBI.jpeg?auth=e6fcfff9ea632743438428c93ae7eca439bd37db6de07d2f59a6ceac367defa5&amp;width=1440\" type=\"image\/jpg\" \/><img loading=\"lazy\" decoding=\"async\" class=\"image content-image image_placeholder\" src=\"https:\/\/tn.com.ar\/resizer\/v2\/la-propuesta-de-les-nereides-foto-les-nereides-B23GTTM2TBCFLDATMWRC6OSOBI.jpeg?auth=e6fcfff9ea632743438428c93ae7eca439bd37db6de07d2f59a6ceac367defa5&amp;width=767\" alt=\"La propuesta de Les Nereides. (Foto: Les Nereides)\" width=\"767\" height=\"870\" data-testid=\"loading-testid\" \/><\/picture><\/div><figcaption class=\"caption_image\" data-testid=\"figcaption-testid\">\n<div class=\"image_caption \">La propuesta de Les Nereides. (Foto: Les Nereides)<\/div>\n<\/figcaption><\/figure>\n<p>&nbsp;<\/p>\n<p class=\"paragraph font__body-regular\">Por otro lado, It\u2019s Lava, la marca espa\u00f1ola con alma urbana y contempor\u00e1nea, ofrece una est\u00e9tica completamente unisex. Su oferta incluye dos dise\u00f1os diferentes que transforman el auricular en un accesorio moderno y unisex:\u00a0<b>un conjunto de tres peque\u00f1os charms que se pueden combinar libremente para un look vers\u00e1til<\/b>, y un earcuff con un dise\u00f1o ondulado y escultural, inspirado en la correa del ic\u00f3nico bolso \u201cLoa\u201d de la marca.<\/p>\n","protected":false},"excerpt":{"rendered":"<p>Los gadgets se convierten en accesorios para combinar con diferentes looks. La era de los\u00a0gadgets\u00a0\u2014peque\u00f1os dispositivos electr\u00f3nicos, pr\u00e1cticos y novedosos, dise\u00f1ados para cumplir una funci\u00f3n espec\u00edfica y hacer la vida m\u00e1s f\u00e1cil\u2014 puramente funcionales ha terminado; ahora\u00a0la tecnolog\u00eda wearable se convierte en moda, un accesorio y un estilo personal. &nbsp; Este es un paso m\u00e1s, [&hellip;]<\/p>\n","protected":false},"author":1,"featured_media":12133,"comment_status":"open","ping_status":"open","sticky":false,"template":"","format":"standard","meta":{"rop_custom_images_group":[],"rop_custom_messages_group":[],"rop_publish_now":"initial","rop_publish_now_accounts":[],"rop_publish_now_history":[],"rop_publish_now_status":"pending","footnotes":"","jetpack_publicize_message":"","jetpack_publicize_feature_enabled":true,"jetpack_social_post_already_shared":true,"jetpack_social_options":{"image_generator_settings":{"template":"highway","enabled":false},"version":2}},"categories":[16],"tags":[],"class_list":{"0":"post-12130","1":"post","2":"type-post","3":"status-publish","4":"format-standard","5":"has-post-thumbnail","7":"category-tendencias"},"jetpack_publicize_connections":[],"yoast_head":"<!-- This site is optimized with the Yoast SEO plugin v27.3 - https:\/\/yoast.com\/product\/yoast-seo-wordpress\/ -->\n<title>Tendencias wearables: la tecnolog\u00eda se acerca cada vez m\u00e1s a la moda - CLAN ESPECTACULOS<\/title>\n<meta name=\"robots\" content=\"index, follow, max-snippet:-1, max-image-preview:large, max-video-preview:-1\" \/>\n<link rel=\"canonical\" href=\"https:\/\/radioclanfm.com\/clanespectaculos\/tendencias-wearables-la-tecnologia-se-acerca-cada-vez-mas-a-la-moda\/\" \/>\n<meta property=\"og:locale\" content=\"es_ES\" \/>\n<meta property=\"og:type\" content=\"article\" \/>\n<meta property=\"og:title\" content=\"Tendencias wearables: la tecnolog\u00eda se acerca cada vez m\u00e1s a la moda - CLAN ESPECTACULOS\" \/>\n<meta property=\"og:description\" content=\"Los gadgets se convierten en accesorios para combinar con diferentes looks. La era de los\u00a0gadgets\u00a0\u2014peque\u00f1os dispositivos electr\u00f3nicos, pr\u00e1cticos y novedosos, dise\u00f1ados para cumplir una funci\u00f3n espec\u00edfica y hacer la vida m\u00e1s f\u00e1cil\u2014 puramente funcionales ha terminado; ahora\u00a0la tecnolog\u00eda wearable se convierte en moda, un accesorio y un estilo personal. &nbsp; Este es un paso m\u00e1s, [&hellip;]\" \/>\n<meta property=\"og:url\" content=\"https:\/\/radioclanfm.com\/clanespectaculos\/tendencias-wearables-la-tecnologia-se-acerca-cada-vez-mas-a-la-moda\/\" \/>\n<meta property=\"og:site_name\" content=\"CLAN ESPECTACULOS\" \/>\n<meta property=\"article:publisher\" content=\"https:\/\/www.facebook.com\/clanespectaculos\/\" \/>\n<meta property=\"article:published_time\" content=\"2026-02-10T10:05:10+00:00\" \/>\n<meta property=\"og:image\" content=\"https:\/\/radioclanfm.com\/clanespectaculos\/wp-content\/uploads\/sites\/2\/2026\/02\/67xctf6K.jpg\" \/>\n\t<meta property=\"og:image:width\" content=\"900\" \/>\n\t<meta property=\"og:image:height\" content=\"506\" \/>\n\t<meta property=\"og:image:type\" content=\"image\/jpeg\" \/>\n<meta name=\"author\" content=\"E-GRUPOCLAN\" \/>\n<meta name=\"twitter:card\" content=\"summary_large_image\" \/>\n<meta name=\"twitter:creator\" content=\"@clanespectok\" \/>\n<meta name=\"twitter:site\" content=\"@clanespectok\" \/>\n<meta name=\"twitter:label1\" content=\"Escrito por\" \/>\n\t<meta name=\"twitter:data1\" content=\"E-GRUPOCLAN\" \/>\n\t<meta name=\"twitter:label2\" content=\"Tiempo de lectura\" \/>\n\t<meta name=\"twitter:data2\" content=\"3 minutos\" \/>\n<script type=\"application\/ld+json\" class=\"yoast-schema-graph\">{\"@context\":\"https:\\\/\\\/schema.org\",\"@graph\":[{\"@type\":\"Article\",\"@id\":\"https:\\\/\\\/radioclanfm.com\\\/clanespectaculos\\\/tendencias-wearables-la-tecnologia-se-acerca-cada-vez-mas-a-la-moda\\\/#article\",\"isPartOf\":{\"@id\":\"https:\\\/\\\/radioclanfm.com\\\/clanespectaculos\\\/tendencias-wearables-la-tecnologia-se-acerca-cada-vez-mas-a-la-moda\\\/\"},\"author\":{\"name\":\"E-GRUPOCLAN\",\"@id\":\"https:\\\/\\\/radioclanfm.com\\\/clanespectaculos\\\/#\\\/schema\\\/person\\\/9734813083303230f3ad84d99171b20c\"},\"headline\":\"Tendencias wearables: la tecnolog\u00eda se acerca cada vez m\u00e1s a la moda\",\"datePublished\":\"2026-02-10T10:05:10+00:00\",\"mainEntityOfPage\":{\"@id\":\"https:\\\/\\\/radioclanfm.com\\\/clanespectaculos\\\/tendencias-wearables-la-tecnologia-se-acerca-cada-vez-mas-a-la-moda\\\/\"},\"wordCount\":516,\"commentCount\":0,\"publisher\":{\"@id\":\"https:\\\/\\\/radioclanfm.com\\\/clanespectaculos\\\/#organization\"},\"image\":{\"@id\":\"https:\\\/\\\/radioclanfm.com\\\/clanespectaculos\\\/tendencias-wearables-la-tecnologia-se-acerca-cada-vez-mas-a-la-moda\\\/#primaryimage\"},\"thumbnailUrl\":\"https:\\\/\\\/radioclanfm.com\\\/clanespectaculos\\\/wp-content\\\/uploads\\\/sites\\\/2\\\/2026\\\/02\\\/67xctf6K.jpg\",\"articleSection\":[\"TENDENCIAS\"],\"inLanguage\":\"es-AR\",\"potentialAction\":[{\"@type\":\"CommentAction\",\"name\":\"Comment\",\"target\":[\"https:\\\/\\\/radioclanfm.com\\\/clanespectaculos\\\/tendencias-wearables-la-tecnologia-se-acerca-cada-vez-mas-a-la-moda\\\/#respond\"]}]},{\"@type\":\"WebPage\",\"@id\":\"https:\\\/\\\/radioclanfm.com\\\/clanespectaculos\\\/tendencias-wearables-la-tecnologia-se-acerca-cada-vez-mas-a-la-moda\\\/\",\"url\":\"https:\\\/\\\/radioclanfm.com\\\/clanespectaculos\\\/tendencias-wearables-la-tecnologia-se-acerca-cada-vez-mas-a-la-moda\\\/\",\"name\":\"Tendencias wearables: la tecnolog\u00eda se acerca cada vez m\u00e1s a la moda - CLAN ESPECTACULOS\",\"isPartOf\":{\"@id\":\"https:\\\/\\\/radioclanfm.com\\\/clanespectaculos\\\/#website\"},\"primaryImageOfPage\":{\"@id\":\"https:\\\/\\\/radioclanfm.com\\\/clanespectaculos\\\/tendencias-wearables-la-tecnologia-se-acerca-cada-vez-mas-a-la-moda\\\/#primaryimage\"},\"image\":{\"@id\":\"https:\\\/\\\/radioclanfm.com\\\/clanespectaculos\\\/tendencias-wearables-la-tecnologia-se-acerca-cada-vez-mas-a-la-moda\\\/#primaryimage\"},\"thumbnailUrl\":\"https:\\\/\\\/radioclanfm.com\\\/clanespectaculos\\\/wp-content\\\/uploads\\\/sites\\\/2\\\/2026\\\/02\\\/67xctf6K.jpg\",\"datePublished\":\"2026-02-10T10:05:10+00:00\",\"breadcrumb\":{\"@id\":\"https:\\\/\\\/radioclanfm.com\\\/clanespectaculos\\\/tendencias-wearables-la-tecnologia-se-acerca-cada-vez-mas-a-la-moda\\\/#breadcrumb\"},\"inLanguage\":\"es-AR\",\"potentialAction\":[{\"@type\":\"ReadAction\",\"target\":[\"https:\\\/\\\/radioclanfm.com\\\/clanespectaculos\\\/tendencias-wearables-la-tecnologia-se-acerca-cada-vez-mas-a-la-moda\\\/\"]}]},{\"@type\":\"ImageObject\",\"inLanguage\":\"es-AR\",\"@id\":\"https:\\\/\\\/radioclanfm.com\\\/clanespectaculos\\\/tendencias-wearables-la-tecnologia-se-acerca-cada-vez-mas-a-la-moda\\\/#primaryimage\",\"url\":\"https:\\\/\\\/radioclanfm.com\\\/clanespectaculos\\\/wp-content\\\/uploads\\\/sites\\\/2\\\/2026\\\/02\\\/67xctf6K.jpg\",\"contentUrl\":\"https:\\\/\\\/radioclanfm.com\\\/clanespectaculos\\\/wp-content\\\/uploads\\\/sites\\\/2\\\/2026\\\/02\\\/67xctf6K.jpg\",\"width\":900,\"height\":506},{\"@type\":\"BreadcrumbList\",\"@id\":\"https:\\\/\\\/radioclanfm.com\\\/clanespectaculos\\\/tendencias-wearables-la-tecnologia-se-acerca-cada-vez-mas-a-la-moda\\\/#breadcrumb\",\"itemListElement\":[{\"@type\":\"ListItem\",\"position\":1,\"name\":\"Inicio\",\"item\":\"https:\\\/\\\/radioclanfm.com\\\/clanespectaculos\\\/\"},{\"@type\":\"ListItem\",\"position\":2,\"name\":\"Tendencias wearables: la tecnolog\u00eda se acerca cada vez m\u00e1s a la moda\"}]},{\"@type\":\"WebSite\",\"@id\":\"https:\\\/\\\/radioclanfm.com\\\/clanespectaculos\\\/#website\",\"url\":\"https:\\\/\\\/radioclanfm.com\\\/clanespectaculos\\\/\",\"name\":\"CLAN ESPECTACULOS\",\"description\":\"\",\"publisher\":{\"@id\":\"https:\\\/\\\/radioclanfm.com\\\/clanespectaculos\\\/#organization\"},\"potentialAction\":[{\"@type\":\"SearchAction\",\"target\":{\"@type\":\"EntryPoint\",\"urlTemplate\":\"https:\\\/\\\/radioclanfm.com\\\/clanespectaculos\\\/?s={search_term_string}\"},\"query-input\":{\"@type\":\"PropertyValueSpecification\",\"valueRequired\":true,\"valueName\":\"search_term_string\"}}],\"inLanguage\":\"es-AR\"},{\"@type\":\"Organization\",\"@id\":\"https:\\\/\\\/radioclanfm.com\\\/clanespectaculos\\\/#organization\",\"name\":\"CLAN ESPECTACULOS\",\"url\":\"https:\\\/\\\/radioclanfm.com\\\/clanespectaculos\\\/\",\"logo\":{\"@type\":\"ImageObject\",\"inLanguage\":\"es-AR\",\"@id\":\"https:\\\/\\\/radioclanfm.com\\\/clanespectaculos\\\/#\\\/schema\\\/logo\\\/image\\\/\",\"url\":\"https:\\\/\\\/radioclanfm.com\\\/clanespectaculos\\\/wp-content\\\/uploads\\\/sites\\\/2\\\/2026\\\/04\\\/ChatGPT-Image-23-mar-2026-10_09_00.png\",\"contentUrl\":\"https:\\\/\\\/radioclanfm.com\\\/clanespectaculos\\\/wp-content\\\/uploads\\\/sites\\\/2\\\/2026\\\/04\\\/ChatGPT-Image-23-mar-2026-10_09_00.png\",\"width\":1024,\"height\":1024,\"caption\":\"CLAN ESPECTACULOS\"},\"image\":{\"@id\":\"https:\\\/\\\/radioclanfm.com\\\/clanespectaculos\\\/#\\\/schema\\\/logo\\\/image\\\/\"},\"sameAs\":[\"https:\\\/\\\/www.facebook.com\\\/clanespectaculos\\\/\",\"https:\\\/\\\/x.com\\\/clanespectok\"]},{\"@type\":\"Person\",\"@id\":\"https:\\\/\\\/radioclanfm.com\\\/clanespectaculos\\\/#\\\/schema\\\/person\\\/9734813083303230f3ad84d99171b20c\",\"name\":\"E-GRUPOCLAN\",\"image\":{\"@type\":\"ImageObject\",\"inLanguage\":\"es-AR\",\"@id\":\"https:\\\/\\\/secure.gravatar.com\\\/avatar\\\/af6e19837c3d6a212034a48c7b3818d2ac1826f6025df0155da5a186ad321d79?s=96&d=mm&r=g\",\"url\":\"https:\\\/\\\/secure.gravatar.com\\\/avatar\\\/af6e19837c3d6a212034a48c7b3818d2ac1826f6025df0155da5a186ad321d79?s=96&d=mm&r=g\",\"contentUrl\":\"https:\\\/\\\/secure.gravatar.com\\\/avatar\\\/af6e19837c3d6a212034a48c7b3818d2ac1826f6025df0155da5a186ad321d79?s=96&d=mm&r=g\",\"caption\":\"E-GRUPOCLAN\"},\"sameAs\":[\"https:\\\/\\\/radioclanfm.com\"],\"url\":\"https:\\\/\\\/radioclanfm.com\\\/clanespectaculos\\\/author\\\/admin\\\/\"}]}<\/script>\n<!-- \/ Yoast SEO plugin. -->","yoast_head_json":{"title":"Tendencias wearables: la tecnolog\u00eda se acerca cada vez m\u00e1s a la moda - CLAN ESPECTACULOS","robots":{"index":"index","follow":"follow","max-snippet":"max-snippet:-1","max-image-preview":"max-image-preview:large","max-video-preview":"max-video-preview:-1"},"canonical":"https:\/\/radioclanfm.com\/clanespectaculos\/tendencias-wearables-la-tecnologia-se-acerca-cada-vez-mas-a-la-moda\/","og_locale":"es_ES","og_type":"article","og_title":"Tendencias wearables: la tecnolog\u00eda se acerca cada vez m\u00e1s a la moda - CLAN ESPECTACULOS","og_description":"Los gadgets se convierten en accesorios para combinar con diferentes looks. La era de los\u00a0gadgets\u00a0\u2014peque\u00f1os dispositivos electr\u00f3nicos, pr\u00e1cticos y novedosos, dise\u00f1ados para cumplir una funci\u00f3n espec\u00edfica y hacer la vida m\u00e1s f\u00e1cil\u2014 puramente funcionales ha terminado; ahora\u00a0la tecnolog\u00eda wearable se convierte en moda, un accesorio y un estilo personal. &nbsp; Este es un paso m\u00e1s, [&hellip;]","og_url":"https:\/\/radioclanfm.com\/clanespectaculos\/tendencias-wearables-la-tecnologia-se-acerca-cada-vez-mas-a-la-moda\/","og_site_name":"CLAN ESPECTACULOS","article_publisher":"https:\/\/www.facebook.com\/clanespectaculos\/","article_published_time":"2026-02-10T10:05:10+00:00","og_image":[{"width":900,"height":506,"url":"https:\/\/radioclanfm.com\/clanespectaculos\/wp-content\/uploads\/sites\/2\/2026\/02\/67xctf6K.jpg","type":"image\/jpeg"}],"author":"E-GRUPOCLAN","twitter_card":"summary_large_image","twitter_creator":"@clanespectok","twitter_site":"@clanespectok","twitter_misc":{"Escrito por":"E-GRUPOCLAN","Tiempo de lectura":"3 minutos"},"schema":{"@context":"https:\/\/schema.org","@graph":[{"@type":"Article","@id":"https:\/\/radioclanfm.com\/clanespectaculos\/tendencias-wearables-la-tecnologia-se-acerca-cada-vez-mas-a-la-moda\/#article","isPartOf":{"@id":"https:\/\/radioclanfm.com\/clanespectaculos\/tendencias-wearables-la-tecnologia-se-acerca-cada-vez-mas-a-la-moda\/"},"author":{"name":"E-GRUPOCLAN","@id":"https:\/\/radioclanfm.com\/clanespectaculos\/#\/schema\/person\/9734813083303230f3ad84d99171b20c"},"headline":"Tendencias wearables: la tecnolog\u00eda se acerca cada vez m\u00e1s a la moda","datePublished":"2026-02-10T10:05:10+00:00","mainEntityOfPage":{"@id":"https:\/\/radioclanfm.com\/clanespectaculos\/tendencias-wearables-la-tecnologia-se-acerca-cada-vez-mas-a-la-moda\/"},"wordCount":516,"commentCount":0,"publisher":{"@id":"https:\/\/radioclanfm.com\/clanespectaculos\/#organization"},"image":{"@id":"https:\/\/radioclanfm.com\/clanespectaculos\/tendencias-wearables-la-tecnologia-se-acerca-cada-vez-mas-a-la-moda\/#primaryimage"},"thumbnailUrl":"https:\/\/radioclanfm.com\/clanespectaculos\/wp-content\/uploads\/sites\/2\/2026\/02\/67xctf6K.jpg","articleSection":["TENDENCIAS"],"inLanguage":"es-AR","potentialAction":[{"@type":"CommentAction","name":"Comment","target":["https:\/\/radioclanfm.com\/clanespectaculos\/tendencias-wearables-la-tecnologia-se-acerca-cada-vez-mas-a-la-moda\/#respond"]}]},{"@type":"WebPage","@id":"https:\/\/radioclanfm.com\/clanespectaculos\/tendencias-wearables-la-tecnologia-se-acerca-cada-vez-mas-a-la-moda\/","url":"https:\/\/radioclanfm.com\/clanespectaculos\/tendencias-wearables-la-tecnologia-se-acerca-cada-vez-mas-a-la-moda\/","name":"Tendencias wearables: la tecnolog\u00eda se acerca cada vez m\u00e1s a la moda - CLAN ESPECTACULOS","isPartOf":{"@id":"https:\/\/radioclanfm.com\/clanespectaculos\/#website"},"primaryImageOfPage":{"@id":"https:\/\/radioclanfm.com\/clanespectaculos\/tendencias-wearables-la-tecnologia-se-acerca-cada-vez-mas-a-la-moda\/#primaryimage"},"image":{"@id":"https:\/\/radioclanfm.com\/clanespectaculos\/tendencias-wearables-la-tecnologia-se-acerca-cada-vez-mas-a-la-moda\/#primaryimage"},"thumbnailUrl":"https:\/\/radioclanfm.com\/clanespectaculos\/wp-content\/uploads\/sites\/2\/2026\/02\/67xctf6K.jpg","datePublished":"2026-02-10T10:05:10+00:00","breadcrumb":{"@id":"https:\/\/radioclanfm.com\/clanespectaculos\/tendencias-wearables-la-tecnologia-se-acerca-cada-vez-mas-a-la-moda\/#breadcrumb"},"inLanguage":"es-AR","potentialAction":[{"@type":"ReadAction","target":["https:\/\/radioclanfm.com\/clanespectaculos\/tendencias-wearables-la-tecnologia-se-acerca-cada-vez-mas-a-la-moda\/"]}]},{"@type":"ImageObject","inLanguage":"es-AR","@id":"https:\/\/radioclanfm.com\/clanespectaculos\/tendencias-wearables-la-tecnologia-se-acerca-cada-vez-mas-a-la-moda\/#primaryimage","url":"https:\/\/radioclanfm.com\/clanespectaculos\/wp-content\/uploads\/sites\/2\/2026\/02\/67xctf6K.jpg","contentUrl":"https:\/\/radioclanfm.com\/clanespectaculos\/wp-content\/uploads\/sites\/2\/2026\/02\/67xctf6K.jpg","width":900,"height":506},{"@type":"BreadcrumbList","@id":"https:\/\/radioclanfm.com\/clanespectaculos\/tendencias-wearables-la-tecnologia-se-acerca-cada-vez-mas-a-la-moda\/#breadcrumb","itemListElement":[{"@type":"ListItem","position":1,"name":"Inicio","item":"https:\/\/radioclanfm.com\/clanespectaculos\/"},{"@type":"ListItem","position":2,"name":"Tendencias wearables: la tecnolog\u00eda se acerca cada vez m\u00e1s a la moda"}]},{"@type":"WebSite","@id":"https:\/\/radioclanfm.com\/clanespectaculos\/#website","url":"https:\/\/radioclanfm.com\/clanespectaculos\/","name":"CLAN ESPECTACULOS","description":"","publisher":{"@id":"https:\/\/radioclanfm.com\/clanespectaculos\/#organization"},"potentialAction":[{"@type":"SearchAction","target":{"@type":"EntryPoint","urlTemplate":"https:\/\/radioclanfm.com\/clanespectaculos\/?s={search_term_string}"},"query-input":{"@type":"PropertyValueSpecification","valueRequired":true,"valueName":"search_term_string"}}],"inLanguage":"es-AR"},{"@type":"Organization","@id":"https:\/\/radioclanfm.com\/clanespectaculos\/#organization","name":"CLAN ESPECTACULOS","url":"https:\/\/radioclanfm.com\/clanespectaculos\/","logo":{"@type":"ImageObject","inLanguage":"es-AR","@id":"https:\/\/radioclanfm.com\/clanespectaculos\/#\/schema\/logo\/image\/","url":"https:\/\/radioclanfm.com\/clanespectaculos\/wp-content\/uploads\/sites\/2\/2026\/04\/ChatGPT-Image-23-mar-2026-10_09_00.png","contentUrl":"https:\/\/radioclanfm.com\/clanespectaculos\/wp-content\/uploads\/sites\/2\/2026\/04\/ChatGPT-Image-23-mar-2026-10_09_00.png","width":1024,"height":1024,"caption":"CLAN ESPECTACULOS"},"image":{"@id":"https:\/\/radioclanfm.com\/clanespectaculos\/#\/schema\/logo\/image\/"},"sameAs":["https:\/\/www.facebook.com\/clanespectaculos\/","https:\/\/x.com\/clanespectok"]},{"@type":"Person","@id":"https:\/\/radioclanfm.com\/clanespectaculos\/#\/schema\/person\/9734813083303230f3ad84d99171b20c","name":"E-GRUPOCLAN","image":{"@type":"ImageObject","inLanguage":"es-AR","@id":"https:\/\/secure.gravatar.com\/avatar\/af6e19837c3d6a212034a48c7b3818d2ac1826f6025df0155da5a186ad321d79?s=96&d=mm&r=g","url":"https:\/\/secure.gravatar.com\/avatar\/af6e19837c3d6a212034a48c7b3818d2ac1826f6025df0155da5a186ad321d79?s=96&d=mm&r=g","contentUrl":"https:\/\/secure.gravatar.com\/avatar\/af6e19837c3d6a212034a48c7b3818d2ac1826f6025df0155da5a186ad321d79?s=96&d=mm&r=g","caption":"E-GRUPOCLAN"},"sameAs":["https:\/\/radioclanfm.com"],"url":"https:\/\/radioclanfm.com\/clanespectaculos\/author\/admin\/"}]}},"_links":{"self":[{"href":"https:\/\/radioclanfm.com\/clanespectaculos\/wp-json\/wp\/v2\/posts\/12130","targetHints":{"allow":["GET"]}}],"collection":[{"href":"https:\/\/radioclanfm.com\/clanespectaculos\/wp-json\/wp\/v2\/posts"}],"about":[{"href":"https:\/\/radioclanfm.com\/clanespectaculos\/wp-json\/wp\/v2\/types\/post"}],"author":[{"embeddable":true,"href":"https:\/\/radioclanfm.com\/clanespectaculos\/wp-json\/wp\/v2\/users\/1"}],"replies":[{"embeddable":true,"href":"https:\/\/radioclanfm.com\/clanespectaculos\/wp-json\/wp\/v2\/comments?post=12130"}],"version-history":[{"count":1,"href":"https:\/\/radioclanfm.com\/clanespectaculos\/wp-json\/wp\/v2\/posts\/12130\/revisions"}],"predecessor-version":[{"id":12134,"href":"https:\/\/radioclanfm.com\/clanespectaculos\/wp-json\/wp\/v2\/posts\/12130\/revisions\/12134"}],"wp:featuredmedia":[{"embeddable":true,"href":"https:\/\/radioclanfm.com\/clanespectaculos\/wp-json\/wp\/v2\/media\/12133"}],"wp:attachment":[{"href":"https:\/\/radioclanfm.com\/clanespectaculos\/wp-json\/wp\/v2\/media?parent=12130"}],"wp:term":[{"taxonomy":"category","embeddable":true,"href":"https:\/\/radioclanfm.com\/clanespectaculos\/wp-json\/wp\/v2\/categories?post=12130"},{"taxonomy":"post_tag","embeddable":true,"href":"https:\/\/radioclanfm.com\/clanespectaculos\/wp-json\/wp\/v2\/tags?post=12130"}],"curies":[{"name":"wp","href":"https:\/\/api.w.org\/{rel}","templated":true}]}}