{"id":12064,"date":"2026-02-04T10:33:31","date_gmt":"2026-02-04T13:33:31","guid":{"rendered":"https:\/\/radioclanfm.com\/clanespectaculos\/?p=12064"},"modified":"2026-02-04T10:33:31","modified_gmt":"2026-02-04T13:33:31","slug":"la-hija-de-ricardo-darin-publico-una-foto-que-revelaria-el-sexo-del-hijo-de-su-hermano-con-ursula-cobero","status":"publish","type":"post","link":"https:\/\/radioclanfm.com\/clanespectaculos\/la-hija-de-ricardo-darin-publico-una-foto-que-revelaria-el-sexo-del-hijo-de-su-hermano-con-ursula-cobero\/","title":{"rendered":"La hija de Ricardo Dar\u00edn public\u00f3 una foto que revelar\u00eda el sexo del hijo de su hermano con \u00darsula Cober\u00f3"},"content":{"rendered":"<p>Clara Dar\u00edn revolucion\u00f3 las redes con la postal, que habr\u00eda compartido \u201cpor error\u201d. Se espera que el beb\u00e9 nazca entre este mes y el que viene.<\/p>\n<div class=\"col-content\"><main class=\"col-content\"><\/p>\n<div class=\"default-article-color article__body article__article\">\n<p class=\"paragraph font__body-regular\"><b>El Chino Dar\u00edn y \u00darsula Cober\u00f3<\/b>\u00a0est\u00e1n muy cerca de convertirse en pap\u00e1s, ya que ella dar\u00eda a luz entre febrero y marzo. La ansiedad tiene en vilo a los fan\u00e1ticos de la pareja, que en las \u00faltimas horas notaron un particular detalle en uno de los posteos de\u00a0<b>Clara Dar\u00edn<\/b>, la hermana del Chino.<\/p>\n<div class=\"AV6543bedcd858799fe90b5c47\">\n<div id=\"aniBox\">\n<div id=\"aniplayer_AV6543bedcd858799fe90b5c47-1770211986710\">\n<div id=\"aniplayer_AV6543bedcd858799fe90b5c47-1770211986710gui\">\n<div id=\"av-caption\">\n<div id=\"av-close-btn-overlay\" class=\"av-pos-top-left\"><\/div>\n<\/div>\n<\/div>\n<\/div>\n<\/div>\n<\/div>\n<div id=\"ad-slot-infeed\" class=\"infeed-container ad-slot-infeed ad-slot\" data-adtype=\"infeed\" data-lazyload=\"1\" data-google-query-id=\"CO3h6sD5v5IDFcE2uQYdPWYgjA\">\n<div id=\"google_ads_iframe_\/113951150\/tn-arc\/nota\/infeed_0__container__\"><\/div>\n<\/div>\n<p class=\"paragraph font__body-regular\">La joven comparti\u00f3 una foto que muestra una ropa de beb\u00e9 y el color de la prenda despert\u00f3 sospechas.\u00a0<b>Varios usuarios interpretaron que \u00darsula y el actor ser\u00e1n padres de un var\u00f3n.<\/b><\/p>\n<p class=\"paragraph font__body-regular\">La menor de los hijos de\u00a0<b>Ricardo Dar\u00edn y Florencia Bas\u00a0<\/b>mostr\u00f3 un body gris con la estampa de una tortuga con un pajarito en su caparaz\u00f3n que gener\u00f3 mucha ternura en Instagram. \u201cUna semana bien confusa\u201d, escribi\u00f3 en la publicaci\u00f3n, que tambi\u00e9n incluy\u00f3 im\u00e1genes personales. La frase -adem\u00e1s- despert\u00f3 sospechas sobre el inminente nacimiento de la criatura, y algunos seguidores hasta especularon con una ces\u00e1rea programada para los pr\u00f3ximos d\u00edas.<\/p>\n<figure class=\"\" data-testid=\"figure-testid\">\n<div class=\"aspect_ratio__container\"><picture class=\"responsive-image\"><source srcset=\"https:\/\/tn.com.ar\/resizer\/v2\/clara-darin-y-la-foto-que-desperto-rumores-en-las-redes-se-le-escapo-que-el-chino-y-ursula-cobero-esperan-un-varon-foto-instagramclaradarin-LNIUS5Y5SJA6PHYEYM6M3MNFU4.JPG?auth=1fbdd3a9edd227d3c51239b982179c461133d28eafb402fb19630b4f535df365&amp;width=767\" type=\"image\/jpg\" media=\"(max-width: 728px)\" \/><source srcset=\"https:\/\/tn.com.ar\/resizer\/v2\/clara-darin-y-la-foto-que-desperto-rumores-en-las-redes-se-le-escapo-que-el-chino-y-ursula-cobero-esperan-un-varon-foto-instagramclaradarin-LNIUS5Y5SJA6PHYEYM6M3MNFU4.JPG?auth=1fbdd3a9edd227d3c51239b982179c461133d28eafb402fb19630b4f535df365&amp;width=1023\" type=\"image\/jpg\" media=\"(max-width: 1023px)\" \/><source srcset=\"https:\/\/tn.com.ar\/resizer\/v2\/clara-darin-y-la-foto-que-desperto-rumores-en-las-redes-se-le-escapo-que-el-chino-y-ursula-cobero-esperan-un-varon-foto-instagramclaradarin-LNIUS5Y5SJA6PHYEYM6M3MNFU4.JPG?auth=1fbdd3a9edd227d3c51239b982179c461133d28eafb402fb19630b4f535df365&amp;width=1440\" type=\"image\/jpg\" \/><img loading=\"lazy\" decoding=\"async\" class=\"image content-image image_placeholder\" src=\"https:\/\/tn.com.ar\/resizer\/v2\/clara-darin-y-la-foto-que-desperto-rumores-en-las-redes-se-le-escapo-que-el-chino-y-ursula-cobero-esperan-un-varon-foto-instagramclaradarin-LNIUS5Y5SJA6PHYEYM6M3MNFU4.JPG?auth=1fbdd3a9edd227d3c51239b982179c461133d28eafb402fb19630b4f535df365&amp;width=767\" alt=\"Clara Dar\u00edn y la foto que despert\u00f3 rumores en las redes. \u00bfSe le escap\u00f3 que el Chino y \u00darsula Cober\u00f3 esperan un var\u00f3n? (Foto: instagram\/claradarin)\" width=\"767\" height=\"549\" data-testid=\"loading-testid\" \/><\/picture><\/div><figcaption class=\"caption_image\" data-testid=\"figcaption-testid\">\n<div class=\"image_caption \">Clara Dar\u00edn y la foto que despert\u00f3 rumores en las redes. \u00bfSe le escap\u00f3 que el Chino y \u00darsula Cober\u00f3 esperan un var\u00f3n? (Foto: instagram\/claradarin)<\/div>\n<\/figcaption><\/figure>\n<h2 class=\"font--primary font__display\">C\u00f3mo confirm\u00f3 \u00darsula Corber\u00f3 su embarazo<\/h2>\n<p class=\"paragraph font__body-regular\">En septiembre,\u00a0<b>\u00darsula Corber\u00f3<\/b>\u00a0anunci\u00f3 que esperaba un beb\u00e9 del Chino Dar\u00edn, con quien est\u00e1 en pareja desde hace a\u00f1os. Lo hizo con una foto en la que mostraba su pancita.\u00a0<b>\u201cEsto no es IA\u201d<\/b>, escribi\u00f3 en Instagram.<\/p>\n<p class=\"paragraph font__body-regular\">Para compartir su alegr\u00eda, la espa\u00f1ola pos\u00f3 desde un sill\u00f3n blanco con un camis\u00f3n de maternidad en el mismo tono. En ese momento, varios especularon con que tendr\u00edan una nena, pero hasta el momento la pareja no quiso revelar el sexo.<\/p>\n<figure class=\"\" data-testid=\"figure-testid\">\n<div class=\"aspect_ratio__container\"><picture class=\"responsive-image\"><source srcset=\"https:\/\/tn.com.ar\/resizer\/v2\/ursula-corbero-mostro-su-pancita-de-embarazada-y-genero-furor-en-las-redes-foto-instagram-ursulolita-DIMYQZJTFNBRNKUOB6NXIRZUVA.JPG?auth=1657d316dca6684343d84cd1a54e97a3896d376669d67569a96709f149e3d62d&amp;width=767\" type=\"image\/jpg\" media=\"(max-width: 728px)\" \/><source srcset=\"https:\/\/tn.com.ar\/resizer\/v2\/ursula-corbero-mostro-su-pancita-de-embarazada-y-genero-furor-en-las-redes-foto-instagram-ursulolita-DIMYQZJTFNBRNKUOB6NXIRZUVA.JPG?auth=1657d316dca6684343d84cd1a54e97a3896d376669d67569a96709f149e3d62d&amp;width=1023\" type=\"image\/jpg\" media=\"(max-width: 1023px)\" \/><source srcset=\"https:\/\/tn.com.ar\/resizer\/v2\/ursula-corbero-mostro-su-pancita-de-embarazada-y-genero-furor-en-las-redes-foto-instagram-ursulolita-DIMYQZJTFNBRNKUOB6NXIRZUVA.JPG?auth=1657d316dca6684343d84cd1a54e97a3896d376669d67569a96709f149e3d62d&amp;width=1440\" type=\"image\/jpg\" \/><img loading=\"lazy\" decoding=\"async\" class=\"image content-image image_placeholder\" src=\"https:\/\/tn.com.ar\/resizer\/v2\/ursula-corbero-mostro-su-pancita-de-embarazada-y-genero-furor-en-las-redes-foto-instagram-ursulolita-DIMYQZJTFNBRNKUOB6NXIRZUVA.JPG?auth=1657d316dca6684343d84cd1a54e97a3896d376669d67569a96709f149e3d62d&amp;width=767\" alt=\"\u00darsula Corber\u00f3 mostr\u00f3 su pancita de embarazada y gener\u00f3 furor en las redes (Foto: Instagram \/ ursulolita)\" width=\"767\" height=\"900\" data-testid=\"loading-testid\" \/><\/picture><\/div><figcaption class=\"caption_image\" data-testid=\"figcaption-testid\">\n<div class=\"image_caption \">\u00darsula Corber\u00f3 mostr\u00f3 su pancita de embarazada y gener\u00f3 furor en las redes (Foto: Instagram \/ ursulolita)<\/div>\n<\/figcaption><\/figure>\n<p class=\"paragraph font__body-regular\">La noticia gener\u00f3 furor entre sus seguidores, quienes se mostraron muy contentos. \u201cSe viene el beb\u00e9 m\u00e1s hermoso del mundo\u201d, \u201cLa criatura m\u00e1s hermosa va a salir de ah\u00ed\u201d, \u201cQu\u00e9 hijo va a salir de esos seres humanos por Dios. Son hermosos\u201d y<b>\u201cSe viene el beb\u00e9 m\u00e1s hegem\u00f3nico\u201d,\u00a0<\/b>fueron algunos de los comentarios que se leyeron en el posteo de la estrella espa\u00f1ola.<\/p>\n<\/div>\n<p><\/main><\/div>\n<aside class=\"col-right-rail right-rail\">\n<div id=\"parent-ad-slot-caja\" class=\"ad-container caja_ad \">\n<div class=\"ad-content\">\n<div id=\"ad-slot-caja\" class=\"ad-slot-caja ad-slot\" data-adtype=\"caja\" data-lazyload=\"1\" data-google-query-id=\"CLuEzMD5v5IDFRIzuQYdURIrkQ\"><\/div>\n<\/div>\n<\/div>\n<\/aside>\n<p>&nbsp;<\/p>\n","protected":false},"excerpt":{"rendered":"<p>Clara Dar\u00edn revolucion\u00f3 las redes con la postal, que habr\u00eda compartido \u201cpor error\u201d. Se espera que el beb\u00e9 nazca entre este mes y el que viene. El Chino Dar\u00edn y \u00darsula Cober\u00f3\u00a0est\u00e1n muy cerca de convertirse en pap\u00e1s, ya que ella dar\u00eda a luz entre febrero y marzo. La ansiedad tiene en vilo a los [&hellip;]<\/p>\n","protected":false},"author":1,"featured_media":12067,"comment_status":"open","ping_status":"open","sticky":false,"template":"","format":"standard","meta":{"rop_custom_images_group":[],"rop_custom_messages_group":[],"rop_publish_now":"initial","rop_publish_now_accounts":[],"rop_publish_now_history":[],"rop_publish_now_status":"pending","footnotes":"","jetpack_publicize_message":"","jetpack_publicize_feature_enabled":true,"jetpack_social_post_already_shared":true,"jetpack_social_options":{"image_generator_settings":{"template":"highway","enabled":false},"version":2}},"categories":[12],"tags":[],"class_list":{"0":"post-12064","1":"post","2":"type-post","3":"status-publish","4":"format-standard","5":"has-post-thumbnail","7":"category-espectaculos"},"jetpack_publicize_connections":[],"yoast_head":"<!-- This site is optimized with the Yoast SEO plugin v27.3 - https:\/\/yoast.com\/product\/yoast-seo-wordpress\/ -->\n<title>La hija de Ricardo Dar\u00edn public\u00f3 una foto que revelar\u00eda el sexo del hijo de su hermano con \u00darsula Cober\u00f3 - CLAN ESPECTACULOS<\/title>\n<meta name=\"robots\" content=\"index, follow, max-snippet:-1, max-image-preview:large, max-video-preview:-1\" \/>\n<link rel=\"canonical\" href=\"https:\/\/radioclanfm.com\/clanespectaculos\/la-hija-de-ricardo-darin-publico-una-foto-que-revelaria-el-sexo-del-hijo-de-su-hermano-con-ursula-cobero\/\" \/>\n<meta property=\"og:locale\" content=\"es_ES\" \/>\n<meta property=\"og:type\" content=\"article\" \/>\n<meta property=\"og:title\" content=\"La hija de Ricardo Dar\u00edn public\u00f3 una foto que revelar\u00eda el sexo del hijo de su hermano con \u00darsula Cober\u00f3 - CLAN ESPECTACULOS\" \/>\n<meta property=\"og:description\" content=\"Clara Dar\u00edn revolucion\u00f3 las redes con la postal, que habr\u00eda compartido \u201cpor error\u201d. Se espera que el beb\u00e9 nazca entre este mes y el que viene. El Chino Dar\u00edn y \u00darsula Cober\u00f3\u00a0est\u00e1n muy cerca de convertirse en pap\u00e1s, ya que ella dar\u00eda a luz entre febrero y marzo. La ansiedad tiene en vilo a los [&hellip;]\" \/>\n<meta property=\"og:url\" content=\"https:\/\/radioclanfm.com\/clanespectaculos\/la-hija-de-ricardo-darin-publico-una-foto-que-revelaria-el-sexo-del-hijo-de-su-hermano-con-ursula-cobero\/\" \/>\n<meta property=\"og:site_name\" content=\"CLAN ESPECTACULOS\" \/>\n<meta property=\"article:publisher\" content=\"https:\/\/www.facebook.com\/clanespectaculos\/\" \/>\n<meta property=\"article:published_time\" content=\"2026-02-04T13:33:31+00:00\" \/>\n<meta property=\"og:image\" content=\"https:\/\/radioclanfm.com\/clanespectaculos\/wp-content\/uploads\/sites\/2\/2026\/02\/FDMb83G5.jpg\" \/>\n\t<meta property=\"og:image:width\" content=\"900\" \/>\n\t<meta property=\"og:image:height\" content=\"505\" \/>\n\t<meta property=\"og:image:type\" content=\"image\/jpeg\" \/>\n<meta name=\"author\" content=\"E-GRUPOCLAN\" \/>\n<meta name=\"twitter:card\" content=\"summary_large_image\" \/>\n<meta name=\"twitter:creator\" content=\"@clanespectok\" \/>\n<meta name=\"twitter:site\" content=\"@clanespectok\" \/>\n<meta name=\"twitter:label1\" content=\"Escrito por\" \/>\n\t<meta name=\"twitter:data1\" content=\"E-GRUPOCLAN\" \/>\n\t<meta name=\"twitter:label2\" content=\"Tiempo de lectura\" \/>\n\t<meta name=\"twitter:data2\" content=\"2 minutos\" \/>\n<script type=\"application\/ld+json\" class=\"yoast-schema-graph\">{\"@context\":\"https:\\\/\\\/schema.org\",\"@graph\":[{\"@type\":\"Article\",\"@id\":\"https:\\\/\\\/radioclanfm.com\\\/clanespectaculos\\\/la-hija-de-ricardo-darin-publico-una-foto-que-revelaria-el-sexo-del-hijo-de-su-hermano-con-ursula-cobero\\\/#article\",\"isPartOf\":{\"@id\":\"https:\\\/\\\/radioclanfm.com\\\/clanespectaculos\\\/la-hija-de-ricardo-darin-publico-una-foto-que-revelaria-el-sexo-del-hijo-de-su-hermano-con-ursula-cobero\\\/\"},\"author\":{\"name\":\"E-GRUPOCLAN\",\"@id\":\"https:\\\/\\\/radioclanfm.com\\\/clanespectaculos\\\/#\\\/schema\\\/person\\\/9734813083303230f3ad84d99171b20c\"},\"headline\":\"La hija de Ricardo Dar\u00edn public\u00f3 una foto que revelar\u00eda el sexo del hijo de su hermano con \u00darsula Cober\u00f3\",\"datePublished\":\"2026-02-04T13:33:31+00:00\",\"mainEntityOfPage\":{\"@id\":\"https:\\\/\\\/radioclanfm.com\\\/clanespectaculos\\\/la-hija-de-ricardo-darin-publico-una-foto-que-revelaria-el-sexo-del-hijo-de-su-hermano-con-ursula-cobero\\\/\"},\"wordCount\":432,\"commentCount\":0,\"publisher\":{\"@id\":\"https:\\\/\\\/radioclanfm.com\\\/clanespectaculos\\\/#organization\"},\"image\":{\"@id\":\"https:\\\/\\\/radioclanfm.com\\\/clanespectaculos\\\/la-hija-de-ricardo-darin-publico-una-foto-que-revelaria-el-sexo-del-hijo-de-su-hermano-con-ursula-cobero\\\/#primaryimage\"},\"thumbnailUrl\":\"https:\\\/\\\/radioclanfm.com\\\/clanespectaculos\\\/wp-content\\\/uploads\\\/sites\\\/2\\\/2026\\\/02\\\/FDMb83G5.jpg\",\"articleSection\":[\"Espectaculos\"],\"inLanguage\":\"es-AR\",\"potentialAction\":[{\"@type\":\"CommentAction\",\"name\":\"Comment\",\"target\":[\"https:\\\/\\\/radioclanfm.com\\\/clanespectaculos\\\/la-hija-de-ricardo-darin-publico-una-foto-que-revelaria-el-sexo-del-hijo-de-su-hermano-con-ursula-cobero\\\/#respond\"]}]},{\"@type\":\"WebPage\",\"@id\":\"https:\\\/\\\/radioclanfm.com\\\/clanespectaculos\\\/la-hija-de-ricardo-darin-publico-una-foto-que-revelaria-el-sexo-del-hijo-de-su-hermano-con-ursula-cobero\\\/\",\"url\":\"https:\\\/\\\/radioclanfm.com\\\/clanespectaculos\\\/la-hija-de-ricardo-darin-publico-una-foto-que-revelaria-el-sexo-del-hijo-de-su-hermano-con-ursula-cobero\\\/\",\"name\":\"La hija de Ricardo Dar\u00edn public\u00f3 una foto que revelar\u00eda el sexo del hijo de su hermano con \u00darsula Cober\u00f3 - CLAN ESPECTACULOS\",\"isPartOf\":{\"@id\":\"https:\\\/\\\/radioclanfm.com\\\/clanespectaculos\\\/#website\"},\"primaryImageOfPage\":{\"@id\":\"https:\\\/\\\/radioclanfm.com\\\/clanespectaculos\\\/la-hija-de-ricardo-darin-publico-una-foto-que-revelaria-el-sexo-del-hijo-de-su-hermano-con-ursula-cobero\\\/#primaryimage\"},\"image\":{\"@id\":\"https:\\\/\\\/radioclanfm.com\\\/clanespectaculos\\\/la-hija-de-ricardo-darin-publico-una-foto-que-revelaria-el-sexo-del-hijo-de-su-hermano-con-ursula-cobero\\\/#primaryimage\"},\"thumbnailUrl\":\"https:\\\/\\\/radioclanfm.com\\\/clanespectaculos\\\/wp-content\\\/uploads\\\/sites\\\/2\\\/2026\\\/02\\\/FDMb83G5.jpg\",\"datePublished\":\"2026-02-04T13:33:31+00:00\",\"breadcrumb\":{\"@id\":\"https:\\\/\\\/radioclanfm.com\\\/clanespectaculos\\\/la-hija-de-ricardo-darin-publico-una-foto-que-revelaria-el-sexo-del-hijo-de-su-hermano-con-ursula-cobero\\\/#breadcrumb\"},\"inLanguage\":\"es-AR\",\"potentialAction\":[{\"@type\":\"ReadAction\",\"target\":[\"https:\\\/\\\/radioclanfm.com\\\/clanespectaculos\\\/la-hija-de-ricardo-darin-publico-una-foto-que-revelaria-el-sexo-del-hijo-de-su-hermano-con-ursula-cobero\\\/\"]}]},{\"@type\":\"ImageObject\",\"inLanguage\":\"es-AR\",\"@id\":\"https:\\\/\\\/radioclanfm.com\\\/clanespectaculos\\\/la-hija-de-ricardo-darin-publico-una-foto-que-revelaria-el-sexo-del-hijo-de-su-hermano-con-ursula-cobero\\\/#primaryimage\",\"url\":\"https:\\\/\\\/radioclanfm.com\\\/clanespectaculos\\\/wp-content\\\/uploads\\\/sites\\\/2\\\/2026\\\/02\\\/FDMb83G5.jpg\",\"contentUrl\":\"https:\\\/\\\/radioclanfm.com\\\/clanespectaculos\\\/wp-content\\\/uploads\\\/sites\\\/2\\\/2026\\\/02\\\/FDMb83G5.jpg\",\"width\":900,\"height\":505},{\"@type\":\"BreadcrumbList\",\"@id\":\"https:\\\/\\\/radioclanfm.com\\\/clanespectaculos\\\/la-hija-de-ricardo-darin-publico-una-foto-que-revelaria-el-sexo-del-hijo-de-su-hermano-con-ursula-cobero\\\/#breadcrumb\",\"itemListElement\":[{\"@type\":\"ListItem\",\"position\":1,\"name\":\"Inicio\",\"item\":\"https:\\\/\\\/radioclanfm.com\\\/clanespectaculos\\\/\"},{\"@type\":\"ListItem\",\"position\":2,\"name\":\"La hija de Ricardo Dar\u00edn public\u00f3 una foto que revelar\u00eda el sexo del hijo de su hermano con \u00darsula Cober\u00f3\"}]},{\"@type\":\"WebSite\",\"@id\":\"https:\\\/\\\/radioclanfm.com\\\/clanespectaculos\\\/#website\",\"url\":\"https:\\\/\\\/radioclanfm.com\\\/clanespectaculos\\\/\",\"name\":\"CLAN ESPECTACULOS\",\"description\":\"\",\"publisher\":{\"@id\":\"https:\\\/\\\/radioclanfm.com\\\/clanespectaculos\\\/#organization\"},\"potentialAction\":[{\"@type\":\"SearchAction\",\"target\":{\"@type\":\"EntryPoint\",\"urlTemplate\":\"https:\\\/\\\/radioclanfm.com\\\/clanespectaculos\\\/?s={search_term_string}\"},\"query-input\":{\"@type\":\"PropertyValueSpecification\",\"valueRequired\":true,\"valueName\":\"search_term_string\"}}],\"inLanguage\":\"es-AR\"},{\"@type\":\"Organization\",\"@id\":\"https:\\\/\\\/radioclanfm.com\\\/clanespectaculos\\\/#organization\",\"name\":\"CLAN ESPECTACULOS\",\"url\":\"https:\\\/\\\/radioclanfm.com\\\/clanespectaculos\\\/\",\"logo\":{\"@type\":\"ImageObject\",\"inLanguage\":\"es-AR\",\"@id\":\"https:\\\/\\\/radioclanfm.com\\\/clanespectaculos\\\/#\\\/schema\\\/logo\\\/image\\\/\",\"url\":\"https:\\\/\\\/radioclanfm.com\\\/clanespectaculos\\\/wp-content\\\/uploads\\\/sites\\\/2\\\/2026\\\/04\\\/ChatGPT-Image-23-mar-2026-10_09_00.png\",\"contentUrl\":\"https:\\\/\\\/radioclanfm.com\\\/clanespectaculos\\\/wp-content\\\/uploads\\\/sites\\\/2\\\/2026\\\/04\\\/ChatGPT-Image-23-mar-2026-10_09_00.png\",\"width\":1024,\"height\":1024,\"caption\":\"CLAN ESPECTACULOS\"},\"image\":{\"@id\":\"https:\\\/\\\/radioclanfm.com\\\/clanespectaculos\\\/#\\\/schema\\\/logo\\\/image\\\/\"},\"sameAs\":[\"https:\\\/\\\/www.facebook.com\\\/clanespectaculos\\\/\",\"https:\\\/\\\/x.com\\\/clanespectok\"]},{\"@type\":\"Person\",\"@id\":\"https:\\\/\\\/radioclanfm.com\\\/clanespectaculos\\\/#\\\/schema\\\/person\\\/9734813083303230f3ad84d99171b20c\",\"name\":\"E-GRUPOCLAN\",\"image\":{\"@type\":\"ImageObject\",\"inLanguage\":\"es-AR\",\"@id\":\"https:\\\/\\\/secure.gravatar.com\\\/avatar\\\/af6e19837c3d6a212034a48c7b3818d2ac1826f6025df0155da5a186ad321d79?s=96&d=mm&r=g\",\"url\":\"https:\\\/\\\/secure.gravatar.com\\\/avatar\\\/af6e19837c3d6a212034a48c7b3818d2ac1826f6025df0155da5a186ad321d79?s=96&d=mm&r=g\",\"contentUrl\":\"https:\\\/\\\/secure.gravatar.com\\\/avatar\\\/af6e19837c3d6a212034a48c7b3818d2ac1826f6025df0155da5a186ad321d79?s=96&d=mm&r=g\",\"caption\":\"E-GRUPOCLAN\"},\"sameAs\":[\"https:\\\/\\\/radioclanfm.com\"],\"url\":\"https:\\\/\\\/radioclanfm.com\\\/clanespectaculos\\\/author\\\/admin\\\/\"}]}<\/script>\n<!-- \/ Yoast SEO plugin. -->","yoast_head_json":{"title":"La hija de Ricardo Dar\u00edn public\u00f3 una foto que revelar\u00eda el sexo del hijo de su hermano con \u00darsula Cober\u00f3 - CLAN ESPECTACULOS","robots":{"index":"index","follow":"follow","max-snippet":"max-snippet:-1","max-image-preview":"max-image-preview:large","max-video-preview":"max-video-preview:-1"},"canonical":"https:\/\/radioclanfm.com\/clanespectaculos\/la-hija-de-ricardo-darin-publico-una-foto-que-revelaria-el-sexo-del-hijo-de-su-hermano-con-ursula-cobero\/","og_locale":"es_ES","og_type":"article","og_title":"La hija de Ricardo Dar\u00edn public\u00f3 una foto que revelar\u00eda el sexo del hijo de su hermano con \u00darsula Cober\u00f3 - CLAN ESPECTACULOS","og_description":"Clara Dar\u00edn revolucion\u00f3 las redes con la postal, que habr\u00eda compartido \u201cpor error\u201d. Se espera que el beb\u00e9 nazca entre este mes y el que viene. El Chino Dar\u00edn y \u00darsula Cober\u00f3\u00a0est\u00e1n muy cerca de convertirse en pap\u00e1s, ya que ella dar\u00eda a luz entre febrero y marzo. La ansiedad tiene en vilo a los [&hellip;]","og_url":"https:\/\/radioclanfm.com\/clanespectaculos\/la-hija-de-ricardo-darin-publico-una-foto-que-revelaria-el-sexo-del-hijo-de-su-hermano-con-ursula-cobero\/","og_site_name":"CLAN ESPECTACULOS","article_publisher":"https:\/\/www.facebook.com\/clanespectaculos\/","article_published_time":"2026-02-04T13:33:31+00:00","og_image":[{"width":900,"height":505,"url":"https:\/\/radioclanfm.com\/clanespectaculos\/wp-content\/uploads\/sites\/2\/2026\/02\/FDMb83G5.jpg","type":"image\/jpeg"}],"author":"E-GRUPOCLAN","twitter_card":"summary_large_image","twitter_creator":"@clanespectok","twitter_site":"@clanespectok","twitter_misc":{"Escrito por":"E-GRUPOCLAN","Tiempo de lectura":"2 minutos"},"schema":{"@context":"https:\/\/schema.org","@graph":[{"@type":"Article","@id":"https:\/\/radioclanfm.com\/clanespectaculos\/la-hija-de-ricardo-darin-publico-una-foto-que-revelaria-el-sexo-del-hijo-de-su-hermano-con-ursula-cobero\/#article","isPartOf":{"@id":"https:\/\/radioclanfm.com\/clanespectaculos\/la-hija-de-ricardo-darin-publico-una-foto-que-revelaria-el-sexo-del-hijo-de-su-hermano-con-ursula-cobero\/"},"author":{"name":"E-GRUPOCLAN","@id":"https:\/\/radioclanfm.com\/clanespectaculos\/#\/schema\/person\/9734813083303230f3ad84d99171b20c"},"headline":"La hija de Ricardo Dar\u00edn public\u00f3 una foto que revelar\u00eda el sexo del hijo de su hermano con \u00darsula Cober\u00f3","datePublished":"2026-02-04T13:33:31+00:00","mainEntityOfPage":{"@id":"https:\/\/radioclanfm.com\/clanespectaculos\/la-hija-de-ricardo-darin-publico-una-foto-que-revelaria-el-sexo-del-hijo-de-su-hermano-con-ursula-cobero\/"},"wordCount":432,"commentCount":0,"publisher":{"@id":"https:\/\/radioclanfm.com\/clanespectaculos\/#organization"},"image":{"@id":"https:\/\/radioclanfm.com\/clanespectaculos\/la-hija-de-ricardo-darin-publico-una-foto-que-revelaria-el-sexo-del-hijo-de-su-hermano-con-ursula-cobero\/#primaryimage"},"thumbnailUrl":"https:\/\/radioclanfm.com\/clanespectaculos\/wp-content\/uploads\/sites\/2\/2026\/02\/FDMb83G5.jpg","articleSection":["Espectaculos"],"inLanguage":"es-AR","potentialAction":[{"@type":"CommentAction","name":"Comment","target":["https:\/\/radioclanfm.com\/clanespectaculos\/la-hija-de-ricardo-darin-publico-una-foto-que-revelaria-el-sexo-del-hijo-de-su-hermano-con-ursula-cobero\/#respond"]}]},{"@type":"WebPage","@id":"https:\/\/radioclanfm.com\/clanespectaculos\/la-hija-de-ricardo-darin-publico-una-foto-que-revelaria-el-sexo-del-hijo-de-su-hermano-con-ursula-cobero\/","url":"https:\/\/radioclanfm.com\/clanespectaculos\/la-hija-de-ricardo-darin-publico-una-foto-que-revelaria-el-sexo-del-hijo-de-su-hermano-con-ursula-cobero\/","name":"La hija de Ricardo Dar\u00edn public\u00f3 una foto que revelar\u00eda el sexo del hijo de su hermano con \u00darsula Cober\u00f3 - CLAN ESPECTACULOS","isPartOf":{"@id":"https:\/\/radioclanfm.com\/clanespectaculos\/#website"},"primaryImageOfPage":{"@id":"https:\/\/radioclanfm.com\/clanespectaculos\/la-hija-de-ricardo-darin-publico-una-foto-que-revelaria-el-sexo-del-hijo-de-su-hermano-con-ursula-cobero\/#primaryimage"},"image":{"@id":"https:\/\/radioclanfm.com\/clanespectaculos\/la-hija-de-ricardo-darin-publico-una-foto-que-revelaria-el-sexo-del-hijo-de-su-hermano-con-ursula-cobero\/#primaryimage"},"thumbnailUrl":"https:\/\/radioclanfm.com\/clanespectaculos\/wp-content\/uploads\/sites\/2\/2026\/02\/FDMb83G5.jpg","datePublished":"2026-02-04T13:33:31+00:00","breadcrumb":{"@id":"https:\/\/radioclanfm.com\/clanespectaculos\/la-hija-de-ricardo-darin-publico-una-foto-que-revelaria-el-sexo-del-hijo-de-su-hermano-con-ursula-cobero\/#breadcrumb"},"inLanguage":"es-AR","potentialAction":[{"@type":"ReadAction","target":["https:\/\/radioclanfm.com\/clanespectaculos\/la-hija-de-ricardo-darin-publico-una-foto-que-revelaria-el-sexo-del-hijo-de-su-hermano-con-ursula-cobero\/"]}]},{"@type":"ImageObject","inLanguage":"es-AR","@id":"https:\/\/radioclanfm.com\/clanespectaculos\/la-hija-de-ricardo-darin-publico-una-foto-que-revelaria-el-sexo-del-hijo-de-su-hermano-con-ursula-cobero\/#primaryimage","url":"https:\/\/radioclanfm.com\/clanespectaculos\/wp-content\/uploads\/sites\/2\/2026\/02\/FDMb83G5.jpg","contentUrl":"https:\/\/radioclanfm.com\/clanespectaculos\/wp-content\/uploads\/sites\/2\/2026\/02\/FDMb83G5.jpg","width":900,"height":505},{"@type":"BreadcrumbList","@id":"https:\/\/radioclanfm.com\/clanespectaculos\/la-hija-de-ricardo-darin-publico-una-foto-que-revelaria-el-sexo-del-hijo-de-su-hermano-con-ursula-cobero\/#breadcrumb","itemListElement":[{"@type":"ListItem","position":1,"name":"Inicio","item":"https:\/\/radioclanfm.com\/clanespectaculos\/"},{"@type":"ListItem","position":2,"name":"La hija de Ricardo Dar\u00edn public\u00f3 una foto que revelar\u00eda el sexo del hijo de su hermano con \u00darsula Cober\u00f3"}]},{"@type":"WebSite","@id":"https:\/\/radioclanfm.com\/clanespectaculos\/#website","url":"https:\/\/radioclanfm.com\/clanespectaculos\/","name":"CLAN ESPECTACULOS","description":"","publisher":{"@id":"https:\/\/radioclanfm.com\/clanespectaculos\/#organization"},"potentialAction":[{"@type":"SearchAction","target":{"@type":"EntryPoint","urlTemplate":"https:\/\/radioclanfm.com\/clanespectaculos\/?s={search_term_string}"},"query-input":{"@type":"PropertyValueSpecification","valueRequired":true,"valueName":"search_term_string"}}],"inLanguage":"es-AR"},{"@type":"Organization","@id":"https:\/\/radioclanfm.com\/clanespectaculos\/#organization","name":"CLAN ESPECTACULOS","url":"https:\/\/radioclanfm.com\/clanespectaculos\/","logo":{"@type":"ImageObject","inLanguage":"es-AR","@id":"https:\/\/radioclanfm.com\/clanespectaculos\/#\/schema\/logo\/image\/","url":"https:\/\/radioclanfm.com\/clanespectaculos\/wp-content\/uploads\/sites\/2\/2026\/04\/ChatGPT-Image-23-mar-2026-10_09_00.png","contentUrl":"https:\/\/radioclanfm.com\/clanespectaculos\/wp-content\/uploads\/sites\/2\/2026\/04\/ChatGPT-Image-23-mar-2026-10_09_00.png","width":1024,"height":1024,"caption":"CLAN ESPECTACULOS"},"image":{"@id":"https:\/\/radioclanfm.com\/clanespectaculos\/#\/schema\/logo\/image\/"},"sameAs":["https:\/\/www.facebook.com\/clanespectaculos\/","https:\/\/x.com\/clanespectok"]},{"@type":"Person","@id":"https:\/\/radioclanfm.com\/clanespectaculos\/#\/schema\/person\/9734813083303230f3ad84d99171b20c","name":"E-GRUPOCLAN","image":{"@type":"ImageObject","inLanguage":"es-AR","@id":"https:\/\/secure.gravatar.com\/avatar\/af6e19837c3d6a212034a48c7b3818d2ac1826f6025df0155da5a186ad321d79?s=96&d=mm&r=g","url":"https:\/\/secure.gravatar.com\/avatar\/af6e19837c3d6a212034a48c7b3818d2ac1826f6025df0155da5a186ad321d79?s=96&d=mm&r=g","contentUrl":"https:\/\/secure.gravatar.com\/avatar\/af6e19837c3d6a212034a48c7b3818d2ac1826f6025df0155da5a186ad321d79?s=96&d=mm&r=g","caption":"E-GRUPOCLAN"},"sameAs":["https:\/\/radioclanfm.com"],"url":"https:\/\/radioclanfm.com\/clanespectaculos\/author\/admin\/"}]}},"_links":{"self":[{"href":"https:\/\/radioclanfm.com\/clanespectaculos\/wp-json\/wp\/v2\/posts\/12064","targetHints":{"allow":["GET"]}}],"collection":[{"href":"https:\/\/radioclanfm.com\/clanespectaculos\/wp-json\/wp\/v2\/posts"}],"about":[{"href":"https:\/\/radioclanfm.com\/clanespectaculos\/wp-json\/wp\/v2\/types\/post"}],"author":[{"embeddable":true,"href":"https:\/\/radioclanfm.com\/clanespectaculos\/wp-json\/wp\/v2\/users\/1"}],"replies":[{"embeddable":true,"href":"https:\/\/radioclanfm.com\/clanespectaculos\/wp-json\/wp\/v2\/comments?post=12064"}],"version-history":[{"count":1,"href":"https:\/\/radioclanfm.com\/clanespectaculos\/wp-json\/wp\/v2\/posts\/12064\/revisions"}],"predecessor-version":[{"id":12068,"href":"https:\/\/radioclanfm.com\/clanespectaculos\/wp-json\/wp\/v2\/posts\/12064\/revisions\/12068"}],"wp:featuredmedia":[{"embeddable":true,"href":"https:\/\/radioclanfm.com\/clanespectaculos\/wp-json\/wp\/v2\/media\/12067"}],"wp:attachment":[{"href":"https:\/\/radioclanfm.com\/clanespectaculos\/wp-json\/wp\/v2\/media?parent=12064"}],"wp:term":[{"taxonomy":"category","embeddable":true,"href":"https:\/\/radioclanfm.com\/clanespectaculos\/wp-json\/wp\/v2\/categories?post=12064"},{"taxonomy":"post_tag","embeddable":true,"href":"https:\/\/radioclanfm.com\/clanespectaculos\/wp-json\/wp\/v2\/tags?post=12064"}],"curies":[{"name":"wp","href":"https:\/\/api.w.org\/{rel}","templated":true}]}}