{"id":11994,"date":"2026-02-04T09:50:29","date_gmt":"2026-02-04T12:50:29","guid":{"rendered":"https:\/\/radioclanfm.com\/clanespectaculos\/?p=11994"},"modified":"2026-02-04T09:50:29","modified_gmt":"2026-02-04T12:50:29","slug":"la-dolorosa-separacion-que-confirmaron-en-lam-estuvieron-9-anos-juntos-y-era-una-de-las-parejas-mas-queridas","status":"publish","type":"post","link":"https:\/\/radioclanfm.com\/clanespectaculos\/la-dolorosa-separacion-que-confirmaron-en-lam-estuvieron-9-anos-juntos-y-era-una-de-las-parejas-mas-queridas\/","title":{"rendered":"La dolorosa separaci\u00f3n que confirmaron en LAM: estuvieron 9 a\u00f1os juntos y era una de las parejas m\u00e1s queridas"},"content":{"rendered":"<p>En el programa de \u00c1ngel de Brito revelaron detalles de este doloroso final y que sucedi\u00f3 de forma muy abrupta.<\/p>\n<p>Las parejas en la far\u00e1ndula dieron un significativo giro en este 2026; muchos romances llegaron a su fin y luego de un enero explosivo, febrero contin\u00faa en esa misma sinton\u00eda. En esta ocasi\u00f3n, una nueva separaci\u00f3n acaba de confirmarse.<\/p>\n<div id=\"ad-slot-video_outstream\" class=\"ad-slot ad-slot-video_outstream\" data-backend-inserted=\"true\" data-adtype=\"video_outstream\" data-google-query-id=\"CP2N-cnvv5IDFYtPuAQdGCo7PQ\">\n<div id=\"google_ads_iframe_\/22254771232\/paparazzi_nota\/video_outstream_0__container__\">\n<div id=\"v-paparazzi-ar-0\" aria-hidden=\"true\">\n<div id=\"_vdo_ads_player_ai_31441\" class=\"vdo_video_unit vdo_content\">\n<div id=\"vdo_logo_parent\">\n<div><\/div>\n<\/div>\n<\/div>\n<\/div>\n<p><iframe id=\"google_ads_iframe_\/22254771232\/paparazzi_nota\/video_outstream_0\" tabindex=\"0\" title=\"Contenido de anuncios de terceros\" name=\"google_ads_iframe_\/22254771232\/paparazzi_nota\/video_outstream_0\" width=\"1\" height=\"1\" frameborder=\"0\" marginwidth=\"0\" marginheight=\"0\" scrolling=\"no\" aria-label=\"Anuncio\" data-google-container-id=\"2\" data-load-complete=\"true\" data-mce-fragment=\"1\"><\/iframe><\/div>\n<\/div>\n<p>Anoche en LAM fue\u00a0, reconocido chef, quien confirm\u00f3 su ruptura de\u00a0<strong>Andr\u00e9s Fabbi<\/strong>, su ex novio. A la hora de anunciarlo y contar los motivos, habl\u00f3 de un desgaste y que luego de 9 a\u00f1os, ambos optaron por seguir en caminos diferentes.<\/p>\n<div id=\"ad-slot-wide_2\" class=\"ad-slot-wide_big ad-slot ad-m-tall\" data-backend-inserted=\"true\" data-adtype=\"wide_big\" data-lazyload=\"1\" data-google-query-id=\"CMTjpObvv5IDFRc8HgAd3Tgs0w\">\n<div id=\"google_ads_iframe_\/22254771232\/paparazzi_nota\/wide_2_0__container__\"><\/div>\n<\/div>\n<p>\u201c<em>S\u00ed, me separ\u00e9. En realidad me vengo haciendo como el zonzo y no digo nada. Adem\u00e1s yo como que tengo un perfil muy tranquilo<\/em>\u201d, sostuvo Coco, ante las c\u00e1maras de LAM. A la hora de profundizar, si bien no cont\u00f3 detalles privados, s\u00ed expuso que se dio dentro de un marco armonioso.<\/p>\n<p>Respetando la postura que le pidi\u00f3 su ex novio, en el hecho de mantener todo en su absoluta privacidad, para que no comenzaran a indagar en su vida, solo lo dijo a modo de informaci\u00f3n que su relaci\u00f3n lleg\u00f3 a su fin.<\/p>\n<h2 class=\"wp-block-heading\">SE SEPAR\u00d3 COCO CARRE\u00d1O LUEGO DE 9 A\u00d1OS<\/h2>\n<p>\u201c<em>Nos separamos en noviembre aproximadamente. Y nada, me pidi\u00f3 el que no dijera nada y yo tambi\u00e9n lo respet\u00e9. \u201cCasi nueve a\u00f1os, para m\u00ed es un mont\u00f3n<\/em>\u201d, destac\u00f3 Coco, quien obviamente se mostr\u00f3 apenados por el fin de su romance.<\/p>\n<div id=\"ad-slot-wide_3\" class=\"ad-slot-wide ad-slot\" data-backend-inserted=\"true\" data-adtype=\"wide\" data-lazyload=\"1\" data-google-query-id=\"CIvE59vvv5IDFbhSuAQdEZ0EZA\">\n<div id=\"google_ads_iframe_\/22254771232\/paparazzi_nota\/wide_3_0__container__\"><\/div>\n<\/div>\n<p>Y al cierre de su relato, argument\u00f3: \u201c<em>Se desgastan, las parejas se desgastan. No es que nos llevamos mal ni nada, las cosas mutan, van cambiando, el amor toma como otra forma y decidimos por ah\u00ed darle un fin a eso\u201d. Y agreg\u00f3: \u201cFue una decisi\u00f3n charlada, lo sentimos<\/em>\u201d.<\/p>\n","protected":false},"excerpt":{"rendered":"<p>En el programa de \u00c1ngel de Brito revelaron detalles de este doloroso final y que sucedi\u00f3 de forma muy abrupta. Las parejas en la far\u00e1ndula dieron un significativo giro en este 2026; muchos romances llegaron a su fin y luego de un enero explosivo, febrero contin\u00faa en esa misma sinton\u00eda. En esta ocasi\u00f3n, una nueva [&hellip;]<\/p>\n","protected":false},"author":1,"featured_media":11997,"comment_status":"open","ping_status":"open","sticky":false,"template":"","format":"standard","meta":{"rop_custom_images_group":[],"rop_custom_messages_group":[],"rop_publish_now":"initial","rop_publish_now_accounts":[],"rop_publish_now_history":[],"rop_publish_now_status":"pending","footnotes":"","jetpack_publicize_message":"","jetpack_publicize_feature_enabled":true,"jetpack_social_post_already_shared":true,"jetpack_social_options":{"image_generator_settings":{"template":"highway","enabled":false},"version":2}},"categories":[12],"tags":[],"class_list":{"0":"post-11994","1":"post","2":"type-post","3":"status-publish","4":"format-standard","5":"has-post-thumbnail","7":"category-espectaculos"},"jetpack_publicize_connections":[],"yoast_head":"<!-- This site is optimized with the Yoast SEO plugin v27.3 - https:\/\/yoast.com\/product\/yoast-seo-wordpress\/ -->\n<title>La dolorosa separaci\u00f3n que confirmaron en LAM: estuvieron 9 a\u00f1os juntos y era una de las parejas m\u00e1s queridas - CLAN ESPECTACULOS<\/title>\n<meta name=\"robots\" content=\"index, follow, max-snippet:-1, max-image-preview:large, max-video-preview:-1\" \/>\n<link rel=\"canonical\" href=\"https:\/\/radioclanfm.com\/clanespectaculos\/la-dolorosa-separacion-que-confirmaron-en-lam-estuvieron-9-anos-juntos-y-era-una-de-las-parejas-mas-queridas\/\" \/>\n<meta property=\"og:locale\" content=\"es_ES\" \/>\n<meta property=\"og:type\" content=\"article\" \/>\n<meta property=\"og:title\" content=\"La dolorosa separaci\u00f3n que confirmaron en LAM: estuvieron 9 a\u00f1os juntos y era una de las parejas m\u00e1s queridas - CLAN ESPECTACULOS\" \/>\n<meta property=\"og:description\" content=\"En el programa de \u00c1ngel de Brito revelaron detalles de este doloroso final y que sucedi\u00f3 de forma muy abrupta. Las parejas en la far\u00e1ndula dieron un significativo giro en este 2026; muchos romances llegaron a su fin y luego de un enero explosivo, febrero contin\u00faa en esa misma sinton\u00eda. En esta ocasi\u00f3n, una nueva [&hellip;]\" \/>\n<meta property=\"og:url\" content=\"https:\/\/radioclanfm.com\/clanespectaculos\/la-dolorosa-separacion-que-confirmaron-en-lam-estuvieron-9-anos-juntos-y-era-una-de-las-parejas-mas-queridas\/\" \/>\n<meta property=\"og:site_name\" content=\"CLAN ESPECTACULOS\" \/>\n<meta property=\"article:publisher\" content=\"https:\/\/www.facebook.com\/clanespectaculos\/\" \/>\n<meta property=\"article:published_time\" content=\"2026-02-04T12:50:29+00:00\" \/>\n<meta property=\"og:image\" content=\"https:\/\/radioclanfm.com\/clanespectaculos\/wp-content\/uploads\/sites\/2\/2026\/02\/lam-separacion-830x524.jpg.webp\" \/>\n\t<meta property=\"og:image:width\" content=\"830\" \/>\n\t<meta property=\"og:image:height\" content=\"524\" \/>\n\t<meta property=\"og:image:type\" content=\"image\/webp\" \/>\n<meta name=\"author\" content=\"E-GRUPOCLAN\" \/>\n<meta name=\"twitter:card\" content=\"summary_large_image\" \/>\n<meta name=\"twitter:creator\" content=\"@clanespectok\" \/>\n<meta name=\"twitter:site\" content=\"@clanespectok\" \/>\n<meta name=\"twitter:label1\" content=\"Escrito por\" \/>\n\t<meta name=\"twitter:data1\" content=\"E-GRUPOCLAN\" \/>\n\t<meta name=\"twitter:label2\" content=\"Tiempo de lectura\" \/>\n\t<meta name=\"twitter:data2\" content=\"2 minutos\" \/>\n<script type=\"application\/ld+json\" class=\"yoast-schema-graph\">{\"@context\":\"https:\\\/\\\/schema.org\",\"@graph\":[{\"@type\":\"Article\",\"@id\":\"https:\\\/\\\/radioclanfm.com\\\/clanespectaculos\\\/la-dolorosa-separacion-que-confirmaron-en-lam-estuvieron-9-anos-juntos-y-era-una-de-las-parejas-mas-queridas\\\/#article\",\"isPartOf\":{\"@id\":\"https:\\\/\\\/radioclanfm.com\\\/clanespectaculos\\\/la-dolorosa-separacion-que-confirmaron-en-lam-estuvieron-9-anos-juntos-y-era-una-de-las-parejas-mas-queridas\\\/\"},\"author\":{\"name\":\"E-GRUPOCLAN\",\"@id\":\"https:\\\/\\\/radioclanfm.com\\\/clanespectaculos\\\/#\\\/schema\\\/person\\\/9734813083303230f3ad84d99171b20c\"},\"headline\":\"La dolorosa separaci\u00f3n que confirmaron en LAM: estuvieron 9 a\u00f1os juntos y era una de las parejas m\u00e1s queridas\",\"datePublished\":\"2026-02-04T12:50:29+00:00\",\"mainEntityOfPage\":{\"@id\":\"https:\\\/\\\/radioclanfm.com\\\/clanespectaculos\\\/la-dolorosa-separacion-que-confirmaron-en-lam-estuvieron-9-anos-juntos-y-era-una-de-las-parejas-mas-queridas\\\/\"},\"wordCount\":327,\"commentCount\":0,\"publisher\":{\"@id\":\"https:\\\/\\\/radioclanfm.com\\\/clanespectaculos\\\/#organization\"},\"image\":{\"@id\":\"https:\\\/\\\/radioclanfm.com\\\/clanespectaculos\\\/la-dolorosa-separacion-que-confirmaron-en-lam-estuvieron-9-anos-juntos-y-era-una-de-las-parejas-mas-queridas\\\/#primaryimage\"},\"thumbnailUrl\":\"https:\\\/\\\/radioclanfm.com\\\/clanespectaculos\\\/wp-content\\\/uploads\\\/sites\\\/2\\\/2026\\\/02\\\/lam-separacion-830x524.jpg.webp\",\"articleSection\":[\"Espectaculos\"],\"inLanguage\":\"es-AR\",\"potentialAction\":[{\"@type\":\"CommentAction\",\"name\":\"Comment\",\"target\":[\"https:\\\/\\\/radioclanfm.com\\\/clanespectaculos\\\/la-dolorosa-separacion-que-confirmaron-en-lam-estuvieron-9-anos-juntos-y-era-una-de-las-parejas-mas-queridas\\\/#respond\"]}]},{\"@type\":\"WebPage\",\"@id\":\"https:\\\/\\\/radioclanfm.com\\\/clanespectaculos\\\/la-dolorosa-separacion-que-confirmaron-en-lam-estuvieron-9-anos-juntos-y-era-una-de-las-parejas-mas-queridas\\\/\",\"url\":\"https:\\\/\\\/radioclanfm.com\\\/clanespectaculos\\\/la-dolorosa-separacion-que-confirmaron-en-lam-estuvieron-9-anos-juntos-y-era-una-de-las-parejas-mas-queridas\\\/\",\"name\":\"La dolorosa separaci\u00f3n que confirmaron en LAM: estuvieron 9 a\u00f1os juntos y era una de las parejas m\u00e1s queridas - CLAN ESPECTACULOS\",\"isPartOf\":{\"@id\":\"https:\\\/\\\/radioclanfm.com\\\/clanespectaculos\\\/#website\"},\"primaryImageOfPage\":{\"@id\":\"https:\\\/\\\/radioclanfm.com\\\/clanespectaculos\\\/la-dolorosa-separacion-que-confirmaron-en-lam-estuvieron-9-anos-juntos-y-era-una-de-las-parejas-mas-queridas\\\/#primaryimage\"},\"image\":{\"@id\":\"https:\\\/\\\/radioclanfm.com\\\/clanespectaculos\\\/la-dolorosa-separacion-que-confirmaron-en-lam-estuvieron-9-anos-juntos-y-era-una-de-las-parejas-mas-queridas\\\/#primaryimage\"},\"thumbnailUrl\":\"https:\\\/\\\/radioclanfm.com\\\/clanespectaculos\\\/wp-content\\\/uploads\\\/sites\\\/2\\\/2026\\\/02\\\/lam-separacion-830x524.jpg.webp\",\"datePublished\":\"2026-02-04T12:50:29+00:00\",\"breadcrumb\":{\"@id\":\"https:\\\/\\\/radioclanfm.com\\\/clanespectaculos\\\/la-dolorosa-separacion-que-confirmaron-en-lam-estuvieron-9-anos-juntos-y-era-una-de-las-parejas-mas-queridas\\\/#breadcrumb\"},\"inLanguage\":\"es-AR\",\"potentialAction\":[{\"@type\":\"ReadAction\",\"target\":[\"https:\\\/\\\/radioclanfm.com\\\/clanespectaculos\\\/la-dolorosa-separacion-que-confirmaron-en-lam-estuvieron-9-anos-juntos-y-era-una-de-las-parejas-mas-queridas\\\/\"]}]},{\"@type\":\"ImageObject\",\"inLanguage\":\"es-AR\",\"@id\":\"https:\\\/\\\/radioclanfm.com\\\/clanespectaculos\\\/la-dolorosa-separacion-que-confirmaron-en-lam-estuvieron-9-anos-juntos-y-era-una-de-las-parejas-mas-queridas\\\/#primaryimage\",\"url\":\"https:\\\/\\\/radioclanfm.com\\\/clanespectaculos\\\/wp-content\\\/uploads\\\/sites\\\/2\\\/2026\\\/02\\\/lam-separacion-830x524.jpg.webp\",\"contentUrl\":\"https:\\\/\\\/radioclanfm.com\\\/clanespectaculos\\\/wp-content\\\/uploads\\\/sites\\\/2\\\/2026\\\/02\\\/lam-separacion-830x524.jpg.webp\",\"width\":830,\"height\":524},{\"@type\":\"BreadcrumbList\",\"@id\":\"https:\\\/\\\/radioclanfm.com\\\/clanespectaculos\\\/la-dolorosa-separacion-que-confirmaron-en-lam-estuvieron-9-anos-juntos-y-era-una-de-las-parejas-mas-queridas\\\/#breadcrumb\",\"itemListElement\":[{\"@type\":\"ListItem\",\"position\":1,\"name\":\"Inicio\",\"item\":\"https:\\\/\\\/radioclanfm.com\\\/clanespectaculos\\\/\"},{\"@type\":\"ListItem\",\"position\":2,\"name\":\"La dolorosa separaci\u00f3n que confirmaron en LAM: estuvieron 9 a\u00f1os juntos y era una de las parejas m\u00e1s queridas\"}]},{\"@type\":\"WebSite\",\"@id\":\"https:\\\/\\\/radioclanfm.com\\\/clanespectaculos\\\/#website\",\"url\":\"https:\\\/\\\/radioclanfm.com\\\/clanespectaculos\\\/\",\"name\":\"CLAN ESPECTACULOS\",\"description\":\"\",\"publisher\":{\"@id\":\"https:\\\/\\\/radioclanfm.com\\\/clanespectaculos\\\/#organization\"},\"potentialAction\":[{\"@type\":\"SearchAction\",\"target\":{\"@type\":\"EntryPoint\",\"urlTemplate\":\"https:\\\/\\\/radioclanfm.com\\\/clanespectaculos\\\/?s={search_term_string}\"},\"query-input\":{\"@type\":\"PropertyValueSpecification\",\"valueRequired\":true,\"valueName\":\"search_term_string\"}}],\"inLanguage\":\"es-AR\"},{\"@type\":\"Organization\",\"@id\":\"https:\\\/\\\/radioclanfm.com\\\/clanespectaculos\\\/#organization\",\"name\":\"CLAN ESPECTACULOS\",\"url\":\"https:\\\/\\\/radioclanfm.com\\\/clanespectaculos\\\/\",\"logo\":{\"@type\":\"ImageObject\",\"inLanguage\":\"es-AR\",\"@id\":\"https:\\\/\\\/radioclanfm.com\\\/clanespectaculos\\\/#\\\/schema\\\/logo\\\/image\\\/\",\"url\":\"https:\\\/\\\/radioclanfm.com\\\/clanespectaculos\\\/wp-content\\\/uploads\\\/sites\\\/2\\\/2026\\\/04\\\/ChatGPT-Image-23-mar-2026-10_09_00.png\",\"contentUrl\":\"https:\\\/\\\/radioclanfm.com\\\/clanespectaculos\\\/wp-content\\\/uploads\\\/sites\\\/2\\\/2026\\\/04\\\/ChatGPT-Image-23-mar-2026-10_09_00.png\",\"width\":1024,\"height\":1024,\"caption\":\"CLAN ESPECTACULOS\"},\"image\":{\"@id\":\"https:\\\/\\\/radioclanfm.com\\\/clanespectaculos\\\/#\\\/schema\\\/logo\\\/image\\\/\"},\"sameAs\":[\"https:\\\/\\\/www.facebook.com\\\/clanespectaculos\\\/\",\"https:\\\/\\\/x.com\\\/clanespectok\"]},{\"@type\":\"Person\",\"@id\":\"https:\\\/\\\/radioclanfm.com\\\/clanespectaculos\\\/#\\\/schema\\\/person\\\/9734813083303230f3ad84d99171b20c\",\"name\":\"E-GRUPOCLAN\",\"image\":{\"@type\":\"ImageObject\",\"inLanguage\":\"es-AR\",\"@id\":\"https:\\\/\\\/secure.gravatar.com\\\/avatar\\\/af6e19837c3d6a212034a48c7b3818d2ac1826f6025df0155da5a186ad321d79?s=96&d=mm&r=g\",\"url\":\"https:\\\/\\\/secure.gravatar.com\\\/avatar\\\/af6e19837c3d6a212034a48c7b3818d2ac1826f6025df0155da5a186ad321d79?s=96&d=mm&r=g\",\"contentUrl\":\"https:\\\/\\\/secure.gravatar.com\\\/avatar\\\/af6e19837c3d6a212034a48c7b3818d2ac1826f6025df0155da5a186ad321d79?s=96&d=mm&r=g\",\"caption\":\"E-GRUPOCLAN\"},\"sameAs\":[\"https:\\\/\\\/radioclanfm.com\"],\"url\":\"https:\\\/\\\/radioclanfm.com\\\/clanespectaculos\\\/author\\\/admin\\\/\"}]}<\/script>\n<!-- \/ Yoast SEO plugin. -->","yoast_head_json":{"title":"La dolorosa separaci\u00f3n que confirmaron en LAM: estuvieron 9 a\u00f1os juntos y era una de las parejas m\u00e1s queridas - CLAN ESPECTACULOS","robots":{"index":"index","follow":"follow","max-snippet":"max-snippet:-1","max-image-preview":"max-image-preview:large","max-video-preview":"max-video-preview:-1"},"canonical":"https:\/\/radioclanfm.com\/clanespectaculos\/la-dolorosa-separacion-que-confirmaron-en-lam-estuvieron-9-anos-juntos-y-era-una-de-las-parejas-mas-queridas\/","og_locale":"es_ES","og_type":"article","og_title":"La dolorosa separaci\u00f3n que confirmaron en LAM: estuvieron 9 a\u00f1os juntos y era una de las parejas m\u00e1s queridas - CLAN ESPECTACULOS","og_description":"En el programa de \u00c1ngel de Brito revelaron detalles de este doloroso final y que sucedi\u00f3 de forma muy abrupta. Las parejas en la far\u00e1ndula dieron un significativo giro en este 2026; muchos romances llegaron a su fin y luego de un enero explosivo, febrero contin\u00faa en esa misma sinton\u00eda. En esta ocasi\u00f3n, una nueva [&hellip;]","og_url":"https:\/\/radioclanfm.com\/clanespectaculos\/la-dolorosa-separacion-que-confirmaron-en-lam-estuvieron-9-anos-juntos-y-era-una-de-las-parejas-mas-queridas\/","og_site_name":"CLAN ESPECTACULOS","article_publisher":"https:\/\/www.facebook.com\/clanespectaculos\/","article_published_time":"2026-02-04T12:50:29+00:00","og_image":[{"width":830,"height":524,"url":"https:\/\/radioclanfm.com\/clanespectaculos\/wp-content\/uploads\/sites\/2\/2026\/02\/lam-separacion-830x524.jpg.webp","type":"image\/webp"}],"author":"E-GRUPOCLAN","twitter_card":"summary_large_image","twitter_creator":"@clanespectok","twitter_site":"@clanespectok","twitter_misc":{"Escrito por":"E-GRUPOCLAN","Tiempo de lectura":"2 minutos"},"schema":{"@context":"https:\/\/schema.org","@graph":[{"@type":"Article","@id":"https:\/\/radioclanfm.com\/clanespectaculos\/la-dolorosa-separacion-que-confirmaron-en-lam-estuvieron-9-anos-juntos-y-era-una-de-las-parejas-mas-queridas\/#article","isPartOf":{"@id":"https:\/\/radioclanfm.com\/clanespectaculos\/la-dolorosa-separacion-que-confirmaron-en-lam-estuvieron-9-anos-juntos-y-era-una-de-las-parejas-mas-queridas\/"},"author":{"name":"E-GRUPOCLAN","@id":"https:\/\/radioclanfm.com\/clanespectaculos\/#\/schema\/person\/9734813083303230f3ad84d99171b20c"},"headline":"La dolorosa separaci\u00f3n que confirmaron en LAM: estuvieron 9 a\u00f1os juntos y era una de las parejas m\u00e1s queridas","datePublished":"2026-02-04T12:50:29+00:00","mainEntityOfPage":{"@id":"https:\/\/radioclanfm.com\/clanespectaculos\/la-dolorosa-separacion-que-confirmaron-en-lam-estuvieron-9-anos-juntos-y-era-una-de-las-parejas-mas-queridas\/"},"wordCount":327,"commentCount":0,"publisher":{"@id":"https:\/\/radioclanfm.com\/clanespectaculos\/#organization"},"image":{"@id":"https:\/\/radioclanfm.com\/clanespectaculos\/la-dolorosa-separacion-que-confirmaron-en-lam-estuvieron-9-anos-juntos-y-era-una-de-las-parejas-mas-queridas\/#primaryimage"},"thumbnailUrl":"https:\/\/radioclanfm.com\/clanespectaculos\/wp-content\/uploads\/sites\/2\/2026\/02\/lam-separacion-830x524.jpg.webp","articleSection":["Espectaculos"],"inLanguage":"es-AR","potentialAction":[{"@type":"CommentAction","name":"Comment","target":["https:\/\/radioclanfm.com\/clanespectaculos\/la-dolorosa-separacion-que-confirmaron-en-lam-estuvieron-9-anos-juntos-y-era-una-de-las-parejas-mas-queridas\/#respond"]}]},{"@type":"WebPage","@id":"https:\/\/radioclanfm.com\/clanespectaculos\/la-dolorosa-separacion-que-confirmaron-en-lam-estuvieron-9-anos-juntos-y-era-una-de-las-parejas-mas-queridas\/","url":"https:\/\/radioclanfm.com\/clanespectaculos\/la-dolorosa-separacion-que-confirmaron-en-lam-estuvieron-9-anos-juntos-y-era-una-de-las-parejas-mas-queridas\/","name":"La dolorosa separaci\u00f3n que confirmaron en LAM: estuvieron 9 a\u00f1os juntos y era una de las parejas m\u00e1s queridas - CLAN ESPECTACULOS","isPartOf":{"@id":"https:\/\/radioclanfm.com\/clanespectaculos\/#website"},"primaryImageOfPage":{"@id":"https:\/\/radioclanfm.com\/clanespectaculos\/la-dolorosa-separacion-que-confirmaron-en-lam-estuvieron-9-anos-juntos-y-era-una-de-las-parejas-mas-queridas\/#primaryimage"},"image":{"@id":"https:\/\/radioclanfm.com\/clanespectaculos\/la-dolorosa-separacion-que-confirmaron-en-lam-estuvieron-9-anos-juntos-y-era-una-de-las-parejas-mas-queridas\/#primaryimage"},"thumbnailUrl":"https:\/\/radioclanfm.com\/clanespectaculos\/wp-content\/uploads\/sites\/2\/2026\/02\/lam-separacion-830x524.jpg.webp","datePublished":"2026-02-04T12:50:29+00:00","breadcrumb":{"@id":"https:\/\/radioclanfm.com\/clanespectaculos\/la-dolorosa-separacion-que-confirmaron-en-lam-estuvieron-9-anos-juntos-y-era-una-de-las-parejas-mas-queridas\/#breadcrumb"},"inLanguage":"es-AR","potentialAction":[{"@type":"ReadAction","target":["https:\/\/radioclanfm.com\/clanespectaculos\/la-dolorosa-separacion-que-confirmaron-en-lam-estuvieron-9-anos-juntos-y-era-una-de-las-parejas-mas-queridas\/"]}]},{"@type":"ImageObject","inLanguage":"es-AR","@id":"https:\/\/radioclanfm.com\/clanespectaculos\/la-dolorosa-separacion-que-confirmaron-en-lam-estuvieron-9-anos-juntos-y-era-una-de-las-parejas-mas-queridas\/#primaryimage","url":"https:\/\/radioclanfm.com\/clanespectaculos\/wp-content\/uploads\/sites\/2\/2026\/02\/lam-separacion-830x524.jpg.webp","contentUrl":"https:\/\/radioclanfm.com\/clanespectaculos\/wp-content\/uploads\/sites\/2\/2026\/02\/lam-separacion-830x524.jpg.webp","width":830,"height":524},{"@type":"BreadcrumbList","@id":"https:\/\/radioclanfm.com\/clanespectaculos\/la-dolorosa-separacion-que-confirmaron-en-lam-estuvieron-9-anos-juntos-y-era-una-de-las-parejas-mas-queridas\/#breadcrumb","itemListElement":[{"@type":"ListItem","position":1,"name":"Inicio","item":"https:\/\/radioclanfm.com\/clanespectaculos\/"},{"@type":"ListItem","position":2,"name":"La dolorosa separaci\u00f3n que confirmaron en LAM: estuvieron 9 a\u00f1os juntos y era una de las parejas m\u00e1s queridas"}]},{"@type":"WebSite","@id":"https:\/\/radioclanfm.com\/clanespectaculos\/#website","url":"https:\/\/radioclanfm.com\/clanespectaculos\/","name":"CLAN ESPECTACULOS","description":"","publisher":{"@id":"https:\/\/radioclanfm.com\/clanespectaculos\/#organization"},"potentialAction":[{"@type":"SearchAction","target":{"@type":"EntryPoint","urlTemplate":"https:\/\/radioclanfm.com\/clanespectaculos\/?s={search_term_string}"},"query-input":{"@type":"PropertyValueSpecification","valueRequired":true,"valueName":"search_term_string"}}],"inLanguage":"es-AR"},{"@type":"Organization","@id":"https:\/\/radioclanfm.com\/clanespectaculos\/#organization","name":"CLAN ESPECTACULOS","url":"https:\/\/radioclanfm.com\/clanespectaculos\/","logo":{"@type":"ImageObject","inLanguage":"es-AR","@id":"https:\/\/radioclanfm.com\/clanespectaculos\/#\/schema\/logo\/image\/","url":"https:\/\/radioclanfm.com\/clanespectaculos\/wp-content\/uploads\/sites\/2\/2026\/04\/ChatGPT-Image-23-mar-2026-10_09_00.png","contentUrl":"https:\/\/radioclanfm.com\/clanespectaculos\/wp-content\/uploads\/sites\/2\/2026\/04\/ChatGPT-Image-23-mar-2026-10_09_00.png","width":1024,"height":1024,"caption":"CLAN ESPECTACULOS"},"image":{"@id":"https:\/\/radioclanfm.com\/clanespectaculos\/#\/schema\/logo\/image\/"},"sameAs":["https:\/\/www.facebook.com\/clanespectaculos\/","https:\/\/x.com\/clanespectok"]},{"@type":"Person","@id":"https:\/\/radioclanfm.com\/clanespectaculos\/#\/schema\/person\/9734813083303230f3ad84d99171b20c","name":"E-GRUPOCLAN","image":{"@type":"ImageObject","inLanguage":"es-AR","@id":"https:\/\/secure.gravatar.com\/avatar\/af6e19837c3d6a212034a48c7b3818d2ac1826f6025df0155da5a186ad321d79?s=96&d=mm&r=g","url":"https:\/\/secure.gravatar.com\/avatar\/af6e19837c3d6a212034a48c7b3818d2ac1826f6025df0155da5a186ad321d79?s=96&d=mm&r=g","contentUrl":"https:\/\/secure.gravatar.com\/avatar\/af6e19837c3d6a212034a48c7b3818d2ac1826f6025df0155da5a186ad321d79?s=96&d=mm&r=g","caption":"E-GRUPOCLAN"},"sameAs":["https:\/\/radioclanfm.com"],"url":"https:\/\/radioclanfm.com\/clanespectaculos\/author\/admin\/"}]}},"_links":{"self":[{"href":"https:\/\/radioclanfm.com\/clanespectaculos\/wp-json\/wp\/v2\/posts\/11994","targetHints":{"allow":["GET"]}}],"collection":[{"href":"https:\/\/radioclanfm.com\/clanespectaculos\/wp-json\/wp\/v2\/posts"}],"about":[{"href":"https:\/\/radioclanfm.com\/clanespectaculos\/wp-json\/wp\/v2\/types\/post"}],"author":[{"embeddable":true,"href":"https:\/\/radioclanfm.com\/clanespectaculos\/wp-json\/wp\/v2\/users\/1"}],"replies":[{"embeddable":true,"href":"https:\/\/radioclanfm.com\/clanespectaculos\/wp-json\/wp\/v2\/comments?post=11994"}],"version-history":[{"count":1,"href":"https:\/\/radioclanfm.com\/clanespectaculos\/wp-json\/wp\/v2\/posts\/11994\/revisions"}],"predecessor-version":[{"id":11998,"href":"https:\/\/radioclanfm.com\/clanespectaculos\/wp-json\/wp\/v2\/posts\/11994\/revisions\/11998"}],"wp:featuredmedia":[{"embeddable":true,"href":"https:\/\/radioclanfm.com\/clanespectaculos\/wp-json\/wp\/v2\/media\/11997"}],"wp:attachment":[{"href":"https:\/\/radioclanfm.com\/clanespectaculos\/wp-json\/wp\/v2\/media?parent=11994"}],"wp:term":[{"taxonomy":"category","embeddable":true,"href":"https:\/\/radioclanfm.com\/clanespectaculos\/wp-json\/wp\/v2\/categories?post=11994"},{"taxonomy":"post_tag","embeddable":true,"href":"https:\/\/radioclanfm.com\/clanespectaculos\/wp-json\/wp\/v2\/tags?post=11994"}],"curies":[{"name":"wp","href":"https:\/\/api.w.org\/{rel}","templated":true}]}}