{"id":11989,"date":"2026-02-04T09:47:33","date_gmt":"2026-02-04T12:47:33","guid":{"rendered":"https:\/\/radioclanfm.com\/clanespectaculos\/?p=11989"},"modified":"2026-02-04T09:47:33","modified_gmt":"2026-02-04T12:47:33","slug":"te-mira-a-los-ojos-y-el-galan-de-la-hija-del-fuego-conto-toda-la-verdad-sobre-su-vinculo-con-la-china-suarez","status":"publish","type":"post","link":"https:\/\/radioclanfm.com\/clanespectaculos\/te-mira-a-los-ojos-y-el-galan-de-la-hija-del-fuego-conto-toda-la-verdad-sobre-su-vinculo-con-la-china-suarez\/","title":{"rendered":"&#8220;Te mira a los ojos y&#8230;&#8221;: El gal\u00e1n de La Hija del Fuego cont\u00f3 toda la verdad sobre su v\u00ednculo con la China Su\u00e1rez"},"content":{"rendered":"<p>El actor habl\u00f3 de la qu\u00edmica que se vio en La Hija del Fuego y aclar\u00f3 c\u00f3mo fue realmente su v\u00ednculo con la China Su\u00e1rez fuera de c\u00e1mara.<\/p>\n<p>&nbsp;<\/p>\n<p><strong>Joaqu\u00edn Ferreira<\/strong>,\u00a0,\u00a0\u00a0por la\u00a0, pas\u00f3 por\u00a0<em>Puro Show<\/em> y se refiri\u00f3 sin vueltas a la qu\u00edmica que despert\u00f3 rumores entre los fan\u00e1ticos de la serie. Con declaraciones cuidadas pero sinceras, el actor dej\u00f3 en claro qu\u00e9 hubo \u2014y qu\u00e9 no\u2014 entre \u00e9l y la actriz.<\/p>\n<div id=\"ad-slot-video_outstream\" class=\"ad-slot ad-slot-video_outstream\" data-backend-inserted=\"true\" data-adtype=\"video_outstream\" data-google-query-id=\"CMKv47Duv5IDFd8PHgAdUvUNaw\">\n<div id=\"google_ads_iframe_\/22254771232\/paparazzi_nota\/video_outstream_0__container__\"><iframe id=\"google_ads_iframe_\/22254771232\/paparazzi_nota\/video_outstream_0\" tabindex=\"0\" title=\"Contenido de anuncios de terceros\" name=\"google_ads_iframe_\/22254771232\/paparazzi_nota\/video_outstream_0\" width=\"1\" height=\"1\" frameborder=\"0\" marginwidth=\"0\" marginheight=\"0\" scrolling=\"no\" aria-label=\"Anuncio\" data-google-container-id=\"2\" data-load-complete=\"true\" data-mce-fragment=\"1\"><\/iframe><\/div>\n<\/div>\n<p>Durante la entrevista,\u00a0<strong>Mat\u00edas V\u00e1zquez<\/strong>\u00a0fue directo al hueso y le consult\u00f3 por la conexi\u00f3n que muchos espectadores notaron en pantalla. Lejos de esquivar la pregunta, Ferreira respondi\u00f3 con naturalidad:\u00a0<em>\u201cMientras hac\u00edamos las escenas, actuando, hab\u00eda una conexi\u00f3n hermosa\u201d.<\/em><\/p>\n<p>Pero el panel quiso ir m\u00e1s all\u00e1.\u00a0<em>\u201c\u00bfY cuando terminaban las escenas?\u201d<\/em>, indag\u00f3 el conductor, buscando despejar cualquier duda. All\u00ed, el actor fue categ\u00f3rico:<em>\u00a0\u201cCuando termin\u00e1bamos las escenas, era una compa\u00f1era m\u00e1s\u201d.\u00a0<\/em>Sin embargo, la charla no qued\u00f3 ah\u00ed y\u00a0<strong>Pochi de Gossipeame<\/strong>\u00a0sum\u00f3 una pregunta clave:\u00a0<em>\u201c\u00bfElla estaba soltera en ese momento?\u201d.<\/em><\/p>\n<p>Algo descolocado, Joaqu\u00edn intent\u00f3 recordar el contexto personal de la actriz durante el rodaje.\u00a0<em>\u201cNo, creo que estaba de novia con un chico\u2026 no me acuerdo bien, creo que fue un chico a visitarla<\/em>\u201d, respondi\u00f3. R\u00e1pidamente, la panelista aclar\u00f3 que en ese per\u00edodo la China estaba vinculada a\u00a0<strong>Lauty Gram<\/strong>, el cantante con quien mantuvo una relaci\u00f3n en 2024.<\/p>\n<div id=\"ad-slot-video_outstream_pm\" class=\"ad-slot ad-slot-video_outstream\" data-backend-inserted=\"true\" data-adtype=\"video_outstream\" data-google-query-id=\"CKL55bDuv5IDFd8PHgAdUvUNaw\">\n<div id=\"google_ads_iframe_\/22254771232\/paparazzi_nota\/video_outstream_pm_0__container__\"><\/div>\n<\/div>\n<h2 class=\"wp-block-heading\">LA RELACI\u00d3N PROFESIONAL ENTRE LA CHINA SU\u00c1REZ Y JOAQU\u00cdN FERREIRA EN LA HIJA DEL FUEGO:<\/h2>\n<p>Lejos de alimentar versiones rom\u00e1nticas, Ferreira eligi\u00f3 destacar el costado profesional de Eugenia Su\u00e1rez y el trabajo compartido.\u00a0<em>\u201cEs una mina que te mira a los ojos, que labura en conjunto. Hicimos re linda pareja en la ficci\u00f3n\u201d<\/em>, explic\u00f3, antes de remarcar con \u00e9nfasis:\u00a0<em>\u201cFuera de la ficci\u00f3n, no. Absolutamente nada\u201d.<\/em><\/p>\n<div id=\"ad-slot-wide_3\" class=\"ad-slot-wide ad-slot\" data-backend-inserted=\"true\" data-adtype=\"wide\" data-lazyload=\"1\" data-google-query-id=\"CI22jpzvv5IDFasbHgAdORQ3xg\">\n<div id=\"google_ads_iframe_\/22254771232\/paparazzi_nota\/wide_3_0__container__\"><\/div>\n<\/div>\n<figure class=\"wp-block-image size-large\">\n<div class=\"gadsrelative\"><img decoding=\"async\" class=\"wp-image-462823\" src=\"https:\/\/www.paparazzi.com.ar\/wp-content\/uploads\/2026\/02\/image-8-1024x682.png.webp\" alt=\"\" \/><\/div>\n<div>\n<div>\n<div id=\"gpt-passback-2169usfkbgc\"><\/div>\n<\/div>\n<\/div>\n<\/figure>\n<p>Adem\u00e1s de referirse a los rumores, el actor habl\u00f3 del futuro de\u00a0<em>La Hija del Fuego<\/em> y la posibilidad de una segunda temporada. Pampito le record\u00f3 que tanto la China Su\u00e1rez \u2014desde Turqu\u00eda\u2014 como Eleonora Wexler manifestaron inter\u00e9s en continuar la historia, cuyo final dej\u00f3 varias puertas abiertas.<\/p>\n<p><em>\u201cYo creo que s\u00ed, el final qued\u00f3 abierto\u201d<\/em>, asegur\u00f3 Joaqu\u00edn.\u00a0<em>\u201cMe encantar\u00eda una segunda temporada, hay que hablarlo. Me encanta laburar en Argentina, me quiero quedar ac\u00e1\u201d<\/em>, expres\u00f3, recordando que vive hace m\u00e1s de 15 a\u00f1os en M\u00e9xico.<\/p>\n<div id=\"ad-slot-wide_5\" class=\"ad-slot-wide ad-slot\" data-backend-inserted=\"true\" data-adtype=\"wide\" data-lazyload=\"1\" data-google-query-id=\"CNG-x5zvv5IDFbEKHgAdCZg6TQ\">\n<div id=\"google_ads_iframe_\/22254771232\/paparazzi_nota\/wide_5_0__container__\"><\/div>\n<\/div>\n<p>As\u00ed, con declaraciones claras y sin esc\u00e1ndalos, Joaqu\u00edn Ferreira desactiv\u00f3 rumores y dej\u00f3 en evidencia que la qu\u00edmica que atrap\u00f3 a la audiencia fue pura ficci\u00f3n. Aunque, como suele pasar cuando la China Su\u00e1rez est\u00e1 involucrada, las miradas y las especulaciones nunca tardan en aparecer.<\/p>\n<div class=\"mt-box \"><\/div>\n","protected":false},"excerpt":{"rendered":"<p>El actor habl\u00f3 de la qu\u00edmica que se vio en La Hija del Fuego y aclar\u00f3 c\u00f3mo fue realmente su v\u00ednculo con la China Su\u00e1rez fuera de c\u00e1mara. &nbsp; Joaqu\u00edn Ferreira,\u00a0,\u00a0\u00a0por la\u00a0, pas\u00f3 por\u00a0Puro Show y se refiri\u00f3 sin vueltas a la qu\u00edmica que despert\u00f3 rumores entre los fan\u00e1ticos de la serie. Con declaraciones cuidadas [&hellip;]<\/p>\n","protected":false},"author":1,"featured_media":11992,"comment_status":"open","ping_status":"open","sticky":false,"template":"","format":"standard","meta":{"rop_custom_images_group":[],"rop_custom_messages_group":[],"rop_publish_now":"initial","rop_publish_now_accounts":[],"rop_publish_now_history":[],"rop_publish_now_status":"pending","footnotes":"","jetpack_publicize_message":"","jetpack_publicize_feature_enabled":true,"jetpack_social_post_already_shared":true,"jetpack_social_options":{"image_generator_settings":{"template":"highway","enabled":false},"version":2}},"categories":[12],"tags":[],"class_list":{"0":"post-11989","1":"post","2":"type-post","3":"status-publish","4":"format-standard","5":"has-post-thumbnail","7":"category-espectaculos"},"jetpack_publicize_connections":[],"yoast_head":"<!-- This site is optimized with the Yoast SEO plugin v27.3 - https:\/\/yoast.com\/product\/yoast-seo-wordpress\/ -->\n<title>&quot;Te mira a los ojos y...&quot;: El gal\u00e1n de La Hija del Fuego cont\u00f3 toda la verdad sobre su v\u00ednculo con la China Su\u00e1rez - CLAN ESPECTACULOS<\/title>\n<meta name=\"robots\" content=\"index, follow, max-snippet:-1, max-image-preview:large, max-video-preview:-1\" \/>\n<link rel=\"canonical\" href=\"https:\/\/radioclanfm.com\/clanespectaculos\/te-mira-a-los-ojos-y-el-galan-de-la-hija-del-fuego-conto-toda-la-verdad-sobre-su-vinculo-con-la-china-suarez\/\" \/>\n<meta property=\"og:locale\" content=\"es_ES\" \/>\n<meta property=\"og:type\" content=\"article\" \/>\n<meta property=\"og:title\" content=\"&quot;Te mira a los ojos y...&quot;: El gal\u00e1n de La Hija del Fuego cont\u00f3 toda la verdad sobre su v\u00ednculo con la China Su\u00e1rez - CLAN ESPECTACULOS\" \/>\n<meta property=\"og:description\" content=\"El actor habl\u00f3 de la qu\u00edmica que se vio en La Hija del Fuego y aclar\u00f3 c\u00f3mo fue realmente su v\u00ednculo con la China Su\u00e1rez fuera de c\u00e1mara. &nbsp; Joaqu\u00edn Ferreira,\u00a0,\u00a0\u00a0por la\u00a0, pas\u00f3 por\u00a0Puro Show y se refiri\u00f3 sin vueltas a la qu\u00edmica que despert\u00f3 rumores entre los fan\u00e1ticos de la serie. Con declaraciones cuidadas [&hellip;]\" \/>\n<meta property=\"og:url\" content=\"https:\/\/radioclanfm.com\/clanespectaculos\/te-mira-a-los-ojos-y-el-galan-de-la-hija-del-fuego-conto-toda-la-verdad-sobre-su-vinculo-con-la-china-suarez\/\" \/>\n<meta property=\"og:site_name\" content=\"CLAN ESPECTACULOS\" \/>\n<meta property=\"article:publisher\" content=\"https:\/\/www.facebook.com\/clanespectaculos\/\" \/>\n<meta property=\"article:published_time\" content=\"2026-02-04T12:47:33+00:00\" \/>\n<meta property=\"og:image\" content=\"https:\/\/radioclanfm.com\/clanespectaculos\/wp-content\/uploads\/sites\/2\/2026\/02\/Joaquin-Ferreira-y-China-Suarez-830x524.jpg.webp\" \/>\n\t<meta property=\"og:image:width\" content=\"830\" \/>\n\t<meta property=\"og:image:height\" content=\"524\" \/>\n\t<meta property=\"og:image:type\" content=\"image\/webp\" \/>\n<meta name=\"author\" content=\"E-GRUPOCLAN\" \/>\n<meta name=\"twitter:card\" content=\"summary_large_image\" \/>\n<meta name=\"twitter:creator\" content=\"@clanespectok\" \/>\n<meta name=\"twitter:site\" content=\"@clanespectok\" \/>\n<meta name=\"twitter:label1\" content=\"Escrito por\" \/>\n\t<meta name=\"twitter:data1\" content=\"E-GRUPOCLAN\" \/>\n\t<meta name=\"twitter:label2\" content=\"Tiempo de lectura\" \/>\n\t<meta name=\"twitter:data2\" content=\"2 minutos\" \/>\n<script type=\"application\/ld+json\" class=\"yoast-schema-graph\">{\"@context\":\"https:\\\/\\\/schema.org\",\"@graph\":[{\"@type\":\"Article\",\"@id\":\"https:\\\/\\\/radioclanfm.com\\\/clanespectaculos\\\/te-mira-a-los-ojos-y-el-galan-de-la-hija-del-fuego-conto-toda-la-verdad-sobre-su-vinculo-con-la-china-suarez\\\/#article\",\"isPartOf\":{\"@id\":\"https:\\\/\\\/radioclanfm.com\\\/clanespectaculos\\\/te-mira-a-los-ojos-y-el-galan-de-la-hija-del-fuego-conto-toda-la-verdad-sobre-su-vinculo-con-la-china-suarez\\\/\"},\"author\":{\"name\":\"E-GRUPOCLAN\",\"@id\":\"https:\\\/\\\/radioclanfm.com\\\/clanespectaculos\\\/#\\\/schema\\\/person\\\/9734813083303230f3ad84d99171b20c\"},\"headline\":\"&#8220;Te mira a los ojos y&#8230;&#8221;: El gal\u00e1n de La Hija del Fuego cont\u00f3 toda la verdad sobre su v\u00ednculo con la China Su\u00e1rez\",\"datePublished\":\"2026-02-04T12:47:33+00:00\",\"mainEntityOfPage\":{\"@id\":\"https:\\\/\\\/radioclanfm.com\\\/clanespectaculos\\\/te-mira-a-los-ojos-y-el-galan-de-la-hija-del-fuego-conto-toda-la-verdad-sobre-su-vinculo-con-la-china-suarez\\\/\"},\"wordCount\":491,\"commentCount\":0,\"publisher\":{\"@id\":\"https:\\\/\\\/radioclanfm.com\\\/clanespectaculos\\\/#organization\"},\"image\":{\"@id\":\"https:\\\/\\\/radioclanfm.com\\\/clanespectaculos\\\/te-mira-a-los-ojos-y-el-galan-de-la-hija-del-fuego-conto-toda-la-verdad-sobre-su-vinculo-con-la-china-suarez\\\/#primaryimage\"},\"thumbnailUrl\":\"https:\\\/\\\/radioclanfm.com\\\/clanespectaculos\\\/wp-content\\\/uploads\\\/sites\\\/2\\\/2026\\\/02\\\/Joaquin-Ferreira-y-China-Suarez-830x524.jpg.webp\",\"articleSection\":[\"Espectaculos\"],\"inLanguage\":\"es-AR\",\"potentialAction\":[{\"@type\":\"CommentAction\",\"name\":\"Comment\",\"target\":[\"https:\\\/\\\/radioclanfm.com\\\/clanespectaculos\\\/te-mira-a-los-ojos-y-el-galan-de-la-hija-del-fuego-conto-toda-la-verdad-sobre-su-vinculo-con-la-china-suarez\\\/#respond\"]}]},{\"@type\":\"WebPage\",\"@id\":\"https:\\\/\\\/radioclanfm.com\\\/clanespectaculos\\\/te-mira-a-los-ojos-y-el-galan-de-la-hija-del-fuego-conto-toda-la-verdad-sobre-su-vinculo-con-la-china-suarez\\\/\",\"url\":\"https:\\\/\\\/radioclanfm.com\\\/clanespectaculos\\\/te-mira-a-los-ojos-y-el-galan-de-la-hija-del-fuego-conto-toda-la-verdad-sobre-su-vinculo-con-la-china-suarez\\\/\",\"name\":\"\\\"Te mira a los ojos y...\\\": El gal\u00e1n de La Hija del Fuego cont\u00f3 toda la verdad sobre su v\u00ednculo con la China Su\u00e1rez - CLAN ESPECTACULOS\",\"isPartOf\":{\"@id\":\"https:\\\/\\\/radioclanfm.com\\\/clanespectaculos\\\/#website\"},\"primaryImageOfPage\":{\"@id\":\"https:\\\/\\\/radioclanfm.com\\\/clanespectaculos\\\/te-mira-a-los-ojos-y-el-galan-de-la-hija-del-fuego-conto-toda-la-verdad-sobre-su-vinculo-con-la-china-suarez\\\/#primaryimage\"},\"image\":{\"@id\":\"https:\\\/\\\/radioclanfm.com\\\/clanespectaculos\\\/te-mira-a-los-ojos-y-el-galan-de-la-hija-del-fuego-conto-toda-la-verdad-sobre-su-vinculo-con-la-china-suarez\\\/#primaryimage\"},\"thumbnailUrl\":\"https:\\\/\\\/radioclanfm.com\\\/clanespectaculos\\\/wp-content\\\/uploads\\\/sites\\\/2\\\/2026\\\/02\\\/Joaquin-Ferreira-y-China-Suarez-830x524.jpg.webp\",\"datePublished\":\"2026-02-04T12:47:33+00:00\",\"breadcrumb\":{\"@id\":\"https:\\\/\\\/radioclanfm.com\\\/clanespectaculos\\\/te-mira-a-los-ojos-y-el-galan-de-la-hija-del-fuego-conto-toda-la-verdad-sobre-su-vinculo-con-la-china-suarez\\\/#breadcrumb\"},\"inLanguage\":\"es-AR\",\"potentialAction\":[{\"@type\":\"ReadAction\",\"target\":[\"https:\\\/\\\/radioclanfm.com\\\/clanespectaculos\\\/te-mira-a-los-ojos-y-el-galan-de-la-hija-del-fuego-conto-toda-la-verdad-sobre-su-vinculo-con-la-china-suarez\\\/\"]}]},{\"@type\":\"ImageObject\",\"inLanguage\":\"es-AR\",\"@id\":\"https:\\\/\\\/radioclanfm.com\\\/clanespectaculos\\\/te-mira-a-los-ojos-y-el-galan-de-la-hija-del-fuego-conto-toda-la-verdad-sobre-su-vinculo-con-la-china-suarez\\\/#primaryimage\",\"url\":\"https:\\\/\\\/radioclanfm.com\\\/clanespectaculos\\\/wp-content\\\/uploads\\\/sites\\\/2\\\/2026\\\/02\\\/Joaquin-Ferreira-y-China-Suarez-830x524.jpg.webp\",\"contentUrl\":\"https:\\\/\\\/radioclanfm.com\\\/clanespectaculos\\\/wp-content\\\/uploads\\\/sites\\\/2\\\/2026\\\/02\\\/Joaquin-Ferreira-y-China-Suarez-830x524.jpg.webp\",\"width\":830,\"height\":524},{\"@type\":\"BreadcrumbList\",\"@id\":\"https:\\\/\\\/radioclanfm.com\\\/clanespectaculos\\\/te-mira-a-los-ojos-y-el-galan-de-la-hija-del-fuego-conto-toda-la-verdad-sobre-su-vinculo-con-la-china-suarez\\\/#breadcrumb\",\"itemListElement\":[{\"@type\":\"ListItem\",\"position\":1,\"name\":\"Inicio\",\"item\":\"https:\\\/\\\/radioclanfm.com\\\/clanespectaculos\\\/\"},{\"@type\":\"ListItem\",\"position\":2,\"name\":\"&#8220;Te mira a los ojos y&#8230;&#8221;: El gal\u00e1n de La Hija del Fuego cont\u00f3 toda la verdad sobre su v\u00ednculo con la China Su\u00e1rez\"}]},{\"@type\":\"WebSite\",\"@id\":\"https:\\\/\\\/radioclanfm.com\\\/clanespectaculos\\\/#website\",\"url\":\"https:\\\/\\\/radioclanfm.com\\\/clanespectaculos\\\/\",\"name\":\"CLAN ESPECTACULOS\",\"description\":\"\",\"publisher\":{\"@id\":\"https:\\\/\\\/radioclanfm.com\\\/clanespectaculos\\\/#organization\"},\"potentialAction\":[{\"@type\":\"SearchAction\",\"target\":{\"@type\":\"EntryPoint\",\"urlTemplate\":\"https:\\\/\\\/radioclanfm.com\\\/clanespectaculos\\\/?s={search_term_string}\"},\"query-input\":{\"@type\":\"PropertyValueSpecification\",\"valueRequired\":true,\"valueName\":\"search_term_string\"}}],\"inLanguage\":\"es-AR\"},{\"@type\":\"Organization\",\"@id\":\"https:\\\/\\\/radioclanfm.com\\\/clanespectaculos\\\/#organization\",\"name\":\"CLAN ESPECTACULOS\",\"url\":\"https:\\\/\\\/radioclanfm.com\\\/clanespectaculos\\\/\",\"logo\":{\"@type\":\"ImageObject\",\"inLanguage\":\"es-AR\",\"@id\":\"https:\\\/\\\/radioclanfm.com\\\/clanespectaculos\\\/#\\\/schema\\\/logo\\\/image\\\/\",\"url\":\"https:\\\/\\\/radioclanfm.com\\\/clanespectaculos\\\/wp-content\\\/uploads\\\/sites\\\/2\\\/2026\\\/04\\\/ChatGPT-Image-23-mar-2026-10_09_00.png\",\"contentUrl\":\"https:\\\/\\\/radioclanfm.com\\\/clanespectaculos\\\/wp-content\\\/uploads\\\/sites\\\/2\\\/2026\\\/04\\\/ChatGPT-Image-23-mar-2026-10_09_00.png\",\"width\":1024,\"height\":1024,\"caption\":\"CLAN ESPECTACULOS\"},\"image\":{\"@id\":\"https:\\\/\\\/radioclanfm.com\\\/clanespectaculos\\\/#\\\/schema\\\/logo\\\/image\\\/\"},\"sameAs\":[\"https:\\\/\\\/www.facebook.com\\\/clanespectaculos\\\/\",\"https:\\\/\\\/x.com\\\/clanespectok\"]},{\"@type\":\"Person\",\"@id\":\"https:\\\/\\\/radioclanfm.com\\\/clanespectaculos\\\/#\\\/schema\\\/person\\\/9734813083303230f3ad84d99171b20c\",\"name\":\"E-GRUPOCLAN\",\"image\":{\"@type\":\"ImageObject\",\"inLanguage\":\"es-AR\",\"@id\":\"https:\\\/\\\/secure.gravatar.com\\\/avatar\\\/af6e19837c3d6a212034a48c7b3818d2ac1826f6025df0155da5a186ad321d79?s=96&d=mm&r=g\",\"url\":\"https:\\\/\\\/secure.gravatar.com\\\/avatar\\\/af6e19837c3d6a212034a48c7b3818d2ac1826f6025df0155da5a186ad321d79?s=96&d=mm&r=g\",\"contentUrl\":\"https:\\\/\\\/secure.gravatar.com\\\/avatar\\\/af6e19837c3d6a212034a48c7b3818d2ac1826f6025df0155da5a186ad321d79?s=96&d=mm&r=g\",\"caption\":\"E-GRUPOCLAN\"},\"sameAs\":[\"https:\\\/\\\/radioclanfm.com\"],\"url\":\"https:\\\/\\\/radioclanfm.com\\\/clanespectaculos\\\/author\\\/admin\\\/\"}]}<\/script>\n<!-- \/ Yoast SEO plugin. -->","yoast_head_json":{"title":"\"Te mira a los ojos y...\": El gal\u00e1n de La Hija del Fuego cont\u00f3 toda la verdad sobre su v\u00ednculo con la China Su\u00e1rez - CLAN ESPECTACULOS","robots":{"index":"index","follow":"follow","max-snippet":"max-snippet:-1","max-image-preview":"max-image-preview:large","max-video-preview":"max-video-preview:-1"},"canonical":"https:\/\/radioclanfm.com\/clanespectaculos\/te-mira-a-los-ojos-y-el-galan-de-la-hija-del-fuego-conto-toda-la-verdad-sobre-su-vinculo-con-la-china-suarez\/","og_locale":"es_ES","og_type":"article","og_title":"\"Te mira a los ojos y...\": El gal\u00e1n de La Hija del Fuego cont\u00f3 toda la verdad sobre su v\u00ednculo con la China Su\u00e1rez - CLAN ESPECTACULOS","og_description":"El actor habl\u00f3 de la qu\u00edmica que se vio en La Hija del Fuego y aclar\u00f3 c\u00f3mo fue realmente su v\u00ednculo con la China Su\u00e1rez fuera de c\u00e1mara. &nbsp; Joaqu\u00edn Ferreira,\u00a0,\u00a0\u00a0por la\u00a0, pas\u00f3 por\u00a0Puro Show y se refiri\u00f3 sin vueltas a la qu\u00edmica que despert\u00f3 rumores entre los fan\u00e1ticos de la serie. Con declaraciones cuidadas [&hellip;]","og_url":"https:\/\/radioclanfm.com\/clanespectaculos\/te-mira-a-los-ojos-y-el-galan-de-la-hija-del-fuego-conto-toda-la-verdad-sobre-su-vinculo-con-la-china-suarez\/","og_site_name":"CLAN ESPECTACULOS","article_publisher":"https:\/\/www.facebook.com\/clanespectaculos\/","article_published_time":"2026-02-04T12:47:33+00:00","og_image":[{"width":830,"height":524,"url":"https:\/\/radioclanfm.com\/clanespectaculos\/wp-content\/uploads\/sites\/2\/2026\/02\/Joaquin-Ferreira-y-China-Suarez-830x524.jpg.webp","type":"image\/webp"}],"author":"E-GRUPOCLAN","twitter_card":"summary_large_image","twitter_creator":"@clanespectok","twitter_site":"@clanespectok","twitter_misc":{"Escrito por":"E-GRUPOCLAN","Tiempo de lectura":"2 minutos"},"schema":{"@context":"https:\/\/schema.org","@graph":[{"@type":"Article","@id":"https:\/\/radioclanfm.com\/clanespectaculos\/te-mira-a-los-ojos-y-el-galan-de-la-hija-del-fuego-conto-toda-la-verdad-sobre-su-vinculo-con-la-china-suarez\/#article","isPartOf":{"@id":"https:\/\/radioclanfm.com\/clanespectaculos\/te-mira-a-los-ojos-y-el-galan-de-la-hija-del-fuego-conto-toda-la-verdad-sobre-su-vinculo-con-la-china-suarez\/"},"author":{"name":"E-GRUPOCLAN","@id":"https:\/\/radioclanfm.com\/clanespectaculos\/#\/schema\/person\/9734813083303230f3ad84d99171b20c"},"headline":"&#8220;Te mira a los ojos y&#8230;&#8221;: El gal\u00e1n de La Hija del Fuego cont\u00f3 toda la verdad sobre su v\u00ednculo con la China Su\u00e1rez","datePublished":"2026-02-04T12:47:33+00:00","mainEntityOfPage":{"@id":"https:\/\/radioclanfm.com\/clanespectaculos\/te-mira-a-los-ojos-y-el-galan-de-la-hija-del-fuego-conto-toda-la-verdad-sobre-su-vinculo-con-la-china-suarez\/"},"wordCount":491,"commentCount":0,"publisher":{"@id":"https:\/\/radioclanfm.com\/clanespectaculos\/#organization"},"image":{"@id":"https:\/\/radioclanfm.com\/clanespectaculos\/te-mira-a-los-ojos-y-el-galan-de-la-hija-del-fuego-conto-toda-la-verdad-sobre-su-vinculo-con-la-china-suarez\/#primaryimage"},"thumbnailUrl":"https:\/\/radioclanfm.com\/clanespectaculos\/wp-content\/uploads\/sites\/2\/2026\/02\/Joaquin-Ferreira-y-China-Suarez-830x524.jpg.webp","articleSection":["Espectaculos"],"inLanguage":"es-AR","potentialAction":[{"@type":"CommentAction","name":"Comment","target":["https:\/\/radioclanfm.com\/clanespectaculos\/te-mira-a-los-ojos-y-el-galan-de-la-hija-del-fuego-conto-toda-la-verdad-sobre-su-vinculo-con-la-china-suarez\/#respond"]}]},{"@type":"WebPage","@id":"https:\/\/radioclanfm.com\/clanespectaculos\/te-mira-a-los-ojos-y-el-galan-de-la-hija-del-fuego-conto-toda-la-verdad-sobre-su-vinculo-con-la-china-suarez\/","url":"https:\/\/radioclanfm.com\/clanespectaculos\/te-mira-a-los-ojos-y-el-galan-de-la-hija-del-fuego-conto-toda-la-verdad-sobre-su-vinculo-con-la-china-suarez\/","name":"\"Te mira a los ojos y...\": El gal\u00e1n de La Hija del Fuego cont\u00f3 toda la verdad sobre su v\u00ednculo con la China Su\u00e1rez - CLAN ESPECTACULOS","isPartOf":{"@id":"https:\/\/radioclanfm.com\/clanespectaculos\/#website"},"primaryImageOfPage":{"@id":"https:\/\/radioclanfm.com\/clanespectaculos\/te-mira-a-los-ojos-y-el-galan-de-la-hija-del-fuego-conto-toda-la-verdad-sobre-su-vinculo-con-la-china-suarez\/#primaryimage"},"image":{"@id":"https:\/\/radioclanfm.com\/clanespectaculos\/te-mira-a-los-ojos-y-el-galan-de-la-hija-del-fuego-conto-toda-la-verdad-sobre-su-vinculo-con-la-china-suarez\/#primaryimage"},"thumbnailUrl":"https:\/\/radioclanfm.com\/clanespectaculos\/wp-content\/uploads\/sites\/2\/2026\/02\/Joaquin-Ferreira-y-China-Suarez-830x524.jpg.webp","datePublished":"2026-02-04T12:47:33+00:00","breadcrumb":{"@id":"https:\/\/radioclanfm.com\/clanespectaculos\/te-mira-a-los-ojos-y-el-galan-de-la-hija-del-fuego-conto-toda-la-verdad-sobre-su-vinculo-con-la-china-suarez\/#breadcrumb"},"inLanguage":"es-AR","potentialAction":[{"@type":"ReadAction","target":["https:\/\/radioclanfm.com\/clanespectaculos\/te-mira-a-los-ojos-y-el-galan-de-la-hija-del-fuego-conto-toda-la-verdad-sobre-su-vinculo-con-la-china-suarez\/"]}]},{"@type":"ImageObject","inLanguage":"es-AR","@id":"https:\/\/radioclanfm.com\/clanespectaculos\/te-mira-a-los-ojos-y-el-galan-de-la-hija-del-fuego-conto-toda-la-verdad-sobre-su-vinculo-con-la-china-suarez\/#primaryimage","url":"https:\/\/radioclanfm.com\/clanespectaculos\/wp-content\/uploads\/sites\/2\/2026\/02\/Joaquin-Ferreira-y-China-Suarez-830x524.jpg.webp","contentUrl":"https:\/\/radioclanfm.com\/clanespectaculos\/wp-content\/uploads\/sites\/2\/2026\/02\/Joaquin-Ferreira-y-China-Suarez-830x524.jpg.webp","width":830,"height":524},{"@type":"BreadcrumbList","@id":"https:\/\/radioclanfm.com\/clanespectaculos\/te-mira-a-los-ojos-y-el-galan-de-la-hija-del-fuego-conto-toda-la-verdad-sobre-su-vinculo-con-la-china-suarez\/#breadcrumb","itemListElement":[{"@type":"ListItem","position":1,"name":"Inicio","item":"https:\/\/radioclanfm.com\/clanespectaculos\/"},{"@type":"ListItem","position":2,"name":"&#8220;Te mira a los ojos y&#8230;&#8221;: El gal\u00e1n de La Hija del Fuego cont\u00f3 toda la verdad sobre su v\u00ednculo con la China Su\u00e1rez"}]},{"@type":"WebSite","@id":"https:\/\/radioclanfm.com\/clanespectaculos\/#website","url":"https:\/\/radioclanfm.com\/clanespectaculos\/","name":"CLAN ESPECTACULOS","description":"","publisher":{"@id":"https:\/\/radioclanfm.com\/clanespectaculos\/#organization"},"potentialAction":[{"@type":"SearchAction","target":{"@type":"EntryPoint","urlTemplate":"https:\/\/radioclanfm.com\/clanespectaculos\/?s={search_term_string}"},"query-input":{"@type":"PropertyValueSpecification","valueRequired":true,"valueName":"search_term_string"}}],"inLanguage":"es-AR"},{"@type":"Organization","@id":"https:\/\/radioclanfm.com\/clanespectaculos\/#organization","name":"CLAN ESPECTACULOS","url":"https:\/\/radioclanfm.com\/clanespectaculos\/","logo":{"@type":"ImageObject","inLanguage":"es-AR","@id":"https:\/\/radioclanfm.com\/clanespectaculos\/#\/schema\/logo\/image\/","url":"https:\/\/radioclanfm.com\/clanespectaculos\/wp-content\/uploads\/sites\/2\/2026\/04\/ChatGPT-Image-23-mar-2026-10_09_00.png","contentUrl":"https:\/\/radioclanfm.com\/clanespectaculos\/wp-content\/uploads\/sites\/2\/2026\/04\/ChatGPT-Image-23-mar-2026-10_09_00.png","width":1024,"height":1024,"caption":"CLAN ESPECTACULOS"},"image":{"@id":"https:\/\/radioclanfm.com\/clanespectaculos\/#\/schema\/logo\/image\/"},"sameAs":["https:\/\/www.facebook.com\/clanespectaculos\/","https:\/\/x.com\/clanespectok"]},{"@type":"Person","@id":"https:\/\/radioclanfm.com\/clanespectaculos\/#\/schema\/person\/9734813083303230f3ad84d99171b20c","name":"E-GRUPOCLAN","image":{"@type":"ImageObject","inLanguage":"es-AR","@id":"https:\/\/secure.gravatar.com\/avatar\/af6e19837c3d6a212034a48c7b3818d2ac1826f6025df0155da5a186ad321d79?s=96&d=mm&r=g","url":"https:\/\/secure.gravatar.com\/avatar\/af6e19837c3d6a212034a48c7b3818d2ac1826f6025df0155da5a186ad321d79?s=96&d=mm&r=g","contentUrl":"https:\/\/secure.gravatar.com\/avatar\/af6e19837c3d6a212034a48c7b3818d2ac1826f6025df0155da5a186ad321d79?s=96&d=mm&r=g","caption":"E-GRUPOCLAN"},"sameAs":["https:\/\/radioclanfm.com"],"url":"https:\/\/radioclanfm.com\/clanespectaculos\/author\/admin\/"}]}},"_links":{"self":[{"href":"https:\/\/radioclanfm.com\/clanespectaculos\/wp-json\/wp\/v2\/posts\/11989","targetHints":{"allow":["GET"]}}],"collection":[{"href":"https:\/\/radioclanfm.com\/clanespectaculos\/wp-json\/wp\/v2\/posts"}],"about":[{"href":"https:\/\/radioclanfm.com\/clanespectaculos\/wp-json\/wp\/v2\/types\/post"}],"author":[{"embeddable":true,"href":"https:\/\/radioclanfm.com\/clanespectaculos\/wp-json\/wp\/v2\/users\/1"}],"replies":[{"embeddable":true,"href":"https:\/\/radioclanfm.com\/clanespectaculos\/wp-json\/wp\/v2\/comments?post=11989"}],"version-history":[{"count":1,"href":"https:\/\/radioclanfm.com\/clanespectaculos\/wp-json\/wp\/v2\/posts\/11989\/revisions"}],"predecessor-version":[{"id":11993,"href":"https:\/\/radioclanfm.com\/clanespectaculos\/wp-json\/wp\/v2\/posts\/11989\/revisions\/11993"}],"wp:featuredmedia":[{"embeddable":true,"href":"https:\/\/radioclanfm.com\/clanespectaculos\/wp-json\/wp\/v2\/media\/11992"}],"wp:attachment":[{"href":"https:\/\/radioclanfm.com\/clanespectaculos\/wp-json\/wp\/v2\/media?parent=11989"}],"wp:term":[{"taxonomy":"category","embeddable":true,"href":"https:\/\/radioclanfm.com\/clanespectaculos\/wp-json\/wp\/v2\/categories?post=11989"},{"taxonomy":"post_tag","embeddable":true,"href":"https:\/\/radioclanfm.com\/clanespectaculos\/wp-json\/wp\/v2\/tags?post=11989"}],"curies":[{"name":"wp","href":"https:\/\/api.w.org\/{rel}","templated":true}]}}