{"id":11958,"date":"2026-02-02T13:12:21","date_gmt":"2026-02-02T16:12:21","guid":{"rendered":"https:\/\/radioclanfm.com\/clanespectaculos\/?p=11958"},"modified":"2026-02-02T13:12:21","modified_gmt":"2026-02-02T16:12:21","slug":"las-fotos-de-la-china-suarez-y-sus-hijos-en-la-cancha-del-galatasaray-para-alentar-a-icardi","status":"publish","type":"post","link":"https:\/\/radioclanfm.com\/clanespectaculos\/las-fotos-de-la-china-suarez-y-sus-hijos-en-la-cancha-del-galatasaray-para-alentar-a-icardi\/","title":{"rendered":"Las fotos de la China Su\u00e1rez y sus hijos en la cancha del Galatasaray para alentar a Icardi"},"content":{"rendered":"<p>La actriz dijo presente en el estadio del Galatasaray y comparti\u00f3 un video \u00edntimo que reflej\u00f3 su vida cotidiana en Estambul, en medio de un momento clave en la carrera del futbolista.<\/p>\n<div class=\"col-content\"><main class=\"col-content\"><\/p>\n<div class=\"default-article-color article__body article__article\">\n<p class=\"paragraph font__body-regular\"><b>La China Su\u00e1rez<\/b><b>\u00a0dej\u00f3 en claro que su relaci\u00f3n con\u00a0<\/b><b>Mauro Icardi<\/b>\u00a0atraviesa su mejor momento. Este domingo, asisti\u00f3 al estadio del Galatasaray junto a Rufina, Magnolia y Amancio para presenciar el partido en el que el delantero argentino convirti\u00f3 un gol de penal y alcanz\u00f3 un r\u00e9cord hist\u00f3rico en el club.<\/p>\n<div class=\"AV6543bedcd858799fe90b5c47\">\n<div id=\"aniBox\">\n<div id=\"aniplayer_AV6543bedcd858799fe90b5c47-1770048701857\">\n<div id=\"aniplayer_AV6543bedcd858799fe90b5c47-1770048701857gui\">\n<div id=\"av-caption\">\n<div id=\"av-close-btn-overlay\" class=\"av-pos-top-left\"><\/div>\n<\/div>\n<\/div>\n<\/div>\n<\/div>\n<\/div>\n<div id=\"ad-slot-infeed\" class=\"infeed-container ad-slot-infeed ad-slot\" data-adtype=\"infeed\" data-lazyload=\"1\" data-google-query-id=\"CJfZ7pyZu5IDFZc3uQYd2tcP_g\">\n<div id=\"google_ads_iframe_\/113951150\/tn-arc\/nota\/infeed_0__container__\"><\/div>\n<\/div>\n<p class=\"paragraph font__body-regular\">M\u00e1s all\u00e1 del logro deportivo, su presencia y el clima familiar fue lo que m\u00e1s llam\u00f3 la atenci\u00f3n.<\/p>\n<p class=\"paragraph font__body-regular\">Desde un sector preferencial de la tribuna, la China sigui\u00f3 el encuentro junto a sus hijos, quienes se mostraron atentos y tranquilos en medio del fervor del estadio colmado. Las im\u00e1genes que circularon en redes sociales reflejaron una postal distinta, marcada por la cercan\u00eda y la naturalidad, en sinton\u00eda con el perfil m\u00e1s reservado que la actriz viene mostrando desde que se instal\u00f3 en Estambul.<\/p>\n<figure class=\"\" data-testid=\"figure-testid\">\n<div class=\"aspect_ratio__container\"><picture class=\"responsive-image\"><source srcset=\"https:\/\/tn.com.ar\/resizer\/v2\/la-china-suarez-y-sus-hijos-fueron-a-alentar-a-mauro-icardi-foto-instagram-sangrejaponesa-HZQXEG6ETNC6HKBXT6F6E2QHLA.PNG?auth=434b9dbca84f032c9f1f00730604afab0809aabc400ada825771a9f054e62849&amp;width=767\" type=\"image\/jpg\" media=\"(max-width: 728px)\" \/><source srcset=\"https:\/\/tn.com.ar\/resizer\/v2\/la-china-suarez-y-sus-hijos-fueron-a-alentar-a-mauro-icardi-foto-instagram-sangrejaponesa-HZQXEG6ETNC6HKBXT6F6E2QHLA.PNG?auth=434b9dbca84f032c9f1f00730604afab0809aabc400ada825771a9f054e62849&amp;width=1023\" type=\"image\/jpg\" media=\"(max-width: 1023px)\" \/><source srcset=\"https:\/\/tn.com.ar\/resizer\/v2\/la-china-suarez-y-sus-hijos-fueron-a-alentar-a-mauro-icardi-foto-instagram-sangrejaponesa-HZQXEG6ETNC6HKBXT6F6E2QHLA.PNG?auth=434b9dbca84f032c9f1f00730604afab0809aabc400ada825771a9f054e62849&amp;width=1440\" type=\"image\/jpg\" \/><img loading=\"lazy\" decoding=\"async\" class=\"image content-image image_placeholder\" src=\"https:\/\/tn.com.ar\/resizer\/v2\/la-china-suarez-y-sus-hijos-fueron-a-alentar-a-mauro-icardi-foto-instagram-sangrejaponesa-HZQXEG6ETNC6HKBXT6F6E2QHLA.PNG?auth=434b9dbca84f032c9f1f00730604afab0809aabc400ada825771a9f054e62849&amp;width=767\" alt=\"La China Su\u00e1rez y sus hijos fueron a alentar a Mauro Icardi. (Foto: Instagram \/ sangrejaponesa)\" width=\"767\" height=\"1203\" data-testid=\"loading-testid\" \/><\/picture><\/div><figcaption class=\"caption_image\" data-testid=\"figcaption-testid\">\n<div class=\"image_caption \">La China Su\u00e1rez y sus hijos fueron a alentar a Mauro Icardi. (Foto: Instagram \/ sangrejaponesa)<\/div>\n<\/figcaption><\/figure>\n<p class=\"paragraph font__body-regular\">Tras la victoria del Galatasaray, la actriz volvi\u00f3 a usar sus redes para compartir una escena \u00edntima del regreso a casa.\u00a0<b>En el video, se lo ve a Icardi caminando por el interior de la vivienda con Amancio sobre los hombros, mientras le habla con ternura\u00a0<\/b>y le recuerda que ya es hora de ir a dormir. La grabaci\u00f3n, simple y espont\u00e1nea, dej\u00f3 ver el costado m\u00e1s cotidiano de la pareja y la buena relaci\u00f3n del futbolista con los hijos de la actriz.<\/p>\n<figure class=\"\" data-testid=\"figure-testid\">\n<div class=\"aspect_ratio__container\"><picture class=\"responsive-image\"><source srcset=\"https:\/\/tn.com.ar\/resizer\/v2\/el-tierno-momento-de-icardi-con-amancio-el-hijo-de-la-china-suarez-y-benjamin-vicuna-foto-instagram-sangtejaponesa-IWQDA22NA5F53KYXHDW5ALDCTQ.PNG?auth=64b51d8c3f79c52e452e140647d5345d39e906fb8b56afc6b74443cea148b1de&amp;width=767\" type=\"image\/jpg\" media=\"(max-width: 728px)\" \/><source srcset=\"https:\/\/tn.com.ar\/resizer\/v2\/el-tierno-momento-de-icardi-con-amancio-el-hijo-de-la-china-suarez-y-benjamin-vicuna-foto-instagram-sangtejaponesa-IWQDA22NA5F53KYXHDW5ALDCTQ.PNG?auth=64b51d8c3f79c52e452e140647d5345d39e906fb8b56afc6b74443cea148b1de&amp;width=1023\" type=\"image\/jpg\" media=\"(max-width: 1023px)\" \/><source srcset=\"https:\/\/tn.com.ar\/resizer\/v2\/el-tierno-momento-de-icardi-con-amancio-el-hijo-de-la-china-suarez-y-benjamin-vicuna-foto-instagram-sangtejaponesa-IWQDA22NA5F53KYXHDW5ALDCTQ.PNG?auth=64b51d8c3f79c52e452e140647d5345d39e906fb8b56afc6b74443cea148b1de&amp;width=1440\" type=\"image\/jpg\" \/><img loading=\"lazy\" decoding=\"async\" class=\"image content-image image_placeholder\" src=\"https:\/\/tn.com.ar\/resizer\/v2\/el-tierno-momento-de-icardi-con-amancio-el-hijo-de-la-china-suarez-y-benjamin-vicuna-foto-instagram-sangtejaponesa-IWQDA22NA5F53KYXHDW5ALDCTQ.PNG?auth=64b51d8c3f79c52e452e140647d5345d39e906fb8b56afc6b74443cea148b1de&amp;width=767\" alt=\"El tierno momento de Icardi con Amancio, el hijo de la China Su\u00e1rez y Benjam\u00edn Vicu\u00f1a. (Foto: Instagram \/ sangtejaponesa)\" width=\"767\" height=\"1192\" data-testid=\"loading-testid\" \/><\/picture><\/div><figcaption class=\"caption_image\" data-testid=\"figcaption-testid\">\n<div class=\"image_caption \">El tierno momento de Icardi con Amancio, el hijo de la China Su\u00e1rez y Benjam\u00edn Vicu\u00f1a. (Foto: Instagram \/ sangtejaponesa)<\/div>\n<\/figcaption><\/figure>\n<p class=\"paragraph font__body-regular\">Durante el d\u00eda, la China tambi\u00e9n public\u00f3 otras im\u00e1genes significativas. En una de ellas, pos\u00f3 junto a sus hijos en el estadio, sonriente, con el campo de juego de fondo. En otra<b>, comparti\u00f3 el festejo de Icardi tras el gol, cuando el delantero form\u00f3 un coraz\u00f3n con los brazos hacia la tribuna\u00a0<\/b>y<b>\u00a0<\/b>acompa\u00f1\u00f3 la postal con un mensaje breve y afectuoso: \u201cMi amor\u201d.<\/p>\n<figure class=\"\" data-testid=\"figure-testid\">\n<div class=\"aspect_ratio__container\"><picture class=\"responsive-image\"><source srcset=\"https:\/\/tn.com.ar\/resizer\/v2\/la-dedicatoria-de-amor-de-la-china-suarez-a-mauro-icardi-foto-instagram-sangrejaponesa-NPEP2H7TENHV3IZAPQPQLGALQA.PNG?auth=ca42c693bcf51821ea0e83f79d0a8dd15d5cb2e75890028c7de08b4751c72b71&amp;width=767\" type=\"image\/jpg\" media=\"(max-width: 728px)\" \/><source srcset=\"https:\/\/tn.com.ar\/resizer\/v2\/la-dedicatoria-de-amor-de-la-china-suarez-a-mauro-icardi-foto-instagram-sangrejaponesa-NPEP2H7TENHV3IZAPQPQLGALQA.PNG?auth=ca42c693bcf51821ea0e83f79d0a8dd15d5cb2e75890028c7de08b4751c72b71&amp;width=1023\" type=\"image\/jpg\" media=\"(max-width: 1023px)\" \/><source srcset=\"https:\/\/tn.com.ar\/resizer\/v2\/la-dedicatoria-de-amor-de-la-china-suarez-a-mauro-icardi-foto-instagram-sangrejaponesa-NPEP2H7TENHV3IZAPQPQLGALQA.PNG?auth=ca42c693bcf51821ea0e83f79d0a8dd15d5cb2e75890028c7de08b4751c72b71&amp;width=1440\" type=\"image\/jpg\" \/><img loading=\"lazy\" decoding=\"async\" class=\"image content-image image_placeholder\" src=\"https:\/\/tn.com.ar\/resizer\/v2\/la-dedicatoria-de-amor-de-la-china-suarez-a-mauro-icardi-foto-instagram-sangrejaponesa-NPEP2H7TENHV3IZAPQPQLGALQA.PNG?auth=ca42c693bcf51821ea0e83f79d0a8dd15d5cb2e75890028c7de08b4751c72b71&amp;width=767\" alt=\"La dedicatoria de amor de la China Su\u00e1rez a Mauro Icardi. (Foto: Instagram \/ sangrejaponesa)\" width=\"767\" height=\"1246\" data-testid=\"loading-testid\" \/><\/picture><\/div><figcaption class=\"caption_image\" data-testid=\"figcaption-testid\">\n<div class=\"image_caption \">La dedicatoria de amor de la China Su\u00e1rez a Mauro Icardi. (Foto: Instagram \/ sangrejaponesa)<\/div>\n<\/figcaption><\/figure>\n<p class=\"paragraph font__body-regular\">La presencia de los chicos en el estadio tambi\u00e9n fue le\u00edda como una se\u00f1al de estabilidad en esta etapa. Integrados a la rutina en Turqu\u00eda, los nenes participan tanto de momentos recreativos como de compromisos ligados al trabajo del futbolista.<\/p>\n<\/div>\n<p><\/main><\/div>\n<aside class=\"col-right-rail right-rail\">\n<div id=\"parent-ad-slot-caja\" class=\"ad-container caja_ad \">\n<div class=\"ad-content\">\n<div id=\"ad-slot-caja\" class=\"ad-slot-caja ad-slot\" data-adtype=\"caja\" data-lazyload=\"1\" data-google-query-id=\"CPbz25eZu5IDFRaLYQYdRekh_Q\"><\/div>\n<\/div>\n<\/div>\n<\/aside>\n","protected":false},"excerpt":{"rendered":"<p>La actriz dijo presente en el estadio del Galatasaray y comparti\u00f3 un video \u00edntimo que reflej\u00f3 su vida cotidiana en Estambul, en medio de un momento clave en la carrera del futbolista. La China Su\u00e1rez\u00a0dej\u00f3 en claro que su relaci\u00f3n con\u00a0Mauro Icardi\u00a0atraviesa su mejor momento. Este domingo, asisti\u00f3 al estadio del Galatasaray junto a Rufina, [&hellip;]<\/p>\n","protected":false},"author":1,"featured_media":11961,"comment_status":"open","ping_status":"open","sticky":false,"template":"","format":"standard","meta":{"rop_custom_images_group":[],"rop_custom_messages_group":[],"rop_publish_now":"initial","rop_publish_now_accounts":[],"rop_publish_now_history":[],"rop_publish_now_status":"pending","footnotes":"","jetpack_publicize_message":"","jetpack_publicize_feature_enabled":true,"jetpack_social_post_already_shared":true,"jetpack_social_options":{"image_generator_settings":{"template":"highway","enabled":false},"version":2}},"categories":[12],"tags":[],"class_list":{"0":"post-11958","1":"post","2":"type-post","3":"status-publish","4":"format-standard","5":"has-post-thumbnail","7":"category-espectaculos"},"jetpack_publicize_connections":[],"yoast_head":"<!-- This site is optimized with the Yoast SEO plugin v27.3 - https:\/\/yoast.com\/product\/yoast-seo-wordpress\/ -->\n<title>Las fotos de la China Su\u00e1rez y sus hijos en la cancha del Galatasaray para alentar a Icardi - CLAN ESPECTACULOS<\/title>\n<meta name=\"robots\" content=\"index, follow, max-snippet:-1, max-image-preview:large, max-video-preview:-1\" \/>\n<link rel=\"canonical\" href=\"https:\/\/radioclanfm.com\/clanespectaculos\/las-fotos-de-la-china-suarez-y-sus-hijos-en-la-cancha-del-galatasaray-para-alentar-a-icardi\/\" \/>\n<meta property=\"og:locale\" content=\"es_ES\" \/>\n<meta property=\"og:type\" content=\"article\" \/>\n<meta property=\"og:title\" content=\"Las fotos de la China Su\u00e1rez y sus hijos en la cancha del Galatasaray para alentar a Icardi - CLAN ESPECTACULOS\" \/>\n<meta property=\"og:description\" content=\"La actriz dijo presente en el estadio del Galatasaray y comparti\u00f3 un video \u00edntimo que reflej\u00f3 su vida cotidiana en Estambul, en medio de un momento clave en la carrera del futbolista. La China Su\u00e1rez\u00a0dej\u00f3 en claro que su relaci\u00f3n con\u00a0Mauro Icardi\u00a0atraviesa su mejor momento. Este domingo, asisti\u00f3 al estadio del Galatasaray junto a Rufina, [&hellip;]\" \/>\n<meta property=\"og:url\" content=\"https:\/\/radioclanfm.com\/clanespectaculos\/las-fotos-de-la-china-suarez-y-sus-hijos-en-la-cancha-del-galatasaray-para-alentar-a-icardi\/\" \/>\n<meta property=\"og:site_name\" content=\"CLAN ESPECTACULOS\" \/>\n<meta property=\"article:publisher\" content=\"https:\/\/www.facebook.com\/clanespectaculos\/\" \/>\n<meta property=\"article:published_time\" content=\"2026-02-02T16:12:21+00:00\" \/>\n<meta property=\"og:image\" content=\"https:\/\/radioclanfm.com\/clanespectaculos\/wp-content\/uploads\/sites\/2\/2026\/02\/kHFmUxnV.jpg\" \/>\n\t<meta property=\"og:image:width\" content=\"900\" \/>\n\t<meta property=\"og:image:height\" content=\"506\" \/>\n\t<meta property=\"og:image:type\" content=\"image\/jpeg\" \/>\n<meta name=\"author\" content=\"E-GRUPOCLAN\" \/>\n<meta name=\"twitter:card\" content=\"summary_large_image\" \/>\n<meta name=\"twitter:creator\" content=\"@clanespectok\" \/>\n<meta name=\"twitter:site\" content=\"@clanespectok\" \/>\n<meta name=\"twitter:label1\" content=\"Escrito por\" \/>\n\t<meta name=\"twitter:data1\" content=\"E-GRUPOCLAN\" \/>\n\t<meta name=\"twitter:label2\" content=\"Tiempo de lectura\" \/>\n\t<meta name=\"twitter:data2\" content=\"2 minutos\" \/>\n<script type=\"application\/ld+json\" class=\"yoast-schema-graph\">{\"@context\":\"https:\\\/\\\/schema.org\",\"@graph\":[{\"@type\":\"Article\",\"@id\":\"https:\\\/\\\/radioclanfm.com\\\/clanespectaculos\\\/las-fotos-de-la-china-suarez-y-sus-hijos-en-la-cancha-del-galatasaray-para-alentar-a-icardi\\\/#article\",\"isPartOf\":{\"@id\":\"https:\\\/\\\/radioclanfm.com\\\/clanespectaculos\\\/las-fotos-de-la-china-suarez-y-sus-hijos-en-la-cancha-del-galatasaray-para-alentar-a-icardi\\\/\"},\"author\":{\"name\":\"E-GRUPOCLAN\",\"@id\":\"https:\\\/\\\/radioclanfm.com\\\/clanespectaculos\\\/#\\\/schema\\\/person\\\/9734813083303230f3ad84d99171b20c\"},\"headline\":\"Las fotos de la China Su\u00e1rez y sus hijos en la cancha del Galatasaray para alentar a Icardi\",\"datePublished\":\"2026-02-02T16:12:21+00:00\",\"mainEntityOfPage\":{\"@id\":\"https:\\\/\\\/radioclanfm.com\\\/clanespectaculos\\\/las-fotos-de-la-china-suarez-y-sus-hijos-en-la-cancha-del-galatasaray-para-alentar-a-icardi\\\/\"},\"wordCount\":449,\"commentCount\":0,\"publisher\":{\"@id\":\"https:\\\/\\\/radioclanfm.com\\\/clanespectaculos\\\/#organization\"},\"image\":{\"@id\":\"https:\\\/\\\/radioclanfm.com\\\/clanespectaculos\\\/las-fotos-de-la-china-suarez-y-sus-hijos-en-la-cancha-del-galatasaray-para-alentar-a-icardi\\\/#primaryimage\"},\"thumbnailUrl\":\"https:\\\/\\\/radioclanfm.com\\\/clanespectaculos\\\/wp-content\\\/uploads\\\/sites\\\/2\\\/2026\\\/02\\\/kHFmUxnV.jpg\",\"articleSection\":[\"Espectaculos\"],\"inLanguage\":\"es-AR\",\"potentialAction\":[{\"@type\":\"CommentAction\",\"name\":\"Comment\",\"target\":[\"https:\\\/\\\/radioclanfm.com\\\/clanespectaculos\\\/las-fotos-de-la-china-suarez-y-sus-hijos-en-la-cancha-del-galatasaray-para-alentar-a-icardi\\\/#respond\"]}]},{\"@type\":\"WebPage\",\"@id\":\"https:\\\/\\\/radioclanfm.com\\\/clanespectaculos\\\/las-fotos-de-la-china-suarez-y-sus-hijos-en-la-cancha-del-galatasaray-para-alentar-a-icardi\\\/\",\"url\":\"https:\\\/\\\/radioclanfm.com\\\/clanespectaculos\\\/las-fotos-de-la-china-suarez-y-sus-hijos-en-la-cancha-del-galatasaray-para-alentar-a-icardi\\\/\",\"name\":\"Las fotos de la China Su\u00e1rez y sus hijos en la cancha del Galatasaray para alentar a Icardi - CLAN ESPECTACULOS\",\"isPartOf\":{\"@id\":\"https:\\\/\\\/radioclanfm.com\\\/clanespectaculos\\\/#website\"},\"primaryImageOfPage\":{\"@id\":\"https:\\\/\\\/radioclanfm.com\\\/clanespectaculos\\\/las-fotos-de-la-china-suarez-y-sus-hijos-en-la-cancha-del-galatasaray-para-alentar-a-icardi\\\/#primaryimage\"},\"image\":{\"@id\":\"https:\\\/\\\/radioclanfm.com\\\/clanespectaculos\\\/las-fotos-de-la-china-suarez-y-sus-hijos-en-la-cancha-del-galatasaray-para-alentar-a-icardi\\\/#primaryimage\"},\"thumbnailUrl\":\"https:\\\/\\\/radioclanfm.com\\\/clanespectaculos\\\/wp-content\\\/uploads\\\/sites\\\/2\\\/2026\\\/02\\\/kHFmUxnV.jpg\",\"datePublished\":\"2026-02-02T16:12:21+00:00\",\"breadcrumb\":{\"@id\":\"https:\\\/\\\/radioclanfm.com\\\/clanespectaculos\\\/las-fotos-de-la-china-suarez-y-sus-hijos-en-la-cancha-del-galatasaray-para-alentar-a-icardi\\\/#breadcrumb\"},\"inLanguage\":\"es-AR\",\"potentialAction\":[{\"@type\":\"ReadAction\",\"target\":[\"https:\\\/\\\/radioclanfm.com\\\/clanespectaculos\\\/las-fotos-de-la-china-suarez-y-sus-hijos-en-la-cancha-del-galatasaray-para-alentar-a-icardi\\\/\"]}]},{\"@type\":\"ImageObject\",\"inLanguage\":\"es-AR\",\"@id\":\"https:\\\/\\\/radioclanfm.com\\\/clanespectaculos\\\/las-fotos-de-la-china-suarez-y-sus-hijos-en-la-cancha-del-galatasaray-para-alentar-a-icardi\\\/#primaryimage\",\"url\":\"https:\\\/\\\/radioclanfm.com\\\/clanespectaculos\\\/wp-content\\\/uploads\\\/sites\\\/2\\\/2026\\\/02\\\/kHFmUxnV.jpg\",\"contentUrl\":\"https:\\\/\\\/radioclanfm.com\\\/clanespectaculos\\\/wp-content\\\/uploads\\\/sites\\\/2\\\/2026\\\/02\\\/kHFmUxnV.jpg\",\"width\":900,\"height\":506},{\"@type\":\"BreadcrumbList\",\"@id\":\"https:\\\/\\\/radioclanfm.com\\\/clanespectaculos\\\/las-fotos-de-la-china-suarez-y-sus-hijos-en-la-cancha-del-galatasaray-para-alentar-a-icardi\\\/#breadcrumb\",\"itemListElement\":[{\"@type\":\"ListItem\",\"position\":1,\"name\":\"Inicio\",\"item\":\"https:\\\/\\\/radioclanfm.com\\\/clanespectaculos\\\/\"},{\"@type\":\"ListItem\",\"position\":2,\"name\":\"Las fotos de la China Su\u00e1rez y sus hijos en la cancha del Galatasaray para alentar a Icardi\"}]},{\"@type\":\"WebSite\",\"@id\":\"https:\\\/\\\/radioclanfm.com\\\/clanespectaculos\\\/#website\",\"url\":\"https:\\\/\\\/radioclanfm.com\\\/clanespectaculos\\\/\",\"name\":\"CLAN ESPECTACULOS\",\"description\":\"\",\"publisher\":{\"@id\":\"https:\\\/\\\/radioclanfm.com\\\/clanespectaculos\\\/#organization\"},\"potentialAction\":[{\"@type\":\"SearchAction\",\"target\":{\"@type\":\"EntryPoint\",\"urlTemplate\":\"https:\\\/\\\/radioclanfm.com\\\/clanespectaculos\\\/?s={search_term_string}\"},\"query-input\":{\"@type\":\"PropertyValueSpecification\",\"valueRequired\":true,\"valueName\":\"search_term_string\"}}],\"inLanguage\":\"es-AR\"},{\"@type\":\"Organization\",\"@id\":\"https:\\\/\\\/radioclanfm.com\\\/clanespectaculos\\\/#organization\",\"name\":\"CLAN ESPECTACULOS\",\"url\":\"https:\\\/\\\/radioclanfm.com\\\/clanespectaculos\\\/\",\"logo\":{\"@type\":\"ImageObject\",\"inLanguage\":\"es-AR\",\"@id\":\"https:\\\/\\\/radioclanfm.com\\\/clanespectaculos\\\/#\\\/schema\\\/logo\\\/image\\\/\",\"url\":\"https:\\\/\\\/radioclanfm.com\\\/clanespectaculos\\\/wp-content\\\/uploads\\\/sites\\\/2\\\/2026\\\/04\\\/ChatGPT-Image-23-mar-2026-10_09_00.png\",\"contentUrl\":\"https:\\\/\\\/radioclanfm.com\\\/clanespectaculos\\\/wp-content\\\/uploads\\\/sites\\\/2\\\/2026\\\/04\\\/ChatGPT-Image-23-mar-2026-10_09_00.png\",\"width\":1024,\"height\":1024,\"caption\":\"CLAN ESPECTACULOS\"},\"image\":{\"@id\":\"https:\\\/\\\/radioclanfm.com\\\/clanespectaculos\\\/#\\\/schema\\\/logo\\\/image\\\/\"},\"sameAs\":[\"https:\\\/\\\/www.facebook.com\\\/clanespectaculos\\\/\",\"https:\\\/\\\/x.com\\\/clanespectok\"]},{\"@type\":\"Person\",\"@id\":\"https:\\\/\\\/radioclanfm.com\\\/clanespectaculos\\\/#\\\/schema\\\/person\\\/9734813083303230f3ad84d99171b20c\",\"name\":\"E-GRUPOCLAN\",\"image\":{\"@type\":\"ImageObject\",\"inLanguage\":\"es-AR\",\"@id\":\"https:\\\/\\\/secure.gravatar.com\\\/avatar\\\/af6e19837c3d6a212034a48c7b3818d2ac1826f6025df0155da5a186ad321d79?s=96&d=mm&r=g\",\"url\":\"https:\\\/\\\/secure.gravatar.com\\\/avatar\\\/af6e19837c3d6a212034a48c7b3818d2ac1826f6025df0155da5a186ad321d79?s=96&d=mm&r=g\",\"contentUrl\":\"https:\\\/\\\/secure.gravatar.com\\\/avatar\\\/af6e19837c3d6a212034a48c7b3818d2ac1826f6025df0155da5a186ad321d79?s=96&d=mm&r=g\",\"caption\":\"E-GRUPOCLAN\"},\"sameAs\":[\"https:\\\/\\\/radioclanfm.com\"],\"url\":\"https:\\\/\\\/radioclanfm.com\\\/clanespectaculos\\\/author\\\/admin\\\/\"}]}<\/script>\n<!-- \/ Yoast SEO plugin. -->","yoast_head_json":{"title":"Las fotos de la China Su\u00e1rez y sus hijos en la cancha del Galatasaray para alentar a Icardi - CLAN ESPECTACULOS","robots":{"index":"index","follow":"follow","max-snippet":"max-snippet:-1","max-image-preview":"max-image-preview:large","max-video-preview":"max-video-preview:-1"},"canonical":"https:\/\/radioclanfm.com\/clanespectaculos\/las-fotos-de-la-china-suarez-y-sus-hijos-en-la-cancha-del-galatasaray-para-alentar-a-icardi\/","og_locale":"es_ES","og_type":"article","og_title":"Las fotos de la China Su\u00e1rez y sus hijos en la cancha del Galatasaray para alentar a Icardi - CLAN ESPECTACULOS","og_description":"La actriz dijo presente en el estadio del Galatasaray y comparti\u00f3 un video \u00edntimo que reflej\u00f3 su vida cotidiana en Estambul, en medio de un momento clave en la carrera del futbolista. La China Su\u00e1rez\u00a0dej\u00f3 en claro que su relaci\u00f3n con\u00a0Mauro Icardi\u00a0atraviesa su mejor momento. Este domingo, asisti\u00f3 al estadio del Galatasaray junto a Rufina, [&hellip;]","og_url":"https:\/\/radioclanfm.com\/clanespectaculos\/las-fotos-de-la-china-suarez-y-sus-hijos-en-la-cancha-del-galatasaray-para-alentar-a-icardi\/","og_site_name":"CLAN ESPECTACULOS","article_publisher":"https:\/\/www.facebook.com\/clanespectaculos\/","article_published_time":"2026-02-02T16:12:21+00:00","og_image":[{"width":900,"height":506,"url":"https:\/\/radioclanfm.com\/clanespectaculos\/wp-content\/uploads\/sites\/2\/2026\/02\/kHFmUxnV.jpg","type":"image\/jpeg"}],"author":"E-GRUPOCLAN","twitter_card":"summary_large_image","twitter_creator":"@clanespectok","twitter_site":"@clanespectok","twitter_misc":{"Escrito por":"E-GRUPOCLAN","Tiempo de lectura":"2 minutos"},"schema":{"@context":"https:\/\/schema.org","@graph":[{"@type":"Article","@id":"https:\/\/radioclanfm.com\/clanespectaculos\/las-fotos-de-la-china-suarez-y-sus-hijos-en-la-cancha-del-galatasaray-para-alentar-a-icardi\/#article","isPartOf":{"@id":"https:\/\/radioclanfm.com\/clanespectaculos\/las-fotos-de-la-china-suarez-y-sus-hijos-en-la-cancha-del-galatasaray-para-alentar-a-icardi\/"},"author":{"name":"E-GRUPOCLAN","@id":"https:\/\/radioclanfm.com\/clanespectaculos\/#\/schema\/person\/9734813083303230f3ad84d99171b20c"},"headline":"Las fotos de la China Su\u00e1rez y sus hijos en la cancha del Galatasaray para alentar a Icardi","datePublished":"2026-02-02T16:12:21+00:00","mainEntityOfPage":{"@id":"https:\/\/radioclanfm.com\/clanespectaculos\/las-fotos-de-la-china-suarez-y-sus-hijos-en-la-cancha-del-galatasaray-para-alentar-a-icardi\/"},"wordCount":449,"commentCount":0,"publisher":{"@id":"https:\/\/radioclanfm.com\/clanespectaculos\/#organization"},"image":{"@id":"https:\/\/radioclanfm.com\/clanespectaculos\/las-fotos-de-la-china-suarez-y-sus-hijos-en-la-cancha-del-galatasaray-para-alentar-a-icardi\/#primaryimage"},"thumbnailUrl":"https:\/\/radioclanfm.com\/clanespectaculos\/wp-content\/uploads\/sites\/2\/2026\/02\/kHFmUxnV.jpg","articleSection":["Espectaculos"],"inLanguage":"es-AR","potentialAction":[{"@type":"CommentAction","name":"Comment","target":["https:\/\/radioclanfm.com\/clanespectaculos\/las-fotos-de-la-china-suarez-y-sus-hijos-en-la-cancha-del-galatasaray-para-alentar-a-icardi\/#respond"]}]},{"@type":"WebPage","@id":"https:\/\/radioclanfm.com\/clanespectaculos\/las-fotos-de-la-china-suarez-y-sus-hijos-en-la-cancha-del-galatasaray-para-alentar-a-icardi\/","url":"https:\/\/radioclanfm.com\/clanespectaculos\/las-fotos-de-la-china-suarez-y-sus-hijos-en-la-cancha-del-galatasaray-para-alentar-a-icardi\/","name":"Las fotos de la China Su\u00e1rez y sus hijos en la cancha del Galatasaray para alentar a Icardi - CLAN ESPECTACULOS","isPartOf":{"@id":"https:\/\/radioclanfm.com\/clanespectaculos\/#website"},"primaryImageOfPage":{"@id":"https:\/\/radioclanfm.com\/clanespectaculos\/las-fotos-de-la-china-suarez-y-sus-hijos-en-la-cancha-del-galatasaray-para-alentar-a-icardi\/#primaryimage"},"image":{"@id":"https:\/\/radioclanfm.com\/clanespectaculos\/las-fotos-de-la-china-suarez-y-sus-hijos-en-la-cancha-del-galatasaray-para-alentar-a-icardi\/#primaryimage"},"thumbnailUrl":"https:\/\/radioclanfm.com\/clanespectaculos\/wp-content\/uploads\/sites\/2\/2026\/02\/kHFmUxnV.jpg","datePublished":"2026-02-02T16:12:21+00:00","breadcrumb":{"@id":"https:\/\/radioclanfm.com\/clanespectaculos\/las-fotos-de-la-china-suarez-y-sus-hijos-en-la-cancha-del-galatasaray-para-alentar-a-icardi\/#breadcrumb"},"inLanguage":"es-AR","potentialAction":[{"@type":"ReadAction","target":["https:\/\/radioclanfm.com\/clanespectaculos\/las-fotos-de-la-china-suarez-y-sus-hijos-en-la-cancha-del-galatasaray-para-alentar-a-icardi\/"]}]},{"@type":"ImageObject","inLanguage":"es-AR","@id":"https:\/\/radioclanfm.com\/clanespectaculos\/las-fotos-de-la-china-suarez-y-sus-hijos-en-la-cancha-del-galatasaray-para-alentar-a-icardi\/#primaryimage","url":"https:\/\/radioclanfm.com\/clanespectaculos\/wp-content\/uploads\/sites\/2\/2026\/02\/kHFmUxnV.jpg","contentUrl":"https:\/\/radioclanfm.com\/clanespectaculos\/wp-content\/uploads\/sites\/2\/2026\/02\/kHFmUxnV.jpg","width":900,"height":506},{"@type":"BreadcrumbList","@id":"https:\/\/radioclanfm.com\/clanespectaculos\/las-fotos-de-la-china-suarez-y-sus-hijos-en-la-cancha-del-galatasaray-para-alentar-a-icardi\/#breadcrumb","itemListElement":[{"@type":"ListItem","position":1,"name":"Inicio","item":"https:\/\/radioclanfm.com\/clanespectaculos\/"},{"@type":"ListItem","position":2,"name":"Las fotos de la China Su\u00e1rez y sus hijos en la cancha del Galatasaray para alentar a Icardi"}]},{"@type":"WebSite","@id":"https:\/\/radioclanfm.com\/clanespectaculos\/#website","url":"https:\/\/radioclanfm.com\/clanespectaculos\/","name":"CLAN ESPECTACULOS","description":"","publisher":{"@id":"https:\/\/radioclanfm.com\/clanespectaculos\/#organization"},"potentialAction":[{"@type":"SearchAction","target":{"@type":"EntryPoint","urlTemplate":"https:\/\/radioclanfm.com\/clanespectaculos\/?s={search_term_string}"},"query-input":{"@type":"PropertyValueSpecification","valueRequired":true,"valueName":"search_term_string"}}],"inLanguage":"es-AR"},{"@type":"Organization","@id":"https:\/\/radioclanfm.com\/clanespectaculos\/#organization","name":"CLAN ESPECTACULOS","url":"https:\/\/radioclanfm.com\/clanespectaculos\/","logo":{"@type":"ImageObject","inLanguage":"es-AR","@id":"https:\/\/radioclanfm.com\/clanespectaculos\/#\/schema\/logo\/image\/","url":"https:\/\/radioclanfm.com\/clanespectaculos\/wp-content\/uploads\/sites\/2\/2026\/04\/ChatGPT-Image-23-mar-2026-10_09_00.png","contentUrl":"https:\/\/radioclanfm.com\/clanespectaculos\/wp-content\/uploads\/sites\/2\/2026\/04\/ChatGPT-Image-23-mar-2026-10_09_00.png","width":1024,"height":1024,"caption":"CLAN ESPECTACULOS"},"image":{"@id":"https:\/\/radioclanfm.com\/clanespectaculos\/#\/schema\/logo\/image\/"},"sameAs":["https:\/\/www.facebook.com\/clanespectaculos\/","https:\/\/x.com\/clanespectok"]},{"@type":"Person","@id":"https:\/\/radioclanfm.com\/clanespectaculos\/#\/schema\/person\/9734813083303230f3ad84d99171b20c","name":"E-GRUPOCLAN","image":{"@type":"ImageObject","inLanguage":"es-AR","@id":"https:\/\/secure.gravatar.com\/avatar\/af6e19837c3d6a212034a48c7b3818d2ac1826f6025df0155da5a186ad321d79?s=96&d=mm&r=g","url":"https:\/\/secure.gravatar.com\/avatar\/af6e19837c3d6a212034a48c7b3818d2ac1826f6025df0155da5a186ad321d79?s=96&d=mm&r=g","contentUrl":"https:\/\/secure.gravatar.com\/avatar\/af6e19837c3d6a212034a48c7b3818d2ac1826f6025df0155da5a186ad321d79?s=96&d=mm&r=g","caption":"E-GRUPOCLAN"},"sameAs":["https:\/\/radioclanfm.com"],"url":"https:\/\/radioclanfm.com\/clanespectaculos\/author\/admin\/"}]}},"_links":{"self":[{"href":"https:\/\/radioclanfm.com\/clanespectaculos\/wp-json\/wp\/v2\/posts\/11958","targetHints":{"allow":["GET"]}}],"collection":[{"href":"https:\/\/radioclanfm.com\/clanespectaculos\/wp-json\/wp\/v2\/posts"}],"about":[{"href":"https:\/\/radioclanfm.com\/clanespectaculos\/wp-json\/wp\/v2\/types\/post"}],"author":[{"embeddable":true,"href":"https:\/\/radioclanfm.com\/clanespectaculos\/wp-json\/wp\/v2\/users\/1"}],"replies":[{"embeddable":true,"href":"https:\/\/radioclanfm.com\/clanespectaculos\/wp-json\/wp\/v2\/comments?post=11958"}],"version-history":[{"count":1,"href":"https:\/\/radioclanfm.com\/clanespectaculos\/wp-json\/wp\/v2\/posts\/11958\/revisions"}],"predecessor-version":[{"id":11962,"href":"https:\/\/radioclanfm.com\/clanespectaculos\/wp-json\/wp\/v2\/posts\/11958\/revisions\/11962"}],"wp:featuredmedia":[{"embeddable":true,"href":"https:\/\/radioclanfm.com\/clanespectaculos\/wp-json\/wp\/v2\/media\/11961"}],"wp:attachment":[{"href":"https:\/\/radioclanfm.com\/clanespectaculos\/wp-json\/wp\/v2\/media?parent=11958"}],"wp:term":[{"taxonomy":"category","embeddable":true,"href":"https:\/\/radioclanfm.com\/clanespectaculos\/wp-json\/wp\/v2\/categories?post=11958"},{"taxonomy":"post_tag","embeddable":true,"href":"https:\/\/radioclanfm.com\/clanespectaculos\/wp-json\/wp\/v2\/tags?post=11958"}],"curies":[{"name":"wp","href":"https:\/\/api.w.org\/{rel}","templated":true}]}}