{"id":1181,"date":"2025-05-28T22:33:25","date_gmt":"2025-05-29T01:33:25","guid":{"rendered":"https:\/\/radioclanfm.com\/clanespectaculos\/?p=1181"},"modified":"2025-05-28T22:33:25","modified_gmt":"2025-05-29T01:33:25","slug":"condenaron-a-casi-dos-anos-de-carcel-al-actor-turco-que-encarno-a-onur-en-las-mil-y-una-noches","status":"publish","type":"post","link":"https:\/\/radioclanfm.com\/clanespectaculos\/condenaron-a-casi-dos-anos-de-carcel-al-actor-turco-que-encarno-a-onur-en-las-mil-y-una-noches\/","title":{"rendered":"Condenaron a casi dos a\u00f1os de c\u00e1rcel al actor turco que encarn\u00f3 a Onur en Las mil y una noches"},"content":{"rendered":"<p>Fue por dar falso testimonio en un caso que lleva 12 a\u00f1os de disputa judicial.<\/p>\n<div class=\"col-content\"><main class=\"col-content\"><\/p>\n<div class=\"default-article-color article__body article__article\">\n<p class=\"paragraph font__body-regular\"><b>Halit Ergen\u00e7<\/b>, el actor que encarn\u00f3 al personaje de\u00a0<b>Onur\u00a0<\/b>en la exitosa novela\u00a0<i><b>Las mil y una noches<\/b><\/i>, fue condenado por la justicia turca<b>\u00a0a un a\u00f1o y 10 meses de prisi\u00f3n\u00a0<\/b>por haber dado \u201cfalso testimonio\u201d en una causa que lleva m\u00e1s de una d\u00e9cada.<\/p>\n<div class=\"AV67f93cf033780503b00636a7\">\n<div id=\"aniBox\">\n<div id=\"aniplayer_AV67f93cf033780503b00636a7-1748482351765\">\n<div id=\"aniplayer_AV67f93cf033780503b00636a7-1748482351765gui\">\n<div id=\"av-caption\">\n<div id=\"av-close-btn-overlay\" class=\"av-pos-top-left\"><\/div>\n<\/div>\n<\/div>\n<div id=\"anibid\"><\/div>\n<\/div>\n<\/div>\n<\/div>\n<div id=\"ad-slot-infeed\" class=\"infeed-container ad-slot-infeed ad-slot\" data-adtype=\"infeed\" data-google-query-id=\"CJ6JoqvEx40DFVhauAQdzTUD2w\">\n<div id=\"google_ads_iframe_\/113951150\/tn-arc\/nota\/infeed_0__container__\"><\/div>\n<\/div>\n<p class=\"paragraph font__body-regular\">A pesar de haber recibido la condena, todav\u00eda el fallo no est\u00e1 firme, ya que el actor tiene la instancia de apelaci\u00f3n. Adem\u00e1s, tampoco ir\u00eda preso si no comete otro delito durante el tiempo en el que se ejecute el plazo de la sentencia.<\/p>\n<h2 class=\"font--primary font__display\">Por qu\u00e9 lo condenaron a Onur de \u201cLas mil y una noches\u201d<\/h2>\n<p class=\"paragraph font__body-regular\">La situaci\u00f3n que complic\u00f3 a\u00a0<b>Halit Ergen\u00e7<\/b>\u00a0ocurri\u00f3 en junio de 2013, cuando miles de personas salieron a la calle a protestar por la tala de \u00e1rboles en el<b>\u00a0Parque Taksim Gezi de Estambul.<\/b><\/p>\n<p class=\"paragraph font__body-regular\">En ese momento, las multitudinarias marchas tuvieron la presencia de decenas de artistas, cantantes y actores que apoyaron el reclamo. Con el correr de los a\u00f1os hubo varias investigaciones de la justicia turca que dictaminaron que\u00a0<b>la agencia de prensa ID \u0130leti\u015fim<\/b>\u00a0promovi\u00f3 que sus artistas representados vayan a esas protestas.<\/p>\n<figure class=\"\" data-testid=\"figure-testid\">\n<div class=\"aspect_ratio__container\"><picture class=\"responsive-image\"><source srcset=\"https:\/\/tn.com.ar\/resizer\/v2\/halit-ergenc-durante-las-protestas-que-hubo-en-2013-en-estambul-foto-gentileza-t24-XIVMKIZPLZCZ3FZD7U2KF762MA.jpg?auth=bcac6ce5dd2ec438941b6ed95af653a8cc7f7a33be620bb2b01bb8e1fb71b1ab&amp;width=767\" type=\"image\/jpg\" media=\"(max-width: 728px)\" \/><source srcset=\"https:\/\/tn.com.ar\/resizer\/v2\/halit-ergenc-durante-las-protestas-que-hubo-en-2013-en-estambul-foto-gentileza-t24-XIVMKIZPLZCZ3FZD7U2KF762MA.jpg?auth=bcac6ce5dd2ec438941b6ed95af653a8cc7f7a33be620bb2b01bb8e1fb71b1ab&amp;width=1023\" type=\"image\/jpg\" media=\"(max-width: 1023px)\" \/><source srcset=\"https:\/\/tn.com.ar\/resizer\/v2\/halit-ergenc-durante-las-protestas-que-hubo-en-2013-en-estambul-foto-gentileza-t24-XIVMKIZPLZCZ3FZD7U2KF762MA.jpg?auth=bcac6ce5dd2ec438941b6ed95af653a8cc7f7a33be620bb2b01bb8e1fb71b1ab&amp;width=1440\" type=\"image\/jpg\" \/><img loading=\"lazy\" decoding=\"async\" class=\"image content-image image_placeholder\" src=\"https:\/\/tn.com.ar\/resizer\/v2\/halit-ergenc-durante-las-protestas-que-hubo-en-2013-en-estambul-foto-gentileza-t24-XIVMKIZPLZCZ3FZD7U2KF762MA.jpg?auth=bcac6ce5dd2ec438941b6ed95af653a8cc7f7a33be620bb2b01bb8e1fb71b1ab&amp;width=767\" alt=\"Halit Ergen\u00e7, durante las protestas que hubo en 2013 en Estambul. (Foto: gentileza T24)\" width=\"767\" height=\"384\" data-testid=\"loading-testid\" \/><\/picture><\/div><figcaption class=\"caption_image\" data-testid=\"figcaption-testid\">\n<div class=\"image_caption \">Halit Ergen\u00e7, durante las protestas que hubo en 2013 en Estambul. (Foto: gentileza T24)<\/div>\n<\/figcaption><\/figure>\n<p class=\"paragraph font__body-regular\">El esc\u00e1ndalo creci\u00f3 judicialmente hasta el punto que la due\u00f1a de esta compa\u00f1\u00eda,\u00a0<b>Ay\u015fe Bar\u0131m<\/b>, fue arrestada y condenada a 30 a\u00f1os. Hay sectores de la prensa turca que aseguran que todo\u00a0<b>podr\u00eda ser parte de una persecuci\u00f3n pol\u00edtica\u00a0<\/b>de grupos ligados al presidente\u00a0<b>Recep Tayyip Erdo\u011fan<\/b>.<\/p>\n<p class=\"paragraph font__body-regular\">La Fiscal\u00eda General de Estambul acus\u00f3 a Ay\u015fe Bar\u0131m de ser\u00a0<b>una de las planificadoras de las protestas del Parque Gezi<\/b>\u00a0en 2013. De acuerdo a esta entidad, la profesional de la comunicaci\u00f3n orden\u00f3 a los artistas afiliados a su empresa a que participen de las marchas entre el 29 de mayo y el 2 de junio de aquel a\u00f1o.<\/p>\n<p class=\"paragraph font__body-regular\">\u00bfC\u00f3mo entra el actor conocido como Onur en esta historia? Cuando fueron las primeras audiencias por las distintas investigaciones que hubo se le pregunt\u00f3 a Ergen\u00e7, como testigo,\u00a0<b>si hab\u00eda sido obligado a ir<\/b>\u00a0a lo que \u00e9l respondi\u00f3 que fue por voluntad propia.<\/p>\n<figure class=\"\" data-testid=\"figure-testid\">\n<div class=\"aspect_ratio__container\"><picture class=\"responsive-image\"><source srcset=\"https:\/\/tn.com.ar\/resizer\/v2\/halit-ergenc-durante-una-entrega-de-premios-que-se-hizo-este-martes-por-la-noche-en-donde-reaparecio-tras-la-condena-por-dar-falso-testimonio-foto-halk-tv-FFZEUK6DNFAPFDQSTDTFJKV7CU.jpg?auth=7e33ec0740b6d1a128f5851e2eb4ab96b1b491a6bfd1b4ec1376a6bcf391a052&amp;width=767\" type=\"image\/jpg\" media=\"(max-width: 728px)\" \/><source srcset=\"https:\/\/tn.com.ar\/resizer\/v2\/halit-ergenc-durante-una-entrega-de-premios-que-se-hizo-este-martes-por-la-noche-en-donde-reaparecio-tras-la-condena-por-dar-falso-testimonio-foto-halk-tv-FFZEUK6DNFAPFDQSTDTFJKV7CU.jpg?auth=7e33ec0740b6d1a128f5851e2eb4ab96b1b491a6bfd1b4ec1376a6bcf391a052&amp;width=1023\" type=\"image\/jpg\" media=\"(max-width: 1023px)\" \/><source srcset=\"https:\/\/tn.com.ar\/resizer\/v2\/halit-ergenc-durante-una-entrega-de-premios-que-se-hizo-este-martes-por-la-noche-en-donde-reaparecio-tras-la-condena-por-dar-falso-testimonio-foto-halk-tv-FFZEUK6DNFAPFDQSTDTFJKV7CU.jpg?auth=7e33ec0740b6d1a128f5851e2eb4ab96b1b491a6bfd1b4ec1376a6bcf391a052&amp;width=1440\" type=\"image\/jpg\" \/><img loading=\"lazy\" decoding=\"async\" class=\"image content-image image_placeholder\" src=\"https:\/\/tn.com.ar\/resizer\/v2\/halit-ergenc-durante-una-entrega-de-premios-que-se-hizo-este-martes-por-la-noche-en-donde-reaparecio-tras-la-condena-por-dar-falso-testimonio-foto-halk-tv-FFZEUK6DNFAPFDQSTDTFJKV7CU.jpg?auth=7e33ec0740b6d1a128f5851e2eb4ab96b1b491a6bfd1b4ec1376a6bcf391a052&amp;width=767\" alt=\"Halit Ergen\u00e7, durante una entrega de premios que se hizo este martes por la noche en donde reapareci\u00f3 tras la condena por dar &quot;falso testimonio&quot;. (Foto: Halk TV)\" width=\"767\" height=\"835\" data-testid=\"loading-testid\" \/><\/picture><\/div><figcaption class=\"caption_image\" data-testid=\"figcaption-testid\">\n<div class=\"image_caption \">Halit Ergen\u00e7, durante una entrega de premios que se hizo este martes por la noche en donde reapareci\u00f3 tras la condena por dar &#8220;falso testimonio&#8221;. (Foto: Halk TV)<\/div>\n<\/figcaption><\/figure>\n<p class=\"paragraph font__body-regular\">En la condena se expusieron<b>\u00a0presuntas pruebas<\/b>\u00a0en contra de ese testimonio y del de otras figuras turcas que tambi\u00e9n fueron condenadas por lo mismo.<\/p>\n<p class=\"paragraph font__body-regular\">Durante la definici\u00f3n del caso, Ergen\u00e7 neg\u00f3 que todo fuera como dijo el juez que lo conden\u00f3. \u201c<b>Mi declaraci\u00f3n como testigo fue tomada y no ment\u00ed.<\/b>\u00a0(&#8230;) Solicito mi absoluci\u00f3n porque no se conocieron los elementos legales del delito\u201d, expuso el actor durante la audiencia en la que se lo conden\u00f3.<\/p>\n<p class=\"paragraph font__body-regular\">Este martes, Ergen\u00e7 particip\u00f3 de la entrega de los Premios del Teatro Bedia Muvahhit.\u00a0<b>Se lo vio sonriente y sin preocucaci\u00f3n<\/b>, pero no se refiri\u00f3 al tema en ning\u00fan momento.<\/p>\n<\/div>\n<p><\/main><\/div>\n<aside class=\"col-right-rail right-rail\">\n<div id=\"parent-ad-slot-caja\" class=\"ad-container caja_ad \">\n<div class=\"ad-content\">\n<div id=\"ad-slot-caja\" class=\"ad-slot-caja ad-slot\" data-adtype=\"caja\" data-google-query-id=\"CNzQuKrEx40DFaJLuAQd1PoCDg\"><\/div>\n<\/div>\n<\/div>\n<\/aside>\n","protected":false},"excerpt":{"rendered":"<p>Fue por dar falso testimonio en un caso que lleva 12 a\u00f1os de disputa judicial. Halit Ergen\u00e7, el actor que encarn\u00f3 al personaje de\u00a0Onur\u00a0en la exitosa novela\u00a0Las mil y una noches, fue condenado por la justicia turca\u00a0a un a\u00f1o y 10 meses de prisi\u00f3n\u00a0por haber dado \u201cfalso testimonio\u201d en una causa que lleva m\u00e1s de [&hellip;]<\/p>\n","protected":false},"author":1,"featured_media":1184,"comment_status":"open","ping_status":"open","sticky":false,"template":"","format":"standard","meta":{"rop_custom_images_group":[],"rop_custom_messages_group":[],"rop_publish_now":"initial","rop_publish_now_accounts":[],"rop_publish_now_history":[],"rop_publish_now_status":"pending","footnotes":"","jetpack_publicize_message":"","jetpack_publicize_feature_enabled":true,"jetpack_social_post_already_shared":true,"jetpack_social_options":{"image_generator_settings":{"template":"highway","enabled":false},"version":2}},"categories":[12],"tags":[],"class_list":{"0":"post-1181","1":"post","2":"type-post","3":"status-publish","4":"format-standard","5":"has-post-thumbnail","7":"category-espectaculos"},"jetpack_publicize_connections":[],"yoast_head":"<!-- This site is optimized with the Yoast SEO plugin v27.3 - https:\/\/yoast.com\/product\/yoast-seo-wordpress\/ -->\n<title>Condenaron a casi dos a\u00f1os de c\u00e1rcel al actor turco que encarn\u00f3 a Onur en Las mil y una noches - CLAN ESPECTACULOS<\/title>\n<meta name=\"robots\" content=\"index, follow, max-snippet:-1, max-image-preview:large, max-video-preview:-1\" \/>\n<link rel=\"canonical\" href=\"https:\/\/radioclanfm.com\/clanespectaculos\/condenaron-a-casi-dos-anos-de-carcel-al-actor-turco-que-encarno-a-onur-en-las-mil-y-una-noches\/\" \/>\n<meta property=\"og:locale\" content=\"es_ES\" \/>\n<meta property=\"og:type\" content=\"article\" \/>\n<meta property=\"og:title\" content=\"Condenaron a casi dos a\u00f1os de c\u00e1rcel al actor turco que encarn\u00f3 a Onur en Las mil y una noches - CLAN ESPECTACULOS\" \/>\n<meta property=\"og:description\" content=\"Fue por dar falso testimonio en un caso que lleva 12 a\u00f1os de disputa judicial. Halit Ergen\u00e7, el actor que encarn\u00f3 al personaje de\u00a0Onur\u00a0en la exitosa novela\u00a0Las mil y una noches, fue condenado por la justicia turca\u00a0a un a\u00f1o y 10 meses de prisi\u00f3n\u00a0por haber dado \u201cfalso testimonio\u201d en una causa que lleva m\u00e1s de [&hellip;]\" \/>\n<meta property=\"og:url\" content=\"https:\/\/radioclanfm.com\/clanespectaculos\/condenaron-a-casi-dos-anos-de-carcel-al-actor-turco-que-encarno-a-onur-en-las-mil-y-una-noches\/\" \/>\n<meta property=\"og:site_name\" content=\"CLAN ESPECTACULOS\" \/>\n<meta property=\"article:publisher\" content=\"https:\/\/www.facebook.com\/clanespectaculos\/\" \/>\n<meta property=\"article:published_time\" content=\"2025-05-29T01:33:25+00:00\" \/>\n<meta property=\"og:image\" content=\"https:\/\/radioclanfm.com\/clanespectaculos\/wp-content\/uploads\/sites\/2\/2025\/05\/jqSQkuDR.jpg\" \/>\n\t<meta property=\"og:image:width\" content=\"900\" \/>\n\t<meta property=\"og:image:height\" content=\"552\" \/>\n\t<meta property=\"og:image:type\" content=\"image\/jpeg\" \/>\n<meta name=\"author\" content=\"E-GRUPOCLAN\" \/>\n<meta name=\"twitter:card\" content=\"summary_large_image\" \/>\n<meta name=\"twitter:creator\" content=\"@clanespectok\" \/>\n<meta name=\"twitter:site\" content=\"@clanespectok\" \/>\n<meta name=\"twitter:label1\" content=\"Escrito por\" \/>\n\t<meta name=\"twitter:data1\" content=\"E-GRUPOCLAN\" \/>\n\t<meta name=\"twitter:label2\" content=\"Tiempo de lectura\" \/>\n\t<meta name=\"twitter:data2\" content=\"3 minutos\" \/>\n<script type=\"application\/ld+json\" class=\"yoast-schema-graph\">{\"@context\":\"https:\\\/\\\/schema.org\",\"@graph\":[{\"@type\":\"Article\",\"@id\":\"https:\\\/\\\/radioclanfm.com\\\/clanespectaculos\\\/condenaron-a-casi-dos-anos-de-carcel-al-actor-turco-que-encarno-a-onur-en-las-mil-y-una-noches\\\/#article\",\"isPartOf\":{\"@id\":\"https:\\\/\\\/radioclanfm.com\\\/clanespectaculos\\\/condenaron-a-casi-dos-anos-de-carcel-al-actor-turco-que-encarno-a-onur-en-las-mil-y-una-noches\\\/\"},\"author\":{\"name\":\"E-GRUPOCLAN\",\"@id\":\"https:\\\/\\\/radioclanfm.com\\\/clanespectaculos\\\/#\\\/schema\\\/person\\\/9734813083303230f3ad84d99171b20c\"},\"headline\":\"Condenaron a casi dos a\u00f1os de c\u00e1rcel al actor turco que encarn\u00f3 a Onur en Las mil y una noches\",\"datePublished\":\"2025-05-29T01:33:25+00:00\",\"mainEntityOfPage\":{\"@id\":\"https:\\\/\\\/radioclanfm.com\\\/clanespectaculos\\\/condenaron-a-casi-dos-anos-de-carcel-al-actor-turco-que-encarno-a-onur-en-las-mil-y-una-noches\\\/\"},\"wordCount\":550,\"commentCount\":0,\"publisher\":{\"@id\":\"https:\\\/\\\/radioclanfm.com\\\/clanespectaculos\\\/#organization\"},\"image\":{\"@id\":\"https:\\\/\\\/radioclanfm.com\\\/clanespectaculos\\\/condenaron-a-casi-dos-anos-de-carcel-al-actor-turco-que-encarno-a-onur-en-las-mil-y-una-noches\\\/#primaryimage\"},\"thumbnailUrl\":\"https:\\\/\\\/radioclanfm.com\\\/clanespectaculos\\\/wp-content\\\/uploads\\\/sites\\\/2\\\/2025\\\/05\\\/jqSQkuDR.jpg\",\"articleSection\":[\"Espectaculos\"],\"inLanguage\":\"es-AR\",\"potentialAction\":[{\"@type\":\"CommentAction\",\"name\":\"Comment\",\"target\":[\"https:\\\/\\\/radioclanfm.com\\\/clanespectaculos\\\/condenaron-a-casi-dos-anos-de-carcel-al-actor-turco-que-encarno-a-onur-en-las-mil-y-una-noches\\\/#respond\"]}]},{\"@type\":\"WebPage\",\"@id\":\"https:\\\/\\\/radioclanfm.com\\\/clanespectaculos\\\/condenaron-a-casi-dos-anos-de-carcel-al-actor-turco-que-encarno-a-onur-en-las-mil-y-una-noches\\\/\",\"url\":\"https:\\\/\\\/radioclanfm.com\\\/clanespectaculos\\\/condenaron-a-casi-dos-anos-de-carcel-al-actor-turco-que-encarno-a-onur-en-las-mil-y-una-noches\\\/\",\"name\":\"Condenaron a casi dos a\u00f1os de c\u00e1rcel al actor turco que encarn\u00f3 a Onur en Las mil y una noches - CLAN ESPECTACULOS\",\"isPartOf\":{\"@id\":\"https:\\\/\\\/radioclanfm.com\\\/clanespectaculos\\\/#website\"},\"primaryImageOfPage\":{\"@id\":\"https:\\\/\\\/radioclanfm.com\\\/clanespectaculos\\\/condenaron-a-casi-dos-anos-de-carcel-al-actor-turco-que-encarno-a-onur-en-las-mil-y-una-noches\\\/#primaryimage\"},\"image\":{\"@id\":\"https:\\\/\\\/radioclanfm.com\\\/clanespectaculos\\\/condenaron-a-casi-dos-anos-de-carcel-al-actor-turco-que-encarno-a-onur-en-las-mil-y-una-noches\\\/#primaryimage\"},\"thumbnailUrl\":\"https:\\\/\\\/radioclanfm.com\\\/clanespectaculos\\\/wp-content\\\/uploads\\\/sites\\\/2\\\/2025\\\/05\\\/jqSQkuDR.jpg\",\"datePublished\":\"2025-05-29T01:33:25+00:00\",\"breadcrumb\":{\"@id\":\"https:\\\/\\\/radioclanfm.com\\\/clanespectaculos\\\/condenaron-a-casi-dos-anos-de-carcel-al-actor-turco-que-encarno-a-onur-en-las-mil-y-una-noches\\\/#breadcrumb\"},\"inLanguage\":\"es-AR\",\"potentialAction\":[{\"@type\":\"ReadAction\",\"target\":[\"https:\\\/\\\/radioclanfm.com\\\/clanespectaculos\\\/condenaron-a-casi-dos-anos-de-carcel-al-actor-turco-que-encarno-a-onur-en-las-mil-y-una-noches\\\/\"]}]},{\"@type\":\"ImageObject\",\"inLanguage\":\"es-AR\",\"@id\":\"https:\\\/\\\/radioclanfm.com\\\/clanespectaculos\\\/condenaron-a-casi-dos-anos-de-carcel-al-actor-turco-que-encarno-a-onur-en-las-mil-y-una-noches\\\/#primaryimage\",\"url\":\"https:\\\/\\\/radioclanfm.com\\\/clanespectaculos\\\/wp-content\\\/uploads\\\/sites\\\/2\\\/2025\\\/05\\\/jqSQkuDR.jpg\",\"contentUrl\":\"https:\\\/\\\/radioclanfm.com\\\/clanespectaculos\\\/wp-content\\\/uploads\\\/sites\\\/2\\\/2025\\\/05\\\/jqSQkuDR.jpg\",\"width\":900,\"height\":552},{\"@type\":\"BreadcrumbList\",\"@id\":\"https:\\\/\\\/radioclanfm.com\\\/clanespectaculos\\\/condenaron-a-casi-dos-anos-de-carcel-al-actor-turco-que-encarno-a-onur-en-las-mil-y-una-noches\\\/#breadcrumb\",\"itemListElement\":[{\"@type\":\"ListItem\",\"position\":1,\"name\":\"Inicio\",\"item\":\"https:\\\/\\\/radioclanfm.com\\\/clanespectaculos\\\/\"},{\"@type\":\"ListItem\",\"position\":2,\"name\":\"Condenaron a casi dos a\u00f1os de c\u00e1rcel al actor turco que encarn\u00f3 a Onur en Las mil y una noches\"}]},{\"@type\":\"WebSite\",\"@id\":\"https:\\\/\\\/radioclanfm.com\\\/clanespectaculos\\\/#website\",\"url\":\"https:\\\/\\\/radioclanfm.com\\\/clanespectaculos\\\/\",\"name\":\"CLAN ESPECTACULOS\",\"description\":\"\",\"publisher\":{\"@id\":\"https:\\\/\\\/radioclanfm.com\\\/clanespectaculos\\\/#organization\"},\"potentialAction\":[{\"@type\":\"SearchAction\",\"target\":{\"@type\":\"EntryPoint\",\"urlTemplate\":\"https:\\\/\\\/radioclanfm.com\\\/clanespectaculos\\\/?s={search_term_string}\"},\"query-input\":{\"@type\":\"PropertyValueSpecification\",\"valueRequired\":true,\"valueName\":\"search_term_string\"}}],\"inLanguage\":\"es-AR\"},{\"@type\":\"Organization\",\"@id\":\"https:\\\/\\\/radioclanfm.com\\\/clanespectaculos\\\/#organization\",\"name\":\"CLAN ESPECTACULOS\",\"url\":\"https:\\\/\\\/radioclanfm.com\\\/clanespectaculos\\\/\",\"logo\":{\"@type\":\"ImageObject\",\"inLanguage\":\"es-AR\",\"@id\":\"https:\\\/\\\/radioclanfm.com\\\/clanespectaculos\\\/#\\\/schema\\\/logo\\\/image\\\/\",\"url\":\"https:\\\/\\\/radioclanfm.com\\\/clanespectaculos\\\/wp-content\\\/uploads\\\/sites\\\/2\\\/2026\\\/04\\\/ChatGPT-Image-23-mar-2026-10_09_00.png\",\"contentUrl\":\"https:\\\/\\\/radioclanfm.com\\\/clanespectaculos\\\/wp-content\\\/uploads\\\/sites\\\/2\\\/2026\\\/04\\\/ChatGPT-Image-23-mar-2026-10_09_00.png\",\"width\":1024,\"height\":1024,\"caption\":\"CLAN ESPECTACULOS\"},\"image\":{\"@id\":\"https:\\\/\\\/radioclanfm.com\\\/clanespectaculos\\\/#\\\/schema\\\/logo\\\/image\\\/\"},\"sameAs\":[\"https:\\\/\\\/www.facebook.com\\\/clanespectaculos\\\/\",\"https:\\\/\\\/x.com\\\/clanespectok\"]},{\"@type\":\"Person\",\"@id\":\"https:\\\/\\\/radioclanfm.com\\\/clanespectaculos\\\/#\\\/schema\\\/person\\\/9734813083303230f3ad84d99171b20c\",\"name\":\"E-GRUPOCLAN\",\"image\":{\"@type\":\"ImageObject\",\"inLanguage\":\"es-AR\",\"@id\":\"https:\\\/\\\/secure.gravatar.com\\\/avatar\\\/af6e19837c3d6a212034a48c7b3818d2ac1826f6025df0155da5a186ad321d79?s=96&d=mm&r=g\",\"url\":\"https:\\\/\\\/secure.gravatar.com\\\/avatar\\\/af6e19837c3d6a212034a48c7b3818d2ac1826f6025df0155da5a186ad321d79?s=96&d=mm&r=g\",\"contentUrl\":\"https:\\\/\\\/secure.gravatar.com\\\/avatar\\\/af6e19837c3d6a212034a48c7b3818d2ac1826f6025df0155da5a186ad321d79?s=96&d=mm&r=g\",\"caption\":\"E-GRUPOCLAN\"},\"sameAs\":[\"https:\\\/\\\/radioclanfm.com\"],\"url\":\"https:\\\/\\\/radioclanfm.com\\\/clanespectaculos\\\/author\\\/admin\\\/\"}]}<\/script>\n<!-- \/ Yoast SEO plugin. -->","yoast_head_json":{"title":"Condenaron a casi dos a\u00f1os de c\u00e1rcel al actor turco que encarn\u00f3 a Onur en Las mil y una noches - CLAN ESPECTACULOS","robots":{"index":"index","follow":"follow","max-snippet":"max-snippet:-1","max-image-preview":"max-image-preview:large","max-video-preview":"max-video-preview:-1"},"canonical":"https:\/\/radioclanfm.com\/clanespectaculos\/condenaron-a-casi-dos-anos-de-carcel-al-actor-turco-que-encarno-a-onur-en-las-mil-y-una-noches\/","og_locale":"es_ES","og_type":"article","og_title":"Condenaron a casi dos a\u00f1os de c\u00e1rcel al actor turco que encarn\u00f3 a Onur en Las mil y una noches - CLAN ESPECTACULOS","og_description":"Fue por dar falso testimonio en un caso que lleva 12 a\u00f1os de disputa judicial. Halit Ergen\u00e7, el actor que encarn\u00f3 al personaje de\u00a0Onur\u00a0en la exitosa novela\u00a0Las mil y una noches, fue condenado por la justicia turca\u00a0a un a\u00f1o y 10 meses de prisi\u00f3n\u00a0por haber dado \u201cfalso testimonio\u201d en una causa que lleva m\u00e1s de [&hellip;]","og_url":"https:\/\/radioclanfm.com\/clanespectaculos\/condenaron-a-casi-dos-anos-de-carcel-al-actor-turco-que-encarno-a-onur-en-las-mil-y-una-noches\/","og_site_name":"CLAN ESPECTACULOS","article_publisher":"https:\/\/www.facebook.com\/clanespectaculos\/","article_published_time":"2025-05-29T01:33:25+00:00","og_image":[{"width":900,"height":552,"url":"https:\/\/radioclanfm.com\/clanespectaculos\/wp-content\/uploads\/sites\/2\/2025\/05\/jqSQkuDR.jpg","type":"image\/jpeg"}],"author":"E-GRUPOCLAN","twitter_card":"summary_large_image","twitter_creator":"@clanespectok","twitter_site":"@clanespectok","twitter_misc":{"Escrito por":"E-GRUPOCLAN","Tiempo de lectura":"3 minutos"},"schema":{"@context":"https:\/\/schema.org","@graph":[{"@type":"Article","@id":"https:\/\/radioclanfm.com\/clanespectaculos\/condenaron-a-casi-dos-anos-de-carcel-al-actor-turco-que-encarno-a-onur-en-las-mil-y-una-noches\/#article","isPartOf":{"@id":"https:\/\/radioclanfm.com\/clanespectaculos\/condenaron-a-casi-dos-anos-de-carcel-al-actor-turco-que-encarno-a-onur-en-las-mil-y-una-noches\/"},"author":{"name":"E-GRUPOCLAN","@id":"https:\/\/radioclanfm.com\/clanespectaculos\/#\/schema\/person\/9734813083303230f3ad84d99171b20c"},"headline":"Condenaron a casi dos a\u00f1os de c\u00e1rcel al actor turco que encarn\u00f3 a Onur en Las mil y una noches","datePublished":"2025-05-29T01:33:25+00:00","mainEntityOfPage":{"@id":"https:\/\/radioclanfm.com\/clanespectaculos\/condenaron-a-casi-dos-anos-de-carcel-al-actor-turco-que-encarno-a-onur-en-las-mil-y-una-noches\/"},"wordCount":550,"commentCount":0,"publisher":{"@id":"https:\/\/radioclanfm.com\/clanespectaculos\/#organization"},"image":{"@id":"https:\/\/radioclanfm.com\/clanespectaculos\/condenaron-a-casi-dos-anos-de-carcel-al-actor-turco-que-encarno-a-onur-en-las-mil-y-una-noches\/#primaryimage"},"thumbnailUrl":"https:\/\/radioclanfm.com\/clanespectaculos\/wp-content\/uploads\/sites\/2\/2025\/05\/jqSQkuDR.jpg","articleSection":["Espectaculos"],"inLanguage":"es-AR","potentialAction":[{"@type":"CommentAction","name":"Comment","target":["https:\/\/radioclanfm.com\/clanespectaculos\/condenaron-a-casi-dos-anos-de-carcel-al-actor-turco-que-encarno-a-onur-en-las-mil-y-una-noches\/#respond"]}]},{"@type":"WebPage","@id":"https:\/\/radioclanfm.com\/clanespectaculos\/condenaron-a-casi-dos-anos-de-carcel-al-actor-turco-que-encarno-a-onur-en-las-mil-y-una-noches\/","url":"https:\/\/radioclanfm.com\/clanespectaculos\/condenaron-a-casi-dos-anos-de-carcel-al-actor-turco-que-encarno-a-onur-en-las-mil-y-una-noches\/","name":"Condenaron a casi dos a\u00f1os de c\u00e1rcel al actor turco que encarn\u00f3 a Onur en Las mil y una noches - CLAN ESPECTACULOS","isPartOf":{"@id":"https:\/\/radioclanfm.com\/clanespectaculos\/#website"},"primaryImageOfPage":{"@id":"https:\/\/radioclanfm.com\/clanespectaculos\/condenaron-a-casi-dos-anos-de-carcel-al-actor-turco-que-encarno-a-onur-en-las-mil-y-una-noches\/#primaryimage"},"image":{"@id":"https:\/\/radioclanfm.com\/clanespectaculos\/condenaron-a-casi-dos-anos-de-carcel-al-actor-turco-que-encarno-a-onur-en-las-mil-y-una-noches\/#primaryimage"},"thumbnailUrl":"https:\/\/radioclanfm.com\/clanespectaculos\/wp-content\/uploads\/sites\/2\/2025\/05\/jqSQkuDR.jpg","datePublished":"2025-05-29T01:33:25+00:00","breadcrumb":{"@id":"https:\/\/radioclanfm.com\/clanespectaculos\/condenaron-a-casi-dos-anos-de-carcel-al-actor-turco-que-encarno-a-onur-en-las-mil-y-una-noches\/#breadcrumb"},"inLanguage":"es-AR","potentialAction":[{"@type":"ReadAction","target":["https:\/\/radioclanfm.com\/clanespectaculos\/condenaron-a-casi-dos-anos-de-carcel-al-actor-turco-que-encarno-a-onur-en-las-mil-y-una-noches\/"]}]},{"@type":"ImageObject","inLanguage":"es-AR","@id":"https:\/\/radioclanfm.com\/clanespectaculos\/condenaron-a-casi-dos-anos-de-carcel-al-actor-turco-que-encarno-a-onur-en-las-mil-y-una-noches\/#primaryimage","url":"https:\/\/radioclanfm.com\/clanespectaculos\/wp-content\/uploads\/sites\/2\/2025\/05\/jqSQkuDR.jpg","contentUrl":"https:\/\/radioclanfm.com\/clanespectaculos\/wp-content\/uploads\/sites\/2\/2025\/05\/jqSQkuDR.jpg","width":900,"height":552},{"@type":"BreadcrumbList","@id":"https:\/\/radioclanfm.com\/clanespectaculos\/condenaron-a-casi-dos-anos-de-carcel-al-actor-turco-que-encarno-a-onur-en-las-mil-y-una-noches\/#breadcrumb","itemListElement":[{"@type":"ListItem","position":1,"name":"Inicio","item":"https:\/\/radioclanfm.com\/clanespectaculos\/"},{"@type":"ListItem","position":2,"name":"Condenaron a casi dos a\u00f1os de c\u00e1rcel al actor turco que encarn\u00f3 a Onur en Las mil y una noches"}]},{"@type":"WebSite","@id":"https:\/\/radioclanfm.com\/clanespectaculos\/#website","url":"https:\/\/radioclanfm.com\/clanespectaculos\/","name":"CLAN ESPECTACULOS","description":"","publisher":{"@id":"https:\/\/radioclanfm.com\/clanespectaculos\/#organization"},"potentialAction":[{"@type":"SearchAction","target":{"@type":"EntryPoint","urlTemplate":"https:\/\/radioclanfm.com\/clanespectaculos\/?s={search_term_string}"},"query-input":{"@type":"PropertyValueSpecification","valueRequired":true,"valueName":"search_term_string"}}],"inLanguage":"es-AR"},{"@type":"Organization","@id":"https:\/\/radioclanfm.com\/clanespectaculos\/#organization","name":"CLAN ESPECTACULOS","url":"https:\/\/radioclanfm.com\/clanespectaculos\/","logo":{"@type":"ImageObject","inLanguage":"es-AR","@id":"https:\/\/radioclanfm.com\/clanespectaculos\/#\/schema\/logo\/image\/","url":"https:\/\/radioclanfm.com\/clanespectaculos\/wp-content\/uploads\/sites\/2\/2026\/04\/ChatGPT-Image-23-mar-2026-10_09_00.png","contentUrl":"https:\/\/radioclanfm.com\/clanespectaculos\/wp-content\/uploads\/sites\/2\/2026\/04\/ChatGPT-Image-23-mar-2026-10_09_00.png","width":1024,"height":1024,"caption":"CLAN ESPECTACULOS"},"image":{"@id":"https:\/\/radioclanfm.com\/clanespectaculos\/#\/schema\/logo\/image\/"},"sameAs":["https:\/\/www.facebook.com\/clanespectaculos\/","https:\/\/x.com\/clanespectok"]},{"@type":"Person","@id":"https:\/\/radioclanfm.com\/clanespectaculos\/#\/schema\/person\/9734813083303230f3ad84d99171b20c","name":"E-GRUPOCLAN","image":{"@type":"ImageObject","inLanguage":"es-AR","@id":"https:\/\/secure.gravatar.com\/avatar\/af6e19837c3d6a212034a48c7b3818d2ac1826f6025df0155da5a186ad321d79?s=96&d=mm&r=g","url":"https:\/\/secure.gravatar.com\/avatar\/af6e19837c3d6a212034a48c7b3818d2ac1826f6025df0155da5a186ad321d79?s=96&d=mm&r=g","contentUrl":"https:\/\/secure.gravatar.com\/avatar\/af6e19837c3d6a212034a48c7b3818d2ac1826f6025df0155da5a186ad321d79?s=96&d=mm&r=g","caption":"E-GRUPOCLAN"},"sameAs":["https:\/\/radioclanfm.com"],"url":"https:\/\/radioclanfm.com\/clanespectaculos\/author\/admin\/"}]}},"_links":{"self":[{"href":"https:\/\/radioclanfm.com\/clanespectaculos\/wp-json\/wp\/v2\/posts\/1181","targetHints":{"allow":["GET"]}}],"collection":[{"href":"https:\/\/radioclanfm.com\/clanespectaculos\/wp-json\/wp\/v2\/posts"}],"about":[{"href":"https:\/\/radioclanfm.com\/clanespectaculos\/wp-json\/wp\/v2\/types\/post"}],"author":[{"embeddable":true,"href":"https:\/\/radioclanfm.com\/clanespectaculos\/wp-json\/wp\/v2\/users\/1"}],"replies":[{"embeddable":true,"href":"https:\/\/radioclanfm.com\/clanespectaculos\/wp-json\/wp\/v2\/comments?post=1181"}],"version-history":[{"count":1,"href":"https:\/\/radioclanfm.com\/clanespectaculos\/wp-json\/wp\/v2\/posts\/1181\/revisions"}],"predecessor-version":[{"id":1185,"href":"https:\/\/radioclanfm.com\/clanespectaculos\/wp-json\/wp\/v2\/posts\/1181\/revisions\/1185"}],"wp:featuredmedia":[{"embeddable":true,"href":"https:\/\/radioclanfm.com\/clanespectaculos\/wp-json\/wp\/v2\/media\/1184"}],"wp:attachment":[{"href":"https:\/\/radioclanfm.com\/clanespectaculos\/wp-json\/wp\/v2\/media?parent=1181"}],"wp:term":[{"taxonomy":"category","embeddable":true,"href":"https:\/\/radioclanfm.com\/clanespectaculos\/wp-json\/wp\/v2\/categories?post=1181"},{"taxonomy":"post_tag","embeddable":true,"href":"https:\/\/radioclanfm.com\/clanespectaculos\/wp-json\/wp\/v2\/tags?post=1181"}],"curies":[{"name":"wp","href":"https:\/\/api.w.org\/{rel}","templated":true}]}}