{"id":1166,"date":"2025-05-28T22:22:49","date_gmt":"2025-05-29T01:22:49","guid":{"rendered":"https:\/\/radioclanfm.com\/clanespectaculos\/?p=1166"},"modified":"2025-05-28T22:22:49","modified_gmt":"2025-05-29T01:22:49","slug":"ivana-icardi-explico-por-que-su-papa-vende-comida-a-domicilio-y-conto-como-se-mantiene-su-familia","status":"publish","type":"post","link":"https:\/\/radioclanfm.com\/clanespectaculos\/ivana-icardi-explico-por-que-su-papa-vende-comida-a-domicilio-y-conto-como-se-mantiene-su-familia\/","title":{"rendered":"Ivana Icardi explic\u00f3 por qu\u00e9 su pap\u00e1 vende comida a domicilio y cont\u00f3 c\u00f3mo se mantiene su familia"},"content":{"rendered":"<p>La hermana de Mauro Icardi se hart\u00f3 de las cr\u00edticas y asegur\u00f3 que nunca recibieron ayuda econ\u00f3mica del futbolista.<\/p>\n<div class=\"col-content\"><main class=\"col-content\"><\/p>\n<div class=\"default-article-color article__body article__article\">\n<p class=\"paragraph font__body-regular\"><b>Ivana Icardi<\/b><b>\u00a0<\/b>se hart\u00f3 de las cr\u00edticas hacia su familia y se expres\u00f3 en sus redes sociales. En sus palabras, la hermana de\u00a0<b>Mauro<\/b>\u00a0explic\u00f3 por qu\u00e9 su pap\u00e1\u00a0<b>vende comida a domicilio<\/b>\u00a0y cont\u00f3 c\u00f3mo se mantienen econ\u00f3micamente sus seres queridos.<\/p>\n<div class=\"AV67f93cf033780503b00636a7\">\n<div id=\"aniBox\">\n<div id=\"aniplayer_AV67f93cf033780503b00636a7-1748481719163\">\n<div id=\"aniplayer_AV67f93cf033780503b00636a7-1748481719163gui\">\n<div id=\"av-caption\">\n<div id=\"av-close-btn-overlay\" class=\"av-pos-top-left\"><\/div>\n<\/div>\n<\/div>\n<div id=\"anibid\"><\/div>\n<\/div>\n<\/div>\n<\/div>\n<div id=\"ad-slot-infeed\" class=\"infeed-container ad-slot-infeed ad-slot\" data-adtype=\"infeed\" data-google-query-id=\"CIXStv3Bx40DFaxQuAQdhVgB7A\">\n<div id=\"google_ads_iframe_\/113951150\/tn-arc\/nota\/infeed_0__container__\"><\/div>\n<\/div>\n<p class=\"paragraph font__body-regular\">Las declaraciones de la medi\u00e1tica surgieron en medio de las cr\u00edticas que trascendieron por las fotos que se viralizaron de las hijas de Wanda Nara preparando\u00a0<b>locro con su abuelo paterno\u00a0<\/b>el pasado 25 de mayo.<\/p>\n<p class=\"paragraph font__body-regular\"><b>\u201c\u00bfSu hijo millonario y ni lo ayuda al padre?\u201c<\/b>, fue una de las preguntas que se repitieron entre los usuarios. Luego de este revuelo, Ivana se expres\u00f3 en su cuenta de X (ex Twitter) para contar la verdad detr\u00e1s de la econom\u00eda de la familia Icardi.<\/p>\n<figure class=\"\" data-testid=\"figure-testid\">\n<div class=\"aspect_ratio__container\"><picture class=\"responsive-image\"><source srcset=\"https:\/\/tn.com.ar\/resizer\/v2\/asi-promocionaba-juan-icardi-la-venta-de-su-locro-para-el-25-de-mayo-foto-instagramjuanicardi-6KMJ5EIJ3VHSHFE4CFVRCN3E34.jpeg?auth=1f295841bef18b4b77e14e4eefed16e513fe69a99a1d7dc94de8b3a6af131bf8&amp;width=767\" type=\"image\/jpg\" media=\"(max-width: 728px)\" \/><source srcset=\"https:\/\/tn.com.ar\/resizer\/v2\/asi-promocionaba-juan-icardi-la-venta-de-su-locro-para-el-25-de-mayo-foto-instagramjuanicardi-6KMJ5EIJ3VHSHFE4CFVRCN3E34.jpeg?auth=1f295841bef18b4b77e14e4eefed16e513fe69a99a1d7dc94de8b3a6af131bf8&amp;width=1023\" type=\"image\/jpg\" media=\"(max-width: 1023px)\" \/><source srcset=\"https:\/\/tn.com.ar\/resizer\/v2\/asi-promocionaba-juan-icardi-la-venta-de-su-locro-para-el-25-de-mayo-foto-instagramjuanicardi-6KMJ5EIJ3VHSHFE4CFVRCN3E34.jpeg?auth=1f295841bef18b4b77e14e4eefed16e513fe69a99a1d7dc94de8b3a6af131bf8&amp;width=1440\" type=\"image\/jpg\" \/><img loading=\"lazy\" decoding=\"async\" class=\"image content-image image_placeholder\" src=\"https:\/\/tn.com.ar\/resizer\/v2\/asi-promocionaba-juan-icardi-la-venta-de-su-locro-para-el-25-de-mayo-foto-instagramjuanicardi-6KMJ5EIJ3VHSHFE4CFVRCN3E34.jpeg?auth=1f295841bef18b4b77e14e4eefed16e513fe69a99a1d7dc94de8b3a6af131bf8&amp;width=767\" alt=\"As\u00ed promocionaba Juan Icardi la venta de su locro para el 25 de mayo. (Foto: Instagram\/juanicardi)\" width=\"767\" height=\"1267\" data-testid=\"loading-testid\" \/><\/picture><\/div><figcaption class=\"caption_image\" data-testid=\"figcaption-testid\">\n<div class=\"image_caption \">As\u00ed promocionaba Juan Icardi la venta de su locro para el 25 de mayo. (Foto: Instagram\/juanicardi)<\/div>\n<\/figcaption><\/figure>\n<p class=\"paragraph font__body-regular\">\u201cEs un narcisista que ignora a tu familia, se la jacta de millonario y ni si quiera les da una mano a sus padres para que no tengan que trabajar. La fama y el dinero se terminan\u201d, expres\u00f3 otra internauta. Ante eso, Ivana reaccion\u00f3: \u201cNos acusaban de querer algo y<b>\u00a0nadie le pidi\u00f3 nunca nada<\/b>, hacemos nuestra vida. Si \u00e9l prefiri\u00f3 que lo vivieran otras personas en el pasado, fue decisi\u00f3n suya&#8221;.<\/p>\n<h2 class=\"font--primary font__display\">Qu\u00e9 dijo Ivana Icardi sobre la econom\u00eda de su familia<\/h2>\n<p class=\"paragraph font__body-regular\">\u201cMi pap\u00e1 trabaja con su venta de comida a domicilio, mi mam\u00e1 es\u00a0<b>encargada en una lavander\u00eda hotelera<\/b>\u201d, expuso la ex<i>\u00a0Gran Hermano<\/i>\u00a0esta ma\u00f1ana ante sus miles de seguidores. Luego, se refiri\u00f3 a su hermano Guido: \u201cVive en Suiza, trabaja de chef y tatuador\u201d.<\/p>\n<p class=\"paragraph font__body-regular\">Ante las sospechas, sobre<b>\u00a0su vida laboral<\/b>, Ivana indic\u00f3: \u201cYo trabajo con colaboraciones en mis redes sociales y de project manager para una empresa de eventos y arquitectura\u201d.<\/p>\n<figure class=\"\" data-testid=\"figure-testid\">\n<div class=\"aspect_ratio__container\"><picture class=\"responsive-image\"><source srcset=\"https:\/\/tn.com.ar\/resizer\/v2\/el-descargo-de-ivana-icardi-sobre-la-economia-de-su-familia-foto-captura-xiicardi7-XNCQWFD6FVG4ZFLGQVEKSRUOTA.PNG?auth=faf90b6eadc8046ba75886419dc074f4a83372cb8f0436182b4dce0f7cd631d7&amp;width=767\" type=\"image\/jpg\" media=\"(max-width: 728px)\" \/><source srcset=\"https:\/\/tn.com.ar\/resizer\/v2\/el-descargo-de-ivana-icardi-sobre-la-economia-de-su-familia-foto-captura-xiicardi7-XNCQWFD6FVG4ZFLGQVEKSRUOTA.PNG?auth=faf90b6eadc8046ba75886419dc074f4a83372cb8f0436182b4dce0f7cd631d7&amp;width=1023\" type=\"image\/jpg\" media=\"(max-width: 1023px)\" \/><source srcset=\"https:\/\/tn.com.ar\/resizer\/v2\/el-descargo-de-ivana-icardi-sobre-la-economia-de-su-familia-foto-captura-xiicardi7-XNCQWFD6FVG4ZFLGQVEKSRUOTA.PNG?auth=faf90b6eadc8046ba75886419dc074f4a83372cb8f0436182b4dce0f7cd631d7&amp;width=1440\" type=\"image\/jpg\" \/><img loading=\"lazy\" decoding=\"async\" class=\"image content-image image_placeholder\" src=\"https:\/\/tn.com.ar\/resizer\/v2\/el-descargo-de-ivana-icardi-sobre-la-economia-de-su-familia-foto-captura-xiicardi7-XNCQWFD6FVG4ZFLGQVEKSRUOTA.PNG?auth=faf90b6eadc8046ba75886419dc074f4a83372cb8f0436182b4dce0f7cd631d7&amp;width=767\" alt=\"El descargo de Ivana Icardi sobre la econom\u00eda de su familia. (Foto: captura X\/iicardi7)\" width=\"767\" height=\"438\" data-testid=\"loading-testid\" \/><\/picture><\/div><figcaption class=\"caption_image\" data-testid=\"figcaption-testid\">\n<div class=\"image_caption \">El descargo de Ivana Icardi sobre la econom\u00eda de su familia. (Foto: captura X\/iicardi7)<\/div>\n<\/figcaption><\/figure>\n<p class=\"paragraph font__body-regular\">Luego de ese tuit, la medi\u00e1tica public\u00f3 otro en el que arremeti\u00f3 contra las personas que rodearon a Mauro. \u201cAc\u00e1 la prueba de que el dinero y la fama de mi hermano\u00a0<b>se la repartieron bien entre otros<\/b>\u00a0(que nos acusaban de quererlo por eso)\u201d, dijo ella para desterrar la idea de que tanto ella como su familia \u201cviven\u201d de las ganancias del futbolista.<\/p>\n<p class=\"paragraph font__body-regular\">\u201cMi familia duerme tranquila todas las noches\u201d, lanz\u00f3 Ivana en uno de sus posteos aunque minutos despu\u00e9s agreg\u00f3: \u201cBueno,<b>\u00a0a veces ni duermen de lo que laburan<\/b>\u201d.<\/p>\n<\/div>\n<p><\/main><\/div>\n<aside class=\"col-right-rail right-rail\">\n<div id=\"parent-ad-slot-caja\" class=\"ad-container caja_ad \">\n<div class=\"ad-content\">\n<div id=\"ad-slot-caja\" class=\"ad-slot-caja ad-slot\" data-adtype=\"caja\" data-google-query-id=\"CNX_ivzBx40DFbtMuAQdweof5g\"><\/div>\n<\/div>\n<\/div>\n<\/aside>\n","protected":false},"excerpt":{"rendered":"<p>La hermana de Mauro Icardi se hart\u00f3 de las cr\u00edticas y asegur\u00f3 que nunca recibieron ayuda econ\u00f3mica del futbolista. Ivana Icardi\u00a0se hart\u00f3 de las cr\u00edticas hacia su familia y se expres\u00f3 en sus redes sociales. En sus palabras, la hermana de\u00a0Mauro\u00a0explic\u00f3 por qu\u00e9 su pap\u00e1\u00a0vende comida a domicilio\u00a0y cont\u00f3 c\u00f3mo se mantienen econ\u00f3micamente sus seres [&hellip;]<\/p>\n","protected":false},"author":1,"featured_media":1169,"comment_status":"open","ping_status":"open","sticky":false,"template":"","format":"standard","meta":{"rop_custom_images_group":[],"rop_custom_messages_group":[],"rop_publish_now":"initial","rop_publish_now_accounts":[],"rop_publish_now_history":[],"rop_publish_now_status":"pending","footnotes":"","jetpack_publicize_message":"","jetpack_publicize_feature_enabled":true,"jetpack_social_post_already_shared":true,"jetpack_social_options":{"image_generator_settings":{"template":"highway","enabled":false},"version":2}},"categories":[12],"tags":[],"class_list":{"0":"post-1166","1":"post","2":"type-post","3":"status-publish","4":"format-standard","5":"has-post-thumbnail","7":"category-espectaculos"},"jetpack_publicize_connections":[],"yoast_head":"<!-- This site is optimized with the Yoast SEO plugin v27.3 - https:\/\/yoast.com\/product\/yoast-seo-wordpress\/ -->\n<title>Ivana Icardi explic\u00f3 por qu\u00e9 su pap\u00e1 vende comida a domicilio y cont\u00f3 c\u00f3mo se mantiene su familia - CLAN ESPECTACULOS<\/title>\n<meta name=\"robots\" content=\"index, follow, max-snippet:-1, max-image-preview:large, max-video-preview:-1\" \/>\n<link rel=\"canonical\" href=\"https:\/\/radioclanfm.com\/clanespectaculos\/ivana-icardi-explico-por-que-su-papa-vende-comida-a-domicilio-y-conto-como-se-mantiene-su-familia\/\" \/>\n<meta property=\"og:locale\" content=\"es_ES\" \/>\n<meta property=\"og:type\" content=\"article\" \/>\n<meta property=\"og:title\" content=\"Ivana Icardi explic\u00f3 por qu\u00e9 su pap\u00e1 vende comida a domicilio y cont\u00f3 c\u00f3mo se mantiene su familia - CLAN ESPECTACULOS\" \/>\n<meta property=\"og:description\" content=\"La hermana de Mauro Icardi se hart\u00f3 de las cr\u00edticas y asegur\u00f3 que nunca recibieron ayuda econ\u00f3mica del futbolista. Ivana Icardi\u00a0se hart\u00f3 de las cr\u00edticas hacia su familia y se expres\u00f3 en sus redes sociales. En sus palabras, la hermana de\u00a0Mauro\u00a0explic\u00f3 por qu\u00e9 su pap\u00e1\u00a0vende comida a domicilio\u00a0y cont\u00f3 c\u00f3mo se mantienen econ\u00f3micamente sus seres [&hellip;]\" \/>\n<meta property=\"og:url\" content=\"https:\/\/radioclanfm.com\/clanespectaculos\/ivana-icardi-explico-por-que-su-papa-vende-comida-a-domicilio-y-conto-como-se-mantiene-su-familia\/\" \/>\n<meta property=\"og:site_name\" content=\"CLAN ESPECTACULOS\" \/>\n<meta property=\"article:publisher\" content=\"https:\/\/www.facebook.com\/clanespectaculos\/\" \/>\n<meta property=\"article:published_time\" content=\"2025-05-29T01:22:49+00:00\" \/>\n<meta property=\"og:image\" content=\"https:\/\/radioclanfm.com\/clanespectaculos\/wp-content\/uploads\/sites\/2\/2025\/05\/tvZOJ4Oh.jpg\" \/>\n\t<meta property=\"og:image:width\" content=\"900\" \/>\n\t<meta property=\"og:image:height\" content=\"504\" \/>\n\t<meta property=\"og:image:type\" content=\"image\/jpeg\" \/>\n<meta name=\"author\" content=\"E-GRUPOCLAN\" \/>\n<meta name=\"twitter:card\" content=\"summary_large_image\" \/>\n<meta name=\"twitter:creator\" content=\"@clanespectok\" \/>\n<meta name=\"twitter:site\" content=\"@clanespectok\" \/>\n<meta name=\"twitter:label1\" content=\"Escrito por\" \/>\n\t<meta name=\"twitter:data1\" content=\"E-GRUPOCLAN\" \/>\n\t<meta name=\"twitter:label2\" content=\"Tiempo de lectura\" \/>\n\t<meta name=\"twitter:data2\" content=\"2 minutos\" \/>\n<script type=\"application\/ld+json\" class=\"yoast-schema-graph\">{\"@context\":\"https:\\\/\\\/schema.org\",\"@graph\":[{\"@type\":\"Article\",\"@id\":\"https:\\\/\\\/radioclanfm.com\\\/clanespectaculos\\\/ivana-icardi-explico-por-que-su-papa-vende-comida-a-domicilio-y-conto-como-se-mantiene-su-familia\\\/#article\",\"isPartOf\":{\"@id\":\"https:\\\/\\\/radioclanfm.com\\\/clanespectaculos\\\/ivana-icardi-explico-por-que-su-papa-vende-comida-a-domicilio-y-conto-como-se-mantiene-su-familia\\\/\"},\"author\":{\"name\":\"E-GRUPOCLAN\",\"@id\":\"https:\\\/\\\/radioclanfm.com\\\/clanespectaculos\\\/#\\\/schema\\\/person\\\/9734813083303230f3ad84d99171b20c\"},\"headline\":\"Ivana Icardi explic\u00f3 por qu\u00e9 su pap\u00e1 vende comida a domicilio y cont\u00f3 c\u00f3mo se mantiene su familia\",\"datePublished\":\"2025-05-29T01:22:49+00:00\",\"mainEntityOfPage\":{\"@id\":\"https:\\\/\\\/radioclanfm.com\\\/clanespectaculos\\\/ivana-icardi-explico-por-que-su-papa-vende-comida-a-domicilio-y-conto-como-se-mantiene-su-familia\\\/\"},\"wordCount\":454,\"commentCount\":0,\"publisher\":{\"@id\":\"https:\\\/\\\/radioclanfm.com\\\/clanespectaculos\\\/#organization\"},\"image\":{\"@id\":\"https:\\\/\\\/radioclanfm.com\\\/clanespectaculos\\\/ivana-icardi-explico-por-que-su-papa-vende-comida-a-domicilio-y-conto-como-se-mantiene-su-familia\\\/#primaryimage\"},\"thumbnailUrl\":\"https:\\\/\\\/radioclanfm.com\\\/clanespectaculos\\\/wp-content\\\/uploads\\\/sites\\\/2\\\/2025\\\/05\\\/tvZOJ4Oh.jpg\",\"articleSection\":[\"Espectaculos\"],\"inLanguage\":\"es-AR\",\"potentialAction\":[{\"@type\":\"CommentAction\",\"name\":\"Comment\",\"target\":[\"https:\\\/\\\/radioclanfm.com\\\/clanespectaculos\\\/ivana-icardi-explico-por-que-su-papa-vende-comida-a-domicilio-y-conto-como-se-mantiene-su-familia\\\/#respond\"]}]},{\"@type\":\"WebPage\",\"@id\":\"https:\\\/\\\/radioclanfm.com\\\/clanespectaculos\\\/ivana-icardi-explico-por-que-su-papa-vende-comida-a-domicilio-y-conto-como-se-mantiene-su-familia\\\/\",\"url\":\"https:\\\/\\\/radioclanfm.com\\\/clanespectaculos\\\/ivana-icardi-explico-por-que-su-papa-vende-comida-a-domicilio-y-conto-como-se-mantiene-su-familia\\\/\",\"name\":\"Ivana Icardi explic\u00f3 por qu\u00e9 su pap\u00e1 vende comida a domicilio y cont\u00f3 c\u00f3mo se mantiene su familia - CLAN ESPECTACULOS\",\"isPartOf\":{\"@id\":\"https:\\\/\\\/radioclanfm.com\\\/clanespectaculos\\\/#website\"},\"primaryImageOfPage\":{\"@id\":\"https:\\\/\\\/radioclanfm.com\\\/clanespectaculos\\\/ivana-icardi-explico-por-que-su-papa-vende-comida-a-domicilio-y-conto-como-se-mantiene-su-familia\\\/#primaryimage\"},\"image\":{\"@id\":\"https:\\\/\\\/radioclanfm.com\\\/clanespectaculos\\\/ivana-icardi-explico-por-que-su-papa-vende-comida-a-domicilio-y-conto-como-se-mantiene-su-familia\\\/#primaryimage\"},\"thumbnailUrl\":\"https:\\\/\\\/radioclanfm.com\\\/clanespectaculos\\\/wp-content\\\/uploads\\\/sites\\\/2\\\/2025\\\/05\\\/tvZOJ4Oh.jpg\",\"datePublished\":\"2025-05-29T01:22:49+00:00\",\"breadcrumb\":{\"@id\":\"https:\\\/\\\/radioclanfm.com\\\/clanespectaculos\\\/ivana-icardi-explico-por-que-su-papa-vende-comida-a-domicilio-y-conto-como-se-mantiene-su-familia\\\/#breadcrumb\"},\"inLanguage\":\"es-AR\",\"potentialAction\":[{\"@type\":\"ReadAction\",\"target\":[\"https:\\\/\\\/radioclanfm.com\\\/clanespectaculos\\\/ivana-icardi-explico-por-que-su-papa-vende-comida-a-domicilio-y-conto-como-se-mantiene-su-familia\\\/\"]}]},{\"@type\":\"ImageObject\",\"inLanguage\":\"es-AR\",\"@id\":\"https:\\\/\\\/radioclanfm.com\\\/clanespectaculos\\\/ivana-icardi-explico-por-que-su-papa-vende-comida-a-domicilio-y-conto-como-se-mantiene-su-familia\\\/#primaryimage\",\"url\":\"https:\\\/\\\/radioclanfm.com\\\/clanespectaculos\\\/wp-content\\\/uploads\\\/sites\\\/2\\\/2025\\\/05\\\/tvZOJ4Oh.jpg\",\"contentUrl\":\"https:\\\/\\\/radioclanfm.com\\\/clanespectaculos\\\/wp-content\\\/uploads\\\/sites\\\/2\\\/2025\\\/05\\\/tvZOJ4Oh.jpg\",\"width\":900,\"height\":504},{\"@type\":\"BreadcrumbList\",\"@id\":\"https:\\\/\\\/radioclanfm.com\\\/clanespectaculos\\\/ivana-icardi-explico-por-que-su-papa-vende-comida-a-domicilio-y-conto-como-se-mantiene-su-familia\\\/#breadcrumb\",\"itemListElement\":[{\"@type\":\"ListItem\",\"position\":1,\"name\":\"Inicio\",\"item\":\"https:\\\/\\\/radioclanfm.com\\\/clanespectaculos\\\/\"},{\"@type\":\"ListItem\",\"position\":2,\"name\":\"Ivana Icardi explic\u00f3 por qu\u00e9 su pap\u00e1 vende comida a domicilio y cont\u00f3 c\u00f3mo se mantiene su familia\"}]},{\"@type\":\"WebSite\",\"@id\":\"https:\\\/\\\/radioclanfm.com\\\/clanespectaculos\\\/#website\",\"url\":\"https:\\\/\\\/radioclanfm.com\\\/clanespectaculos\\\/\",\"name\":\"CLAN ESPECTACULOS\",\"description\":\"\",\"publisher\":{\"@id\":\"https:\\\/\\\/radioclanfm.com\\\/clanespectaculos\\\/#organization\"},\"potentialAction\":[{\"@type\":\"SearchAction\",\"target\":{\"@type\":\"EntryPoint\",\"urlTemplate\":\"https:\\\/\\\/radioclanfm.com\\\/clanespectaculos\\\/?s={search_term_string}\"},\"query-input\":{\"@type\":\"PropertyValueSpecification\",\"valueRequired\":true,\"valueName\":\"search_term_string\"}}],\"inLanguage\":\"es-AR\"},{\"@type\":\"Organization\",\"@id\":\"https:\\\/\\\/radioclanfm.com\\\/clanespectaculos\\\/#organization\",\"name\":\"CLAN ESPECTACULOS\",\"url\":\"https:\\\/\\\/radioclanfm.com\\\/clanespectaculos\\\/\",\"logo\":{\"@type\":\"ImageObject\",\"inLanguage\":\"es-AR\",\"@id\":\"https:\\\/\\\/radioclanfm.com\\\/clanespectaculos\\\/#\\\/schema\\\/logo\\\/image\\\/\",\"url\":\"https:\\\/\\\/radioclanfm.com\\\/clanespectaculos\\\/wp-content\\\/uploads\\\/sites\\\/2\\\/2026\\\/04\\\/ChatGPT-Image-23-mar-2026-10_09_00.png\",\"contentUrl\":\"https:\\\/\\\/radioclanfm.com\\\/clanespectaculos\\\/wp-content\\\/uploads\\\/sites\\\/2\\\/2026\\\/04\\\/ChatGPT-Image-23-mar-2026-10_09_00.png\",\"width\":1024,\"height\":1024,\"caption\":\"CLAN ESPECTACULOS\"},\"image\":{\"@id\":\"https:\\\/\\\/radioclanfm.com\\\/clanespectaculos\\\/#\\\/schema\\\/logo\\\/image\\\/\"},\"sameAs\":[\"https:\\\/\\\/www.facebook.com\\\/clanespectaculos\\\/\",\"https:\\\/\\\/x.com\\\/clanespectok\"]},{\"@type\":\"Person\",\"@id\":\"https:\\\/\\\/radioclanfm.com\\\/clanespectaculos\\\/#\\\/schema\\\/person\\\/9734813083303230f3ad84d99171b20c\",\"name\":\"E-GRUPOCLAN\",\"image\":{\"@type\":\"ImageObject\",\"inLanguage\":\"es-AR\",\"@id\":\"https:\\\/\\\/secure.gravatar.com\\\/avatar\\\/af6e19837c3d6a212034a48c7b3818d2ac1826f6025df0155da5a186ad321d79?s=96&d=mm&r=g\",\"url\":\"https:\\\/\\\/secure.gravatar.com\\\/avatar\\\/af6e19837c3d6a212034a48c7b3818d2ac1826f6025df0155da5a186ad321d79?s=96&d=mm&r=g\",\"contentUrl\":\"https:\\\/\\\/secure.gravatar.com\\\/avatar\\\/af6e19837c3d6a212034a48c7b3818d2ac1826f6025df0155da5a186ad321d79?s=96&d=mm&r=g\",\"caption\":\"E-GRUPOCLAN\"},\"sameAs\":[\"https:\\\/\\\/radioclanfm.com\"],\"url\":\"https:\\\/\\\/radioclanfm.com\\\/clanespectaculos\\\/author\\\/admin\\\/\"}]}<\/script>\n<!-- \/ Yoast SEO plugin. -->","yoast_head_json":{"title":"Ivana Icardi explic\u00f3 por qu\u00e9 su pap\u00e1 vende comida a domicilio y cont\u00f3 c\u00f3mo se mantiene su familia - CLAN ESPECTACULOS","robots":{"index":"index","follow":"follow","max-snippet":"max-snippet:-1","max-image-preview":"max-image-preview:large","max-video-preview":"max-video-preview:-1"},"canonical":"https:\/\/radioclanfm.com\/clanespectaculos\/ivana-icardi-explico-por-que-su-papa-vende-comida-a-domicilio-y-conto-como-se-mantiene-su-familia\/","og_locale":"es_ES","og_type":"article","og_title":"Ivana Icardi explic\u00f3 por qu\u00e9 su pap\u00e1 vende comida a domicilio y cont\u00f3 c\u00f3mo se mantiene su familia - CLAN ESPECTACULOS","og_description":"La hermana de Mauro Icardi se hart\u00f3 de las cr\u00edticas y asegur\u00f3 que nunca recibieron ayuda econ\u00f3mica del futbolista. Ivana Icardi\u00a0se hart\u00f3 de las cr\u00edticas hacia su familia y se expres\u00f3 en sus redes sociales. En sus palabras, la hermana de\u00a0Mauro\u00a0explic\u00f3 por qu\u00e9 su pap\u00e1\u00a0vende comida a domicilio\u00a0y cont\u00f3 c\u00f3mo se mantienen econ\u00f3micamente sus seres [&hellip;]","og_url":"https:\/\/radioclanfm.com\/clanespectaculos\/ivana-icardi-explico-por-que-su-papa-vende-comida-a-domicilio-y-conto-como-se-mantiene-su-familia\/","og_site_name":"CLAN ESPECTACULOS","article_publisher":"https:\/\/www.facebook.com\/clanespectaculos\/","article_published_time":"2025-05-29T01:22:49+00:00","og_image":[{"width":900,"height":504,"url":"https:\/\/radioclanfm.com\/clanespectaculos\/wp-content\/uploads\/sites\/2\/2025\/05\/tvZOJ4Oh.jpg","type":"image\/jpeg"}],"author":"E-GRUPOCLAN","twitter_card":"summary_large_image","twitter_creator":"@clanespectok","twitter_site":"@clanespectok","twitter_misc":{"Escrito por":"E-GRUPOCLAN","Tiempo de lectura":"2 minutos"},"schema":{"@context":"https:\/\/schema.org","@graph":[{"@type":"Article","@id":"https:\/\/radioclanfm.com\/clanespectaculos\/ivana-icardi-explico-por-que-su-papa-vende-comida-a-domicilio-y-conto-como-se-mantiene-su-familia\/#article","isPartOf":{"@id":"https:\/\/radioclanfm.com\/clanespectaculos\/ivana-icardi-explico-por-que-su-papa-vende-comida-a-domicilio-y-conto-como-se-mantiene-su-familia\/"},"author":{"name":"E-GRUPOCLAN","@id":"https:\/\/radioclanfm.com\/clanespectaculos\/#\/schema\/person\/9734813083303230f3ad84d99171b20c"},"headline":"Ivana Icardi explic\u00f3 por qu\u00e9 su pap\u00e1 vende comida a domicilio y cont\u00f3 c\u00f3mo se mantiene su familia","datePublished":"2025-05-29T01:22:49+00:00","mainEntityOfPage":{"@id":"https:\/\/radioclanfm.com\/clanespectaculos\/ivana-icardi-explico-por-que-su-papa-vende-comida-a-domicilio-y-conto-como-se-mantiene-su-familia\/"},"wordCount":454,"commentCount":0,"publisher":{"@id":"https:\/\/radioclanfm.com\/clanespectaculos\/#organization"},"image":{"@id":"https:\/\/radioclanfm.com\/clanespectaculos\/ivana-icardi-explico-por-que-su-papa-vende-comida-a-domicilio-y-conto-como-se-mantiene-su-familia\/#primaryimage"},"thumbnailUrl":"https:\/\/radioclanfm.com\/clanespectaculos\/wp-content\/uploads\/sites\/2\/2025\/05\/tvZOJ4Oh.jpg","articleSection":["Espectaculos"],"inLanguage":"es-AR","potentialAction":[{"@type":"CommentAction","name":"Comment","target":["https:\/\/radioclanfm.com\/clanespectaculos\/ivana-icardi-explico-por-que-su-papa-vende-comida-a-domicilio-y-conto-como-se-mantiene-su-familia\/#respond"]}]},{"@type":"WebPage","@id":"https:\/\/radioclanfm.com\/clanespectaculos\/ivana-icardi-explico-por-que-su-papa-vende-comida-a-domicilio-y-conto-como-se-mantiene-su-familia\/","url":"https:\/\/radioclanfm.com\/clanespectaculos\/ivana-icardi-explico-por-que-su-papa-vende-comida-a-domicilio-y-conto-como-se-mantiene-su-familia\/","name":"Ivana Icardi explic\u00f3 por qu\u00e9 su pap\u00e1 vende comida a domicilio y cont\u00f3 c\u00f3mo se mantiene su familia - CLAN ESPECTACULOS","isPartOf":{"@id":"https:\/\/radioclanfm.com\/clanespectaculos\/#website"},"primaryImageOfPage":{"@id":"https:\/\/radioclanfm.com\/clanespectaculos\/ivana-icardi-explico-por-que-su-papa-vende-comida-a-domicilio-y-conto-como-se-mantiene-su-familia\/#primaryimage"},"image":{"@id":"https:\/\/radioclanfm.com\/clanespectaculos\/ivana-icardi-explico-por-que-su-papa-vende-comida-a-domicilio-y-conto-como-se-mantiene-su-familia\/#primaryimage"},"thumbnailUrl":"https:\/\/radioclanfm.com\/clanespectaculos\/wp-content\/uploads\/sites\/2\/2025\/05\/tvZOJ4Oh.jpg","datePublished":"2025-05-29T01:22:49+00:00","breadcrumb":{"@id":"https:\/\/radioclanfm.com\/clanespectaculos\/ivana-icardi-explico-por-que-su-papa-vende-comida-a-domicilio-y-conto-como-se-mantiene-su-familia\/#breadcrumb"},"inLanguage":"es-AR","potentialAction":[{"@type":"ReadAction","target":["https:\/\/radioclanfm.com\/clanespectaculos\/ivana-icardi-explico-por-que-su-papa-vende-comida-a-domicilio-y-conto-como-se-mantiene-su-familia\/"]}]},{"@type":"ImageObject","inLanguage":"es-AR","@id":"https:\/\/radioclanfm.com\/clanespectaculos\/ivana-icardi-explico-por-que-su-papa-vende-comida-a-domicilio-y-conto-como-se-mantiene-su-familia\/#primaryimage","url":"https:\/\/radioclanfm.com\/clanespectaculos\/wp-content\/uploads\/sites\/2\/2025\/05\/tvZOJ4Oh.jpg","contentUrl":"https:\/\/radioclanfm.com\/clanespectaculos\/wp-content\/uploads\/sites\/2\/2025\/05\/tvZOJ4Oh.jpg","width":900,"height":504},{"@type":"BreadcrumbList","@id":"https:\/\/radioclanfm.com\/clanespectaculos\/ivana-icardi-explico-por-que-su-papa-vende-comida-a-domicilio-y-conto-como-se-mantiene-su-familia\/#breadcrumb","itemListElement":[{"@type":"ListItem","position":1,"name":"Inicio","item":"https:\/\/radioclanfm.com\/clanespectaculos\/"},{"@type":"ListItem","position":2,"name":"Ivana Icardi explic\u00f3 por qu\u00e9 su pap\u00e1 vende comida a domicilio y cont\u00f3 c\u00f3mo se mantiene su familia"}]},{"@type":"WebSite","@id":"https:\/\/radioclanfm.com\/clanespectaculos\/#website","url":"https:\/\/radioclanfm.com\/clanespectaculos\/","name":"CLAN ESPECTACULOS","description":"","publisher":{"@id":"https:\/\/radioclanfm.com\/clanespectaculos\/#organization"},"potentialAction":[{"@type":"SearchAction","target":{"@type":"EntryPoint","urlTemplate":"https:\/\/radioclanfm.com\/clanespectaculos\/?s={search_term_string}"},"query-input":{"@type":"PropertyValueSpecification","valueRequired":true,"valueName":"search_term_string"}}],"inLanguage":"es-AR"},{"@type":"Organization","@id":"https:\/\/radioclanfm.com\/clanespectaculos\/#organization","name":"CLAN ESPECTACULOS","url":"https:\/\/radioclanfm.com\/clanespectaculos\/","logo":{"@type":"ImageObject","inLanguage":"es-AR","@id":"https:\/\/radioclanfm.com\/clanespectaculos\/#\/schema\/logo\/image\/","url":"https:\/\/radioclanfm.com\/clanespectaculos\/wp-content\/uploads\/sites\/2\/2026\/04\/ChatGPT-Image-23-mar-2026-10_09_00.png","contentUrl":"https:\/\/radioclanfm.com\/clanespectaculos\/wp-content\/uploads\/sites\/2\/2026\/04\/ChatGPT-Image-23-mar-2026-10_09_00.png","width":1024,"height":1024,"caption":"CLAN ESPECTACULOS"},"image":{"@id":"https:\/\/radioclanfm.com\/clanespectaculos\/#\/schema\/logo\/image\/"},"sameAs":["https:\/\/www.facebook.com\/clanespectaculos\/","https:\/\/x.com\/clanespectok"]},{"@type":"Person","@id":"https:\/\/radioclanfm.com\/clanespectaculos\/#\/schema\/person\/9734813083303230f3ad84d99171b20c","name":"E-GRUPOCLAN","image":{"@type":"ImageObject","inLanguage":"es-AR","@id":"https:\/\/secure.gravatar.com\/avatar\/af6e19837c3d6a212034a48c7b3818d2ac1826f6025df0155da5a186ad321d79?s=96&d=mm&r=g","url":"https:\/\/secure.gravatar.com\/avatar\/af6e19837c3d6a212034a48c7b3818d2ac1826f6025df0155da5a186ad321d79?s=96&d=mm&r=g","contentUrl":"https:\/\/secure.gravatar.com\/avatar\/af6e19837c3d6a212034a48c7b3818d2ac1826f6025df0155da5a186ad321d79?s=96&d=mm&r=g","caption":"E-GRUPOCLAN"},"sameAs":["https:\/\/radioclanfm.com"],"url":"https:\/\/radioclanfm.com\/clanespectaculos\/author\/admin\/"}]}},"_links":{"self":[{"href":"https:\/\/radioclanfm.com\/clanespectaculos\/wp-json\/wp\/v2\/posts\/1166","targetHints":{"allow":["GET"]}}],"collection":[{"href":"https:\/\/radioclanfm.com\/clanespectaculos\/wp-json\/wp\/v2\/posts"}],"about":[{"href":"https:\/\/radioclanfm.com\/clanespectaculos\/wp-json\/wp\/v2\/types\/post"}],"author":[{"embeddable":true,"href":"https:\/\/radioclanfm.com\/clanespectaculos\/wp-json\/wp\/v2\/users\/1"}],"replies":[{"embeddable":true,"href":"https:\/\/radioclanfm.com\/clanespectaculos\/wp-json\/wp\/v2\/comments?post=1166"}],"version-history":[{"count":1,"href":"https:\/\/radioclanfm.com\/clanespectaculos\/wp-json\/wp\/v2\/posts\/1166\/revisions"}],"predecessor-version":[{"id":1170,"href":"https:\/\/radioclanfm.com\/clanespectaculos\/wp-json\/wp\/v2\/posts\/1166\/revisions\/1170"}],"wp:featuredmedia":[{"embeddable":true,"href":"https:\/\/radioclanfm.com\/clanespectaculos\/wp-json\/wp\/v2\/media\/1169"}],"wp:attachment":[{"href":"https:\/\/radioclanfm.com\/clanespectaculos\/wp-json\/wp\/v2\/media?parent=1166"}],"wp:term":[{"taxonomy":"category","embeddable":true,"href":"https:\/\/radioclanfm.com\/clanespectaculos\/wp-json\/wp\/v2\/categories?post=1166"},{"taxonomy":"post_tag","embeddable":true,"href":"https:\/\/radioclanfm.com\/clanespectaculos\/wp-json\/wp\/v2\/tags?post=1166"}],"curies":[{"name":"wp","href":"https:\/\/api.w.org\/{rel}","templated":true}]}}