{"id":1136,"date":"2025-05-28T22:14:21","date_gmt":"2025-05-29T01:14:21","guid":{"rendered":"https:\/\/radioclanfm.com\/clanespectaculos\/?p=1136"},"modified":"2025-05-28T22:14:21","modified_gmt":"2025-05-29T01:14:21","slug":"la-decision-que-la-china-suarez-tomo-a-ultimo-momento-para-evitar-verle-la-cara-a-wanda-nara-en-milan","status":"publish","type":"post","link":"https:\/\/radioclanfm.com\/clanespectaculos\/la-decision-que-la-china-suarez-tomo-a-ultimo-momento-para-evitar-verle-la-cara-a-wanda-nara-en-milan\/","title":{"rendered":"La decisi\u00f3n que la China Su\u00e1rez tom\u00f3 a \u00faltimo momento para evitar verle la cara a Wanda Nara en Mil\u00e1n"},"content":{"rendered":"<p>La actriz aterriz\u00f3 en Italia junto a Mauro Icardi, pero dio marcha atr\u00e1s en su plan de presenciar la audiencia de divorcio.<\/p>\n<div class=\"col-content\"><main class=\"col-content\"><\/p>\n<div class=\"default-article-color article__body article__article\">\n<p class=\"paragraph font__body-regular\"><b>La China Su\u00e1rez y Mauro Icardi\u00a0<\/b>abandonaron Turqu\u00eda para trasladarse a Mil\u00e1n, ciudad italiana donde el futbolista tuvo que encontrarse con\u00a0<b>Wanda Nara<\/b>\u00a0para avanzar con el divorcio. Si bien la actriz quer\u00eda presenciar la audiencia en los tribunales, a \u00faltimo momento cambi\u00f3 de opini\u00f3n.<\/p>\n<div class=\"AV67f93cf033780503b00636a7\">\n<div id=\"aniBox\">\n<div id=\"aniplayer_AV67f93cf033780503b00636a7-1748481218923\">\n<div id=\"aniplayer_AV67f93cf033780503b00636a7-1748481218923gui\">\n<div id=\"av-caption\">\n<div id=\"av-close-btn-overlay\" class=\"av-pos-top-left\"><\/div>\n<\/div>\n<\/div>\n<\/div>\n<\/div>\n<\/div>\n<div id=\"ad-slot-infeed\" class=\"infeed-container ad-slot-infeed ad-slot\" data-adtype=\"infeed\" data-google-query-id=\"CIbO_47Ax40DFZFc3QIdaSY9jw\">\n<div id=\"google_ads_iframe_\/113951150\/tn-arc\/nota\/infeed_0__container__\"><\/div>\n<\/div>\n<p class=\"paragraph font__body-regular\">Luego de asistir a un mini evento de la maquilladora Gabriela Elio, Mar\u00eda Eugenia recalcul\u00f3 y\u00a0<b>consider\u00f3 que lo mejor era ni verle la cara a la medi\u00e1tica, que en varias oportunidades hizo comentarios despectivos hacia Amancio y Magnolia Vicu\u00f1a.\u00a0<\/b>Como si fuera poco, algunos seguidores de la ex\u00a0<i>Casi \u00e1ngeles<\/i>\u00a0est\u00e1n convenidos de que<b>\u00a0podr\u00edan haber terminado a las pi\u00f1as si se cruzaban.<\/b><\/p>\n<p class=\"paragraph font__body-regular\">En sus redes sociales, el periodista Gustavo M\u00e9ndez sostuvo que una vez finalizado el tr\u00e1mite, la feliz pareja regresar\u00e1 a Estambul para armar las valijas y emprender viaje a Ibiza, donde la actriz participar\u00e1 de un festival.\u00a0<b>All\u00ed tambi\u00e9n coincidir\u00e1n con Wanda Nara<\/b>, que primero pisar\u00e1 Roma para dar entrevistas sobre su situaci\u00f3n sentimental. Mientras espera el final de la audiencia, la China se mostr\u00f3 comiendo pizza en un hotel de renombre,\u00a0<b>donde se estar\u00eda quedando con el rosarino<\/b>.<\/p>\n<figure class=\"\" data-testid=\"figure-testid\">\n<div class=\"aspect_ratio__container\"><picture class=\"responsive-image\"><source srcset=\"https:\/\/tn.com.ar\/resizer\/v2\/el-romance-de-la-china-suarez-y-mauro-icardi-avanza-a-paso-firme-foto-instagrammauroicardi-EY7QG5TLJJF7VPJKKXXTDJSKMI.jpg?auth=9ec1f55da682c8b5c5418a0385c50c0100a9efc3d3490f380160484bb7421f6a&amp;width=767\" type=\"image\/jpg\" media=\"(max-width: 728px)\" \/><source srcset=\"https:\/\/tn.com.ar\/resizer\/v2\/el-romance-de-la-china-suarez-y-mauro-icardi-avanza-a-paso-firme-foto-instagrammauroicardi-EY7QG5TLJJF7VPJKKXXTDJSKMI.jpg?auth=9ec1f55da682c8b5c5418a0385c50c0100a9efc3d3490f380160484bb7421f6a&amp;width=1023\" type=\"image\/jpg\" media=\"(max-width: 1023px)\" \/><source srcset=\"https:\/\/tn.com.ar\/resizer\/v2\/el-romance-de-la-china-suarez-y-mauro-icardi-avanza-a-paso-firme-foto-instagrammauroicardi-EY7QG5TLJJF7VPJKKXXTDJSKMI.jpg?auth=9ec1f55da682c8b5c5418a0385c50c0100a9efc3d3490f380160484bb7421f6a&amp;width=1440\" type=\"image\/jpg\" \/><img loading=\"lazy\" decoding=\"async\" class=\"image content-image image_placeholder\" src=\"https:\/\/tn.com.ar\/resizer\/v2\/el-romance-de-la-china-suarez-y-mauro-icardi-avanza-a-paso-firme-foto-instagrammauroicardi-EY7QG5TLJJF7VPJKKXXTDJSKMI.jpg?auth=9ec1f55da682c8b5c5418a0385c50c0100a9efc3d3490f380160484bb7421f6a&amp;width=767\" alt=\"El romance de la China Su\u00e1rez y Mauro Icardi avanza a paso firme. (Foto: instagram\/mauroicardi)\" width=\"767\" height=\"767\" data-testid=\"loading-testid\" \/><\/picture><\/div><figcaption class=\"caption_image\" data-testid=\"figcaption-testid\">\n<div class=\"image_caption \">El romance de la China Su\u00e1rez y Mauro Icardi avanza a paso firme. (Foto: instagram\/mauroicardi)<\/div>\n<\/figcaption><\/figure>\n<h2 class=\"font--primary font__display\">El posteo con el que Mauro Icardi expuso a Wanda Nara<\/h2>\n<p class=\"paragraph font__body-regular\">D\u00edas atr\u00e1s, Mauro Icardi volvi\u00f3 a referirse a Wanda Nara en las redes sociales. Si bien no la nombr\u00f3, cont\u00f3 que no pudo hablar con sus nenas porque la madre les impidi\u00f3 el contacto. \u201cOtra noche sin hablar con mis hijas. Falta poco mis peque\u00f1as princesas. Las amo\u201d, escribi\u00f3 en Instagram.<\/p>\n<p class=\"paragraph font__body-regular\">El reclamo del \u00faltimo viernes se sum\u00f3 a la extensa lista que sac\u00f3 a la luz d\u00edas atr\u00e1s, donde enumer\u00f3 todas las maldades que le hace la medi\u00e1tica. \u201c<b>La madre impide que las vea.\u00a0<\/b>La madre recusa jueces porque obviamente no le dan lo que quiere. Hace seis meses que estoy en la Argentina para estar con las nenas y solo las vi un d\u00eda.\u00a0<b>Las pericias psicol\u00f3gicas hechas por profesionales dicen que las menores repiten lo que les dice la madre\u00a0<\/b>(en criollo, les quema el cerebro)\u201d, dispar\u00f3 enojado.<\/p>\n<figure class=\"\" data-testid=\"figure-testid\">\n<div class=\"aspect_ratio__container\"><picture class=\"responsive-image\"><source srcset=\"https:\/\/tn.com.ar\/resizer\/v2\/icardi-se-canso-de-wanda-nara-quiere-tener-contacto-con-sus-hijas-foto-instagramwandanara-Q7WGLMDTN5BG7DXYZB2KBAGXX4.jpg?auth=22106f084b5aa3535198f5ffa36bbc3f15c45112dcb0bc2a01faebc7f8b0c73b&amp;width=767\" type=\"image\/jpg\" media=\"(max-width: 728px)\" \/><source srcset=\"https:\/\/tn.com.ar\/resizer\/v2\/icardi-se-canso-de-wanda-nara-quiere-tener-contacto-con-sus-hijas-foto-instagramwandanara-Q7WGLMDTN5BG7DXYZB2KBAGXX4.jpg?auth=22106f084b5aa3535198f5ffa36bbc3f15c45112dcb0bc2a01faebc7f8b0c73b&amp;width=1023\" type=\"image\/jpg\" media=\"(max-width: 1023px)\" \/><source srcset=\"https:\/\/tn.com.ar\/resizer\/v2\/icardi-se-canso-de-wanda-nara-quiere-tener-contacto-con-sus-hijas-foto-instagramwandanara-Q7WGLMDTN5BG7DXYZB2KBAGXX4.jpg?auth=22106f084b5aa3535198f5ffa36bbc3f15c45112dcb0bc2a01faebc7f8b0c73b&amp;width=1440\" type=\"image\/jpg\" \/><img loading=\"lazy\" decoding=\"async\" class=\"image content-image image_placeholder\" src=\"https:\/\/tn.com.ar\/resizer\/v2\/icardi-se-canso-de-wanda-nara-quiere-tener-contacto-con-sus-hijas-foto-instagramwandanara-Q7WGLMDTN5BG7DXYZB2KBAGXX4.jpg?auth=22106f084b5aa3535198f5ffa36bbc3f15c45112dcb0bc2a01faebc7f8b0c73b&amp;width=767\" alt=\"Icardi se cans\u00f3 de Wanda Nara: quiere tener contacto con sus hijas. (Foto: Instagram\/wanda_nara)\" width=\"767\" height=\"430\" data-testid=\"loading-testid\" \/><\/picture><\/div><figcaption class=\"caption_image\" data-testid=\"figcaption-testid\">\n<div class=\"image_caption \">Icardi se cans\u00f3 de Wanda Nara: quiere tener contacto con sus hijas. (Foto: Instagram\/wanda_nara)<\/div>\n<\/figcaption><\/figure>\n<p class=\"paragraph font__body-regular\"><b>El descargo del futbolista no qued\u00f3 ah\u00ed.<\/b>\u00a0Tambi\u00e9n la acus\u00f3 de exponer a Francesca e Isabella en las redes y denunciarlo para que \u00e9l no pudiera hacerlo. Por \u00faltimo, dijo que pronto se conocer\u00e1 la noticia m\u00e1s esperada. \u201c<b>Ah\u00ed me ocupar\u00e9 de responder tantas mentiras<\/b>, inventos y barbaridades para ensuciar el foco de lo real\u201d, cerr\u00f3.<\/p>\n<\/div>\n<p><\/main><\/div>\n<aside class=\"col-right-rail right-rail\">\n<div id=\"parent-ad-slot-caja\" class=\"ad-container caja_ad \">\n<div class=\"ad-content\">\n<div id=\"ad-slot-caja\" class=\"ad-slot-caja ad-slot\" data-adtype=\"caja\" data-google-query-id=\"CPLI343Ax40DFUZU3QIdYUomTQ\"><\/div>\n<\/div>\n<\/div>\n<\/aside>\n","protected":false},"excerpt":{"rendered":"<p>La actriz aterriz\u00f3 en Italia junto a Mauro Icardi, pero dio marcha atr\u00e1s en su plan de presenciar la audiencia de divorcio. La China Su\u00e1rez y Mauro Icardi\u00a0abandonaron Turqu\u00eda para trasladarse a Mil\u00e1n, ciudad italiana donde el futbolista tuvo que encontrarse con\u00a0Wanda Nara\u00a0para avanzar con el divorcio. Si bien la actriz quer\u00eda presenciar la audiencia [&hellip;]<\/p>\n","protected":false},"author":1,"featured_media":1139,"comment_status":"open","ping_status":"open","sticky":false,"template":"","format":"standard","meta":{"rop_custom_images_group":[],"rop_custom_messages_group":[],"rop_publish_now":"initial","rop_publish_now_accounts":[],"rop_publish_now_history":[],"rop_publish_now_status":"pending","footnotes":"","jetpack_publicize_message":"","jetpack_publicize_feature_enabled":true,"jetpack_social_post_already_shared":true,"jetpack_social_options":{"image_generator_settings":{"template":"highway","enabled":false},"version":2}},"categories":[12],"tags":[],"class_list":{"0":"post-1136","1":"post","2":"type-post","3":"status-publish","4":"format-standard","5":"has-post-thumbnail","7":"category-espectaculos"},"jetpack_publicize_connections":[],"yoast_head":"<!-- This site is optimized with the Yoast SEO plugin v27.3 - https:\/\/yoast.com\/product\/yoast-seo-wordpress\/ -->\n<title>La decisi\u00f3n que la China Su\u00e1rez tom\u00f3 a \u00faltimo momento para evitar verle la cara a Wanda Nara en Mil\u00e1n - CLAN ESPECTACULOS<\/title>\n<meta name=\"robots\" content=\"index, follow, max-snippet:-1, max-image-preview:large, max-video-preview:-1\" \/>\n<link rel=\"canonical\" href=\"https:\/\/radioclanfm.com\/clanespectaculos\/la-decision-que-la-china-suarez-tomo-a-ultimo-momento-para-evitar-verle-la-cara-a-wanda-nara-en-milan\/\" \/>\n<meta property=\"og:locale\" content=\"es_ES\" \/>\n<meta property=\"og:type\" content=\"article\" \/>\n<meta property=\"og:title\" content=\"La decisi\u00f3n que la China Su\u00e1rez tom\u00f3 a \u00faltimo momento para evitar verle la cara a Wanda Nara en Mil\u00e1n - CLAN ESPECTACULOS\" \/>\n<meta property=\"og:description\" content=\"La actriz aterriz\u00f3 en Italia junto a Mauro Icardi, pero dio marcha atr\u00e1s en su plan de presenciar la audiencia de divorcio. La China Su\u00e1rez y Mauro Icardi\u00a0abandonaron Turqu\u00eda para trasladarse a Mil\u00e1n, ciudad italiana donde el futbolista tuvo que encontrarse con\u00a0Wanda Nara\u00a0para avanzar con el divorcio. Si bien la actriz quer\u00eda presenciar la audiencia [&hellip;]\" \/>\n<meta property=\"og:url\" content=\"https:\/\/radioclanfm.com\/clanespectaculos\/la-decision-que-la-china-suarez-tomo-a-ultimo-momento-para-evitar-verle-la-cara-a-wanda-nara-en-milan\/\" \/>\n<meta property=\"og:site_name\" content=\"CLAN ESPECTACULOS\" \/>\n<meta property=\"article:publisher\" content=\"https:\/\/www.facebook.com\/clanespectaculos\/\" \/>\n<meta property=\"article:published_time\" content=\"2025-05-29T01:14:21+00:00\" \/>\n<meta property=\"og:image\" content=\"https:\/\/radioclanfm.com\/clanespectaculos\/wp-content\/uploads\/sites\/2\/2025\/05\/pW6Fguf0.jpg\" \/>\n\t<meta property=\"og:image:width\" content=\"900\" \/>\n\t<meta property=\"og:image:height\" content=\"504\" \/>\n\t<meta property=\"og:image:type\" content=\"image\/jpeg\" \/>\n<meta name=\"author\" content=\"E-GRUPOCLAN\" \/>\n<meta name=\"twitter:card\" content=\"summary_large_image\" \/>\n<meta name=\"twitter:creator\" content=\"@clanespectok\" \/>\n<meta name=\"twitter:site\" content=\"@clanespectok\" \/>\n<meta name=\"twitter:label1\" content=\"Escrito por\" \/>\n\t<meta name=\"twitter:data1\" content=\"E-GRUPOCLAN\" \/>\n\t<meta name=\"twitter:label2\" content=\"Tiempo de lectura\" \/>\n\t<meta name=\"twitter:data2\" content=\"2 minutos\" \/>\n<script type=\"application\/ld+json\" class=\"yoast-schema-graph\">{\"@context\":\"https:\\\/\\\/schema.org\",\"@graph\":[{\"@type\":\"Article\",\"@id\":\"https:\\\/\\\/radioclanfm.com\\\/clanespectaculos\\\/la-decision-que-la-china-suarez-tomo-a-ultimo-momento-para-evitar-verle-la-cara-a-wanda-nara-en-milan\\\/#article\",\"isPartOf\":{\"@id\":\"https:\\\/\\\/radioclanfm.com\\\/clanespectaculos\\\/la-decision-que-la-china-suarez-tomo-a-ultimo-momento-para-evitar-verle-la-cara-a-wanda-nara-en-milan\\\/\"},\"author\":{\"name\":\"E-GRUPOCLAN\",\"@id\":\"https:\\\/\\\/radioclanfm.com\\\/clanespectaculos\\\/#\\\/schema\\\/person\\\/9734813083303230f3ad84d99171b20c\"},\"headline\":\"La decisi\u00f3n que la China Su\u00e1rez tom\u00f3 a \u00faltimo momento para evitar verle la cara a Wanda Nara en Mil\u00e1n\",\"datePublished\":\"2025-05-29T01:14:21+00:00\",\"mainEntityOfPage\":{\"@id\":\"https:\\\/\\\/radioclanfm.com\\\/clanespectaculos\\\/la-decision-que-la-china-suarez-tomo-a-ultimo-momento-para-evitar-verle-la-cara-a-wanda-nara-en-milan\\\/\"},\"wordCount\":502,\"commentCount\":0,\"publisher\":{\"@id\":\"https:\\\/\\\/radioclanfm.com\\\/clanespectaculos\\\/#organization\"},\"image\":{\"@id\":\"https:\\\/\\\/radioclanfm.com\\\/clanespectaculos\\\/la-decision-que-la-china-suarez-tomo-a-ultimo-momento-para-evitar-verle-la-cara-a-wanda-nara-en-milan\\\/#primaryimage\"},\"thumbnailUrl\":\"https:\\\/\\\/radioclanfm.com\\\/clanespectaculos\\\/wp-content\\\/uploads\\\/sites\\\/2\\\/2025\\\/05\\\/pW6Fguf0.jpg\",\"articleSection\":[\"Espectaculos\"],\"inLanguage\":\"es-AR\",\"potentialAction\":[{\"@type\":\"CommentAction\",\"name\":\"Comment\",\"target\":[\"https:\\\/\\\/radioclanfm.com\\\/clanespectaculos\\\/la-decision-que-la-china-suarez-tomo-a-ultimo-momento-para-evitar-verle-la-cara-a-wanda-nara-en-milan\\\/#respond\"]}]},{\"@type\":\"WebPage\",\"@id\":\"https:\\\/\\\/radioclanfm.com\\\/clanespectaculos\\\/la-decision-que-la-china-suarez-tomo-a-ultimo-momento-para-evitar-verle-la-cara-a-wanda-nara-en-milan\\\/\",\"url\":\"https:\\\/\\\/radioclanfm.com\\\/clanespectaculos\\\/la-decision-que-la-china-suarez-tomo-a-ultimo-momento-para-evitar-verle-la-cara-a-wanda-nara-en-milan\\\/\",\"name\":\"La decisi\u00f3n que la China Su\u00e1rez tom\u00f3 a \u00faltimo momento para evitar verle la cara a Wanda Nara en Mil\u00e1n - CLAN ESPECTACULOS\",\"isPartOf\":{\"@id\":\"https:\\\/\\\/radioclanfm.com\\\/clanespectaculos\\\/#website\"},\"primaryImageOfPage\":{\"@id\":\"https:\\\/\\\/radioclanfm.com\\\/clanespectaculos\\\/la-decision-que-la-china-suarez-tomo-a-ultimo-momento-para-evitar-verle-la-cara-a-wanda-nara-en-milan\\\/#primaryimage\"},\"image\":{\"@id\":\"https:\\\/\\\/radioclanfm.com\\\/clanespectaculos\\\/la-decision-que-la-china-suarez-tomo-a-ultimo-momento-para-evitar-verle-la-cara-a-wanda-nara-en-milan\\\/#primaryimage\"},\"thumbnailUrl\":\"https:\\\/\\\/radioclanfm.com\\\/clanespectaculos\\\/wp-content\\\/uploads\\\/sites\\\/2\\\/2025\\\/05\\\/pW6Fguf0.jpg\",\"datePublished\":\"2025-05-29T01:14:21+00:00\",\"breadcrumb\":{\"@id\":\"https:\\\/\\\/radioclanfm.com\\\/clanespectaculos\\\/la-decision-que-la-china-suarez-tomo-a-ultimo-momento-para-evitar-verle-la-cara-a-wanda-nara-en-milan\\\/#breadcrumb\"},\"inLanguage\":\"es-AR\",\"potentialAction\":[{\"@type\":\"ReadAction\",\"target\":[\"https:\\\/\\\/radioclanfm.com\\\/clanespectaculos\\\/la-decision-que-la-china-suarez-tomo-a-ultimo-momento-para-evitar-verle-la-cara-a-wanda-nara-en-milan\\\/\"]}]},{\"@type\":\"ImageObject\",\"inLanguage\":\"es-AR\",\"@id\":\"https:\\\/\\\/radioclanfm.com\\\/clanespectaculos\\\/la-decision-que-la-china-suarez-tomo-a-ultimo-momento-para-evitar-verle-la-cara-a-wanda-nara-en-milan\\\/#primaryimage\",\"url\":\"https:\\\/\\\/radioclanfm.com\\\/clanespectaculos\\\/wp-content\\\/uploads\\\/sites\\\/2\\\/2025\\\/05\\\/pW6Fguf0.jpg\",\"contentUrl\":\"https:\\\/\\\/radioclanfm.com\\\/clanespectaculos\\\/wp-content\\\/uploads\\\/sites\\\/2\\\/2025\\\/05\\\/pW6Fguf0.jpg\",\"width\":900,\"height\":504},{\"@type\":\"BreadcrumbList\",\"@id\":\"https:\\\/\\\/radioclanfm.com\\\/clanespectaculos\\\/la-decision-que-la-china-suarez-tomo-a-ultimo-momento-para-evitar-verle-la-cara-a-wanda-nara-en-milan\\\/#breadcrumb\",\"itemListElement\":[{\"@type\":\"ListItem\",\"position\":1,\"name\":\"Inicio\",\"item\":\"https:\\\/\\\/radioclanfm.com\\\/clanespectaculos\\\/\"},{\"@type\":\"ListItem\",\"position\":2,\"name\":\"La decisi\u00f3n que la China Su\u00e1rez tom\u00f3 a \u00faltimo momento para evitar verle la cara a Wanda Nara en Mil\u00e1n\"}]},{\"@type\":\"WebSite\",\"@id\":\"https:\\\/\\\/radioclanfm.com\\\/clanespectaculos\\\/#website\",\"url\":\"https:\\\/\\\/radioclanfm.com\\\/clanespectaculos\\\/\",\"name\":\"CLAN ESPECTACULOS\",\"description\":\"\",\"publisher\":{\"@id\":\"https:\\\/\\\/radioclanfm.com\\\/clanespectaculos\\\/#organization\"},\"potentialAction\":[{\"@type\":\"SearchAction\",\"target\":{\"@type\":\"EntryPoint\",\"urlTemplate\":\"https:\\\/\\\/radioclanfm.com\\\/clanespectaculos\\\/?s={search_term_string}\"},\"query-input\":{\"@type\":\"PropertyValueSpecification\",\"valueRequired\":true,\"valueName\":\"search_term_string\"}}],\"inLanguage\":\"es-AR\"},{\"@type\":\"Organization\",\"@id\":\"https:\\\/\\\/radioclanfm.com\\\/clanespectaculos\\\/#organization\",\"name\":\"CLAN ESPECTACULOS\",\"url\":\"https:\\\/\\\/radioclanfm.com\\\/clanespectaculos\\\/\",\"logo\":{\"@type\":\"ImageObject\",\"inLanguage\":\"es-AR\",\"@id\":\"https:\\\/\\\/radioclanfm.com\\\/clanespectaculos\\\/#\\\/schema\\\/logo\\\/image\\\/\",\"url\":\"https:\\\/\\\/radioclanfm.com\\\/clanespectaculos\\\/wp-content\\\/uploads\\\/sites\\\/2\\\/2026\\\/04\\\/ChatGPT-Image-23-mar-2026-10_09_00.png\",\"contentUrl\":\"https:\\\/\\\/radioclanfm.com\\\/clanespectaculos\\\/wp-content\\\/uploads\\\/sites\\\/2\\\/2026\\\/04\\\/ChatGPT-Image-23-mar-2026-10_09_00.png\",\"width\":1024,\"height\":1024,\"caption\":\"CLAN ESPECTACULOS\"},\"image\":{\"@id\":\"https:\\\/\\\/radioclanfm.com\\\/clanespectaculos\\\/#\\\/schema\\\/logo\\\/image\\\/\"},\"sameAs\":[\"https:\\\/\\\/www.facebook.com\\\/clanespectaculos\\\/\",\"https:\\\/\\\/x.com\\\/clanespectok\"]},{\"@type\":\"Person\",\"@id\":\"https:\\\/\\\/radioclanfm.com\\\/clanespectaculos\\\/#\\\/schema\\\/person\\\/9734813083303230f3ad84d99171b20c\",\"name\":\"E-GRUPOCLAN\",\"image\":{\"@type\":\"ImageObject\",\"inLanguage\":\"es-AR\",\"@id\":\"https:\\\/\\\/secure.gravatar.com\\\/avatar\\\/af6e19837c3d6a212034a48c7b3818d2ac1826f6025df0155da5a186ad321d79?s=96&d=mm&r=g\",\"url\":\"https:\\\/\\\/secure.gravatar.com\\\/avatar\\\/af6e19837c3d6a212034a48c7b3818d2ac1826f6025df0155da5a186ad321d79?s=96&d=mm&r=g\",\"contentUrl\":\"https:\\\/\\\/secure.gravatar.com\\\/avatar\\\/af6e19837c3d6a212034a48c7b3818d2ac1826f6025df0155da5a186ad321d79?s=96&d=mm&r=g\",\"caption\":\"E-GRUPOCLAN\"},\"sameAs\":[\"https:\\\/\\\/radioclanfm.com\"],\"url\":\"https:\\\/\\\/radioclanfm.com\\\/clanespectaculos\\\/author\\\/admin\\\/\"}]}<\/script>\n<!-- \/ Yoast SEO plugin. -->","yoast_head_json":{"title":"La decisi\u00f3n que la China Su\u00e1rez tom\u00f3 a \u00faltimo momento para evitar verle la cara a Wanda Nara en Mil\u00e1n - CLAN ESPECTACULOS","robots":{"index":"index","follow":"follow","max-snippet":"max-snippet:-1","max-image-preview":"max-image-preview:large","max-video-preview":"max-video-preview:-1"},"canonical":"https:\/\/radioclanfm.com\/clanespectaculos\/la-decision-que-la-china-suarez-tomo-a-ultimo-momento-para-evitar-verle-la-cara-a-wanda-nara-en-milan\/","og_locale":"es_ES","og_type":"article","og_title":"La decisi\u00f3n que la China Su\u00e1rez tom\u00f3 a \u00faltimo momento para evitar verle la cara a Wanda Nara en Mil\u00e1n - CLAN ESPECTACULOS","og_description":"La actriz aterriz\u00f3 en Italia junto a Mauro Icardi, pero dio marcha atr\u00e1s en su plan de presenciar la audiencia de divorcio. La China Su\u00e1rez y Mauro Icardi\u00a0abandonaron Turqu\u00eda para trasladarse a Mil\u00e1n, ciudad italiana donde el futbolista tuvo que encontrarse con\u00a0Wanda Nara\u00a0para avanzar con el divorcio. Si bien la actriz quer\u00eda presenciar la audiencia [&hellip;]","og_url":"https:\/\/radioclanfm.com\/clanespectaculos\/la-decision-que-la-china-suarez-tomo-a-ultimo-momento-para-evitar-verle-la-cara-a-wanda-nara-en-milan\/","og_site_name":"CLAN ESPECTACULOS","article_publisher":"https:\/\/www.facebook.com\/clanespectaculos\/","article_published_time":"2025-05-29T01:14:21+00:00","og_image":[{"width":900,"height":504,"url":"https:\/\/radioclanfm.com\/clanespectaculos\/wp-content\/uploads\/sites\/2\/2025\/05\/pW6Fguf0.jpg","type":"image\/jpeg"}],"author":"E-GRUPOCLAN","twitter_card":"summary_large_image","twitter_creator":"@clanespectok","twitter_site":"@clanespectok","twitter_misc":{"Escrito por":"E-GRUPOCLAN","Tiempo de lectura":"2 minutos"},"schema":{"@context":"https:\/\/schema.org","@graph":[{"@type":"Article","@id":"https:\/\/radioclanfm.com\/clanespectaculos\/la-decision-que-la-china-suarez-tomo-a-ultimo-momento-para-evitar-verle-la-cara-a-wanda-nara-en-milan\/#article","isPartOf":{"@id":"https:\/\/radioclanfm.com\/clanespectaculos\/la-decision-que-la-china-suarez-tomo-a-ultimo-momento-para-evitar-verle-la-cara-a-wanda-nara-en-milan\/"},"author":{"name":"E-GRUPOCLAN","@id":"https:\/\/radioclanfm.com\/clanespectaculos\/#\/schema\/person\/9734813083303230f3ad84d99171b20c"},"headline":"La decisi\u00f3n que la China Su\u00e1rez tom\u00f3 a \u00faltimo momento para evitar verle la cara a Wanda Nara en Mil\u00e1n","datePublished":"2025-05-29T01:14:21+00:00","mainEntityOfPage":{"@id":"https:\/\/radioclanfm.com\/clanespectaculos\/la-decision-que-la-china-suarez-tomo-a-ultimo-momento-para-evitar-verle-la-cara-a-wanda-nara-en-milan\/"},"wordCount":502,"commentCount":0,"publisher":{"@id":"https:\/\/radioclanfm.com\/clanespectaculos\/#organization"},"image":{"@id":"https:\/\/radioclanfm.com\/clanespectaculos\/la-decision-que-la-china-suarez-tomo-a-ultimo-momento-para-evitar-verle-la-cara-a-wanda-nara-en-milan\/#primaryimage"},"thumbnailUrl":"https:\/\/radioclanfm.com\/clanespectaculos\/wp-content\/uploads\/sites\/2\/2025\/05\/pW6Fguf0.jpg","articleSection":["Espectaculos"],"inLanguage":"es-AR","potentialAction":[{"@type":"CommentAction","name":"Comment","target":["https:\/\/radioclanfm.com\/clanespectaculos\/la-decision-que-la-china-suarez-tomo-a-ultimo-momento-para-evitar-verle-la-cara-a-wanda-nara-en-milan\/#respond"]}]},{"@type":"WebPage","@id":"https:\/\/radioclanfm.com\/clanespectaculos\/la-decision-que-la-china-suarez-tomo-a-ultimo-momento-para-evitar-verle-la-cara-a-wanda-nara-en-milan\/","url":"https:\/\/radioclanfm.com\/clanespectaculos\/la-decision-que-la-china-suarez-tomo-a-ultimo-momento-para-evitar-verle-la-cara-a-wanda-nara-en-milan\/","name":"La decisi\u00f3n que la China Su\u00e1rez tom\u00f3 a \u00faltimo momento para evitar verle la cara a Wanda Nara en Mil\u00e1n - CLAN ESPECTACULOS","isPartOf":{"@id":"https:\/\/radioclanfm.com\/clanespectaculos\/#website"},"primaryImageOfPage":{"@id":"https:\/\/radioclanfm.com\/clanespectaculos\/la-decision-que-la-china-suarez-tomo-a-ultimo-momento-para-evitar-verle-la-cara-a-wanda-nara-en-milan\/#primaryimage"},"image":{"@id":"https:\/\/radioclanfm.com\/clanespectaculos\/la-decision-que-la-china-suarez-tomo-a-ultimo-momento-para-evitar-verle-la-cara-a-wanda-nara-en-milan\/#primaryimage"},"thumbnailUrl":"https:\/\/radioclanfm.com\/clanespectaculos\/wp-content\/uploads\/sites\/2\/2025\/05\/pW6Fguf0.jpg","datePublished":"2025-05-29T01:14:21+00:00","breadcrumb":{"@id":"https:\/\/radioclanfm.com\/clanespectaculos\/la-decision-que-la-china-suarez-tomo-a-ultimo-momento-para-evitar-verle-la-cara-a-wanda-nara-en-milan\/#breadcrumb"},"inLanguage":"es-AR","potentialAction":[{"@type":"ReadAction","target":["https:\/\/radioclanfm.com\/clanespectaculos\/la-decision-que-la-china-suarez-tomo-a-ultimo-momento-para-evitar-verle-la-cara-a-wanda-nara-en-milan\/"]}]},{"@type":"ImageObject","inLanguage":"es-AR","@id":"https:\/\/radioclanfm.com\/clanespectaculos\/la-decision-que-la-china-suarez-tomo-a-ultimo-momento-para-evitar-verle-la-cara-a-wanda-nara-en-milan\/#primaryimage","url":"https:\/\/radioclanfm.com\/clanespectaculos\/wp-content\/uploads\/sites\/2\/2025\/05\/pW6Fguf0.jpg","contentUrl":"https:\/\/radioclanfm.com\/clanespectaculos\/wp-content\/uploads\/sites\/2\/2025\/05\/pW6Fguf0.jpg","width":900,"height":504},{"@type":"BreadcrumbList","@id":"https:\/\/radioclanfm.com\/clanespectaculos\/la-decision-que-la-china-suarez-tomo-a-ultimo-momento-para-evitar-verle-la-cara-a-wanda-nara-en-milan\/#breadcrumb","itemListElement":[{"@type":"ListItem","position":1,"name":"Inicio","item":"https:\/\/radioclanfm.com\/clanespectaculos\/"},{"@type":"ListItem","position":2,"name":"La decisi\u00f3n que la China Su\u00e1rez tom\u00f3 a \u00faltimo momento para evitar verle la cara a Wanda Nara en Mil\u00e1n"}]},{"@type":"WebSite","@id":"https:\/\/radioclanfm.com\/clanespectaculos\/#website","url":"https:\/\/radioclanfm.com\/clanespectaculos\/","name":"CLAN ESPECTACULOS","description":"","publisher":{"@id":"https:\/\/radioclanfm.com\/clanespectaculos\/#organization"},"potentialAction":[{"@type":"SearchAction","target":{"@type":"EntryPoint","urlTemplate":"https:\/\/radioclanfm.com\/clanespectaculos\/?s={search_term_string}"},"query-input":{"@type":"PropertyValueSpecification","valueRequired":true,"valueName":"search_term_string"}}],"inLanguage":"es-AR"},{"@type":"Organization","@id":"https:\/\/radioclanfm.com\/clanespectaculos\/#organization","name":"CLAN ESPECTACULOS","url":"https:\/\/radioclanfm.com\/clanespectaculos\/","logo":{"@type":"ImageObject","inLanguage":"es-AR","@id":"https:\/\/radioclanfm.com\/clanespectaculos\/#\/schema\/logo\/image\/","url":"https:\/\/radioclanfm.com\/clanespectaculos\/wp-content\/uploads\/sites\/2\/2026\/04\/ChatGPT-Image-23-mar-2026-10_09_00.png","contentUrl":"https:\/\/radioclanfm.com\/clanespectaculos\/wp-content\/uploads\/sites\/2\/2026\/04\/ChatGPT-Image-23-mar-2026-10_09_00.png","width":1024,"height":1024,"caption":"CLAN ESPECTACULOS"},"image":{"@id":"https:\/\/radioclanfm.com\/clanespectaculos\/#\/schema\/logo\/image\/"},"sameAs":["https:\/\/www.facebook.com\/clanespectaculos\/","https:\/\/x.com\/clanespectok"]},{"@type":"Person","@id":"https:\/\/radioclanfm.com\/clanespectaculos\/#\/schema\/person\/9734813083303230f3ad84d99171b20c","name":"E-GRUPOCLAN","image":{"@type":"ImageObject","inLanguage":"es-AR","@id":"https:\/\/secure.gravatar.com\/avatar\/af6e19837c3d6a212034a48c7b3818d2ac1826f6025df0155da5a186ad321d79?s=96&d=mm&r=g","url":"https:\/\/secure.gravatar.com\/avatar\/af6e19837c3d6a212034a48c7b3818d2ac1826f6025df0155da5a186ad321d79?s=96&d=mm&r=g","contentUrl":"https:\/\/secure.gravatar.com\/avatar\/af6e19837c3d6a212034a48c7b3818d2ac1826f6025df0155da5a186ad321d79?s=96&d=mm&r=g","caption":"E-GRUPOCLAN"},"sameAs":["https:\/\/radioclanfm.com"],"url":"https:\/\/radioclanfm.com\/clanespectaculos\/author\/admin\/"}]}},"_links":{"self":[{"href":"https:\/\/radioclanfm.com\/clanespectaculos\/wp-json\/wp\/v2\/posts\/1136","targetHints":{"allow":["GET"]}}],"collection":[{"href":"https:\/\/radioclanfm.com\/clanespectaculos\/wp-json\/wp\/v2\/posts"}],"about":[{"href":"https:\/\/radioclanfm.com\/clanespectaculos\/wp-json\/wp\/v2\/types\/post"}],"author":[{"embeddable":true,"href":"https:\/\/radioclanfm.com\/clanespectaculos\/wp-json\/wp\/v2\/users\/1"}],"replies":[{"embeddable":true,"href":"https:\/\/radioclanfm.com\/clanespectaculos\/wp-json\/wp\/v2\/comments?post=1136"}],"version-history":[{"count":1,"href":"https:\/\/radioclanfm.com\/clanespectaculos\/wp-json\/wp\/v2\/posts\/1136\/revisions"}],"predecessor-version":[{"id":1140,"href":"https:\/\/radioclanfm.com\/clanespectaculos\/wp-json\/wp\/v2\/posts\/1136\/revisions\/1140"}],"wp:featuredmedia":[{"embeddable":true,"href":"https:\/\/radioclanfm.com\/clanespectaculos\/wp-json\/wp\/v2\/media\/1139"}],"wp:attachment":[{"href":"https:\/\/radioclanfm.com\/clanespectaculos\/wp-json\/wp\/v2\/media?parent=1136"}],"wp:term":[{"taxonomy":"category","embeddable":true,"href":"https:\/\/radioclanfm.com\/clanespectaculos\/wp-json\/wp\/v2\/categories?post=1136"},{"taxonomy":"post_tag","embeddable":true,"href":"https:\/\/radioclanfm.com\/clanespectaculos\/wp-json\/wp\/v2\/tags?post=1136"}],"curies":[{"name":"wp","href":"https:\/\/api.w.org\/{rel}","templated":true}]}}