{"id":1131,"date":"2025-05-28T22:13:21","date_gmt":"2025-05-29T01:13:21","guid":{"rendered":"https:\/\/radioclanfm.com\/clanespectaculos\/?p=1131"},"modified":"2025-05-28T22:13:21","modified_gmt":"2025-05-29T01:13:21","slug":"la-china-suarez-eligio-un-look-animal-print-para-ir-a-un-evento-en-milan-con-icardi-y-los-haters-la-criticaron","status":"publish","type":"post","link":"https:\/\/radioclanfm.com\/clanespectaculos\/la-china-suarez-eligio-un-look-animal-print-para-ir-a-un-evento-en-milan-con-icardi-y-los-haters-la-criticaron\/","title":{"rendered":"La China Su\u00e1rez eligi\u00f3 un look animal print para ir a un evento en Mil\u00e1n con Icardi y los haters la criticaron"},"content":{"rendered":"<p>Acompa\u00f1\u00f3 al futbolista a la ciudad italiana, donde firmar\u00e1 el divorcio de Wanda Nara, y asisti\u00f3 a una presentaci\u00f3n de una marca de cosm\u00e9ticos con una apuesta que fue criticada en Instagram.<\/p>\n<p class=\"paragraph font__body-regular\">Despu\u00e9s de festejar junto a\u00a0<b>Mauro Icardi<\/b>\u00a0el triunfo del Galastasaray en Turqu\u00eda, la\u00a0<b>China Su\u00e1rez<\/b><b>\u00a0<\/b>y el futbolista viajaron a Mil\u00e1n (donde \u00e9l firmar\u00e1 el divorcio con\u00a0<b>Wanda Nara<\/b>), y ya tuvo su primer evento internacional. La actriz fue invitada por la marca de cosm\u00e9tica\u00a0<b>Sweed Beauty<\/b>, de la empresaria<b>\u00a0Gabriella Elio,<\/b>\u00a0y mostr\u00f3 en Instagram el look que eligi\u00f3 para la ocasi\u00f3n.<\/p>\n<div id=\"ad-slot-infeed\" class=\"infeed-container ad-slot-infeed ad-slot\" data-adtype=\"infeed\" data-google-query-id=\"CP-Bgea_x40DFZpcuAQdPV0Dnw\">\n<div id=\"google_ads_iframe_\/113951150\/tn-arc\/nota\/infeed_0__container__\"><\/div>\n<\/div>\n<p>&nbsp;<\/p>\n<p class=\"paragraph font__body-regular\">La artista disfrut\u00f3 del almuerzo al aire libre con un equipo de<b>\u00a0crop top negro y pantal\u00f3n animal print de leopardo<\/b>, que ya se volvi\u00f3 un cl\u00e1sico y este 2025 est\u00e1 de vuelta m\u00e1s fuerte que nunca. Sum\u00f3 una\u00a0<b>chaqueta de cuero negra<\/b>\u00a0de molder\u00eda\u00a0<i><b>oversized<\/b><\/i>, otro de los caprichos de la temporada.<\/p>\n<figure class=\"\" data-testid=\"figure-testid\">\n<div class=\"aspect_ratio__container\"><picture class=\"responsive-image\"><source srcset=\"https:\/\/tn.com.ar\/resizer\/v2\/la-china-suarez-con-chaqueta-de-cuero-y-pantalon-de-leopardo-foto-instagramsangrejaponesa-RGZSQY535NABJNP3BP7J65Y4IY.jpg?auth=5630ca66921765c3b0073427d4be678033a62218edfb67b9c63deeed4d30620d&amp;width=767\" type=\"image\/jpg\" media=\"(max-width: 728px)\" \/><source srcset=\"https:\/\/tn.com.ar\/resizer\/v2\/la-china-suarez-con-chaqueta-de-cuero-y-pantalon-de-leopardo-foto-instagramsangrejaponesa-RGZSQY535NABJNP3BP7J65Y4IY.jpg?auth=5630ca66921765c3b0073427d4be678033a62218edfb67b9c63deeed4d30620d&amp;width=1023\" type=\"image\/jpg\" media=\"(max-width: 1023px)\" \/><source srcset=\"https:\/\/tn.com.ar\/resizer\/v2\/la-china-suarez-con-chaqueta-de-cuero-y-pantalon-de-leopardo-foto-instagramsangrejaponesa-RGZSQY535NABJNP3BP7J65Y4IY.jpg?auth=5630ca66921765c3b0073427d4be678033a62218edfb67b9c63deeed4d30620d&amp;width=1440\" type=\"image\/jpg\" \/><img loading=\"lazy\" decoding=\"async\" class=\"image content-image image_placeholder\" src=\"https:\/\/tn.com.ar\/resizer\/v2\/la-china-suarez-con-chaqueta-de-cuero-y-pantalon-de-leopardo-foto-instagramsangrejaponesa-RGZSQY535NABJNP3BP7J65Y4IY.jpg?auth=5630ca66921765c3b0073427d4be678033a62218edfb67b9c63deeed4d30620d&amp;width=767\" alt=\"La China Su\u00e1rez con chaqueta de cuero y pantal\u00f3n de leopardo. (Foto: Instagram\/@sangrejaponesa)\" width=\"767\" height=\"959\" data-testid=\"loading-testid\" \/><\/picture><\/div><figcaption class=\"caption_image\" data-testid=\"figcaption-testid\">\n<div class=\"image_caption \">La China Su\u00e1rez con chaqueta de cuero y pantal\u00f3n de leopardo. (Foto: Instagram\/@sangrejaponesa)<\/div>\n<\/figcaption><\/figure>\n<p class=\"paragraph font__body-regular\">Adem\u00e1s de fotografiar cada detalle del evento, desde los productos que le obsequiaron, el plato de Ralph Lauren en donde se sirvi\u00f3 la comida y las flores que adornaban las mesas, la China dej\u00f3 ver en detalle su\u00a0<i>beauty<\/i>\u00a0<i>look<\/i>: una apuesta de maquillaje en tonos neutros con\u00a0<b>m\u00e1scara de pesta\u00f1as, delineado, rubor en las mejillas y\u00a0<\/b><i><b>gloss<\/b><\/i><b>\u00a0<\/b>en los labios y un peinado recogido en una\u00a0<b>cola de caballo tirante.<\/b><\/p>\n<figure class=\"\" data-testid=\"figure-testid\">\n<div class=\"aspect_ratio__container\"><picture class=\"responsive-image\"><source srcset=\"https:\/\/tn.com.ar\/resizer\/v2\/la-china-suarez-mostro-en-detalle-su-beauty-look-foto-instagramsangrejaponesa-SWJLOCKZ3ZEUVBTOFPMQ5GJOHY.jpg?auth=5431e6a65ebb029758950c9131a14ae632f67109704a3c3cd650face052ad537&amp;width=767\" type=\"image\/jpg\" media=\"(max-width: 728px)\" \/><source srcset=\"https:\/\/tn.com.ar\/resizer\/v2\/la-china-suarez-mostro-en-detalle-su-beauty-look-foto-instagramsangrejaponesa-SWJLOCKZ3ZEUVBTOFPMQ5GJOHY.jpg?auth=5431e6a65ebb029758950c9131a14ae632f67109704a3c3cd650face052ad537&amp;width=1023\" type=\"image\/jpg\" media=\"(max-width: 1023px)\" \/><source srcset=\"https:\/\/tn.com.ar\/resizer\/v2\/la-china-suarez-mostro-en-detalle-su-beauty-look-foto-instagramsangrejaponesa-SWJLOCKZ3ZEUVBTOFPMQ5GJOHY.jpg?auth=5431e6a65ebb029758950c9131a14ae632f67109704a3c3cd650face052ad537&amp;width=1440\" type=\"image\/jpg\" \/><img loading=\"lazy\" decoding=\"async\" class=\"image content-image image_placeholder\" src=\"https:\/\/tn.com.ar\/resizer\/v2\/la-china-suarez-mostro-en-detalle-su-beauty-look-foto-instagramsangrejaponesa-SWJLOCKZ3ZEUVBTOFPMQ5GJOHY.jpg?auth=5431e6a65ebb029758950c9131a14ae632f67109704a3c3cd650face052ad537&amp;width=767\" alt=\"La China Su\u00e1rez mostr\u00f3 en detalle su beauty look. (Foto: Instagram\/@sangrejaponesa)\" width=\"767\" height=\"959\" data-testid=\"loading-testid\" \/><\/picture><\/div><figcaption class=\"caption_image\" data-testid=\"figcaption-testid\">\n<div class=\"image_caption \">La China Su\u00e1rez mostr\u00f3 en detalle su beauty look. (Foto: Instagram\/@sangrejaponesa)<\/div>\n<\/figcaption><\/figure>\n<figure class=\"\" data-testid=\"figure-testid\">\n<div class=\"aspect_ratio__container\"><picture class=\"responsive-image\"><source srcset=\"https:\/\/tn.com.ar\/resizer\/v2\/la-china-suarez-fotografio-los-platos-del-evento-al-que-asistio-foto-instagramsangrejaponesa-TOXCDKKNGBBQ7KFG3CML6E5BA4.jpg?auth=d2e7ca07c76265e8707c6f4866b278d862153a903dcb813e2659bd86ba52fb2c&amp;width=767\" type=\"image\/jpg\" media=\"(max-width: 728px)\" \/><source srcset=\"https:\/\/tn.com.ar\/resizer\/v2\/la-china-suarez-fotografio-los-platos-del-evento-al-que-asistio-foto-instagramsangrejaponesa-TOXCDKKNGBBQ7KFG3CML6E5BA4.jpg?auth=d2e7ca07c76265e8707c6f4866b278d862153a903dcb813e2659bd86ba52fb2c&amp;width=1023\" type=\"image\/jpg\" media=\"(max-width: 1023px)\" \/><source srcset=\"https:\/\/tn.com.ar\/resizer\/v2\/la-china-suarez-fotografio-los-platos-del-evento-al-que-asistio-foto-instagramsangrejaponesa-TOXCDKKNGBBQ7KFG3CML6E5BA4.jpg?auth=d2e7ca07c76265e8707c6f4866b278d862153a903dcb813e2659bd86ba52fb2c&amp;width=1440\" type=\"image\/jpg\" \/><img loading=\"lazy\" decoding=\"async\" class=\"image content-image image_placeholder\" src=\"https:\/\/tn.com.ar\/resizer\/v2\/la-china-suarez-fotografio-los-platos-del-evento-al-que-asistio-foto-instagramsangrejaponesa-TOXCDKKNGBBQ7KFG3CML6E5BA4.jpg?auth=d2e7ca07c76265e8707c6f4866b278d862153a903dcb813e2659bd86ba52fb2c&amp;width=767\" alt=\"La China Su\u00e1rez fotografi\u00f3 los platos del evento al que asisti\u00f3. (Foto: Instagram\/@sangrejaponesa)\" width=\"767\" height=\"959\" data-testid=\"loading-testid\" \/><\/picture><\/div><figcaption class=\"caption_image\" data-testid=\"figcaption-testid\">\n<div class=\"image_caption \">La China Su\u00e1rez fotografi\u00f3 los platos del evento al que asisti\u00f3. (Foto: Instagram\/@sangrejaponesa)<\/div>\n<\/figcaption><\/figure>\n<p class=\"paragraph font__body-regular\">En el mismo carrusel de im\u00e1genes, la actriz mostr\u00f3 tambi\u00e9n una instant\u00e1nea que se tom\u00f3 junto a la fundadora de la marca, que us\u00f3 un conjunto de\u00a0<i>tweed<\/i>\u00a0color beige, y a Mauro Icardi, que fue con un conjunto de jean celeste de chaqueta y pantal\u00f3n recto que combin\u00f3 con una remera blanca de cuello redondo y anteojos de sol espejados.<\/p>\n<figure class=\"\" data-testid=\"figure-testid\">\n<div class=\"aspect_ratio__container\"><picture class=\"responsive-image\"><source srcset=\"https:\/\/tn.com.ar\/resizer\/v2\/la-china-suarez-y-mauro-icardi-en-el-evento-de-sweed-beauty-foto-instagramsangrejaponesa-3DFROYMA3JCT3H7HBR3LFM5HNI.jpg?auth=e508d4a67ff81c2d16eec1e499e1911ff67f83209f28610562eab30676070f83&amp;width=767\" type=\"image\/jpg\" media=\"(max-width: 728px)\" \/><source srcset=\"https:\/\/tn.com.ar\/resizer\/v2\/la-china-suarez-y-mauro-icardi-en-el-evento-de-sweed-beauty-foto-instagramsangrejaponesa-3DFROYMA3JCT3H7HBR3LFM5HNI.jpg?auth=e508d4a67ff81c2d16eec1e499e1911ff67f83209f28610562eab30676070f83&amp;width=1023\" type=\"image\/jpg\" media=\"(max-width: 1023px)\" \/><source srcset=\"https:\/\/tn.com.ar\/resizer\/v2\/la-china-suarez-y-mauro-icardi-en-el-evento-de-sweed-beauty-foto-instagramsangrejaponesa-3DFROYMA3JCT3H7HBR3LFM5HNI.jpg?auth=e508d4a67ff81c2d16eec1e499e1911ff67f83209f28610562eab30676070f83&amp;width=1440\" type=\"image\/jpg\" \/><img loading=\"lazy\" decoding=\"async\" class=\"image content-image image_placeholder\" src=\"https:\/\/tn.com.ar\/resizer\/v2\/la-china-suarez-y-mauro-icardi-en-el-evento-de-sweed-beauty-foto-instagramsangrejaponesa-3DFROYMA3JCT3H7HBR3LFM5HNI.jpg?auth=e508d4a67ff81c2d16eec1e499e1911ff67f83209f28610562eab30676070f83&amp;width=767\" alt=\"La China Su\u00e1rez y Mauro Icardi en el evento de Sweed Beauty. (Foto: Instagram\/@sangrejaponesa)\" width=\"767\" height=\"958\" data-testid=\"loading-testid\" \/><\/picture><\/div><figcaption class=\"caption_image\" data-testid=\"figcaption-testid\">\n<div class=\"image_caption \">La China Su\u00e1rez y Mauro Icardi en el evento de Sweed Beauty. (Foto: Instagram\/@sangrejaponesa)<\/div>\n<\/figcaption><\/figure>\n<p class=\"paragraph font__body-regular\">En el pie de la publicaci\u00f3n, la China felicit\u00f3 a la empresaria por el evento y le agradeci\u00f3 por haberla invitado y, como siempre, las opiniones estuvieron divididas en la secci\u00f3n de comentarios. Muchos le dejaron cr\u00edticas por la vestimenta, como<b>\u00a0\u201cLas otras chicas lindas vestidas y vos as\u00ed nom\u00e1s\u201d o \u201cPor qu\u00e9 se viste tan mal\u201d.<\/b>\u00a0Otros, en tanto, arremetieron contra su relaci\u00f3n:\u00a0<b>\u201cSiempre con el macho a sol y sombra\u201d y \u201cM\u00e1s arrastrada no puede ser la monchita\u201c,<\/b>\u00a0escribieron.<\/p>\n<p class=\"paragraph font__body-regular\">Tambi\u00e9n aparecieron sus fan\u00e1ticos, que siempre la defienden, y no dudaron en dejarle mensajes de apoyo como\u00a0<b>\u201cHermosa sos\u201d y \u201cQu\u00e9 preciosa\u201d.<\/b>\u00a0Adem\u00e1s, recibi\u00f3\u00a0<i><b>emojis<\/b><\/i><b>\u00a0de fueguitos de Graciela Alfano<\/b>\u00a0y un\u00a0<b>\u201cQu\u00e9 hermosa\u201d de Ivanna Icardi<\/b>, la hermana de Mauro Icardi.<\/p>\n","protected":false},"excerpt":{"rendered":"<p>Acompa\u00f1\u00f3 al futbolista a la ciudad italiana, donde firmar\u00e1 el divorcio de Wanda Nara, y asisti\u00f3 a una presentaci\u00f3n de una marca de cosm\u00e9ticos con una apuesta que fue criticada en Instagram. Despu\u00e9s de festejar junto a\u00a0Mauro Icardi\u00a0el triunfo del Galastasaray en Turqu\u00eda, la\u00a0China Su\u00e1rez\u00a0y el futbolista viajaron a Mil\u00e1n (donde \u00e9l firmar\u00e1 el divorcio [&hellip;]<\/p>\n","protected":false},"author":1,"featured_media":1134,"comment_status":"open","ping_status":"open","sticky":false,"template":"","format":"standard","meta":{"rop_custom_images_group":[],"rop_custom_messages_group":[],"rop_publish_now":"initial","rop_publish_now_accounts":[],"rop_publish_now_history":[],"rop_publish_now_status":"pending","footnotes":"","jetpack_publicize_message":"","jetpack_publicize_feature_enabled":true,"jetpack_social_post_already_shared":true,"jetpack_social_options":{"image_generator_settings":{"template":"highway","enabled":false},"version":2}},"categories":[12],"tags":[],"class_list":{"0":"post-1131","1":"post","2":"type-post","3":"status-publish","4":"format-standard","5":"has-post-thumbnail","7":"category-espectaculos"},"jetpack_publicize_connections":[],"yoast_head":"<!-- This site is optimized with the Yoast SEO plugin v27.3 - https:\/\/yoast.com\/product\/yoast-seo-wordpress\/ -->\n<title>La China Su\u00e1rez eligi\u00f3 un look animal print para ir a un evento en Mil\u00e1n con Icardi y los haters la criticaron - CLAN ESPECTACULOS<\/title>\n<meta name=\"robots\" content=\"index, follow, max-snippet:-1, max-image-preview:large, max-video-preview:-1\" \/>\n<link rel=\"canonical\" href=\"https:\/\/radioclanfm.com\/clanespectaculos\/la-china-suarez-eligio-un-look-animal-print-para-ir-a-un-evento-en-milan-con-icardi-y-los-haters-la-criticaron\/\" \/>\n<meta property=\"og:locale\" content=\"es_ES\" \/>\n<meta property=\"og:type\" content=\"article\" \/>\n<meta property=\"og:title\" content=\"La China Su\u00e1rez eligi\u00f3 un look animal print para ir a un evento en Mil\u00e1n con Icardi y los haters la criticaron - CLAN ESPECTACULOS\" \/>\n<meta property=\"og:description\" content=\"Acompa\u00f1\u00f3 al futbolista a la ciudad italiana, donde firmar\u00e1 el divorcio de Wanda Nara, y asisti\u00f3 a una presentaci\u00f3n de una marca de cosm\u00e9ticos con una apuesta que fue criticada en Instagram. Despu\u00e9s de festejar junto a\u00a0Mauro Icardi\u00a0el triunfo del Galastasaray en Turqu\u00eda, la\u00a0China Su\u00e1rez\u00a0y el futbolista viajaron a Mil\u00e1n (donde \u00e9l firmar\u00e1 el divorcio [&hellip;]\" \/>\n<meta property=\"og:url\" content=\"https:\/\/radioclanfm.com\/clanespectaculos\/la-china-suarez-eligio-un-look-animal-print-para-ir-a-un-evento-en-milan-con-icardi-y-los-haters-la-criticaron\/\" \/>\n<meta property=\"og:site_name\" content=\"CLAN ESPECTACULOS\" \/>\n<meta property=\"article:publisher\" content=\"https:\/\/www.facebook.com\/clanespectaculos\/\" \/>\n<meta property=\"article:published_time\" content=\"2025-05-29T01:13:21+00:00\" \/>\n<meta property=\"og:image\" content=\"https:\/\/radioclanfm.com\/clanespectaculos\/wp-content\/uploads\/sites\/2\/2025\/05\/6q39pmLp.jpg\" \/>\n\t<meta property=\"og:image:width\" content=\"900\" \/>\n\t<meta property=\"og:image:height\" content=\"507\" \/>\n\t<meta property=\"og:image:type\" content=\"image\/jpeg\" \/>\n<meta name=\"author\" content=\"E-GRUPOCLAN\" \/>\n<meta name=\"twitter:card\" content=\"summary_large_image\" \/>\n<meta name=\"twitter:creator\" content=\"@clanespectok\" \/>\n<meta name=\"twitter:site\" content=\"@clanespectok\" \/>\n<meta name=\"twitter:label1\" content=\"Escrito por\" \/>\n\t<meta name=\"twitter:data1\" content=\"E-GRUPOCLAN\" \/>\n\t<meta name=\"twitter:label2\" content=\"Tiempo de lectura\" \/>\n\t<meta name=\"twitter:data2\" content=\"2 minutos\" \/>\n<script type=\"application\/ld+json\" class=\"yoast-schema-graph\">{\"@context\":\"https:\\\/\\\/schema.org\",\"@graph\":[{\"@type\":\"Article\",\"@id\":\"https:\\\/\\\/radioclanfm.com\\\/clanespectaculos\\\/la-china-suarez-eligio-un-look-animal-print-para-ir-a-un-evento-en-milan-con-icardi-y-los-haters-la-criticaron\\\/#article\",\"isPartOf\":{\"@id\":\"https:\\\/\\\/radioclanfm.com\\\/clanespectaculos\\\/la-china-suarez-eligio-un-look-animal-print-para-ir-a-un-evento-en-milan-con-icardi-y-los-haters-la-criticaron\\\/\"},\"author\":{\"name\":\"E-GRUPOCLAN\",\"@id\":\"https:\\\/\\\/radioclanfm.com\\\/clanespectaculos\\\/#\\\/schema\\\/person\\\/9734813083303230f3ad84d99171b20c\"},\"headline\":\"La China Su\u00e1rez eligi\u00f3 un look animal print para ir a un evento en Mil\u00e1n con Icardi y los haters la criticaron\",\"datePublished\":\"2025-05-29T01:13:21+00:00\",\"mainEntityOfPage\":{\"@id\":\"https:\\\/\\\/radioclanfm.com\\\/clanespectaculos\\\/la-china-suarez-eligio-un-look-animal-print-para-ir-a-un-evento-en-milan-con-icardi-y-los-haters-la-criticaron\\\/\"},\"wordCount\":516,\"commentCount\":0,\"publisher\":{\"@id\":\"https:\\\/\\\/radioclanfm.com\\\/clanespectaculos\\\/#organization\"},\"image\":{\"@id\":\"https:\\\/\\\/radioclanfm.com\\\/clanespectaculos\\\/la-china-suarez-eligio-un-look-animal-print-para-ir-a-un-evento-en-milan-con-icardi-y-los-haters-la-criticaron\\\/#primaryimage\"},\"thumbnailUrl\":\"https:\\\/\\\/radioclanfm.com\\\/clanespectaculos\\\/wp-content\\\/uploads\\\/sites\\\/2\\\/2025\\\/05\\\/6q39pmLp.jpg\",\"articleSection\":[\"Espectaculos\"],\"inLanguage\":\"es-AR\",\"potentialAction\":[{\"@type\":\"CommentAction\",\"name\":\"Comment\",\"target\":[\"https:\\\/\\\/radioclanfm.com\\\/clanespectaculos\\\/la-china-suarez-eligio-un-look-animal-print-para-ir-a-un-evento-en-milan-con-icardi-y-los-haters-la-criticaron\\\/#respond\"]}]},{\"@type\":\"WebPage\",\"@id\":\"https:\\\/\\\/radioclanfm.com\\\/clanespectaculos\\\/la-china-suarez-eligio-un-look-animal-print-para-ir-a-un-evento-en-milan-con-icardi-y-los-haters-la-criticaron\\\/\",\"url\":\"https:\\\/\\\/radioclanfm.com\\\/clanespectaculos\\\/la-china-suarez-eligio-un-look-animal-print-para-ir-a-un-evento-en-milan-con-icardi-y-los-haters-la-criticaron\\\/\",\"name\":\"La China Su\u00e1rez eligi\u00f3 un look animal print para ir a un evento en Mil\u00e1n con Icardi y los haters la criticaron - CLAN ESPECTACULOS\",\"isPartOf\":{\"@id\":\"https:\\\/\\\/radioclanfm.com\\\/clanespectaculos\\\/#website\"},\"primaryImageOfPage\":{\"@id\":\"https:\\\/\\\/radioclanfm.com\\\/clanespectaculos\\\/la-china-suarez-eligio-un-look-animal-print-para-ir-a-un-evento-en-milan-con-icardi-y-los-haters-la-criticaron\\\/#primaryimage\"},\"image\":{\"@id\":\"https:\\\/\\\/radioclanfm.com\\\/clanespectaculos\\\/la-china-suarez-eligio-un-look-animal-print-para-ir-a-un-evento-en-milan-con-icardi-y-los-haters-la-criticaron\\\/#primaryimage\"},\"thumbnailUrl\":\"https:\\\/\\\/radioclanfm.com\\\/clanespectaculos\\\/wp-content\\\/uploads\\\/sites\\\/2\\\/2025\\\/05\\\/6q39pmLp.jpg\",\"datePublished\":\"2025-05-29T01:13:21+00:00\",\"breadcrumb\":{\"@id\":\"https:\\\/\\\/radioclanfm.com\\\/clanespectaculos\\\/la-china-suarez-eligio-un-look-animal-print-para-ir-a-un-evento-en-milan-con-icardi-y-los-haters-la-criticaron\\\/#breadcrumb\"},\"inLanguage\":\"es-AR\",\"potentialAction\":[{\"@type\":\"ReadAction\",\"target\":[\"https:\\\/\\\/radioclanfm.com\\\/clanespectaculos\\\/la-china-suarez-eligio-un-look-animal-print-para-ir-a-un-evento-en-milan-con-icardi-y-los-haters-la-criticaron\\\/\"]}]},{\"@type\":\"ImageObject\",\"inLanguage\":\"es-AR\",\"@id\":\"https:\\\/\\\/radioclanfm.com\\\/clanespectaculos\\\/la-china-suarez-eligio-un-look-animal-print-para-ir-a-un-evento-en-milan-con-icardi-y-los-haters-la-criticaron\\\/#primaryimage\",\"url\":\"https:\\\/\\\/radioclanfm.com\\\/clanespectaculos\\\/wp-content\\\/uploads\\\/sites\\\/2\\\/2025\\\/05\\\/6q39pmLp.jpg\",\"contentUrl\":\"https:\\\/\\\/radioclanfm.com\\\/clanespectaculos\\\/wp-content\\\/uploads\\\/sites\\\/2\\\/2025\\\/05\\\/6q39pmLp.jpg\",\"width\":900,\"height\":507},{\"@type\":\"BreadcrumbList\",\"@id\":\"https:\\\/\\\/radioclanfm.com\\\/clanespectaculos\\\/la-china-suarez-eligio-un-look-animal-print-para-ir-a-un-evento-en-milan-con-icardi-y-los-haters-la-criticaron\\\/#breadcrumb\",\"itemListElement\":[{\"@type\":\"ListItem\",\"position\":1,\"name\":\"Inicio\",\"item\":\"https:\\\/\\\/radioclanfm.com\\\/clanespectaculos\\\/\"},{\"@type\":\"ListItem\",\"position\":2,\"name\":\"La China Su\u00e1rez eligi\u00f3 un look animal print para ir a un evento en Mil\u00e1n con Icardi y los haters la criticaron\"}]},{\"@type\":\"WebSite\",\"@id\":\"https:\\\/\\\/radioclanfm.com\\\/clanespectaculos\\\/#website\",\"url\":\"https:\\\/\\\/radioclanfm.com\\\/clanespectaculos\\\/\",\"name\":\"CLAN ESPECTACULOS\",\"description\":\"\",\"publisher\":{\"@id\":\"https:\\\/\\\/radioclanfm.com\\\/clanespectaculos\\\/#organization\"},\"potentialAction\":[{\"@type\":\"SearchAction\",\"target\":{\"@type\":\"EntryPoint\",\"urlTemplate\":\"https:\\\/\\\/radioclanfm.com\\\/clanespectaculos\\\/?s={search_term_string}\"},\"query-input\":{\"@type\":\"PropertyValueSpecification\",\"valueRequired\":true,\"valueName\":\"search_term_string\"}}],\"inLanguage\":\"es-AR\"},{\"@type\":\"Organization\",\"@id\":\"https:\\\/\\\/radioclanfm.com\\\/clanespectaculos\\\/#organization\",\"name\":\"CLAN ESPECTACULOS\",\"url\":\"https:\\\/\\\/radioclanfm.com\\\/clanespectaculos\\\/\",\"logo\":{\"@type\":\"ImageObject\",\"inLanguage\":\"es-AR\",\"@id\":\"https:\\\/\\\/radioclanfm.com\\\/clanespectaculos\\\/#\\\/schema\\\/logo\\\/image\\\/\",\"url\":\"https:\\\/\\\/radioclanfm.com\\\/clanespectaculos\\\/wp-content\\\/uploads\\\/sites\\\/2\\\/2026\\\/04\\\/ChatGPT-Image-23-mar-2026-10_09_00.png\",\"contentUrl\":\"https:\\\/\\\/radioclanfm.com\\\/clanespectaculos\\\/wp-content\\\/uploads\\\/sites\\\/2\\\/2026\\\/04\\\/ChatGPT-Image-23-mar-2026-10_09_00.png\",\"width\":1024,\"height\":1024,\"caption\":\"CLAN ESPECTACULOS\"},\"image\":{\"@id\":\"https:\\\/\\\/radioclanfm.com\\\/clanespectaculos\\\/#\\\/schema\\\/logo\\\/image\\\/\"},\"sameAs\":[\"https:\\\/\\\/www.facebook.com\\\/clanespectaculos\\\/\",\"https:\\\/\\\/x.com\\\/clanespectok\"]},{\"@type\":\"Person\",\"@id\":\"https:\\\/\\\/radioclanfm.com\\\/clanespectaculos\\\/#\\\/schema\\\/person\\\/9734813083303230f3ad84d99171b20c\",\"name\":\"E-GRUPOCLAN\",\"image\":{\"@type\":\"ImageObject\",\"inLanguage\":\"es-AR\",\"@id\":\"https:\\\/\\\/secure.gravatar.com\\\/avatar\\\/af6e19837c3d6a212034a48c7b3818d2ac1826f6025df0155da5a186ad321d79?s=96&d=mm&r=g\",\"url\":\"https:\\\/\\\/secure.gravatar.com\\\/avatar\\\/af6e19837c3d6a212034a48c7b3818d2ac1826f6025df0155da5a186ad321d79?s=96&d=mm&r=g\",\"contentUrl\":\"https:\\\/\\\/secure.gravatar.com\\\/avatar\\\/af6e19837c3d6a212034a48c7b3818d2ac1826f6025df0155da5a186ad321d79?s=96&d=mm&r=g\",\"caption\":\"E-GRUPOCLAN\"},\"sameAs\":[\"https:\\\/\\\/radioclanfm.com\"],\"url\":\"https:\\\/\\\/radioclanfm.com\\\/clanespectaculos\\\/author\\\/admin\\\/\"}]}<\/script>\n<!-- \/ Yoast SEO plugin. -->","yoast_head_json":{"title":"La China Su\u00e1rez eligi\u00f3 un look animal print para ir a un evento en Mil\u00e1n con Icardi y los haters la criticaron - CLAN ESPECTACULOS","robots":{"index":"index","follow":"follow","max-snippet":"max-snippet:-1","max-image-preview":"max-image-preview:large","max-video-preview":"max-video-preview:-1"},"canonical":"https:\/\/radioclanfm.com\/clanespectaculos\/la-china-suarez-eligio-un-look-animal-print-para-ir-a-un-evento-en-milan-con-icardi-y-los-haters-la-criticaron\/","og_locale":"es_ES","og_type":"article","og_title":"La China Su\u00e1rez eligi\u00f3 un look animal print para ir a un evento en Mil\u00e1n con Icardi y los haters la criticaron - CLAN ESPECTACULOS","og_description":"Acompa\u00f1\u00f3 al futbolista a la ciudad italiana, donde firmar\u00e1 el divorcio de Wanda Nara, y asisti\u00f3 a una presentaci\u00f3n de una marca de cosm\u00e9ticos con una apuesta que fue criticada en Instagram. Despu\u00e9s de festejar junto a\u00a0Mauro Icardi\u00a0el triunfo del Galastasaray en Turqu\u00eda, la\u00a0China Su\u00e1rez\u00a0y el futbolista viajaron a Mil\u00e1n (donde \u00e9l firmar\u00e1 el divorcio [&hellip;]","og_url":"https:\/\/radioclanfm.com\/clanespectaculos\/la-china-suarez-eligio-un-look-animal-print-para-ir-a-un-evento-en-milan-con-icardi-y-los-haters-la-criticaron\/","og_site_name":"CLAN ESPECTACULOS","article_publisher":"https:\/\/www.facebook.com\/clanespectaculos\/","article_published_time":"2025-05-29T01:13:21+00:00","og_image":[{"width":900,"height":507,"url":"https:\/\/radioclanfm.com\/clanespectaculos\/wp-content\/uploads\/sites\/2\/2025\/05\/6q39pmLp.jpg","type":"image\/jpeg"}],"author":"E-GRUPOCLAN","twitter_card":"summary_large_image","twitter_creator":"@clanespectok","twitter_site":"@clanespectok","twitter_misc":{"Escrito por":"E-GRUPOCLAN","Tiempo de lectura":"2 minutos"},"schema":{"@context":"https:\/\/schema.org","@graph":[{"@type":"Article","@id":"https:\/\/radioclanfm.com\/clanespectaculos\/la-china-suarez-eligio-un-look-animal-print-para-ir-a-un-evento-en-milan-con-icardi-y-los-haters-la-criticaron\/#article","isPartOf":{"@id":"https:\/\/radioclanfm.com\/clanespectaculos\/la-china-suarez-eligio-un-look-animal-print-para-ir-a-un-evento-en-milan-con-icardi-y-los-haters-la-criticaron\/"},"author":{"name":"E-GRUPOCLAN","@id":"https:\/\/radioclanfm.com\/clanespectaculos\/#\/schema\/person\/9734813083303230f3ad84d99171b20c"},"headline":"La China Su\u00e1rez eligi\u00f3 un look animal print para ir a un evento en Mil\u00e1n con Icardi y los haters la criticaron","datePublished":"2025-05-29T01:13:21+00:00","mainEntityOfPage":{"@id":"https:\/\/radioclanfm.com\/clanespectaculos\/la-china-suarez-eligio-un-look-animal-print-para-ir-a-un-evento-en-milan-con-icardi-y-los-haters-la-criticaron\/"},"wordCount":516,"commentCount":0,"publisher":{"@id":"https:\/\/radioclanfm.com\/clanespectaculos\/#organization"},"image":{"@id":"https:\/\/radioclanfm.com\/clanespectaculos\/la-china-suarez-eligio-un-look-animal-print-para-ir-a-un-evento-en-milan-con-icardi-y-los-haters-la-criticaron\/#primaryimage"},"thumbnailUrl":"https:\/\/radioclanfm.com\/clanespectaculos\/wp-content\/uploads\/sites\/2\/2025\/05\/6q39pmLp.jpg","articleSection":["Espectaculos"],"inLanguage":"es-AR","potentialAction":[{"@type":"CommentAction","name":"Comment","target":["https:\/\/radioclanfm.com\/clanespectaculos\/la-china-suarez-eligio-un-look-animal-print-para-ir-a-un-evento-en-milan-con-icardi-y-los-haters-la-criticaron\/#respond"]}]},{"@type":"WebPage","@id":"https:\/\/radioclanfm.com\/clanespectaculos\/la-china-suarez-eligio-un-look-animal-print-para-ir-a-un-evento-en-milan-con-icardi-y-los-haters-la-criticaron\/","url":"https:\/\/radioclanfm.com\/clanespectaculos\/la-china-suarez-eligio-un-look-animal-print-para-ir-a-un-evento-en-milan-con-icardi-y-los-haters-la-criticaron\/","name":"La China Su\u00e1rez eligi\u00f3 un look animal print para ir a un evento en Mil\u00e1n con Icardi y los haters la criticaron - CLAN ESPECTACULOS","isPartOf":{"@id":"https:\/\/radioclanfm.com\/clanespectaculos\/#website"},"primaryImageOfPage":{"@id":"https:\/\/radioclanfm.com\/clanespectaculos\/la-china-suarez-eligio-un-look-animal-print-para-ir-a-un-evento-en-milan-con-icardi-y-los-haters-la-criticaron\/#primaryimage"},"image":{"@id":"https:\/\/radioclanfm.com\/clanespectaculos\/la-china-suarez-eligio-un-look-animal-print-para-ir-a-un-evento-en-milan-con-icardi-y-los-haters-la-criticaron\/#primaryimage"},"thumbnailUrl":"https:\/\/radioclanfm.com\/clanespectaculos\/wp-content\/uploads\/sites\/2\/2025\/05\/6q39pmLp.jpg","datePublished":"2025-05-29T01:13:21+00:00","breadcrumb":{"@id":"https:\/\/radioclanfm.com\/clanespectaculos\/la-china-suarez-eligio-un-look-animal-print-para-ir-a-un-evento-en-milan-con-icardi-y-los-haters-la-criticaron\/#breadcrumb"},"inLanguage":"es-AR","potentialAction":[{"@type":"ReadAction","target":["https:\/\/radioclanfm.com\/clanespectaculos\/la-china-suarez-eligio-un-look-animal-print-para-ir-a-un-evento-en-milan-con-icardi-y-los-haters-la-criticaron\/"]}]},{"@type":"ImageObject","inLanguage":"es-AR","@id":"https:\/\/radioclanfm.com\/clanespectaculos\/la-china-suarez-eligio-un-look-animal-print-para-ir-a-un-evento-en-milan-con-icardi-y-los-haters-la-criticaron\/#primaryimage","url":"https:\/\/radioclanfm.com\/clanespectaculos\/wp-content\/uploads\/sites\/2\/2025\/05\/6q39pmLp.jpg","contentUrl":"https:\/\/radioclanfm.com\/clanespectaculos\/wp-content\/uploads\/sites\/2\/2025\/05\/6q39pmLp.jpg","width":900,"height":507},{"@type":"BreadcrumbList","@id":"https:\/\/radioclanfm.com\/clanespectaculos\/la-china-suarez-eligio-un-look-animal-print-para-ir-a-un-evento-en-milan-con-icardi-y-los-haters-la-criticaron\/#breadcrumb","itemListElement":[{"@type":"ListItem","position":1,"name":"Inicio","item":"https:\/\/radioclanfm.com\/clanespectaculos\/"},{"@type":"ListItem","position":2,"name":"La China Su\u00e1rez eligi\u00f3 un look animal print para ir a un evento en Mil\u00e1n con Icardi y los haters la criticaron"}]},{"@type":"WebSite","@id":"https:\/\/radioclanfm.com\/clanespectaculos\/#website","url":"https:\/\/radioclanfm.com\/clanespectaculos\/","name":"CLAN ESPECTACULOS","description":"","publisher":{"@id":"https:\/\/radioclanfm.com\/clanespectaculos\/#organization"},"potentialAction":[{"@type":"SearchAction","target":{"@type":"EntryPoint","urlTemplate":"https:\/\/radioclanfm.com\/clanespectaculos\/?s={search_term_string}"},"query-input":{"@type":"PropertyValueSpecification","valueRequired":true,"valueName":"search_term_string"}}],"inLanguage":"es-AR"},{"@type":"Organization","@id":"https:\/\/radioclanfm.com\/clanespectaculos\/#organization","name":"CLAN ESPECTACULOS","url":"https:\/\/radioclanfm.com\/clanespectaculos\/","logo":{"@type":"ImageObject","inLanguage":"es-AR","@id":"https:\/\/radioclanfm.com\/clanespectaculos\/#\/schema\/logo\/image\/","url":"https:\/\/radioclanfm.com\/clanespectaculos\/wp-content\/uploads\/sites\/2\/2026\/04\/ChatGPT-Image-23-mar-2026-10_09_00.png","contentUrl":"https:\/\/radioclanfm.com\/clanespectaculos\/wp-content\/uploads\/sites\/2\/2026\/04\/ChatGPT-Image-23-mar-2026-10_09_00.png","width":1024,"height":1024,"caption":"CLAN ESPECTACULOS"},"image":{"@id":"https:\/\/radioclanfm.com\/clanespectaculos\/#\/schema\/logo\/image\/"},"sameAs":["https:\/\/www.facebook.com\/clanespectaculos\/","https:\/\/x.com\/clanespectok"]},{"@type":"Person","@id":"https:\/\/radioclanfm.com\/clanespectaculos\/#\/schema\/person\/9734813083303230f3ad84d99171b20c","name":"E-GRUPOCLAN","image":{"@type":"ImageObject","inLanguage":"es-AR","@id":"https:\/\/secure.gravatar.com\/avatar\/af6e19837c3d6a212034a48c7b3818d2ac1826f6025df0155da5a186ad321d79?s=96&d=mm&r=g","url":"https:\/\/secure.gravatar.com\/avatar\/af6e19837c3d6a212034a48c7b3818d2ac1826f6025df0155da5a186ad321d79?s=96&d=mm&r=g","contentUrl":"https:\/\/secure.gravatar.com\/avatar\/af6e19837c3d6a212034a48c7b3818d2ac1826f6025df0155da5a186ad321d79?s=96&d=mm&r=g","caption":"E-GRUPOCLAN"},"sameAs":["https:\/\/radioclanfm.com"],"url":"https:\/\/radioclanfm.com\/clanespectaculos\/author\/admin\/"}]}},"_links":{"self":[{"href":"https:\/\/radioclanfm.com\/clanespectaculos\/wp-json\/wp\/v2\/posts\/1131","targetHints":{"allow":["GET"]}}],"collection":[{"href":"https:\/\/radioclanfm.com\/clanespectaculos\/wp-json\/wp\/v2\/posts"}],"about":[{"href":"https:\/\/radioclanfm.com\/clanespectaculos\/wp-json\/wp\/v2\/types\/post"}],"author":[{"embeddable":true,"href":"https:\/\/radioclanfm.com\/clanespectaculos\/wp-json\/wp\/v2\/users\/1"}],"replies":[{"embeddable":true,"href":"https:\/\/radioclanfm.com\/clanespectaculos\/wp-json\/wp\/v2\/comments?post=1131"}],"version-history":[{"count":1,"href":"https:\/\/radioclanfm.com\/clanespectaculos\/wp-json\/wp\/v2\/posts\/1131\/revisions"}],"predecessor-version":[{"id":1135,"href":"https:\/\/radioclanfm.com\/clanespectaculos\/wp-json\/wp\/v2\/posts\/1131\/revisions\/1135"}],"wp:featuredmedia":[{"embeddable":true,"href":"https:\/\/radioclanfm.com\/clanespectaculos\/wp-json\/wp\/v2\/media\/1134"}],"wp:attachment":[{"href":"https:\/\/radioclanfm.com\/clanespectaculos\/wp-json\/wp\/v2\/media?parent=1131"}],"wp:term":[{"taxonomy":"category","embeddable":true,"href":"https:\/\/radioclanfm.com\/clanespectaculos\/wp-json\/wp\/v2\/categories?post=1131"},{"taxonomy":"post_tag","embeddable":true,"href":"https:\/\/radioclanfm.com\/clanespectaculos\/wp-json\/wp\/v2\/tags?post=1131"}],"curies":[{"name":"wp","href":"https:\/\/api.w.org\/{rel}","templated":true}]}}