{"id":1101,"date":"2025-05-28T22:47:54","date_gmt":"2025-05-29T01:47:54","guid":{"rendered":"https:\/\/radioclanfm.com\/clanespectaculos\/?p=1101"},"modified":"2025-05-28T22:45:53","modified_gmt":"2025-05-29T01:45:53","slug":"la-reaccion-de-mauro-icardi-al-ver-su-lamborghini-ploteado-de-rosa","status":"publish","type":"post","link":"https:\/\/radioclanfm.com\/clanespectaculos\/la-reaccion-de-mauro-icardi-al-ver-su-lamborghini-ploteado-de-rosa\/","title":{"rendered":"La reacci\u00f3n de Mauro Icardi al ver su Lamborghini ploteado de rosa"},"content":{"rendered":"<div class=\"col-content\"><main class=\"col-content\"><\/p>\n<div class=\"default-article-color article__body article__article\">\n<p class=\"paragraph font__body-regular\"><b>Mauro Icardi<\/b>\u00a0reaccion\u00f3 a la estrategia silenciosa de\u00a0<b>Wanda Nara<\/b>\u00a0y lanz\u00f3 una fuerte advertencia. Fue despu\u00e9s de que la medi\u00e1tica apareciera en el juicio de divorcio lookeada como Amber Heard.<\/p>\n<div class=\"AV67f93cf033780503b00636a7\">\n<div id=\"aniBox\">\n<div id=\"aniplayer_AV67f93cf033780503b00636a7-1748480706889\">\n<div id=\"aniplayer_AV67f93cf033780503b00636a7-1748480706889gui\">\n<div id=\"av-caption\">\n<div id=\"av-close-btn-overlay\" class=\"av-pos-top-left\"><\/div>\n<\/div>\n<\/div>\n<\/div>\n<\/div>\n<\/div>\n<div id=\"ad-slot-infeed\" class=\"infeed-container ad-slot-infeed ad-slot\" data-adtype=\"infeed\" data-google-query-id=\"CMuD8Jq-x40DFRJTuAQd9JoSyQ\">\n<div id=\"google_ads_iframe_\/113951150\/tn-arc\/nota\/infeed_0__container__\"><\/div>\n<\/div>\n<p class=\"paragraph font__body-regular\"><b>\u201cEn un mes nos ver\u00e1n en un Lamborghini rosa, Jonhy\u201d<\/b>, escribi\u00f3 el delantero de Galatasaray en una historia de\u00a0<i>Instagram<\/i>, junto a una foto hecha con IA donde se lo ve con el actor de\u00a0<i>Piratas del Caribe<\/i>.<\/p>\n<figure class=\"\" data-testid=\"figure-testid\">\n<div class=\"aspect_ratio__container\"><picture class=\"responsive-image\"><source srcset=\"https:\/\/tn.com.ar\/resizer\/v2\/mauro-icardi-reacciono-a-la-estrategia-silenciosa-de-wanda-nara-foto-instagram-mauroicardi-V6HSEAF7YJDWJLQBYNYD53KRVY.png?auth=2a174e14c02fe0ead3c9767a46aba5da7c3e9ce2c37ba625fac3e07208a25411&amp;width=767\" type=\"image\/jpg\" media=\"(max-width: 728px)\" \/><source srcset=\"https:\/\/tn.com.ar\/resizer\/v2\/mauro-icardi-reacciono-a-la-estrategia-silenciosa-de-wanda-nara-foto-instagram-mauroicardi-V6HSEAF7YJDWJLQBYNYD53KRVY.png?auth=2a174e14c02fe0ead3c9767a46aba5da7c3e9ce2c37ba625fac3e07208a25411&amp;width=1023\" type=\"image\/jpg\" media=\"(max-width: 1023px)\" \/><source srcset=\"https:\/\/tn.com.ar\/resizer\/v2\/mauro-icardi-reacciono-a-la-estrategia-silenciosa-de-wanda-nara-foto-instagram-mauroicardi-V6HSEAF7YJDWJLQBYNYD53KRVY.png?auth=2a174e14c02fe0ead3c9767a46aba5da7c3e9ce2c37ba625fac3e07208a25411&amp;width=1440\" type=\"image\/jpg\" \/><img loading=\"lazy\" decoding=\"async\" class=\"image content-image image_placeholder\" src=\"https:\/\/tn.com.ar\/resizer\/v2\/mauro-icardi-reacciono-a-la-estrategia-silenciosa-de-wanda-nara-foto-instagram-mauroicardi-V6HSEAF7YJDWJLQBYNYD53KRVY.png?auth=2a174e14c02fe0ead3c9767a46aba5da7c3e9ce2c37ba625fac3e07208a25411&amp;width=767\" alt=\"Mauro Icardi reaccion\u00f3 a la estrategia silenciosa de Wanda Nara (Foto: Instagram \/mauroicardi)\" width=\"767\" height=\"1336\" data-testid=\"loading-testid\" \/><\/picture><\/div><figcaption class=\"caption_image\" data-testid=\"figcaption-testid\">\n<div class=\"image_caption \">Mauro Icardi reaccion\u00f3 a la estrategia silenciosa de Wanda Nara (Foto: Instagram \/mauroicardi)<\/div>\n<\/figcaption><\/figure>\n<p class=\"paragraph font__body-regular\">&#8220;<b>Vamos. I love it\u201d<\/b>, coment\u00f3 con iron\u00eda. Y a modo de cierre, public\u00f3 en otra historia la foto de la estrella de Hollywood que logr\u00f3 imponerse en un juicio en el que su expareja Amber Heard lo acusaba de violencia de g\u00e9nero.<\/p>\n<p class=\"paragraph font__body-regular\">Este mediod\u00eda, al aire de\u00a0<i>Puro Show (eltrece)<\/i>\u00a0contaron que\u00a0la empresaria de cosm\u00e9ticos \u201cpint\u00f3\u201d el lujoso veh\u00edculo marca\u00a0<b>Lamborghini\u00a0<\/b>que le pertenec\u00eda al futbolista.<\/p>\n<figure class=\"\" data-testid=\"figure-testid\">\n<div class=\"aspect_ratio__container\"><picture class=\"responsive-image\"><source srcset=\"https:\/\/tn.com.ar\/resizer\/v2\/wanda-nara-llego-vestida-con-traje-cabello-recogido-y-lentes-y-muchos-recordaron-a-amber-heard-foto-instagram-yanilatorre-efe-5ZFVN4IIB5HNBDVW4K6IHZFKRY.jpg?auth=3c00387039b55192a2196bf0b722ca40754afd412dc26e15afe36a87561c1a03&amp;width=767\" type=\"image\/jpg\" media=\"(max-width: 728px)\" \/><source srcset=\"https:\/\/tn.com.ar\/resizer\/v2\/wanda-nara-llego-vestida-con-traje-cabello-recogido-y-lentes-y-muchos-recordaron-a-amber-heard-foto-instagram-yanilatorre-efe-5ZFVN4IIB5HNBDVW4K6IHZFKRY.jpg?auth=3c00387039b55192a2196bf0b722ca40754afd412dc26e15afe36a87561c1a03&amp;width=1023\" type=\"image\/jpg\" media=\"(max-width: 1023px)\" \/><source srcset=\"https:\/\/tn.com.ar\/resizer\/v2\/wanda-nara-llego-vestida-con-traje-cabello-recogido-y-lentes-y-muchos-recordaron-a-amber-heard-foto-instagram-yanilatorre-efe-5ZFVN4IIB5HNBDVW4K6IHZFKRY.jpg?auth=3c00387039b55192a2196bf0b722ca40754afd412dc26e15afe36a87561c1a03&amp;width=1440\" type=\"image\/jpg\" \/><img loading=\"lazy\" decoding=\"async\" class=\"image content-image image_placeholder\" src=\"https:\/\/tn.com.ar\/resizer\/v2\/wanda-nara-llego-vestida-con-traje-cabello-recogido-y-lentes-y-muchos-recordaron-a-amber-heard-foto-instagram-yanilatorre-efe-5ZFVN4IIB5HNBDVW4K6IHZFKRY.jpg?auth=3c00387039b55192a2196bf0b722ca40754afd412dc26e15afe36a87561c1a03&amp;width=767\" alt=\"Wanda Nara lleg\u00f3 vestida con traje, cabello recogido y lentes, y muchos recordaron a Amber Heard. (Foto: Instagram \/ yanilatorre- EFE)\" width=\"767\" height=\"430\" data-testid=\"loading-testid\" \/><\/picture><\/div><figcaption class=\"caption_image\" data-testid=\"figcaption-testid\">\n<div class=\"image_caption \">Wanda Nara lleg\u00f3 vestida con traje, cabello recogido y lentes, y muchos recordaron a Amber Heard. (Foto: Instagram \/ yanilatorre- EFE)<\/div>\n<\/figcaption><\/figure>\n<p class=\"paragraph font__body-regular\">Wanda llam\u00f3 la atenci\u00f3n de la prensa que estaba presente en el lugar, no solo por el auto de color rosa, sino tambi\u00e9n por su\u00a0<i><b>look\u00a0<\/b><\/i><b>particular\u00a0<\/b>con saco, camisa, corbata, cabello recogido y lentes, con el que muchos recordaron a la ex de Johnny Depp.<\/p>\n<h2 class=\"font--primary font__display\">El provocador posteo de Wanda Nara tras salir de la audiencia de divorcio de Mauro Icardi<\/h2>\n<p class=\"paragraph font__body-regular\">Este mi\u00e9rcoles se llev\u00f3 a cabo la primera audiencia presencial del\u00a0<b>divorcio<\/b>\u00a0entre\u00a0<b>Wanda Nara y Mauro Icardi<\/b>. Despu\u00e9s de casi tres horas en las que pas\u00f3 de todo,\u00a0<b>la medi\u00e1tica public\u00f3 un carrusel de fotos<\/b>\u00a0en las que se mostr\u00f3 dentro de su auto de alta gama con el que arrib\u00f3 al tribunal y luci\u00f3 su atuendo de saco, camisa, corbata y pantal\u00f3n de vestir.<\/p>\n<p class=\"paragraph font__body-regular\">Esta publicaci\u00f3n puede interpretarse como\u00a0<b>una provocaci\u00f3n al futbolista del Galatasaray.<\/b><\/p>\n<figure class=\"\" data-testid=\"figure-testid\">\n<div class=\"aspect_ratio__container\"><picture class=\"responsive-image\"><source srcset=\"https:\/\/tn.com.ar\/resizer\/v2\/el-posteo-de-wanda-nara-tras-la-primera-audiencia-en-el-juicio-por-divorcio-de-mauro-icardi-foto-captura-instagramwandanara-WULN5YKLXNGXRABWRUT2TRZ3FU.PNG?auth=791023f3537f67348d8d78f78b87bcb568d0c77cf42400c8824d447831d2a96b&amp;width=767\" type=\"image\/jpg\" media=\"(max-width: 728px)\" \/><source srcset=\"https:\/\/tn.com.ar\/resizer\/v2\/el-posteo-de-wanda-nara-tras-la-primera-audiencia-en-el-juicio-por-divorcio-de-mauro-icardi-foto-captura-instagramwandanara-WULN5YKLXNGXRABWRUT2TRZ3FU.PNG?auth=791023f3537f67348d8d78f78b87bcb568d0c77cf42400c8824d447831d2a96b&amp;width=1023\" type=\"image\/jpg\" media=\"(max-width: 1023px)\" \/><source srcset=\"https:\/\/tn.com.ar\/resizer\/v2\/el-posteo-de-wanda-nara-tras-la-primera-audiencia-en-el-juicio-por-divorcio-de-mauro-icardi-foto-captura-instagramwandanara-WULN5YKLXNGXRABWRUT2TRZ3FU.PNG?auth=791023f3537f67348d8d78f78b87bcb568d0c77cf42400c8824d447831d2a96b&amp;width=1440\" type=\"image\/jpg\" \/><img loading=\"lazy\" decoding=\"async\" class=\"image content-image image_placeholder\" src=\"https:\/\/tn.com.ar\/resizer\/v2\/el-posteo-de-wanda-nara-tras-la-primera-audiencia-en-el-juicio-por-divorcio-de-mauro-icardi-foto-captura-instagramwandanara-WULN5YKLXNGXRABWRUT2TRZ3FU.PNG?auth=791023f3537f67348d8d78f78b87bcb568d0c77cf42400c8824d447831d2a96b&amp;width=767\" alt=\"El posteo de Wanda Nara tras la primera audiencia en el juicio por divorcio de Mauro Icardi (Foto: captura Instagram\/wanda_nara)\" width=\"767\" height=\"514\" data-testid=\"loading-testid\" \/><\/picture><\/div><figcaption class=\"caption_image\" data-testid=\"figcaption-testid\">\n<div class=\"image_caption \">El posteo de Wanda Nara tras la primera audiencia en el juicio por divorcio de Mauro Icardi (Foto: captura Instagram\/wanda_nara)<\/div>\n<\/figcaption><\/figure>\n<p class=\"paragraph font__body-regular\">Junto al posteo, la rubia puso el emoji de un coraz\u00f3n rosa y sus seguidores la defendieron. \u201cReina\u201d, \u201cTe amamos Wan\u201d, \u201cLa que puede, puede\u201d, \u201c\u00bfPodr\u00e1n? Pedazo de mujer&#8221;, \u201cUn fuego\u201d y \u201cLo diste todo\u201d fueron algunos de los comentarios que hicieron los fan\u00e1ticos.<\/p>\n<h2 class=\"font--primary font__display\">Qu\u00e9 pas\u00f3 en la audiencia del divorcio de Wanda Nara y Mauro Icardi<\/h2>\n<p class=\"paragraph font__body-regular\"><b>Wanda Nara y Mauro Icardi estuvieron casi tres horas<\/b>\u00a0en los tribunales de Mil\u00e1n durante la primera audiencia presencial en medio de su divorcio. Seg\u00fan trascendi\u00f3, en este primer encuentro la Justicia italiana quiso analizar tres temas principales de la separaci\u00f3n.<\/p>\n<p class=\"paragraph font__body-regular\">En el encuentro,\u00a0<b>que iba a durar una hora pero se extendi\u00f3<\/b>, se debati\u00f3 sobre la\u00a0<b>divisi\u00f3n de bienes del matrimonio<\/b>, los alimentos -Wanda asegura que Icardi le debe 200 mil euros de los \u00faltimos 8 meses- y el supuesto adulterio del que fue acusada la modelo.<\/p>\n<p class=\"paragraph font__body-regular\">Al aire de<i>\u00a0DDM (Am\u00e9rica)<\/i>, el periodista sum\u00f3 los detalles que le dio el letrado italiano: \u201cWanda y Mauro llegaron, se sentaron cada uno en una punta,\u00a0<b>no se saludaron y casi no se miraron<\/b>. Mauro, despu\u00e9s de escuchar al juez, junto a su abogado, pidi\u00f3 la tenencia de las nenas. Lo que no logr\u00f3 en la Argentina, lo quiere en Italia\u201d.<\/p>\n<\/div>\n<p><\/main><\/div>\n<aside class=\"col-right-rail right-rail\">\n<div id=\"parent-ad-slot-caja\" class=\"ad-container caja_ad \">\n<div class=\"ad-content\">\n<div id=\"ad-slot-caja\" class=\"ad-slot-caja ad-slot\" data-adtype=\"caja\" data-google-query-id=\"CO-I4pm-x40DFR5ZuAQd8xkHEw\"><\/div>\n<\/div>\n<\/div>\n<\/aside>\n","protected":false},"excerpt":{"rendered":"<p>Mauro Icardi\u00a0reaccion\u00f3 a la estrategia silenciosa de\u00a0Wanda Nara\u00a0y lanz\u00f3 una fuerte advertencia. Fue despu\u00e9s de que la medi\u00e1tica apareciera en el juicio de divorcio lookeada como Amber Heard. \u201cEn un mes nos ver\u00e1n en un Lamborghini rosa, Jonhy\u201d, escribi\u00f3 el delantero de Galatasaray en una historia de\u00a0Instagram, junto a una foto hecha con IA donde [&hellip;]<\/p>\n","protected":false},"author":1,"featured_media":1104,"comment_status":"open","ping_status":"open","sticky":false,"template":"","format":"standard","meta":{"rop_custom_images_group":[],"rop_custom_messages_group":[],"rop_publish_now":"initial","rop_publish_now_accounts":[],"rop_publish_now_history":[],"rop_publish_now_status":"pending","footnotes":"","jetpack_publicize_message":"","jetpack_publicize_feature_enabled":true,"jetpack_social_post_already_shared":true,"jetpack_social_options":{"image_generator_settings":{"template":"highway","enabled":false},"version":2}},"categories":[12],"tags":[],"class_list":{"0":"post-1101","1":"post","2":"type-post","3":"status-publish","4":"format-standard","5":"has-post-thumbnail","7":"category-espectaculos"},"jetpack_publicize_connections":[],"yoast_head":"<!-- This site is optimized with the Yoast SEO plugin v27.3 - https:\/\/yoast.com\/product\/yoast-seo-wordpress\/ -->\n<title>La reacci\u00f3n de Mauro Icardi al ver su Lamborghini ploteado de rosa - CLAN ESPECTACULOS<\/title>\n<meta name=\"robots\" content=\"index, follow, max-snippet:-1, max-image-preview:large, max-video-preview:-1\" \/>\n<link rel=\"canonical\" href=\"https:\/\/radioclanfm.com\/clanespectaculos\/la-reaccion-de-mauro-icardi-al-ver-su-lamborghini-ploteado-de-rosa\/\" \/>\n<meta property=\"og:locale\" content=\"es_ES\" \/>\n<meta property=\"og:type\" content=\"article\" \/>\n<meta property=\"og:title\" content=\"La reacci\u00f3n de Mauro Icardi al ver su Lamborghini ploteado de rosa - CLAN ESPECTACULOS\" \/>\n<meta property=\"og:description\" content=\"Mauro Icardi\u00a0reaccion\u00f3 a la estrategia silenciosa de\u00a0Wanda Nara\u00a0y lanz\u00f3 una fuerte advertencia. Fue despu\u00e9s de que la medi\u00e1tica apareciera en el juicio de divorcio lookeada como Amber Heard. \u201cEn un mes nos ver\u00e1n en un Lamborghini rosa, Jonhy\u201d, escribi\u00f3 el delantero de Galatasaray en una historia de\u00a0Instagram, junto a una foto hecha con IA donde [&hellip;]\" \/>\n<meta property=\"og:url\" content=\"https:\/\/radioclanfm.com\/clanespectaculos\/la-reaccion-de-mauro-icardi-al-ver-su-lamborghini-ploteado-de-rosa\/\" \/>\n<meta property=\"og:site_name\" content=\"CLAN ESPECTACULOS\" \/>\n<meta property=\"article:publisher\" content=\"https:\/\/www.facebook.com\/clanespectaculos\/\" \/>\n<meta property=\"article:published_time\" content=\"2025-05-29T01:47:54+00:00\" \/>\n<meta property=\"og:image\" content=\"https:\/\/radioclanfm.com\/clanespectaculos\/wp-content\/uploads\/sites\/2\/2025\/05\/B65bA5a0.jpg\" \/>\n\t<meta property=\"og:image:width\" content=\"900\" \/>\n\t<meta property=\"og:image:height\" content=\"505\" \/>\n\t<meta property=\"og:image:type\" content=\"image\/jpeg\" \/>\n<meta name=\"author\" content=\"E-GRUPOCLAN\" \/>\n<meta name=\"twitter:card\" content=\"summary_large_image\" \/>\n<meta name=\"twitter:creator\" content=\"@clanespectok\" \/>\n<meta name=\"twitter:site\" content=\"@clanespectok\" \/>\n<meta name=\"twitter:label1\" content=\"Escrito por\" \/>\n\t<meta name=\"twitter:data1\" content=\"E-GRUPOCLAN\" \/>\n\t<meta name=\"twitter:label2\" content=\"Tiempo de lectura\" \/>\n\t<meta name=\"twitter:data2\" content=\"3 minutos\" \/>\n<script type=\"application\/ld+json\" class=\"yoast-schema-graph\">{\"@context\":\"https:\\\/\\\/schema.org\",\"@graph\":[{\"@type\":\"Article\",\"@id\":\"https:\\\/\\\/radioclanfm.com\\\/clanespectaculos\\\/la-reaccion-de-mauro-icardi-al-ver-su-lamborghini-ploteado-de-rosa\\\/#article\",\"isPartOf\":{\"@id\":\"https:\\\/\\\/radioclanfm.com\\\/clanespectaculos\\\/la-reaccion-de-mauro-icardi-al-ver-su-lamborghini-ploteado-de-rosa\\\/\"},\"author\":{\"name\":\"E-GRUPOCLAN\",\"@id\":\"https:\\\/\\\/radioclanfm.com\\\/clanespectaculos\\\/#\\\/schema\\\/person\\\/9734813083303230f3ad84d99171b20c\"},\"headline\":\"La reacci\u00f3n de Mauro Icardi al ver su Lamborghini ploteado de rosa\",\"datePublished\":\"2025-05-29T01:47:54+00:00\",\"mainEntityOfPage\":{\"@id\":\"https:\\\/\\\/radioclanfm.com\\\/clanespectaculos\\\/la-reaccion-de-mauro-icardi-al-ver-su-lamborghini-ploteado-de-rosa\\\/\"},\"wordCount\":574,\"commentCount\":0,\"publisher\":{\"@id\":\"https:\\\/\\\/radioclanfm.com\\\/clanespectaculos\\\/#organization\"},\"image\":{\"@id\":\"https:\\\/\\\/radioclanfm.com\\\/clanespectaculos\\\/la-reaccion-de-mauro-icardi-al-ver-su-lamborghini-ploteado-de-rosa\\\/#primaryimage\"},\"thumbnailUrl\":\"https:\\\/\\\/radioclanfm.com\\\/clanespectaculos\\\/wp-content\\\/uploads\\\/sites\\\/2\\\/2025\\\/05\\\/B65bA5a0.jpg\",\"articleSection\":[\"Espectaculos\"],\"inLanguage\":\"es-AR\",\"potentialAction\":[{\"@type\":\"CommentAction\",\"name\":\"Comment\",\"target\":[\"https:\\\/\\\/radioclanfm.com\\\/clanespectaculos\\\/la-reaccion-de-mauro-icardi-al-ver-su-lamborghini-ploteado-de-rosa\\\/#respond\"]}]},{\"@type\":\"WebPage\",\"@id\":\"https:\\\/\\\/radioclanfm.com\\\/clanespectaculos\\\/la-reaccion-de-mauro-icardi-al-ver-su-lamborghini-ploteado-de-rosa\\\/\",\"url\":\"https:\\\/\\\/radioclanfm.com\\\/clanespectaculos\\\/la-reaccion-de-mauro-icardi-al-ver-su-lamborghini-ploteado-de-rosa\\\/\",\"name\":\"La reacci\u00f3n de Mauro Icardi al ver su Lamborghini ploteado de rosa - CLAN ESPECTACULOS\",\"isPartOf\":{\"@id\":\"https:\\\/\\\/radioclanfm.com\\\/clanespectaculos\\\/#website\"},\"primaryImageOfPage\":{\"@id\":\"https:\\\/\\\/radioclanfm.com\\\/clanespectaculos\\\/la-reaccion-de-mauro-icardi-al-ver-su-lamborghini-ploteado-de-rosa\\\/#primaryimage\"},\"image\":{\"@id\":\"https:\\\/\\\/radioclanfm.com\\\/clanespectaculos\\\/la-reaccion-de-mauro-icardi-al-ver-su-lamborghini-ploteado-de-rosa\\\/#primaryimage\"},\"thumbnailUrl\":\"https:\\\/\\\/radioclanfm.com\\\/clanespectaculos\\\/wp-content\\\/uploads\\\/sites\\\/2\\\/2025\\\/05\\\/B65bA5a0.jpg\",\"datePublished\":\"2025-05-29T01:47:54+00:00\",\"breadcrumb\":{\"@id\":\"https:\\\/\\\/radioclanfm.com\\\/clanespectaculos\\\/la-reaccion-de-mauro-icardi-al-ver-su-lamborghini-ploteado-de-rosa\\\/#breadcrumb\"},\"inLanguage\":\"es-AR\",\"potentialAction\":[{\"@type\":\"ReadAction\",\"target\":[\"https:\\\/\\\/radioclanfm.com\\\/clanespectaculos\\\/la-reaccion-de-mauro-icardi-al-ver-su-lamborghini-ploteado-de-rosa\\\/\"]}]},{\"@type\":\"ImageObject\",\"inLanguage\":\"es-AR\",\"@id\":\"https:\\\/\\\/radioclanfm.com\\\/clanespectaculos\\\/la-reaccion-de-mauro-icardi-al-ver-su-lamborghini-ploteado-de-rosa\\\/#primaryimage\",\"url\":\"https:\\\/\\\/radioclanfm.com\\\/clanespectaculos\\\/wp-content\\\/uploads\\\/sites\\\/2\\\/2025\\\/05\\\/B65bA5a0.jpg\",\"contentUrl\":\"https:\\\/\\\/radioclanfm.com\\\/clanespectaculos\\\/wp-content\\\/uploads\\\/sites\\\/2\\\/2025\\\/05\\\/B65bA5a0.jpg\",\"width\":900,\"height\":505},{\"@type\":\"BreadcrumbList\",\"@id\":\"https:\\\/\\\/radioclanfm.com\\\/clanespectaculos\\\/la-reaccion-de-mauro-icardi-al-ver-su-lamborghini-ploteado-de-rosa\\\/#breadcrumb\",\"itemListElement\":[{\"@type\":\"ListItem\",\"position\":1,\"name\":\"Inicio\",\"item\":\"https:\\\/\\\/radioclanfm.com\\\/clanespectaculos\\\/\"},{\"@type\":\"ListItem\",\"position\":2,\"name\":\"La reacci\u00f3n de Mauro Icardi al ver su Lamborghini ploteado de rosa\"}]},{\"@type\":\"WebSite\",\"@id\":\"https:\\\/\\\/radioclanfm.com\\\/clanespectaculos\\\/#website\",\"url\":\"https:\\\/\\\/radioclanfm.com\\\/clanespectaculos\\\/\",\"name\":\"CLAN ESPECTACULOS\",\"description\":\"\",\"publisher\":{\"@id\":\"https:\\\/\\\/radioclanfm.com\\\/clanespectaculos\\\/#organization\"},\"potentialAction\":[{\"@type\":\"SearchAction\",\"target\":{\"@type\":\"EntryPoint\",\"urlTemplate\":\"https:\\\/\\\/radioclanfm.com\\\/clanespectaculos\\\/?s={search_term_string}\"},\"query-input\":{\"@type\":\"PropertyValueSpecification\",\"valueRequired\":true,\"valueName\":\"search_term_string\"}}],\"inLanguage\":\"es-AR\"},{\"@type\":\"Organization\",\"@id\":\"https:\\\/\\\/radioclanfm.com\\\/clanespectaculos\\\/#organization\",\"name\":\"CLAN ESPECTACULOS\",\"url\":\"https:\\\/\\\/radioclanfm.com\\\/clanespectaculos\\\/\",\"logo\":{\"@type\":\"ImageObject\",\"inLanguage\":\"es-AR\",\"@id\":\"https:\\\/\\\/radioclanfm.com\\\/clanespectaculos\\\/#\\\/schema\\\/logo\\\/image\\\/\",\"url\":\"https:\\\/\\\/radioclanfm.com\\\/clanespectaculos\\\/wp-content\\\/uploads\\\/sites\\\/2\\\/2026\\\/04\\\/ChatGPT-Image-23-mar-2026-10_09_00.png\",\"contentUrl\":\"https:\\\/\\\/radioclanfm.com\\\/clanespectaculos\\\/wp-content\\\/uploads\\\/sites\\\/2\\\/2026\\\/04\\\/ChatGPT-Image-23-mar-2026-10_09_00.png\",\"width\":1024,\"height\":1024,\"caption\":\"CLAN ESPECTACULOS\"},\"image\":{\"@id\":\"https:\\\/\\\/radioclanfm.com\\\/clanespectaculos\\\/#\\\/schema\\\/logo\\\/image\\\/\"},\"sameAs\":[\"https:\\\/\\\/www.facebook.com\\\/clanespectaculos\\\/\",\"https:\\\/\\\/x.com\\\/clanespectok\"]},{\"@type\":\"Person\",\"@id\":\"https:\\\/\\\/radioclanfm.com\\\/clanespectaculos\\\/#\\\/schema\\\/person\\\/9734813083303230f3ad84d99171b20c\",\"name\":\"E-GRUPOCLAN\",\"image\":{\"@type\":\"ImageObject\",\"inLanguage\":\"es-AR\",\"@id\":\"https:\\\/\\\/secure.gravatar.com\\\/avatar\\\/af6e19837c3d6a212034a48c7b3818d2ac1826f6025df0155da5a186ad321d79?s=96&d=mm&r=g\",\"url\":\"https:\\\/\\\/secure.gravatar.com\\\/avatar\\\/af6e19837c3d6a212034a48c7b3818d2ac1826f6025df0155da5a186ad321d79?s=96&d=mm&r=g\",\"contentUrl\":\"https:\\\/\\\/secure.gravatar.com\\\/avatar\\\/af6e19837c3d6a212034a48c7b3818d2ac1826f6025df0155da5a186ad321d79?s=96&d=mm&r=g\",\"caption\":\"E-GRUPOCLAN\"},\"sameAs\":[\"https:\\\/\\\/radioclanfm.com\"],\"url\":\"https:\\\/\\\/radioclanfm.com\\\/clanespectaculos\\\/author\\\/admin\\\/\"}]}<\/script>\n<!-- \/ Yoast SEO plugin. -->","yoast_head_json":{"title":"La reacci\u00f3n de Mauro Icardi al ver su Lamborghini ploteado de rosa - CLAN ESPECTACULOS","robots":{"index":"index","follow":"follow","max-snippet":"max-snippet:-1","max-image-preview":"max-image-preview:large","max-video-preview":"max-video-preview:-1"},"canonical":"https:\/\/radioclanfm.com\/clanespectaculos\/la-reaccion-de-mauro-icardi-al-ver-su-lamborghini-ploteado-de-rosa\/","og_locale":"es_ES","og_type":"article","og_title":"La reacci\u00f3n de Mauro Icardi al ver su Lamborghini ploteado de rosa - CLAN ESPECTACULOS","og_description":"Mauro Icardi\u00a0reaccion\u00f3 a la estrategia silenciosa de\u00a0Wanda Nara\u00a0y lanz\u00f3 una fuerte advertencia. Fue despu\u00e9s de que la medi\u00e1tica apareciera en el juicio de divorcio lookeada como Amber Heard. \u201cEn un mes nos ver\u00e1n en un Lamborghini rosa, Jonhy\u201d, escribi\u00f3 el delantero de Galatasaray en una historia de\u00a0Instagram, junto a una foto hecha con IA donde [&hellip;]","og_url":"https:\/\/radioclanfm.com\/clanespectaculos\/la-reaccion-de-mauro-icardi-al-ver-su-lamborghini-ploteado-de-rosa\/","og_site_name":"CLAN ESPECTACULOS","article_publisher":"https:\/\/www.facebook.com\/clanespectaculos\/","article_published_time":"2025-05-29T01:47:54+00:00","og_image":[{"width":900,"height":505,"url":"https:\/\/radioclanfm.com\/clanespectaculos\/wp-content\/uploads\/sites\/2\/2025\/05\/B65bA5a0.jpg","type":"image\/jpeg"}],"author":"E-GRUPOCLAN","twitter_card":"summary_large_image","twitter_creator":"@clanespectok","twitter_site":"@clanespectok","twitter_misc":{"Escrito por":"E-GRUPOCLAN","Tiempo de lectura":"3 minutos"},"schema":{"@context":"https:\/\/schema.org","@graph":[{"@type":"Article","@id":"https:\/\/radioclanfm.com\/clanespectaculos\/la-reaccion-de-mauro-icardi-al-ver-su-lamborghini-ploteado-de-rosa\/#article","isPartOf":{"@id":"https:\/\/radioclanfm.com\/clanespectaculos\/la-reaccion-de-mauro-icardi-al-ver-su-lamborghini-ploteado-de-rosa\/"},"author":{"name":"E-GRUPOCLAN","@id":"https:\/\/radioclanfm.com\/clanespectaculos\/#\/schema\/person\/9734813083303230f3ad84d99171b20c"},"headline":"La reacci\u00f3n de Mauro Icardi al ver su Lamborghini ploteado de rosa","datePublished":"2025-05-29T01:47:54+00:00","mainEntityOfPage":{"@id":"https:\/\/radioclanfm.com\/clanespectaculos\/la-reaccion-de-mauro-icardi-al-ver-su-lamborghini-ploteado-de-rosa\/"},"wordCount":574,"commentCount":0,"publisher":{"@id":"https:\/\/radioclanfm.com\/clanespectaculos\/#organization"},"image":{"@id":"https:\/\/radioclanfm.com\/clanespectaculos\/la-reaccion-de-mauro-icardi-al-ver-su-lamborghini-ploteado-de-rosa\/#primaryimage"},"thumbnailUrl":"https:\/\/radioclanfm.com\/clanespectaculos\/wp-content\/uploads\/sites\/2\/2025\/05\/B65bA5a0.jpg","articleSection":["Espectaculos"],"inLanguage":"es-AR","potentialAction":[{"@type":"CommentAction","name":"Comment","target":["https:\/\/radioclanfm.com\/clanespectaculos\/la-reaccion-de-mauro-icardi-al-ver-su-lamborghini-ploteado-de-rosa\/#respond"]}]},{"@type":"WebPage","@id":"https:\/\/radioclanfm.com\/clanespectaculos\/la-reaccion-de-mauro-icardi-al-ver-su-lamborghini-ploteado-de-rosa\/","url":"https:\/\/radioclanfm.com\/clanespectaculos\/la-reaccion-de-mauro-icardi-al-ver-su-lamborghini-ploteado-de-rosa\/","name":"La reacci\u00f3n de Mauro Icardi al ver su Lamborghini ploteado de rosa - CLAN ESPECTACULOS","isPartOf":{"@id":"https:\/\/radioclanfm.com\/clanespectaculos\/#website"},"primaryImageOfPage":{"@id":"https:\/\/radioclanfm.com\/clanespectaculos\/la-reaccion-de-mauro-icardi-al-ver-su-lamborghini-ploteado-de-rosa\/#primaryimage"},"image":{"@id":"https:\/\/radioclanfm.com\/clanespectaculos\/la-reaccion-de-mauro-icardi-al-ver-su-lamborghini-ploteado-de-rosa\/#primaryimage"},"thumbnailUrl":"https:\/\/radioclanfm.com\/clanespectaculos\/wp-content\/uploads\/sites\/2\/2025\/05\/B65bA5a0.jpg","datePublished":"2025-05-29T01:47:54+00:00","breadcrumb":{"@id":"https:\/\/radioclanfm.com\/clanespectaculos\/la-reaccion-de-mauro-icardi-al-ver-su-lamborghini-ploteado-de-rosa\/#breadcrumb"},"inLanguage":"es-AR","potentialAction":[{"@type":"ReadAction","target":["https:\/\/radioclanfm.com\/clanespectaculos\/la-reaccion-de-mauro-icardi-al-ver-su-lamborghini-ploteado-de-rosa\/"]}]},{"@type":"ImageObject","inLanguage":"es-AR","@id":"https:\/\/radioclanfm.com\/clanespectaculos\/la-reaccion-de-mauro-icardi-al-ver-su-lamborghini-ploteado-de-rosa\/#primaryimage","url":"https:\/\/radioclanfm.com\/clanespectaculos\/wp-content\/uploads\/sites\/2\/2025\/05\/B65bA5a0.jpg","contentUrl":"https:\/\/radioclanfm.com\/clanespectaculos\/wp-content\/uploads\/sites\/2\/2025\/05\/B65bA5a0.jpg","width":900,"height":505},{"@type":"BreadcrumbList","@id":"https:\/\/radioclanfm.com\/clanespectaculos\/la-reaccion-de-mauro-icardi-al-ver-su-lamborghini-ploteado-de-rosa\/#breadcrumb","itemListElement":[{"@type":"ListItem","position":1,"name":"Inicio","item":"https:\/\/radioclanfm.com\/clanespectaculos\/"},{"@type":"ListItem","position":2,"name":"La reacci\u00f3n de Mauro Icardi al ver su Lamborghini ploteado de rosa"}]},{"@type":"WebSite","@id":"https:\/\/radioclanfm.com\/clanespectaculos\/#website","url":"https:\/\/radioclanfm.com\/clanespectaculos\/","name":"CLAN ESPECTACULOS","description":"","publisher":{"@id":"https:\/\/radioclanfm.com\/clanespectaculos\/#organization"},"potentialAction":[{"@type":"SearchAction","target":{"@type":"EntryPoint","urlTemplate":"https:\/\/radioclanfm.com\/clanespectaculos\/?s={search_term_string}"},"query-input":{"@type":"PropertyValueSpecification","valueRequired":true,"valueName":"search_term_string"}}],"inLanguage":"es-AR"},{"@type":"Organization","@id":"https:\/\/radioclanfm.com\/clanespectaculos\/#organization","name":"CLAN ESPECTACULOS","url":"https:\/\/radioclanfm.com\/clanespectaculos\/","logo":{"@type":"ImageObject","inLanguage":"es-AR","@id":"https:\/\/radioclanfm.com\/clanespectaculos\/#\/schema\/logo\/image\/","url":"https:\/\/radioclanfm.com\/clanespectaculos\/wp-content\/uploads\/sites\/2\/2026\/04\/ChatGPT-Image-23-mar-2026-10_09_00.png","contentUrl":"https:\/\/radioclanfm.com\/clanespectaculos\/wp-content\/uploads\/sites\/2\/2026\/04\/ChatGPT-Image-23-mar-2026-10_09_00.png","width":1024,"height":1024,"caption":"CLAN ESPECTACULOS"},"image":{"@id":"https:\/\/radioclanfm.com\/clanespectaculos\/#\/schema\/logo\/image\/"},"sameAs":["https:\/\/www.facebook.com\/clanespectaculos\/","https:\/\/x.com\/clanespectok"]},{"@type":"Person","@id":"https:\/\/radioclanfm.com\/clanespectaculos\/#\/schema\/person\/9734813083303230f3ad84d99171b20c","name":"E-GRUPOCLAN","image":{"@type":"ImageObject","inLanguage":"es-AR","@id":"https:\/\/secure.gravatar.com\/avatar\/af6e19837c3d6a212034a48c7b3818d2ac1826f6025df0155da5a186ad321d79?s=96&d=mm&r=g","url":"https:\/\/secure.gravatar.com\/avatar\/af6e19837c3d6a212034a48c7b3818d2ac1826f6025df0155da5a186ad321d79?s=96&d=mm&r=g","contentUrl":"https:\/\/secure.gravatar.com\/avatar\/af6e19837c3d6a212034a48c7b3818d2ac1826f6025df0155da5a186ad321d79?s=96&d=mm&r=g","caption":"E-GRUPOCLAN"},"sameAs":["https:\/\/radioclanfm.com"],"url":"https:\/\/radioclanfm.com\/clanespectaculos\/author\/admin\/"}]}},"_links":{"self":[{"href":"https:\/\/radioclanfm.com\/clanespectaculos\/wp-json\/wp\/v2\/posts\/1101","targetHints":{"allow":["GET"]}}],"collection":[{"href":"https:\/\/radioclanfm.com\/clanespectaculos\/wp-json\/wp\/v2\/posts"}],"about":[{"href":"https:\/\/radioclanfm.com\/clanespectaculos\/wp-json\/wp\/v2\/types\/post"}],"author":[{"embeddable":true,"href":"https:\/\/radioclanfm.com\/clanespectaculos\/wp-json\/wp\/v2\/users\/1"}],"replies":[{"embeddable":true,"href":"https:\/\/radioclanfm.com\/clanespectaculos\/wp-json\/wp\/v2\/comments?post=1101"}],"version-history":[{"count":1,"href":"https:\/\/radioclanfm.com\/clanespectaculos\/wp-json\/wp\/v2\/posts\/1101\/revisions"}],"predecessor-version":[{"id":1105,"href":"https:\/\/radioclanfm.com\/clanespectaculos\/wp-json\/wp\/v2\/posts\/1101\/revisions\/1105"}],"wp:featuredmedia":[{"embeddable":true,"href":"https:\/\/radioclanfm.com\/clanespectaculos\/wp-json\/wp\/v2\/media\/1104"}],"wp:attachment":[{"href":"https:\/\/radioclanfm.com\/clanespectaculos\/wp-json\/wp\/v2\/media?parent=1101"}],"wp:term":[{"taxonomy":"category","embeddable":true,"href":"https:\/\/radioclanfm.com\/clanespectaculos\/wp-json\/wp\/v2\/categories?post=1101"},{"taxonomy":"post_tag","embeddable":true,"href":"https:\/\/radioclanfm.com\/clanespectaculos\/wp-json\/wp\/v2\/tags?post=1101"}],"curies":[{"name":"wp","href":"https:\/\/api.w.org\/{rel}","templated":true}]}}