{"id":1086,"date":"2025-05-28T22:01:45","date_gmt":"2025-05-29T01:01:45","guid":{"rendered":"https:\/\/radioclanfm.com\/clanespectaculos\/?p=1086"},"modified":"2025-05-28T22:01:45","modified_gmt":"2025-05-29T01:01:45","slug":"el-drama-de-la-ex-zapping-zone-caro-ibarra-por-el-incendio-en-su-casa-ya-llore-un-monton","status":"publish","type":"post","link":"https:\/\/radioclanfm.com\/clanespectaculos\/el-drama-de-la-ex-zapping-zone-caro-ibarra-por-el-incendio-en-su-casa-ya-llore-un-monton\/","title":{"rendered":"El drama de la ex \u201cZapping Zone\u201d, Caro Ibarra, por el incendio en su casa: \u201cYa llor\u00e9 un mont\u00f3n\u201d"},"content":{"rendered":"<div class=\"col-content\"><main class=\"col-content\"><\/p>\n<div class=\"default-article-color article__body article__article\">\n<p class=\"paragraph font__body-regular\">La actriz y conductora\u00a0<b>Caro Ibarra<\/b>, exconductora de\u00a0<i>Zapping Zone<\/i>\u00a0(<i>Disney Channel<\/i>), atraviesa un dif\u00edcil momento luego de que se incendiara parte de su casa, mientras ella se encontraba de viaje por cuestiones laborales.<\/p>\n<div class=\"AV67f93cf033780503b00636a7\">\n<div id=\"aniBox\">\n<div id=\"aniplayer_AV67f93cf033780503b00636a7-1748480449090\">\n<div id=\"aniplayer_AV67f93cf033780503b00636a7-1748480449090gui\">\n<div id=\"av-caption\">\n<div id=\"av-close-btn-overlay\" class=\"av-pos-top-left\"><\/div>\n<\/div>\n<\/div>\n<\/div>\n<\/div>\n<\/div>\n<div id=\"ad-slot-infeed\" class=\"infeed-container ad-slot-infeed ad-slot\" data-adtype=\"infeed\" data-google-query-id=\"CO373Z-9x40DFYBK3QIdDjsHKg\">\n<div id=\"google_ads_iframe_\/113951150\/tn-arc\/nota\/infeed_0__container__\"><\/div>\n<\/div>\n<p class=\"paragraph font__body-regular\"><b>\u201cEstoy en mi casa, volv\u00ed de viaje y esta es mi habitaci\u00f3n&#8230;\u00a0<\/b>As\u00ed qued\u00f3 el aire\u201d, dijo mientras filmaba una de las habitaciones. Y cont\u00f3: \u201cLo peor es que no tengo m\u00e1s ropa\u201d.<\/p>\n<figure class=\"\" data-testid=\"figure-testid\">\n<div class=\"aspect_ratio__container\"><picture class=\"responsive-image\"><source srcset=\"https:\/\/tn.com.ar\/resizer\/v2\/el-drama-de-la-ex-zapping-zone-caro-ibarra-por-el-incendio-en-su-casa-quedo-todo-destruido-foto-instagram-caritoiba-WWLRA5NHTNCILDSUKUWLITWO2Q.jpg?auth=1a453cbfe6372780bf2e65801d7bd119a523996e321a4ae17861c97fee05fcd5&amp;width=767\" type=\"image\/jpg\" media=\"(max-width: 728px)\" \/><source srcset=\"https:\/\/tn.com.ar\/resizer\/v2\/el-drama-de-la-ex-zapping-zone-caro-ibarra-por-el-incendio-en-su-casa-quedo-todo-destruido-foto-instagram-caritoiba-WWLRA5NHTNCILDSUKUWLITWO2Q.jpg?auth=1a453cbfe6372780bf2e65801d7bd119a523996e321a4ae17861c97fee05fcd5&amp;width=1023\" type=\"image\/jpg\" media=\"(max-width: 1023px)\" \/><source srcset=\"https:\/\/tn.com.ar\/resizer\/v2\/el-drama-de-la-ex-zapping-zone-caro-ibarra-por-el-incendio-en-su-casa-quedo-todo-destruido-foto-instagram-caritoiba-WWLRA5NHTNCILDSUKUWLITWO2Q.jpg?auth=1a453cbfe6372780bf2e65801d7bd119a523996e321a4ae17861c97fee05fcd5&amp;width=1440\" type=\"image\/jpg\" \/><img loading=\"lazy\" decoding=\"async\" class=\"image content-image image_placeholder\" src=\"https:\/\/tn.com.ar\/resizer\/v2\/el-drama-de-la-ex-zapping-zone-caro-ibarra-por-el-incendio-en-su-casa-quedo-todo-destruido-foto-instagram-caritoiba-WWLRA5NHTNCILDSUKUWLITWO2Q.jpg?auth=1a453cbfe6372780bf2e65801d7bd119a523996e321a4ae17861c97fee05fcd5&amp;width=767\" alt=\"El drama de la ex \u201cZapping Zone\u201d, Caro Ibarra, por el incendio en su casa: \u201cQued\u00f3 todo destruido\u201d (Foto: Instagram \/caritoiba)\" width=\"767\" height=\"379\" data-testid=\"loading-testid\" \/><\/picture><\/div><figcaption class=\"caption_image\" data-testid=\"figcaption-testid\">\n<div class=\"image_caption \">El drama de la ex \u201cZapping Zone\u201d, Caro Ibarra, por el incendio en su casa: \u201cQued\u00f3 todo destruido\u201d (Foto: Instagram \/caritoiba)<\/div>\n<\/figcaption><\/figure>\n<p class=\"paragraph font__body-regular\">Sobre lo ocurrido, explic\u00f3: \u201cMe lo estoy tratando de tomar con tranquilidad.\u00a0<b>Hubo un corto en mi vestidor y se quem\u00f3 el 95% de la ropa\u201d<\/b>. \u201cYa llor\u00e9 un mont\u00f3n, pero no voy a llorar m\u00e1s porque estoy bien, mi hijo y mi perro est\u00e1n bien, y porque estamos vivos\u201d, relat\u00f3 con sinceridad.<\/p>\n<p class=\"paragraph font__body-regular\">A modo de cierre, lanz\u00f3: \u201c\u00bfQu\u00e9 decirles? Se aceptan canjes si quieren ayudarme&#8221;. \u201cIgual tengo un mont\u00f3n de amigas que ya me prestaron ropa y me quieren ayudar\u201d, coment\u00f3 agradecida.<\/p>\n<figure class=\"\" data-testid=\"figure-testid\">\n<div class=\"aspect_ratio__container\"><picture class=\"responsive-image\"><source srcset=\"https:\/\/tn.com.ar\/resizer\/v2\/el-drama-de-la-ex-zapping-zone-caro-ibarra-por-el-incendio-en-su-casa-quedo-todo-destruido-foto-instagram-caritoiba-MH6T5FENIJD5RC5ZGCN56MBMGM.jpg?auth=993fcb57908ef7fc09e38c836177ca79dfd062e8c12283ad97ca7e851b9e2826&amp;width=767\" type=\"image\/jpg\" media=\"(max-width: 728px)\" \/><source srcset=\"https:\/\/tn.com.ar\/resizer\/v2\/el-drama-de-la-ex-zapping-zone-caro-ibarra-por-el-incendio-en-su-casa-quedo-todo-destruido-foto-instagram-caritoiba-MH6T5FENIJD5RC5ZGCN56MBMGM.jpg?auth=993fcb57908ef7fc09e38c836177ca79dfd062e8c12283ad97ca7e851b9e2826&amp;width=1023\" type=\"image\/jpg\" media=\"(max-width: 1023px)\" \/><source srcset=\"https:\/\/tn.com.ar\/resizer\/v2\/el-drama-de-la-ex-zapping-zone-caro-ibarra-por-el-incendio-en-su-casa-quedo-todo-destruido-foto-instagram-caritoiba-MH6T5FENIJD5RC5ZGCN56MBMGM.jpg?auth=993fcb57908ef7fc09e38c836177ca79dfd062e8c12283ad97ca7e851b9e2826&amp;width=1440\" type=\"image\/jpg\" \/><img loading=\"lazy\" decoding=\"async\" class=\"image content-image image_placeholder\" src=\"https:\/\/tn.com.ar\/resizer\/v2\/el-drama-de-la-ex-zapping-zone-caro-ibarra-por-el-incendio-en-su-casa-quedo-todo-destruido-foto-instagram-caritoiba-MH6T5FENIJD5RC5ZGCN56MBMGM.jpg?auth=993fcb57908ef7fc09e38c836177ca79dfd062e8c12283ad97ca7e851b9e2826&amp;width=767\" alt=\"El drama de la ex \u201cZapping Zone\u201d, Caro Ibarra, por el incendio en su casa: \u201cQued\u00f3 todo destruido\u201d (Foto: Instagram \/caritoiba)\" width=\"767\" height=\"1230\" data-testid=\"loading-testid\" \/><\/picture><\/div><figcaption class=\"caption_image\" data-testid=\"figcaption-testid\">\n<div class=\"image_caption \">El drama de la ex \u201cZapping Zone\u201d, Caro Ibarra, por el incendio en su casa: \u201cQued\u00f3 todo destruido\u201d (Foto: Instagram \/caritoiba)<\/div>\n<\/figcaption><\/figure>\n<h2 class=\"font--primary font__display\">La palabra de Caro Ibarra tras el mal momento que atraviesa<\/h2>\n<p class=\"paragraph font__body-regular\">Al aire de\u00a0<i>Modo Zapping<\/i>, la conductora habl\u00f3 de lo ocurrido. \u201c<b>Mi casa est\u00e1 destruida,\u00a0<\/b>por m\u00e1s que no se quem\u00f3 toda, no puedo vivir ah\u00ed. Est\u00e1 toda la casa negra y las paredes de mi habitaci\u00f3n levantadas. No tengo toallas, s\u00e1banas, frazadas y ropa\u201d, explic\u00f3. Y continu\u00f3: \u201cNo tengo luz y el electricista me dijo que va a tardar m\u00e1s o menos un mes en arreglar lo el\u00e9ctrico.\u00a0<b>La casa est\u00e1 llena de holl\u00edn y con un olor t\u00f3xico&#8221;.<\/b><\/p>\n<figure class=\"\" data-testid=\"figure-testid\">\n<div class=\"aspect_ratio__container\"><picture class=\"responsive-image\"><source srcset=\"https:\/\/tn.com.ar\/resizer\/v2\/el-drama-de-la-ex-zapping-zone-caro-ibarra-por-el-incendio-en-su-casa-quedo-todo-destruido-foto-instagram-caritoiba-EH27WIIYJVCY7NSKVIAYCXIA2A.jpg?auth=5263a6f0dbc35a37a9abc8b6514a7c31f5c127c2bd3f387d6d74189d303135df&amp;width=767\" type=\"image\/jpg\" media=\"(max-width: 728px)\" \/><source srcset=\"https:\/\/tn.com.ar\/resizer\/v2\/el-drama-de-la-ex-zapping-zone-caro-ibarra-por-el-incendio-en-su-casa-quedo-todo-destruido-foto-instagram-caritoiba-EH27WIIYJVCY7NSKVIAYCXIA2A.jpg?auth=5263a6f0dbc35a37a9abc8b6514a7c31f5c127c2bd3f387d6d74189d303135df&amp;width=1023\" type=\"image\/jpg\" media=\"(max-width: 1023px)\" \/><source srcset=\"https:\/\/tn.com.ar\/resizer\/v2\/el-drama-de-la-ex-zapping-zone-caro-ibarra-por-el-incendio-en-su-casa-quedo-todo-destruido-foto-instagram-caritoiba-EH27WIIYJVCY7NSKVIAYCXIA2A.jpg?auth=5263a6f0dbc35a37a9abc8b6514a7c31f5c127c2bd3f387d6d74189d303135df&amp;width=1440\" type=\"image\/jpg\" \/><img loading=\"lazy\" decoding=\"async\" class=\"image content-image image_placeholder\" src=\"https:\/\/tn.com.ar\/resizer\/v2\/el-drama-de-la-ex-zapping-zone-caro-ibarra-por-el-incendio-en-su-casa-quedo-todo-destruido-foto-instagram-caritoiba-EH27WIIYJVCY7NSKVIAYCXIA2A.jpg?auth=5263a6f0dbc35a37a9abc8b6514a7c31f5c127c2bd3f387d6d74189d303135df&amp;width=767\" alt=\"El drama de la ex \u201cZapping Zone\u201d, Caro Ibarra, por el incendio en su casa: \u201cQued\u00f3 todo destruido\u201d (Foto: Instagram \/caritoiba)\" width=\"767\" height=\"430\" data-testid=\"loading-testid\" \/><\/picture><\/div><figcaption class=\"caption_image\" data-testid=\"figcaption-testid\">\n<div class=\"image_caption \">El drama de la ex \u201cZapping Zone\u201d, Caro Ibarra, por el incendio en su casa: \u201cQued\u00f3 todo destruido\u201d (Foto: Instagram \/caritoiba)<\/div>\n<\/figcaption><\/figure>\n<p class=\"paragraph font__body-regular\">Conmovida con lo vivido, pero agradecida por la solidaridad de amigos, colegas y p\u00fablico, expres\u00f3: \u201cMe la pas\u00e9 llorando todo el fin de semana. Estoy recibiendo unos mensajes hermosos de gente que no me esperaba&#8230; Un par me pidieron el alias para hacerme transferencias, pero me da verg\u00fcenza. No puedo hacer eso\u201d.<\/p>\n<p class=\"paragraph font__body-regular\">A modo de cierre, intent\u00f3 ver el lado positivo. &#8220;<b>Gracias a dios estoy bien.\u00a0<\/b>Menos mal que mi hijo y el perrito no estaban. (&#8230;)\u00a0<b>Podr\u00eda haber sido mucho peor, por eso estoy un poco contenta<\/b>\u201c, concluy\u00f3.<\/p>\n<\/div>\n<p><\/main><\/div>\n<aside class=\"col-right-rail right-rail\">\n<div id=\"parent-ad-slot-caja\" class=\"ad-container caja_ad \">\n<div class=\"ad-content\">\n<div id=\"ad-slot-caja\" class=\"ad-slot-caja ad-slot\" data-adtype=\"caja\" data-google-query-id=\"CPfWgJ-9x40DFdNs3QIdlwkyUQ\"><\/div>\n<\/div>\n<\/div>\n<\/aside>\n","protected":false},"excerpt":{"rendered":"<p>La actriz y conductora\u00a0Caro Ibarra, exconductora de\u00a0Zapping Zone\u00a0(Disney Channel), atraviesa un dif\u00edcil momento luego de que se incendiara parte de su casa, mientras ella se encontraba de viaje por cuestiones laborales. \u201cEstoy en mi casa, volv\u00ed de viaje y esta es mi habitaci\u00f3n&#8230;\u00a0As\u00ed qued\u00f3 el aire\u201d, dijo mientras filmaba una de las habitaciones. Y cont\u00f3: [&hellip;]<\/p>\n","protected":false},"author":1,"featured_media":1089,"comment_status":"open","ping_status":"open","sticky":false,"template":"","format":"standard","meta":{"rop_custom_images_group":[],"rop_custom_messages_group":[],"rop_publish_now":"initial","rop_publish_now_accounts":[],"rop_publish_now_history":[],"rop_publish_now_status":"pending","footnotes":"","jetpack_publicize_message":"","jetpack_publicize_feature_enabled":true,"jetpack_social_post_already_shared":true,"jetpack_social_options":{"image_generator_settings":{"template":"highway","enabled":false},"version":2}},"categories":[12],"tags":[],"class_list":{"0":"post-1086","1":"post","2":"type-post","3":"status-publish","4":"format-standard","5":"has-post-thumbnail","7":"category-espectaculos"},"jetpack_publicize_connections":[],"yoast_head":"<!-- This site is optimized with the Yoast SEO plugin v27.3 - https:\/\/yoast.com\/product\/yoast-seo-wordpress\/ -->\n<title>El drama de la ex \u201cZapping Zone\u201d, Caro Ibarra, por el incendio en su casa: \u201cYa llor\u00e9 un mont\u00f3n\u201d - CLAN ESPECTACULOS<\/title>\n<meta name=\"robots\" content=\"index, follow, max-snippet:-1, max-image-preview:large, max-video-preview:-1\" \/>\n<link rel=\"canonical\" href=\"https:\/\/radioclanfm.com\/clanespectaculos\/el-drama-de-la-ex-zapping-zone-caro-ibarra-por-el-incendio-en-su-casa-ya-llore-un-monton\/\" \/>\n<meta property=\"og:locale\" content=\"es_ES\" \/>\n<meta property=\"og:type\" content=\"article\" \/>\n<meta property=\"og:title\" content=\"El drama de la ex \u201cZapping Zone\u201d, Caro Ibarra, por el incendio en su casa: \u201cYa llor\u00e9 un mont\u00f3n\u201d - CLAN ESPECTACULOS\" \/>\n<meta property=\"og:description\" content=\"La actriz y conductora\u00a0Caro Ibarra, exconductora de\u00a0Zapping Zone\u00a0(Disney Channel), atraviesa un dif\u00edcil momento luego de que se incendiara parte de su casa, mientras ella se encontraba de viaje por cuestiones laborales. \u201cEstoy en mi casa, volv\u00ed de viaje y esta es mi habitaci\u00f3n&#8230;\u00a0As\u00ed qued\u00f3 el aire\u201d, dijo mientras filmaba una de las habitaciones. Y cont\u00f3: [&hellip;]\" \/>\n<meta property=\"og:url\" content=\"https:\/\/radioclanfm.com\/clanespectaculos\/el-drama-de-la-ex-zapping-zone-caro-ibarra-por-el-incendio-en-su-casa-ya-llore-un-monton\/\" \/>\n<meta property=\"og:site_name\" content=\"CLAN ESPECTACULOS\" \/>\n<meta property=\"article:publisher\" content=\"https:\/\/www.facebook.com\/clanespectaculos\/\" \/>\n<meta property=\"article:published_time\" content=\"2025-05-29T01:01:45+00:00\" \/>\n<meta property=\"og:image\" content=\"https:\/\/radioclanfm.com\/clanespectaculos\/wp-content\/uploads\/sites\/2\/2025\/05\/oHZ4dSHM.jpg\" \/>\n\t<meta property=\"og:image:width\" content=\"900\" \/>\n\t<meta property=\"og:image:height\" content=\"504\" \/>\n\t<meta property=\"og:image:type\" content=\"image\/jpeg\" \/>\n<meta name=\"author\" content=\"E-GRUPOCLAN\" \/>\n<meta name=\"twitter:card\" content=\"summary_large_image\" \/>\n<meta name=\"twitter:creator\" content=\"@clanespectok\" \/>\n<meta name=\"twitter:site\" content=\"@clanespectok\" \/>\n<meta name=\"twitter:label1\" content=\"Escrito por\" \/>\n\t<meta name=\"twitter:data1\" content=\"E-GRUPOCLAN\" \/>\n\t<meta name=\"twitter:label2\" content=\"Tiempo de lectura\" \/>\n\t<meta name=\"twitter:data2\" content=\"2 minutos\" \/>\n<script type=\"application\/ld+json\" class=\"yoast-schema-graph\">{\"@context\":\"https:\\\/\\\/schema.org\",\"@graph\":[{\"@type\":\"Article\",\"@id\":\"https:\\\/\\\/radioclanfm.com\\\/clanespectaculos\\\/el-drama-de-la-ex-zapping-zone-caro-ibarra-por-el-incendio-en-su-casa-ya-llore-un-monton\\\/#article\",\"isPartOf\":{\"@id\":\"https:\\\/\\\/radioclanfm.com\\\/clanespectaculos\\\/el-drama-de-la-ex-zapping-zone-caro-ibarra-por-el-incendio-en-su-casa-ya-llore-un-monton\\\/\"},\"author\":{\"name\":\"E-GRUPOCLAN\",\"@id\":\"https:\\\/\\\/radioclanfm.com\\\/clanespectaculos\\\/#\\\/schema\\\/person\\\/9734813083303230f3ad84d99171b20c\"},\"headline\":\"El drama de la ex \u201cZapping Zone\u201d, Caro Ibarra, por el incendio en su casa: \u201cYa llor\u00e9 un mont\u00f3n\u201d\",\"datePublished\":\"2025-05-29T01:01:45+00:00\",\"mainEntityOfPage\":{\"@id\":\"https:\\\/\\\/radioclanfm.com\\\/clanespectaculos\\\/el-drama-de-la-ex-zapping-zone-caro-ibarra-por-el-incendio-en-su-casa-ya-llore-un-monton\\\/\"},\"wordCount\":428,\"commentCount\":0,\"publisher\":{\"@id\":\"https:\\\/\\\/radioclanfm.com\\\/clanespectaculos\\\/#organization\"},\"image\":{\"@id\":\"https:\\\/\\\/radioclanfm.com\\\/clanespectaculos\\\/el-drama-de-la-ex-zapping-zone-caro-ibarra-por-el-incendio-en-su-casa-ya-llore-un-monton\\\/#primaryimage\"},\"thumbnailUrl\":\"https:\\\/\\\/radioclanfm.com\\\/clanespectaculos\\\/wp-content\\\/uploads\\\/sites\\\/2\\\/2025\\\/05\\\/oHZ4dSHM.jpg\",\"articleSection\":[\"Espectaculos\"],\"inLanguage\":\"es-AR\",\"potentialAction\":[{\"@type\":\"CommentAction\",\"name\":\"Comment\",\"target\":[\"https:\\\/\\\/radioclanfm.com\\\/clanespectaculos\\\/el-drama-de-la-ex-zapping-zone-caro-ibarra-por-el-incendio-en-su-casa-ya-llore-un-monton\\\/#respond\"]}]},{\"@type\":\"WebPage\",\"@id\":\"https:\\\/\\\/radioclanfm.com\\\/clanespectaculos\\\/el-drama-de-la-ex-zapping-zone-caro-ibarra-por-el-incendio-en-su-casa-ya-llore-un-monton\\\/\",\"url\":\"https:\\\/\\\/radioclanfm.com\\\/clanespectaculos\\\/el-drama-de-la-ex-zapping-zone-caro-ibarra-por-el-incendio-en-su-casa-ya-llore-un-monton\\\/\",\"name\":\"El drama de la ex \u201cZapping Zone\u201d, Caro Ibarra, por el incendio en su casa: \u201cYa llor\u00e9 un mont\u00f3n\u201d - CLAN ESPECTACULOS\",\"isPartOf\":{\"@id\":\"https:\\\/\\\/radioclanfm.com\\\/clanespectaculos\\\/#website\"},\"primaryImageOfPage\":{\"@id\":\"https:\\\/\\\/radioclanfm.com\\\/clanespectaculos\\\/el-drama-de-la-ex-zapping-zone-caro-ibarra-por-el-incendio-en-su-casa-ya-llore-un-monton\\\/#primaryimage\"},\"image\":{\"@id\":\"https:\\\/\\\/radioclanfm.com\\\/clanespectaculos\\\/el-drama-de-la-ex-zapping-zone-caro-ibarra-por-el-incendio-en-su-casa-ya-llore-un-monton\\\/#primaryimage\"},\"thumbnailUrl\":\"https:\\\/\\\/radioclanfm.com\\\/clanespectaculos\\\/wp-content\\\/uploads\\\/sites\\\/2\\\/2025\\\/05\\\/oHZ4dSHM.jpg\",\"datePublished\":\"2025-05-29T01:01:45+00:00\",\"breadcrumb\":{\"@id\":\"https:\\\/\\\/radioclanfm.com\\\/clanespectaculos\\\/el-drama-de-la-ex-zapping-zone-caro-ibarra-por-el-incendio-en-su-casa-ya-llore-un-monton\\\/#breadcrumb\"},\"inLanguage\":\"es-AR\",\"potentialAction\":[{\"@type\":\"ReadAction\",\"target\":[\"https:\\\/\\\/radioclanfm.com\\\/clanespectaculos\\\/el-drama-de-la-ex-zapping-zone-caro-ibarra-por-el-incendio-en-su-casa-ya-llore-un-monton\\\/\"]}]},{\"@type\":\"ImageObject\",\"inLanguage\":\"es-AR\",\"@id\":\"https:\\\/\\\/radioclanfm.com\\\/clanespectaculos\\\/el-drama-de-la-ex-zapping-zone-caro-ibarra-por-el-incendio-en-su-casa-ya-llore-un-monton\\\/#primaryimage\",\"url\":\"https:\\\/\\\/radioclanfm.com\\\/clanespectaculos\\\/wp-content\\\/uploads\\\/sites\\\/2\\\/2025\\\/05\\\/oHZ4dSHM.jpg\",\"contentUrl\":\"https:\\\/\\\/radioclanfm.com\\\/clanespectaculos\\\/wp-content\\\/uploads\\\/sites\\\/2\\\/2025\\\/05\\\/oHZ4dSHM.jpg\",\"width\":900,\"height\":504},{\"@type\":\"BreadcrumbList\",\"@id\":\"https:\\\/\\\/radioclanfm.com\\\/clanespectaculos\\\/el-drama-de-la-ex-zapping-zone-caro-ibarra-por-el-incendio-en-su-casa-ya-llore-un-monton\\\/#breadcrumb\",\"itemListElement\":[{\"@type\":\"ListItem\",\"position\":1,\"name\":\"Inicio\",\"item\":\"https:\\\/\\\/radioclanfm.com\\\/clanespectaculos\\\/\"},{\"@type\":\"ListItem\",\"position\":2,\"name\":\"El drama de la ex \u201cZapping Zone\u201d, Caro Ibarra, por el incendio en su casa: \u201cYa llor\u00e9 un mont\u00f3n\u201d\"}]},{\"@type\":\"WebSite\",\"@id\":\"https:\\\/\\\/radioclanfm.com\\\/clanespectaculos\\\/#website\",\"url\":\"https:\\\/\\\/radioclanfm.com\\\/clanespectaculos\\\/\",\"name\":\"CLAN ESPECTACULOS\",\"description\":\"\",\"publisher\":{\"@id\":\"https:\\\/\\\/radioclanfm.com\\\/clanespectaculos\\\/#organization\"},\"potentialAction\":[{\"@type\":\"SearchAction\",\"target\":{\"@type\":\"EntryPoint\",\"urlTemplate\":\"https:\\\/\\\/radioclanfm.com\\\/clanespectaculos\\\/?s={search_term_string}\"},\"query-input\":{\"@type\":\"PropertyValueSpecification\",\"valueRequired\":true,\"valueName\":\"search_term_string\"}}],\"inLanguage\":\"es-AR\"},{\"@type\":\"Organization\",\"@id\":\"https:\\\/\\\/radioclanfm.com\\\/clanespectaculos\\\/#organization\",\"name\":\"CLAN ESPECTACULOS\",\"url\":\"https:\\\/\\\/radioclanfm.com\\\/clanespectaculos\\\/\",\"logo\":{\"@type\":\"ImageObject\",\"inLanguage\":\"es-AR\",\"@id\":\"https:\\\/\\\/radioclanfm.com\\\/clanespectaculos\\\/#\\\/schema\\\/logo\\\/image\\\/\",\"url\":\"https:\\\/\\\/radioclanfm.com\\\/clanespectaculos\\\/wp-content\\\/uploads\\\/sites\\\/2\\\/2026\\\/04\\\/ChatGPT-Image-23-mar-2026-10_09_00.png\",\"contentUrl\":\"https:\\\/\\\/radioclanfm.com\\\/clanespectaculos\\\/wp-content\\\/uploads\\\/sites\\\/2\\\/2026\\\/04\\\/ChatGPT-Image-23-mar-2026-10_09_00.png\",\"width\":1024,\"height\":1024,\"caption\":\"CLAN ESPECTACULOS\"},\"image\":{\"@id\":\"https:\\\/\\\/radioclanfm.com\\\/clanespectaculos\\\/#\\\/schema\\\/logo\\\/image\\\/\"},\"sameAs\":[\"https:\\\/\\\/www.facebook.com\\\/clanespectaculos\\\/\",\"https:\\\/\\\/x.com\\\/clanespectok\"]},{\"@type\":\"Person\",\"@id\":\"https:\\\/\\\/radioclanfm.com\\\/clanespectaculos\\\/#\\\/schema\\\/person\\\/9734813083303230f3ad84d99171b20c\",\"name\":\"E-GRUPOCLAN\",\"image\":{\"@type\":\"ImageObject\",\"inLanguage\":\"es-AR\",\"@id\":\"https:\\\/\\\/secure.gravatar.com\\\/avatar\\\/af6e19837c3d6a212034a48c7b3818d2ac1826f6025df0155da5a186ad321d79?s=96&d=mm&r=g\",\"url\":\"https:\\\/\\\/secure.gravatar.com\\\/avatar\\\/af6e19837c3d6a212034a48c7b3818d2ac1826f6025df0155da5a186ad321d79?s=96&d=mm&r=g\",\"contentUrl\":\"https:\\\/\\\/secure.gravatar.com\\\/avatar\\\/af6e19837c3d6a212034a48c7b3818d2ac1826f6025df0155da5a186ad321d79?s=96&d=mm&r=g\",\"caption\":\"E-GRUPOCLAN\"},\"sameAs\":[\"https:\\\/\\\/radioclanfm.com\"],\"url\":\"https:\\\/\\\/radioclanfm.com\\\/clanespectaculos\\\/author\\\/admin\\\/\"}]}<\/script>\n<!-- \/ Yoast SEO plugin. -->","yoast_head_json":{"title":"El drama de la ex \u201cZapping Zone\u201d, Caro Ibarra, por el incendio en su casa: \u201cYa llor\u00e9 un mont\u00f3n\u201d - CLAN ESPECTACULOS","robots":{"index":"index","follow":"follow","max-snippet":"max-snippet:-1","max-image-preview":"max-image-preview:large","max-video-preview":"max-video-preview:-1"},"canonical":"https:\/\/radioclanfm.com\/clanespectaculos\/el-drama-de-la-ex-zapping-zone-caro-ibarra-por-el-incendio-en-su-casa-ya-llore-un-monton\/","og_locale":"es_ES","og_type":"article","og_title":"El drama de la ex \u201cZapping Zone\u201d, Caro Ibarra, por el incendio en su casa: \u201cYa llor\u00e9 un mont\u00f3n\u201d - CLAN ESPECTACULOS","og_description":"La actriz y conductora\u00a0Caro Ibarra, exconductora de\u00a0Zapping Zone\u00a0(Disney Channel), atraviesa un dif\u00edcil momento luego de que se incendiara parte de su casa, mientras ella se encontraba de viaje por cuestiones laborales. \u201cEstoy en mi casa, volv\u00ed de viaje y esta es mi habitaci\u00f3n&#8230;\u00a0As\u00ed qued\u00f3 el aire\u201d, dijo mientras filmaba una de las habitaciones. Y cont\u00f3: [&hellip;]","og_url":"https:\/\/radioclanfm.com\/clanespectaculos\/el-drama-de-la-ex-zapping-zone-caro-ibarra-por-el-incendio-en-su-casa-ya-llore-un-monton\/","og_site_name":"CLAN ESPECTACULOS","article_publisher":"https:\/\/www.facebook.com\/clanespectaculos\/","article_published_time":"2025-05-29T01:01:45+00:00","og_image":[{"width":900,"height":504,"url":"https:\/\/radioclanfm.com\/clanespectaculos\/wp-content\/uploads\/sites\/2\/2025\/05\/oHZ4dSHM.jpg","type":"image\/jpeg"}],"author":"E-GRUPOCLAN","twitter_card":"summary_large_image","twitter_creator":"@clanespectok","twitter_site":"@clanespectok","twitter_misc":{"Escrito por":"E-GRUPOCLAN","Tiempo de lectura":"2 minutos"},"schema":{"@context":"https:\/\/schema.org","@graph":[{"@type":"Article","@id":"https:\/\/radioclanfm.com\/clanespectaculos\/el-drama-de-la-ex-zapping-zone-caro-ibarra-por-el-incendio-en-su-casa-ya-llore-un-monton\/#article","isPartOf":{"@id":"https:\/\/radioclanfm.com\/clanespectaculos\/el-drama-de-la-ex-zapping-zone-caro-ibarra-por-el-incendio-en-su-casa-ya-llore-un-monton\/"},"author":{"name":"E-GRUPOCLAN","@id":"https:\/\/radioclanfm.com\/clanespectaculos\/#\/schema\/person\/9734813083303230f3ad84d99171b20c"},"headline":"El drama de la ex \u201cZapping Zone\u201d, Caro Ibarra, por el incendio en su casa: \u201cYa llor\u00e9 un mont\u00f3n\u201d","datePublished":"2025-05-29T01:01:45+00:00","mainEntityOfPage":{"@id":"https:\/\/radioclanfm.com\/clanespectaculos\/el-drama-de-la-ex-zapping-zone-caro-ibarra-por-el-incendio-en-su-casa-ya-llore-un-monton\/"},"wordCount":428,"commentCount":0,"publisher":{"@id":"https:\/\/radioclanfm.com\/clanespectaculos\/#organization"},"image":{"@id":"https:\/\/radioclanfm.com\/clanespectaculos\/el-drama-de-la-ex-zapping-zone-caro-ibarra-por-el-incendio-en-su-casa-ya-llore-un-monton\/#primaryimage"},"thumbnailUrl":"https:\/\/radioclanfm.com\/clanespectaculos\/wp-content\/uploads\/sites\/2\/2025\/05\/oHZ4dSHM.jpg","articleSection":["Espectaculos"],"inLanguage":"es-AR","potentialAction":[{"@type":"CommentAction","name":"Comment","target":["https:\/\/radioclanfm.com\/clanespectaculos\/el-drama-de-la-ex-zapping-zone-caro-ibarra-por-el-incendio-en-su-casa-ya-llore-un-monton\/#respond"]}]},{"@type":"WebPage","@id":"https:\/\/radioclanfm.com\/clanespectaculos\/el-drama-de-la-ex-zapping-zone-caro-ibarra-por-el-incendio-en-su-casa-ya-llore-un-monton\/","url":"https:\/\/radioclanfm.com\/clanespectaculos\/el-drama-de-la-ex-zapping-zone-caro-ibarra-por-el-incendio-en-su-casa-ya-llore-un-monton\/","name":"El drama de la ex \u201cZapping Zone\u201d, Caro Ibarra, por el incendio en su casa: \u201cYa llor\u00e9 un mont\u00f3n\u201d - CLAN ESPECTACULOS","isPartOf":{"@id":"https:\/\/radioclanfm.com\/clanespectaculos\/#website"},"primaryImageOfPage":{"@id":"https:\/\/radioclanfm.com\/clanespectaculos\/el-drama-de-la-ex-zapping-zone-caro-ibarra-por-el-incendio-en-su-casa-ya-llore-un-monton\/#primaryimage"},"image":{"@id":"https:\/\/radioclanfm.com\/clanespectaculos\/el-drama-de-la-ex-zapping-zone-caro-ibarra-por-el-incendio-en-su-casa-ya-llore-un-monton\/#primaryimage"},"thumbnailUrl":"https:\/\/radioclanfm.com\/clanespectaculos\/wp-content\/uploads\/sites\/2\/2025\/05\/oHZ4dSHM.jpg","datePublished":"2025-05-29T01:01:45+00:00","breadcrumb":{"@id":"https:\/\/radioclanfm.com\/clanespectaculos\/el-drama-de-la-ex-zapping-zone-caro-ibarra-por-el-incendio-en-su-casa-ya-llore-un-monton\/#breadcrumb"},"inLanguage":"es-AR","potentialAction":[{"@type":"ReadAction","target":["https:\/\/radioclanfm.com\/clanespectaculos\/el-drama-de-la-ex-zapping-zone-caro-ibarra-por-el-incendio-en-su-casa-ya-llore-un-monton\/"]}]},{"@type":"ImageObject","inLanguage":"es-AR","@id":"https:\/\/radioclanfm.com\/clanespectaculos\/el-drama-de-la-ex-zapping-zone-caro-ibarra-por-el-incendio-en-su-casa-ya-llore-un-monton\/#primaryimage","url":"https:\/\/radioclanfm.com\/clanespectaculos\/wp-content\/uploads\/sites\/2\/2025\/05\/oHZ4dSHM.jpg","contentUrl":"https:\/\/radioclanfm.com\/clanespectaculos\/wp-content\/uploads\/sites\/2\/2025\/05\/oHZ4dSHM.jpg","width":900,"height":504},{"@type":"BreadcrumbList","@id":"https:\/\/radioclanfm.com\/clanespectaculos\/el-drama-de-la-ex-zapping-zone-caro-ibarra-por-el-incendio-en-su-casa-ya-llore-un-monton\/#breadcrumb","itemListElement":[{"@type":"ListItem","position":1,"name":"Inicio","item":"https:\/\/radioclanfm.com\/clanespectaculos\/"},{"@type":"ListItem","position":2,"name":"El drama de la ex \u201cZapping Zone\u201d, Caro Ibarra, por el incendio en su casa: \u201cYa llor\u00e9 un mont\u00f3n\u201d"}]},{"@type":"WebSite","@id":"https:\/\/radioclanfm.com\/clanespectaculos\/#website","url":"https:\/\/radioclanfm.com\/clanespectaculos\/","name":"CLAN ESPECTACULOS","description":"","publisher":{"@id":"https:\/\/radioclanfm.com\/clanespectaculos\/#organization"},"potentialAction":[{"@type":"SearchAction","target":{"@type":"EntryPoint","urlTemplate":"https:\/\/radioclanfm.com\/clanespectaculos\/?s={search_term_string}"},"query-input":{"@type":"PropertyValueSpecification","valueRequired":true,"valueName":"search_term_string"}}],"inLanguage":"es-AR"},{"@type":"Organization","@id":"https:\/\/radioclanfm.com\/clanespectaculos\/#organization","name":"CLAN ESPECTACULOS","url":"https:\/\/radioclanfm.com\/clanespectaculos\/","logo":{"@type":"ImageObject","inLanguage":"es-AR","@id":"https:\/\/radioclanfm.com\/clanespectaculos\/#\/schema\/logo\/image\/","url":"https:\/\/radioclanfm.com\/clanespectaculos\/wp-content\/uploads\/sites\/2\/2026\/04\/ChatGPT-Image-23-mar-2026-10_09_00.png","contentUrl":"https:\/\/radioclanfm.com\/clanespectaculos\/wp-content\/uploads\/sites\/2\/2026\/04\/ChatGPT-Image-23-mar-2026-10_09_00.png","width":1024,"height":1024,"caption":"CLAN ESPECTACULOS"},"image":{"@id":"https:\/\/radioclanfm.com\/clanespectaculos\/#\/schema\/logo\/image\/"},"sameAs":["https:\/\/www.facebook.com\/clanespectaculos\/","https:\/\/x.com\/clanespectok"]},{"@type":"Person","@id":"https:\/\/radioclanfm.com\/clanespectaculos\/#\/schema\/person\/9734813083303230f3ad84d99171b20c","name":"E-GRUPOCLAN","image":{"@type":"ImageObject","inLanguage":"es-AR","@id":"https:\/\/secure.gravatar.com\/avatar\/af6e19837c3d6a212034a48c7b3818d2ac1826f6025df0155da5a186ad321d79?s=96&d=mm&r=g","url":"https:\/\/secure.gravatar.com\/avatar\/af6e19837c3d6a212034a48c7b3818d2ac1826f6025df0155da5a186ad321d79?s=96&d=mm&r=g","contentUrl":"https:\/\/secure.gravatar.com\/avatar\/af6e19837c3d6a212034a48c7b3818d2ac1826f6025df0155da5a186ad321d79?s=96&d=mm&r=g","caption":"E-GRUPOCLAN"},"sameAs":["https:\/\/radioclanfm.com"],"url":"https:\/\/radioclanfm.com\/clanespectaculos\/author\/admin\/"}]}},"_links":{"self":[{"href":"https:\/\/radioclanfm.com\/clanespectaculos\/wp-json\/wp\/v2\/posts\/1086","targetHints":{"allow":["GET"]}}],"collection":[{"href":"https:\/\/radioclanfm.com\/clanespectaculos\/wp-json\/wp\/v2\/posts"}],"about":[{"href":"https:\/\/radioclanfm.com\/clanespectaculos\/wp-json\/wp\/v2\/types\/post"}],"author":[{"embeddable":true,"href":"https:\/\/radioclanfm.com\/clanespectaculos\/wp-json\/wp\/v2\/users\/1"}],"replies":[{"embeddable":true,"href":"https:\/\/radioclanfm.com\/clanespectaculos\/wp-json\/wp\/v2\/comments?post=1086"}],"version-history":[{"count":1,"href":"https:\/\/radioclanfm.com\/clanespectaculos\/wp-json\/wp\/v2\/posts\/1086\/revisions"}],"predecessor-version":[{"id":1090,"href":"https:\/\/radioclanfm.com\/clanespectaculos\/wp-json\/wp\/v2\/posts\/1086\/revisions\/1090"}],"wp:featuredmedia":[{"embeddable":true,"href":"https:\/\/radioclanfm.com\/clanespectaculos\/wp-json\/wp\/v2\/media\/1089"}],"wp:attachment":[{"href":"https:\/\/radioclanfm.com\/clanespectaculos\/wp-json\/wp\/v2\/media?parent=1086"}],"wp:term":[{"taxonomy":"category","embeddable":true,"href":"https:\/\/radioclanfm.com\/clanespectaculos\/wp-json\/wp\/v2\/categories?post=1086"},{"taxonomy":"post_tag","embeddable":true,"href":"https:\/\/radioclanfm.com\/clanespectaculos\/wp-json\/wp\/v2\/tags?post=1086"}],"curies":[{"name":"wp","href":"https:\/\/api.w.org\/{rel}","templated":true}]}}