{"id":1081,"date":"2025-05-27T21:23:48","date_gmt":"2025-05-28T00:23:48","guid":{"rendered":"https:\/\/radioclanfm.com\/clanespectaculos\/?p=1081"},"modified":"2025-05-27T21:23:48","modified_gmt":"2025-05-28T00:23:48","slug":"las-primeras-horas-de-wanda-nara-en-milan-amigos-cumbia-y-diversion-en-la-ciudad-italiana","status":"publish","type":"post","link":"https:\/\/radioclanfm.com\/clanespectaculos\/las-primeras-horas-de-wanda-nara-en-milan-amigos-cumbia-y-diversion-en-la-ciudad-italiana\/","title":{"rendered":"Las primeras horas de Wanda Nara en Mil\u00e1n: amigos, cumbia y diversi\u00f3n en la ciudad italiana"},"content":{"rendered":"<p>La empresaria dio inicio a su temporada en Europa, cont\u00f3 c\u00f3mo es el calendario que tiene por delante entre tr\u00e1mites por el divorcio y trabajo y mostr\u00f3 las fotos en la capital de la moda<\/p>\n<p class=\"paragraph\" data-mrf-recirculation=\"Links inline\">La vida de\u00a0<b>Wanda Nara<\/b>\u00a0se encuentra bajo la lupa hace varios meses. Su separaci\u00f3n con\u00a0<b>Mauro Icardi<\/b>, la batalla legal que llevan adelante en Argentina y el divorcio en Italia son solo algunos de los puntos que la colocaron en el ojo de la tormenta. Sin embargo, uno de estos cap\u00edtulos est\u00e1 por llegar a su fin.<\/p>\n<div class=\"news-module\" data-mrf-recirculation=\"IL_Ct0zZTd2RqSjHGMXsLzz7w\" data-testid=\"text-html\" data-mrf-experience=\"IL_Ct0zZTd2RqSjHGMXsLzz7w\">\n<div class=\"recommended-card__image-container\"><\/div>\n<\/div>\n<p class=\"paragraph\" data-mrf-recirculation=\"Links inline\">Mil\u00e1n se convertir\u00e1 en el escenario para el reencuentro del futbolista y la empresaria, pero antes de esta reuni\u00f3n aprovech\u00f3 para hacer un poco de turismo junto a los amigos que viajaron con ella. Wanda vol\u00f3 el lunes por la noche en avi\u00f3n de l\u00ednea junto a tres amigos:\u00a0<b>Natt C\u00f3rdoba<\/b>,\u00a0<b>Paula Barreiro\u00a0<\/b>y\u00a0<i><b>El Chaque\u00f1o<\/b><\/i><b>\u00a0<\/b>(colorista de Hair Malambo) y sus redes sociales se convirtieron en un diario del minuto a minuto de este viaje.<\/p>\n<div class=\"inline ad-wrapper\">\n<div class=\"dfpAd ad-inline\"><\/div>\n<\/div>\n<p class=\"paragraph\" data-mrf-recirculation=\"Links inline\">En su perfil principal subi\u00f3 varias postales de sus primeras horas. Con un look\u00a0<i>total black,<\/i>\u00a0compuesto por una calza, un crop top, un tapado, una gorra de los Yankees de Nueva York y una cartera Herm\u00e8s de color azul, pos\u00f3 en las escaleras de la aeronave, bajo el cielo de Mil\u00e1n. A la salida del aeropuerto los esperaba una camioneta de color negro y Nara mostr\u00f3 la gran cantidad de equipaje que traslad\u00f3 hasta Europa.<\/p>\n<div class=\"news-module\" data-mrf-recirculation=\"IL_RjJ8XQ94SCCdND4VX9YvyQ\" data-testid=\"text-html\" data-mrf-experience=\"IL_RjJ8XQ94SCCdND4VX9YvyQ\">\n<div class=\"recommended-card__image-container\"><\/div>\n<\/div>\n<div class=\"visual__image\"><picture><source srcset=\"https:\/\/www.infobae.com\/resizer\/v2\/WIZSYS7P6ZBP7NO2OCJCY3IHDQ.jpg?auth=f2a0f1b79bfeab91f4f2538afbba759eb265d9726ff72769624f27c3902e20e0&amp;smart=true&amp;width=992&amp;height=1764&amp;quality=85\" media=\"(min-width: 1000px)\" \/><source srcset=\"https:\/\/www.infobae.com\/resizer\/v2\/WIZSYS7P6ZBP7NO2OCJCY3IHDQ.jpg?auth=f2a0f1b79bfeab91f4f2538afbba759eb265d9726ff72769624f27c3902e20e0&amp;smart=true&amp;width=768&amp;height=1365&amp;quality=85\" media=\"(min-width: 768px)\" \/><source srcset=\"https:\/\/www.infobae.com\/resizer\/v2\/WIZSYS7P6ZBP7NO2OCJCY3IHDQ.jpg?auth=f2a0f1b79bfeab91f4f2538afbba759eb265d9726ff72769624f27c3902e20e0&amp;smart=true&amp;width=577&amp;height=1026&amp;quality=85\" media=\"(min-width: 580px)\" \/><source srcset=\"https:\/\/www.infobae.com\/resizer\/v2\/WIZSYS7P6ZBP7NO2OCJCY3IHDQ.jpg?auth=f2a0f1b79bfeab91f4f2538afbba759eb265d9726ff72769624f27c3902e20e0&amp;smart=true&amp;width=420&amp;height=747&amp;quality=85\" media=\"(min-width: 350px)\" \/><source srcset=\"https:\/\/www.infobae.com\/resizer\/v2\/WIZSYS7P6ZBP7NO2OCJCY3IHDQ.jpg?auth=f2a0f1b79bfeab91f4f2538afbba759eb265d9726ff72769624f27c3902e20e0&amp;smart=true&amp;width=350&amp;height=622&amp;quality=85\" media=\"(min-width: 80px)\" \/><img loading=\"lazy\" decoding=\"async\" class=\"global-image\" src=\"https:\/\/www.infobae.com\/resizer\/v2\/WIZSYS7P6ZBP7NO2OCJCY3IHDQ.jpg?auth=f2a0f1b79bfeab91f4f2538afbba759eb265d9726ff72769624f27c3902e20e0&amp;smart=true&amp;width=350&amp;height=622&amp;quality=85\" alt=\"Wanda viaj\u00f3 acompa\u00f1ada de amigos\" width=\"1080\" height=\"1919\" \/><\/picture>Wanda viaj\u00f3 acompa\u00f1ada de amigos<\/div>\n<div class=\"visual__image\"><picture><source srcset=\"https:\/\/www.infobae.com\/resizer\/v2\/TXAF72WHFNHRJE2NNU5KLII4PQ.jpg?auth=f4fd3c8d23d19424657716799c4694cefc2b5ce5ab7e0c8a1b44c02f70ab35ed&amp;smart=true&amp;width=992&amp;height=1764&amp;quality=85\" media=\"(min-width: 1000px)\" \/><source srcset=\"https:\/\/www.infobae.com\/resizer\/v2\/TXAF72WHFNHRJE2NNU5KLII4PQ.jpg?auth=f4fd3c8d23d19424657716799c4694cefc2b5ce5ab7e0c8a1b44c02f70ab35ed&amp;smart=true&amp;width=768&amp;height=1365&amp;quality=85\" media=\"(min-width: 768px)\" \/><source srcset=\"https:\/\/www.infobae.com\/resizer\/v2\/TXAF72WHFNHRJE2NNU5KLII4PQ.jpg?auth=f4fd3c8d23d19424657716799c4694cefc2b5ce5ab7e0c8a1b44c02f70ab35ed&amp;smart=true&amp;width=577&amp;height=1026&amp;quality=85\" media=\"(min-width: 580px)\" \/><source srcset=\"https:\/\/www.infobae.com\/resizer\/v2\/TXAF72WHFNHRJE2NNU5KLII4PQ.jpg?auth=f4fd3c8d23d19424657716799c4694cefc2b5ce5ab7e0c8a1b44c02f70ab35ed&amp;smart=true&amp;width=420&amp;height=747&amp;quality=85\" media=\"(min-width: 350px)\" \/><source srcset=\"https:\/\/www.infobae.com\/resizer\/v2\/TXAF72WHFNHRJE2NNU5KLII4PQ.jpg?auth=f4fd3c8d23d19424657716799c4694cefc2b5ce5ab7e0c8a1b44c02f70ab35ed&amp;smart=true&amp;width=350&amp;height=622&amp;quality=85\" media=\"(min-width: 80px)\" \/><img loading=\"lazy\" decoding=\"async\" class=\"global-image\" src=\"https:\/\/www.infobae.com\/resizer\/v2\/TXAF72WHFNHRJE2NNU5KLII4PQ.jpg?auth=f4fd3c8d23d19424657716799c4694cefc2b5ce5ab7e0c8a1b44c02f70ab35ed&amp;smart=true&amp;width=350&amp;height=622&amp;quality=85\" alt=\"Nara parti\u00f3 con dos valijas\" width=\"1080\" height=\"1919\" \/><\/picture>Nara parti\u00f3 con dos valijas grandes y un carry-on<\/div>\n<p class=\"paragraph\" data-mrf-recirculation=\"Links inline\">El trayecto hasta su casa estuvo plagado de diversi\u00f3n. Dentro del autom\u00f3vil pusieron cumbia a todo volumen y desde los parlantes del veh\u00edculo se pudo escuchar la m\u00fasica con los comentarios del grupo, entre gritos, aplausos y movimientos al ritmo de las canciones.<\/p>\n<div class=\"inline_2_DSK ad-wrapper ad-desktop\">\n<div class=\"dfpAd ad-inline\"><\/div>\n<\/div>\n<p class=\"paragraph\" data-mrf-recirculation=\"Links inline\">Finalmente, llegaron a su hospedaje:\u00a0<b>el departamento que fue su hogar junto a Icardi y sus cinco hijos<\/b>. Lejos de guardarse este detalle para ella comparti\u00f3 las fotos de la propiedad con sus seguidores, la incre\u00edble vista de la ciudad, el amplio living con ventanales enormes y los portarretratos con fotograf\u00edas de sus cinco hijos en los estantes. Pero lo m\u00e1s importante de todo: se volvi\u00f3 a reunir con su vestidor, donde se encuentra la mayor parte de su colecci\u00f3n de carteras de lujo. Y no dud\u00f3 en dejarlo registrado con su c\u00e1mara del celular.<\/p>\n<div class=\"news-module\" data-mrf-recirculation=\"IL_wPVu_IE4S76a5Gsl0lX8mA\" data-testid=\"text-html\" data-mrf-experience=\"IL_wPVu_IE4S76a5Gsl0lX8mA\">\n<div class=\"recommended-card__image-container\"><img loading=\"lazy\" decoding=\"async\" class=\"recommended-card__image lazyload\" src=\"https:\/\/www.infobae.com\/resizer\/v2\/AUSXA2EBN5BIFF2JM2MBLNLTWQ.png?auth=bad8a96edea2ba51546c35f5b7ab125c74ec86d717334616f08164801b8bdfd1&amp;smart=true&amp;width=256&amp;height=140&amp;quality=85\" sizes=\"auto, (min-width: 800px) 50vw, 90vw\" alt=\"Gianinna Maradona habl\u00f3 luego de su descompensaci\u00f3n en la audiencia por el juicio de Diego: \u201cNo puedo m\u00e1s\u201d\" width=\"16\" height=\"9\" data-src=\"https:\/\/www.infobae.com\/resizer\/v2\/AUSXA2EBN5BIFF2JM2MBLNLTWQ.png?auth=bad8a96edea2ba51546c35f5b7ab125c74ec86d717334616f08164801b8bdfd1&amp;smart=true&amp;width=256&amp;height=140&amp;quality=85\" \/><\/div>\n<div class=\"recommended-card__info\"><span class=\"recommended-card__info-interest-you\">Te puede interesar:<\/span><span class=\"recommended-card__info-title\">Gianinna Maradona habl\u00f3 luego de su descompensaci\u00f3n en la audiencia por el juicio de Diego: \u201cNo puedo m\u00e1s\u201d<\/span><\/p>\n<div class=\"recommended-card__info-button recommended-card__info-button--deportes\"><\/div>\n<\/div>\n<\/div>\n<p class=\"paragraph\" data-mrf-recirculation=\"Links inline\">Por otro lado, tambi\u00e9n comparti\u00f3 los paquetes que la esperaban arriba de su cama: regalos que conten\u00edan una bolsa de Louis Vuitton, una de Chanel y dos cajas de la misma marca francesa.<\/p>\n<div class=\"visual__image\"><picture><source srcset=\"https:\/\/www.infobae.com\/resizer\/v2\/EBGOKEMNPZDNRICSRXONTRYEJY.jpg?auth=4fb703ae38a7b86f8eaac01c234af952b1e38f7b5997bb75204c5edb6869c829&amp;smart=true&amp;width=992&amp;height=1764&amp;quality=85\" media=\"(min-width: 1000px)\" \/><source srcset=\"https:\/\/www.infobae.com\/resizer\/v2\/EBGOKEMNPZDNRICSRXONTRYEJY.jpg?auth=4fb703ae38a7b86f8eaac01c234af952b1e38f7b5997bb75204c5edb6869c829&amp;smart=true&amp;width=768&amp;height=1365&amp;quality=85\" media=\"(min-width: 768px)\" \/><source srcset=\"https:\/\/www.infobae.com\/resizer\/v2\/EBGOKEMNPZDNRICSRXONTRYEJY.jpg?auth=4fb703ae38a7b86f8eaac01c234af952b1e38f7b5997bb75204c5edb6869c829&amp;smart=true&amp;width=577&amp;height=1026&amp;quality=85\" media=\"(min-width: 580px)\" \/><source srcset=\"https:\/\/www.infobae.com\/resizer\/v2\/EBGOKEMNPZDNRICSRXONTRYEJY.jpg?auth=4fb703ae38a7b86f8eaac01c234af952b1e38f7b5997bb75204c5edb6869c829&amp;smart=true&amp;width=420&amp;height=747&amp;quality=85\" media=\"(min-width: 350px)\" \/><source srcset=\"https:\/\/www.infobae.com\/resizer\/v2\/EBGOKEMNPZDNRICSRXONTRYEJY.jpg?auth=4fb703ae38a7b86f8eaac01c234af952b1e38f7b5997bb75204c5edb6869c829&amp;smart=true&amp;width=350&amp;height=622&amp;quality=85\" media=\"(min-width: 80px)\" \/><img loading=\"lazy\" decoding=\"async\" class=\"global-image\" src=\"https:\/\/www.infobae.com\/resizer\/v2\/EBGOKEMNPZDNRICSRXONTRYEJY.jpg?auth=4fb703ae38a7b86f8eaac01c234af952b1e38f7b5997bb75204c5edb6869c829&amp;smart=true&amp;width=350&amp;height=622&amp;quality=85\" alt=\"Las fotos de sus cinco\" width=\"1080\" height=\"1919\" \/><\/picture>Las fotos de sus cinco hijos<\/div>\n<div class=\"visual__image\"><picture><source srcset=\"https:\/\/www.infobae.com\/resizer\/v2\/SLUJUHX3ANBMFOJBARLPKJ3B5E.jpg?auth=72c97dd9ee03ed5ec49ecee0290a499699a17026605f192ec0bf88414d1ed7f5&amp;smart=true&amp;width=992&amp;height=1764&amp;quality=85\" media=\"(min-width: 1000px)\" \/><source srcset=\"https:\/\/www.infobae.com\/resizer\/v2\/SLUJUHX3ANBMFOJBARLPKJ3B5E.jpg?auth=72c97dd9ee03ed5ec49ecee0290a499699a17026605f192ec0bf88414d1ed7f5&amp;smart=true&amp;width=768&amp;height=1365&amp;quality=85\" media=\"(min-width: 768px)\" \/><source srcset=\"https:\/\/www.infobae.com\/resizer\/v2\/SLUJUHX3ANBMFOJBARLPKJ3B5E.jpg?auth=72c97dd9ee03ed5ec49ecee0290a499699a17026605f192ec0bf88414d1ed7f5&amp;smart=true&amp;width=577&amp;height=1026&amp;quality=85\" media=\"(min-width: 580px)\" \/><source srcset=\"https:\/\/www.infobae.com\/resizer\/v2\/SLUJUHX3ANBMFOJBARLPKJ3B5E.jpg?auth=72c97dd9ee03ed5ec49ecee0290a499699a17026605f192ec0bf88414d1ed7f5&amp;smart=true&amp;width=420&amp;height=747&amp;quality=85\" media=\"(min-width: 350px)\" \/><source srcset=\"https:\/\/www.infobae.com\/resizer\/v2\/SLUJUHX3ANBMFOJBARLPKJ3B5E.jpg?auth=72c97dd9ee03ed5ec49ecee0290a499699a17026605f192ec0bf88414d1ed7f5&amp;smart=true&amp;width=350&amp;height=622&amp;quality=85\" media=\"(min-width: 80px)\" \/><img loading=\"lazy\" decoding=\"async\" class=\"global-image\" src=\"https:\/\/www.infobae.com\/resizer\/v2\/SLUJUHX3ANBMFOJBARLPKJ3B5E.jpg?auth=72c97dd9ee03ed5ec49ecee0290a499699a17026605f192ec0bf88414d1ed7f5&amp;smart=true&amp;width=350&amp;height=622&amp;quality=85\" alt=\"Wanda se reuni\u00f3 con su\" width=\"1080\" height=\"1919\" \/><\/picture>Wanda se reuni\u00f3 con su colecci\u00f3n de carteras de lujo<\/div>\n<div class=\"visual__image\"><picture><source srcset=\"https:\/\/www.infobae.com\/resizer\/v2\/4KB77BYPIJECPJ4HYE4VZZGXO4.jpg?auth=a7ffc6d3be2485dfe1459d1c10dd1be24aeb2c329cc3f575aa2e7fe16a2eae86&amp;smart=true&amp;width=992&amp;height=1764&amp;quality=85\" media=\"(min-width: 1000px)\" \/><source srcset=\"https:\/\/www.infobae.com\/resizer\/v2\/4KB77BYPIJECPJ4HYE4VZZGXO4.jpg?auth=a7ffc6d3be2485dfe1459d1c10dd1be24aeb2c329cc3f575aa2e7fe16a2eae86&amp;smart=true&amp;width=768&amp;height=1365&amp;quality=85\" media=\"(min-width: 768px)\" \/><source srcset=\"https:\/\/www.infobae.com\/resizer\/v2\/4KB77BYPIJECPJ4HYE4VZZGXO4.jpg?auth=a7ffc6d3be2485dfe1459d1c10dd1be24aeb2c329cc3f575aa2e7fe16a2eae86&amp;smart=true&amp;width=577&amp;height=1026&amp;quality=85\" media=\"(min-width: 580px)\" \/><source srcset=\"https:\/\/www.infobae.com\/resizer\/v2\/4KB77BYPIJECPJ4HYE4VZZGXO4.jpg?auth=a7ffc6d3be2485dfe1459d1c10dd1be24aeb2c329cc3f575aa2e7fe16a2eae86&amp;smart=true&amp;width=420&amp;height=747&amp;quality=85\" media=\"(min-width: 350px)\" \/><source srcset=\"https:\/\/www.infobae.com\/resizer\/v2\/4KB77BYPIJECPJ4HYE4VZZGXO4.jpg?auth=a7ffc6d3be2485dfe1459d1c10dd1be24aeb2c329cc3f575aa2e7fe16a2eae86&amp;smart=true&amp;width=350&amp;height=622&amp;quality=85\" media=\"(min-width: 80px)\" \/><img loading=\"lazy\" decoding=\"async\" class=\"global-image\" src=\"https:\/\/www.infobae.com\/resizer\/v2\/4KB77BYPIJECPJ4HYE4VZZGXO4.jpg?auth=a7ffc6d3be2485dfe1459d1c10dd1be24aeb2c329cc3f575aa2e7fe16a2eae86&amp;smart=true&amp;width=350&amp;height=622&amp;quality=85\" alt=\"Los regalos que la esperaban\" width=\"1080\" height=\"1919\" \/><\/picture>Los regalos que la esperaban en su casa de Mil\u00e1n<\/div>\n<p class=\"paragraph\" data-mrf-recirculation=\"Links inline\">Tras dejar el equipaje, cambiar de ropa y refrescarse un poco, salieron a caminar por las calles de la capital de la moda. El primer lugar que Wanda eligi\u00f3 no fue al azar, sino que fue un mensaje directo y contundente para su expareja: el Duomo de Milano, tambi\u00e9n conocido como la Catedral de Mil\u00e1n. All\u00ed, al inicio de su relaci\u00f3n, posaron completamente enamorados, pero luego\u00a0se convirti\u00f3 en un nuevo punto en la guerra silenciosa entre Mauro y la China Su\u00e1rez.<\/p>\n<p class=\"paragraph\" data-mrf-recirculation=\"Links inline\">Con un pantal\u00f3n negro, una chaqueta a cuadros de Chanel, una cartera de la misma marca pos\u00f3 frente a la iglesia y dio detalles de c\u00f3mo ser\u00e1 su itinerario en el viejo continente: \u201c<b>Mil\u00e1n, Roma e Ibiza<\/b>\u201d. M\u00e1s all\u00e1 de la audiencia a la que tiene que asistir el d\u00eda mi\u00e9rcoles 28 por el divorcio con el delantero del Galatasaray, tiene algunos compromisos laborales como su participaci\u00f3n en el\u00a0<i>Bailando con las Estrellas<\/i>\u00a0italiano y una grabaci\u00f3n para MTV. Un detalle que no pas\u00f3 desapercibido es que pasar\u00e1 por Ibiza, en Espa\u00f1a, donde tambi\u00e9n estar\u00e1 la\u00a0<b>China Su\u00e1rez<\/b>\u00a0para presentar\u00a0<i>Linda<\/i>, la \u00faltima pel\u00edcula que protagoniz\u00f3 la actriz, en un festival de cine y lo har\u00e1 acompa\u00f1ada del futbolista rosarino.<\/p>\n<div class=\"visual__image\"><picture><source srcset=\"https:\/\/www.infobae.com\/resizer\/v2\/57PF7B74NFBABCNHWSMR6VA4B4.jpg?auth=9e191964563a76e1be991155930e49a64a437eb6aa1026feacfbe91df435d49a&amp;smart=true&amp;width=992&amp;height=1764&amp;quality=85\" media=\"(min-width: 1000px)\" \/><source srcset=\"https:\/\/www.infobae.com\/resizer\/v2\/57PF7B74NFBABCNHWSMR6VA4B4.jpg?auth=9e191964563a76e1be991155930e49a64a437eb6aa1026feacfbe91df435d49a&amp;smart=true&amp;width=768&amp;height=1365&amp;quality=85\" media=\"(min-width: 768px)\" \/><source srcset=\"https:\/\/www.infobae.com\/resizer\/v2\/57PF7B74NFBABCNHWSMR6VA4B4.jpg?auth=9e191964563a76e1be991155930e49a64a437eb6aa1026feacfbe91df435d49a&amp;smart=true&amp;width=577&amp;height=1026&amp;quality=85\" media=\"(min-width: 580px)\" \/><source srcset=\"https:\/\/www.infobae.com\/resizer\/v2\/57PF7B74NFBABCNHWSMR6VA4B4.jpg?auth=9e191964563a76e1be991155930e49a64a437eb6aa1026feacfbe91df435d49a&amp;smart=true&amp;width=420&amp;height=747&amp;quality=85\" media=\"(min-width: 350px)\" \/><source srcset=\"https:\/\/www.infobae.com\/resizer\/v2\/57PF7B74NFBABCNHWSMR6VA4B4.jpg?auth=9e191964563a76e1be991155930e49a64a437eb6aa1026feacfbe91df435d49a&amp;smart=true&amp;width=350&amp;height=622&amp;quality=85\" media=\"(min-width: 80px)\" \/><img loading=\"lazy\" decoding=\"async\" class=\"global-image\" src=\"https:\/\/www.infobae.com\/resizer\/v2\/57PF7B74NFBABCNHWSMR6VA4B4.jpg?auth=9e191964563a76e1be991155930e49a64a437eb6aa1026feacfbe91df435d49a&amp;smart=true&amp;width=350&amp;height=622&amp;quality=85\" alt=\"Nara pasar\u00e1 tambi\u00e9n por Roma\" width=\"1080\" height=\"1919\" \/><\/picture>Nara pasar\u00e1 tambi\u00e9n por Roma y por Ibiza (Foto: Instagram)<\/div>\n<p class=\"paragraph\" data-mrf-recirculation=\"Links inline\">Otra persona que se encuentra en Italia es<b>\u00a0Daniel Guzm\u00e1n Jr.\u00a0<\/b>el hombre que fue se\u00f1alado como el nuevo pretendiente de la conductora de\u00a0<i>Bake Off Famosos<\/i>\u00a0(Telefe).\u00a0El futbolista mexicano se encuentra en Sicilia, por lo que no ser\u00eda descabellado pensar en un posible encuentro, ya que se encuentran a un viaje de avi\u00f3n de distancia.<\/p>\n<div class=\"second-saved-buttons\">\n<div class=\"body-share-note\"><\/div>\n<\/div>\n","protected":false},"excerpt":{"rendered":"<p>La empresaria dio inicio a su temporada en Europa, cont\u00f3 c\u00f3mo es el calendario que tiene por delante entre tr\u00e1mites por el divorcio y trabajo y mostr\u00f3 las fotos en la capital de la moda La vida de\u00a0Wanda Nara\u00a0se encuentra bajo la lupa hace varios meses. Su separaci\u00f3n con\u00a0Mauro Icardi, la batalla legal que llevan [&hellip;]<\/p>\n","protected":false},"author":1,"featured_media":1084,"comment_status":"open","ping_status":"open","sticky":false,"template":"","format":"standard","meta":{"rop_custom_images_group":[],"rop_custom_messages_group":[],"rop_publish_now":"initial","rop_publish_now_accounts":[],"rop_publish_now_history":[],"rop_publish_now_status":"pending","footnotes":"","jetpack_publicize_message":"","jetpack_publicize_feature_enabled":true,"jetpack_social_post_already_shared":true,"jetpack_social_options":{"image_generator_settings":{"template":"highway","enabled":false},"version":2}},"categories":[12],"tags":[],"class_list":{"0":"post-1081","1":"post","2":"type-post","3":"status-publish","4":"format-standard","5":"has-post-thumbnail","7":"category-espectaculos"},"jetpack_publicize_connections":[],"yoast_head":"<!-- This site is optimized with the Yoast SEO plugin v27.3 - https:\/\/yoast.com\/product\/yoast-seo-wordpress\/ -->\n<title>Las primeras horas de Wanda Nara en Mil\u00e1n: amigos, cumbia y diversi\u00f3n en la ciudad italiana - CLAN ESPECTACULOS<\/title>\n<meta name=\"robots\" content=\"index, follow, max-snippet:-1, max-image-preview:large, max-video-preview:-1\" \/>\n<link rel=\"canonical\" href=\"https:\/\/radioclanfm.com\/clanespectaculos\/las-primeras-horas-de-wanda-nara-en-milan-amigos-cumbia-y-diversion-en-la-ciudad-italiana\/\" \/>\n<meta property=\"og:locale\" content=\"es_ES\" \/>\n<meta property=\"og:type\" content=\"article\" \/>\n<meta property=\"og:title\" content=\"Las primeras horas de Wanda Nara en Mil\u00e1n: amigos, cumbia y diversi\u00f3n en la ciudad italiana - CLAN ESPECTACULOS\" \/>\n<meta property=\"og:description\" content=\"La empresaria dio inicio a su temporada en Europa, cont\u00f3 c\u00f3mo es el calendario que tiene por delante entre tr\u00e1mites por el divorcio y trabajo y mostr\u00f3 las fotos en la capital de la moda La vida de\u00a0Wanda Nara\u00a0se encuentra bajo la lupa hace varios meses. Su separaci\u00f3n con\u00a0Mauro Icardi, la batalla legal que llevan [&hellip;]\" \/>\n<meta property=\"og:url\" content=\"https:\/\/radioclanfm.com\/clanespectaculos\/las-primeras-horas-de-wanda-nara-en-milan-amigos-cumbia-y-diversion-en-la-ciudad-italiana\/\" \/>\n<meta property=\"og:site_name\" content=\"CLAN ESPECTACULOS\" \/>\n<meta property=\"article:publisher\" content=\"https:\/\/www.facebook.com\/clanespectaculos\/\" \/>\n<meta property=\"article:published_time\" content=\"2025-05-28T00:23:48+00:00\" \/>\n<meta property=\"og:image\" content=\"https:\/\/radioclanfm.com\/clanespectaculos\/wp-content\/uploads\/sites\/2\/2025\/05\/I8Rts9ao.jpg\" \/>\n\t<meta property=\"og:image:width\" content=\"900\" \/>\n\t<meta property=\"og:image:height\" content=\"450\" \/>\n\t<meta property=\"og:image:type\" content=\"image\/jpeg\" \/>\n<meta name=\"author\" content=\"E-GRUPOCLAN\" \/>\n<meta name=\"twitter:card\" content=\"summary_large_image\" \/>\n<meta name=\"twitter:creator\" content=\"@clanespectok\" \/>\n<meta name=\"twitter:site\" content=\"@clanespectok\" \/>\n<meta name=\"twitter:label1\" content=\"Escrito por\" \/>\n\t<meta name=\"twitter:data1\" content=\"E-GRUPOCLAN\" \/>\n\t<meta name=\"twitter:label2\" content=\"Tiempo de lectura\" \/>\n\t<meta name=\"twitter:data2\" content=\"4 minutos\" \/>\n<script type=\"application\/ld+json\" class=\"yoast-schema-graph\">{\"@context\":\"https:\\\/\\\/schema.org\",\"@graph\":[{\"@type\":\"Article\",\"@id\":\"https:\\\/\\\/radioclanfm.com\\\/clanespectaculos\\\/las-primeras-horas-de-wanda-nara-en-milan-amigos-cumbia-y-diversion-en-la-ciudad-italiana\\\/#article\",\"isPartOf\":{\"@id\":\"https:\\\/\\\/radioclanfm.com\\\/clanespectaculos\\\/las-primeras-horas-de-wanda-nara-en-milan-amigos-cumbia-y-diversion-en-la-ciudad-italiana\\\/\"},\"author\":{\"name\":\"E-GRUPOCLAN\",\"@id\":\"https:\\\/\\\/radioclanfm.com\\\/clanespectaculos\\\/#\\\/schema\\\/person\\\/9734813083303230f3ad84d99171b20c\"},\"headline\":\"Las primeras horas de Wanda Nara en Mil\u00e1n: amigos, cumbia y diversi\u00f3n en la ciudad italiana\",\"datePublished\":\"2025-05-28T00:23:48+00:00\",\"mainEntityOfPage\":{\"@id\":\"https:\\\/\\\/radioclanfm.com\\\/clanespectaculos\\\/las-primeras-horas-de-wanda-nara-en-milan-amigos-cumbia-y-diversion-en-la-ciudad-italiana\\\/\"},\"wordCount\":813,\"commentCount\":0,\"publisher\":{\"@id\":\"https:\\\/\\\/radioclanfm.com\\\/clanespectaculos\\\/#organization\"},\"image\":{\"@id\":\"https:\\\/\\\/radioclanfm.com\\\/clanespectaculos\\\/las-primeras-horas-de-wanda-nara-en-milan-amigos-cumbia-y-diversion-en-la-ciudad-italiana\\\/#primaryimage\"},\"thumbnailUrl\":\"https:\\\/\\\/radioclanfm.com\\\/clanespectaculos\\\/wp-content\\\/uploads\\\/sites\\\/2\\\/2025\\\/05\\\/I8Rts9ao.jpg\",\"articleSection\":[\"Espectaculos\"],\"inLanguage\":\"es-AR\",\"potentialAction\":[{\"@type\":\"CommentAction\",\"name\":\"Comment\",\"target\":[\"https:\\\/\\\/radioclanfm.com\\\/clanespectaculos\\\/las-primeras-horas-de-wanda-nara-en-milan-amigos-cumbia-y-diversion-en-la-ciudad-italiana\\\/#respond\"]}]},{\"@type\":\"WebPage\",\"@id\":\"https:\\\/\\\/radioclanfm.com\\\/clanespectaculos\\\/las-primeras-horas-de-wanda-nara-en-milan-amigos-cumbia-y-diversion-en-la-ciudad-italiana\\\/\",\"url\":\"https:\\\/\\\/radioclanfm.com\\\/clanespectaculos\\\/las-primeras-horas-de-wanda-nara-en-milan-amigos-cumbia-y-diversion-en-la-ciudad-italiana\\\/\",\"name\":\"Las primeras horas de Wanda Nara en Mil\u00e1n: amigos, cumbia y diversi\u00f3n en la ciudad italiana - CLAN ESPECTACULOS\",\"isPartOf\":{\"@id\":\"https:\\\/\\\/radioclanfm.com\\\/clanespectaculos\\\/#website\"},\"primaryImageOfPage\":{\"@id\":\"https:\\\/\\\/radioclanfm.com\\\/clanespectaculos\\\/las-primeras-horas-de-wanda-nara-en-milan-amigos-cumbia-y-diversion-en-la-ciudad-italiana\\\/#primaryimage\"},\"image\":{\"@id\":\"https:\\\/\\\/radioclanfm.com\\\/clanespectaculos\\\/las-primeras-horas-de-wanda-nara-en-milan-amigos-cumbia-y-diversion-en-la-ciudad-italiana\\\/#primaryimage\"},\"thumbnailUrl\":\"https:\\\/\\\/radioclanfm.com\\\/clanespectaculos\\\/wp-content\\\/uploads\\\/sites\\\/2\\\/2025\\\/05\\\/I8Rts9ao.jpg\",\"datePublished\":\"2025-05-28T00:23:48+00:00\",\"breadcrumb\":{\"@id\":\"https:\\\/\\\/radioclanfm.com\\\/clanespectaculos\\\/las-primeras-horas-de-wanda-nara-en-milan-amigos-cumbia-y-diversion-en-la-ciudad-italiana\\\/#breadcrumb\"},\"inLanguage\":\"es-AR\",\"potentialAction\":[{\"@type\":\"ReadAction\",\"target\":[\"https:\\\/\\\/radioclanfm.com\\\/clanespectaculos\\\/las-primeras-horas-de-wanda-nara-en-milan-amigos-cumbia-y-diversion-en-la-ciudad-italiana\\\/\"]}]},{\"@type\":\"ImageObject\",\"inLanguage\":\"es-AR\",\"@id\":\"https:\\\/\\\/radioclanfm.com\\\/clanespectaculos\\\/las-primeras-horas-de-wanda-nara-en-milan-amigos-cumbia-y-diversion-en-la-ciudad-italiana\\\/#primaryimage\",\"url\":\"https:\\\/\\\/radioclanfm.com\\\/clanespectaculos\\\/wp-content\\\/uploads\\\/sites\\\/2\\\/2025\\\/05\\\/I8Rts9ao.jpg\",\"contentUrl\":\"https:\\\/\\\/radioclanfm.com\\\/clanespectaculos\\\/wp-content\\\/uploads\\\/sites\\\/2\\\/2025\\\/05\\\/I8Rts9ao.jpg\",\"width\":900,\"height\":450},{\"@type\":\"BreadcrumbList\",\"@id\":\"https:\\\/\\\/radioclanfm.com\\\/clanespectaculos\\\/las-primeras-horas-de-wanda-nara-en-milan-amigos-cumbia-y-diversion-en-la-ciudad-italiana\\\/#breadcrumb\",\"itemListElement\":[{\"@type\":\"ListItem\",\"position\":1,\"name\":\"Inicio\",\"item\":\"https:\\\/\\\/radioclanfm.com\\\/clanespectaculos\\\/\"},{\"@type\":\"ListItem\",\"position\":2,\"name\":\"Las primeras horas de Wanda Nara en Mil\u00e1n: amigos, cumbia y diversi\u00f3n en la ciudad italiana\"}]},{\"@type\":\"WebSite\",\"@id\":\"https:\\\/\\\/radioclanfm.com\\\/clanespectaculos\\\/#website\",\"url\":\"https:\\\/\\\/radioclanfm.com\\\/clanespectaculos\\\/\",\"name\":\"CLAN ESPECTACULOS\",\"description\":\"\",\"publisher\":{\"@id\":\"https:\\\/\\\/radioclanfm.com\\\/clanespectaculos\\\/#organization\"},\"potentialAction\":[{\"@type\":\"SearchAction\",\"target\":{\"@type\":\"EntryPoint\",\"urlTemplate\":\"https:\\\/\\\/radioclanfm.com\\\/clanespectaculos\\\/?s={search_term_string}\"},\"query-input\":{\"@type\":\"PropertyValueSpecification\",\"valueRequired\":true,\"valueName\":\"search_term_string\"}}],\"inLanguage\":\"es-AR\"},{\"@type\":\"Organization\",\"@id\":\"https:\\\/\\\/radioclanfm.com\\\/clanespectaculos\\\/#organization\",\"name\":\"CLAN ESPECTACULOS\",\"url\":\"https:\\\/\\\/radioclanfm.com\\\/clanespectaculos\\\/\",\"logo\":{\"@type\":\"ImageObject\",\"inLanguage\":\"es-AR\",\"@id\":\"https:\\\/\\\/radioclanfm.com\\\/clanespectaculos\\\/#\\\/schema\\\/logo\\\/image\\\/\",\"url\":\"https:\\\/\\\/radioclanfm.com\\\/clanespectaculos\\\/wp-content\\\/uploads\\\/sites\\\/2\\\/2026\\\/04\\\/ChatGPT-Image-23-mar-2026-10_09_00.png\",\"contentUrl\":\"https:\\\/\\\/radioclanfm.com\\\/clanespectaculos\\\/wp-content\\\/uploads\\\/sites\\\/2\\\/2026\\\/04\\\/ChatGPT-Image-23-mar-2026-10_09_00.png\",\"width\":1024,\"height\":1024,\"caption\":\"CLAN ESPECTACULOS\"},\"image\":{\"@id\":\"https:\\\/\\\/radioclanfm.com\\\/clanespectaculos\\\/#\\\/schema\\\/logo\\\/image\\\/\"},\"sameAs\":[\"https:\\\/\\\/www.facebook.com\\\/clanespectaculos\\\/\",\"https:\\\/\\\/x.com\\\/clanespectok\"]},{\"@type\":\"Person\",\"@id\":\"https:\\\/\\\/radioclanfm.com\\\/clanespectaculos\\\/#\\\/schema\\\/person\\\/9734813083303230f3ad84d99171b20c\",\"name\":\"E-GRUPOCLAN\",\"image\":{\"@type\":\"ImageObject\",\"inLanguage\":\"es-AR\",\"@id\":\"https:\\\/\\\/secure.gravatar.com\\\/avatar\\\/af6e19837c3d6a212034a48c7b3818d2ac1826f6025df0155da5a186ad321d79?s=96&d=mm&r=g\",\"url\":\"https:\\\/\\\/secure.gravatar.com\\\/avatar\\\/af6e19837c3d6a212034a48c7b3818d2ac1826f6025df0155da5a186ad321d79?s=96&d=mm&r=g\",\"contentUrl\":\"https:\\\/\\\/secure.gravatar.com\\\/avatar\\\/af6e19837c3d6a212034a48c7b3818d2ac1826f6025df0155da5a186ad321d79?s=96&d=mm&r=g\",\"caption\":\"E-GRUPOCLAN\"},\"sameAs\":[\"https:\\\/\\\/radioclanfm.com\"],\"url\":\"https:\\\/\\\/radioclanfm.com\\\/clanespectaculos\\\/author\\\/admin\\\/\"}]}<\/script>\n<!-- \/ Yoast SEO plugin. -->","yoast_head_json":{"title":"Las primeras horas de Wanda Nara en Mil\u00e1n: amigos, cumbia y diversi\u00f3n en la ciudad italiana - CLAN ESPECTACULOS","robots":{"index":"index","follow":"follow","max-snippet":"max-snippet:-1","max-image-preview":"max-image-preview:large","max-video-preview":"max-video-preview:-1"},"canonical":"https:\/\/radioclanfm.com\/clanespectaculos\/las-primeras-horas-de-wanda-nara-en-milan-amigos-cumbia-y-diversion-en-la-ciudad-italiana\/","og_locale":"es_ES","og_type":"article","og_title":"Las primeras horas de Wanda Nara en Mil\u00e1n: amigos, cumbia y diversi\u00f3n en la ciudad italiana - CLAN ESPECTACULOS","og_description":"La empresaria dio inicio a su temporada en Europa, cont\u00f3 c\u00f3mo es el calendario que tiene por delante entre tr\u00e1mites por el divorcio y trabajo y mostr\u00f3 las fotos en la capital de la moda La vida de\u00a0Wanda Nara\u00a0se encuentra bajo la lupa hace varios meses. Su separaci\u00f3n con\u00a0Mauro Icardi, la batalla legal que llevan [&hellip;]","og_url":"https:\/\/radioclanfm.com\/clanespectaculos\/las-primeras-horas-de-wanda-nara-en-milan-amigos-cumbia-y-diversion-en-la-ciudad-italiana\/","og_site_name":"CLAN ESPECTACULOS","article_publisher":"https:\/\/www.facebook.com\/clanespectaculos\/","article_published_time":"2025-05-28T00:23:48+00:00","og_image":[{"width":900,"height":450,"url":"https:\/\/radioclanfm.com\/clanespectaculos\/wp-content\/uploads\/sites\/2\/2025\/05\/I8Rts9ao.jpg","type":"image\/jpeg"}],"author":"E-GRUPOCLAN","twitter_card":"summary_large_image","twitter_creator":"@clanespectok","twitter_site":"@clanespectok","twitter_misc":{"Escrito por":"E-GRUPOCLAN","Tiempo de lectura":"4 minutos"},"schema":{"@context":"https:\/\/schema.org","@graph":[{"@type":"Article","@id":"https:\/\/radioclanfm.com\/clanespectaculos\/las-primeras-horas-de-wanda-nara-en-milan-amigos-cumbia-y-diversion-en-la-ciudad-italiana\/#article","isPartOf":{"@id":"https:\/\/radioclanfm.com\/clanespectaculos\/las-primeras-horas-de-wanda-nara-en-milan-amigos-cumbia-y-diversion-en-la-ciudad-italiana\/"},"author":{"name":"E-GRUPOCLAN","@id":"https:\/\/radioclanfm.com\/clanespectaculos\/#\/schema\/person\/9734813083303230f3ad84d99171b20c"},"headline":"Las primeras horas de Wanda Nara en Mil\u00e1n: amigos, cumbia y diversi\u00f3n en la ciudad italiana","datePublished":"2025-05-28T00:23:48+00:00","mainEntityOfPage":{"@id":"https:\/\/radioclanfm.com\/clanespectaculos\/las-primeras-horas-de-wanda-nara-en-milan-amigos-cumbia-y-diversion-en-la-ciudad-italiana\/"},"wordCount":813,"commentCount":0,"publisher":{"@id":"https:\/\/radioclanfm.com\/clanespectaculos\/#organization"},"image":{"@id":"https:\/\/radioclanfm.com\/clanespectaculos\/las-primeras-horas-de-wanda-nara-en-milan-amigos-cumbia-y-diversion-en-la-ciudad-italiana\/#primaryimage"},"thumbnailUrl":"https:\/\/radioclanfm.com\/clanespectaculos\/wp-content\/uploads\/sites\/2\/2025\/05\/I8Rts9ao.jpg","articleSection":["Espectaculos"],"inLanguage":"es-AR","potentialAction":[{"@type":"CommentAction","name":"Comment","target":["https:\/\/radioclanfm.com\/clanespectaculos\/las-primeras-horas-de-wanda-nara-en-milan-amigos-cumbia-y-diversion-en-la-ciudad-italiana\/#respond"]}]},{"@type":"WebPage","@id":"https:\/\/radioclanfm.com\/clanespectaculos\/las-primeras-horas-de-wanda-nara-en-milan-amigos-cumbia-y-diversion-en-la-ciudad-italiana\/","url":"https:\/\/radioclanfm.com\/clanespectaculos\/las-primeras-horas-de-wanda-nara-en-milan-amigos-cumbia-y-diversion-en-la-ciudad-italiana\/","name":"Las primeras horas de Wanda Nara en Mil\u00e1n: amigos, cumbia y diversi\u00f3n en la ciudad italiana - CLAN ESPECTACULOS","isPartOf":{"@id":"https:\/\/radioclanfm.com\/clanespectaculos\/#website"},"primaryImageOfPage":{"@id":"https:\/\/radioclanfm.com\/clanespectaculos\/las-primeras-horas-de-wanda-nara-en-milan-amigos-cumbia-y-diversion-en-la-ciudad-italiana\/#primaryimage"},"image":{"@id":"https:\/\/radioclanfm.com\/clanespectaculos\/las-primeras-horas-de-wanda-nara-en-milan-amigos-cumbia-y-diversion-en-la-ciudad-italiana\/#primaryimage"},"thumbnailUrl":"https:\/\/radioclanfm.com\/clanespectaculos\/wp-content\/uploads\/sites\/2\/2025\/05\/I8Rts9ao.jpg","datePublished":"2025-05-28T00:23:48+00:00","breadcrumb":{"@id":"https:\/\/radioclanfm.com\/clanespectaculos\/las-primeras-horas-de-wanda-nara-en-milan-amigos-cumbia-y-diversion-en-la-ciudad-italiana\/#breadcrumb"},"inLanguage":"es-AR","potentialAction":[{"@type":"ReadAction","target":["https:\/\/radioclanfm.com\/clanespectaculos\/las-primeras-horas-de-wanda-nara-en-milan-amigos-cumbia-y-diversion-en-la-ciudad-italiana\/"]}]},{"@type":"ImageObject","inLanguage":"es-AR","@id":"https:\/\/radioclanfm.com\/clanespectaculos\/las-primeras-horas-de-wanda-nara-en-milan-amigos-cumbia-y-diversion-en-la-ciudad-italiana\/#primaryimage","url":"https:\/\/radioclanfm.com\/clanespectaculos\/wp-content\/uploads\/sites\/2\/2025\/05\/I8Rts9ao.jpg","contentUrl":"https:\/\/radioclanfm.com\/clanespectaculos\/wp-content\/uploads\/sites\/2\/2025\/05\/I8Rts9ao.jpg","width":900,"height":450},{"@type":"BreadcrumbList","@id":"https:\/\/radioclanfm.com\/clanespectaculos\/las-primeras-horas-de-wanda-nara-en-milan-amigos-cumbia-y-diversion-en-la-ciudad-italiana\/#breadcrumb","itemListElement":[{"@type":"ListItem","position":1,"name":"Inicio","item":"https:\/\/radioclanfm.com\/clanespectaculos\/"},{"@type":"ListItem","position":2,"name":"Las primeras horas de Wanda Nara en Mil\u00e1n: amigos, cumbia y diversi\u00f3n en la ciudad italiana"}]},{"@type":"WebSite","@id":"https:\/\/radioclanfm.com\/clanespectaculos\/#website","url":"https:\/\/radioclanfm.com\/clanespectaculos\/","name":"CLAN ESPECTACULOS","description":"","publisher":{"@id":"https:\/\/radioclanfm.com\/clanespectaculos\/#organization"},"potentialAction":[{"@type":"SearchAction","target":{"@type":"EntryPoint","urlTemplate":"https:\/\/radioclanfm.com\/clanespectaculos\/?s={search_term_string}"},"query-input":{"@type":"PropertyValueSpecification","valueRequired":true,"valueName":"search_term_string"}}],"inLanguage":"es-AR"},{"@type":"Organization","@id":"https:\/\/radioclanfm.com\/clanespectaculos\/#organization","name":"CLAN ESPECTACULOS","url":"https:\/\/radioclanfm.com\/clanespectaculos\/","logo":{"@type":"ImageObject","inLanguage":"es-AR","@id":"https:\/\/radioclanfm.com\/clanespectaculos\/#\/schema\/logo\/image\/","url":"https:\/\/radioclanfm.com\/clanespectaculos\/wp-content\/uploads\/sites\/2\/2026\/04\/ChatGPT-Image-23-mar-2026-10_09_00.png","contentUrl":"https:\/\/radioclanfm.com\/clanespectaculos\/wp-content\/uploads\/sites\/2\/2026\/04\/ChatGPT-Image-23-mar-2026-10_09_00.png","width":1024,"height":1024,"caption":"CLAN ESPECTACULOS"},"image":{"@id":"https:\/\/radioclanfm.com\/clanespectaculos\/#\/schema\/logo\/image\/"},"sameAs":["https:\/\/www.facebook.com\/clanespectaculos\/","https:\/\/x.com\/clanespectok"]},{"@type":"Person","@id":"https:\/\/radioclanfm.com\/clanespectaculos\/#\/schema\/person\/9734813083303230f3ad84d99171b20c","name":"E-GRUPOCLAN","image":{"@type":"ImageObject","inLanguage":"es-AR","@id":"https:\/\/secure.gravatar.com\/avatar\/af6e19837c3d6a212034a48c7b3818d2ac1826f6025df0155da5a186ad321d79?s=96&d=mm&r=g","url":"https:\/\/secure.gravatar.com\/avatar\/af6e19837c3d6a212034a48c7b3818d2ac1826f6025df0155da5a186ad321d79?s=96&d=mm&r=g","contentUrl":"https:\/\/secure.gravatar.com\/avatar\/af6e19837c3d6a212034a48c7b3818d2ac1826f6025df0155da5a186ad321d79?s=96&d=mm&r=g","caption":"E-GRUPOCLAN"},"sameAs":["https:\/\/radioclanfm.com"],"url":"https:\/\/radioclanfm.com\/clanespectaculos\/author\/admin\/"}]}},"_links":{"self":[{"href":"https:\/\/radioclanfm.com\/clanespectaculos\/wp-json\/wp\/v2\/posts\/1081","targetHints":{"allow":["GET"]}}],"collection":[{"href":"https:\/\/radioclanfm.com\/clanespectaculos\/wp-json\/wp\/v2\/posts"}],"about":[{"href":"https:\/\/radioclanfm.com\/clanespectaculos\/wp-json\/wp\/v2\/types\/post"}],"author":[{"embeddable":true,"href":"https:\/\/radioclanfm.com\/clanespectaculos\/wp-json\/wp\/v2\/users\/1"}],"replies":[{"embeddable":true,"href":"https:\/\/radioclanfm.com\/clanespectaculos\/wp-json\/wp\/v2\/comments?post=1081"}],"version-history":[{"count":1,"href":"https:\/\/radioclanfm.com\/clanespectaculos\/wp-json\/wp\/v2\/posts\/1081\/revisions"}],"predecessor-version":[{"id":1085,"href":"https:\/\/radioclanfm.com\/clanespectaculos\/wp-json\/wp\/v2\/posts\/1081\/revisions\/1085"}],"wp:featuredmedia":[{"embeddable":true,"href":"https:\/\/radioclanfm.com\/clanespectaculos\/wp-json\/wp\/v2\/media\/1084"}],"wp:attachment":[{"href":"https:\/\/radioclanfm.com\/clanespectaculos\/wp-json\/wp\/v2\/media?parent=1081"}],"wp:term":[{"taxonomy":"category","embeddable":true,"href":"https:\/\/radioclanfm.com\/clanespectaculos\/wp-json\/wp\/v2\/categories?post=1081"},{"taxonomy":"post_tag","embeddable":true,"href":"https:\/\/radioclanfm.com\/clanespectaculos\/wp-json\/wp\/v2\/tags?post=1081"}],"curies":[{"name":"wp","href":"https:\/\/api.w.org\/{rel}","templated":true}]}}