{"id":1061,"date":"2025-05-27T21:16:26","date_gmt":"2025-05-28T00:16:26","guid":{"rendered":"https:\/\/radioclanfm.com\/clanespectaculos\/?p=1061"},"modified":"2025-05-27T21:16:26","modified_gmt":"2025-05-28T00:16:26","slug":"aparecio-una-foto-de-el-polaco-besandose-con-una-famosa-de-la-movida-tropical-y-crece-el-escandalo-con-silenzi","status":"publish","type":"post","link":"https:\/\/radioclanfm.com\/clanespectaculos\/aparecio-una-foto-de-el-polaco-besandose-con-una-famosa-de-la-movida-tropical-y-crece-el-escandalo-con-silenzi\/","title":{"rendered":"Apareci\u00f3 una foto de El Polaco bes\u00e1ndose con una famosa de la movida tropical y crece el esc\u00e1ndalo con Silenzi"},"content":{"rendered":"<p>A pocos d\u00edas de su separaci\u00f3n, el m\u00fasico qued\u00f3 en el ojo de la tormenta por una foto comprometedora con una colega.<\/p>\n<div class=\"col-content\"><main class=\"col-content\"><\/p>\n<div class=\"default-article-color article__body article__article\">\n<p class=\"paragraph font__body-regular\"><b>El Polaco se separ\u00f3 de Barby Silenzi\u00a0<\/b>y ya fue visto con otra mujer.\u00a0Una c\u00e1mara lo retrat\u00f3 mientras se daba un beso con una colega de renombre y los rumores de romance ya invadieron las redes sociales.\u00a0<b>Se trata de Dalila, \u201cla diosa del verbo amar\u201d<\/b>.<b><\/b><\/p>\n<div class=\"AV67f93cf033780503b00636a7\">\n<div id=\"aniBox\">\n<div id=\"aniplayer_AV67f93cf033780503b00636a7-1748391344472\">\n<div id=\"aniplayer_AV67f93cf033780503b00636a7-1748391344472gui\">\n<div id=\"av-caption\">\n<div id=\"av-close-btn-overlay\" class=\"av-pos-top-left\"><\/div>\n<\/div>\n<\/div>\n<\/div>\n<\/div>\n<\/div>\n<div id=\"ad-slot-infeed\" class=\"infeed-container ad-slot-infeed ad-slot\" data-adtype=\"infeed\" data-google-query-id=\"CJK426fxxI0DFVU9uQYdYDgXcQ\">\n<div id=\"google_ads_iframe_\/113951150\/tn-arc\/nota\/infeed_0__container__\"><\/div>\n<\/div>\n<p class=\"paragraph font__body-regular\">La int\u00e9rprete -una de las m\u00e1s populares de la movida tropical- lo sorprendi\u00f3 durante una presentaci\u00f3n en Caf\u00e9 la Humedad y sucedi\u00f3 lo inesperado. Al aire de\u00a0<i>Intrusos (Am\u00e9rica)<\/i>, Paula Varela asegur\u00f3 que varias fan\u00e1ticas del artista ya la tratan de \u201cbuscona\u201d.<\/p>\n<p class=\"paragraph font__body-regular\">\u201cSe la chap\u00f3 en el escenario.\u00a0<b>Estaba recaliente con \u00e9l hace rato.\u00a0<\/b>Perd\u00f3n, es un textual. Lo ten\u00eda entre ceja y ceja. A Barby le dio rechazo, pese a que estaban separados\u201d, se le escuch\u00f3 decir.<\/p>\n<figure class=\"\" data-testid=\"figure-testid\">\n<div class=\"aspect_ratio__container\"><picture class=\"responsive-image\"><source srcset=\"https:\/\/tn.com.ar\/resizer\/v2\/dalila-senalada-como-nuevo-amor-de-el-polaco-foto-instagramdalilaoficialok-E6CPAQXMQ5EDRITDBGEWSVOQEE.jpg?auth=ecad8bfacf5b62f2cf55641c7f51d7a3b36aca38e13e377e3e5821481449604f&amp;width=767\" type=\"image\/jpg\" media=\"(max-width: 728px)\" \/><source srcset=\"https:\/\/tn.com.ar\/resizer\/v2\/dalila-senalada-como-nuevo-amor-de-el-polaco-foto-instagramdalilaoficialok-E6CPAQXMQ5EDRITDBGEWSVOQEE.jpg?auth=ecad8bfacf5b62f2cf55641c7f51d7a3b36aca38e13e377e3e5821481449604f&amp;width=1023\" type=\"image\/jpg\" media=\"(max-width: 1023px)\" \/><source srcset=\"https:\/\/tn.com.ar\/resizer\/v2\/dalila-senalada-como-nuevo-amor-de-el-polaco-foto-instagramdalilaoficialok-E6CPAQXMQ5EDRITDBGEWSVOQEE.jpg?auth=ecad8bfacf5b62f2cf55641c7f51d7a3b36aca38e13e377e3e5821481449604f&amp;width=1440\" type=\"image\/jpg\" \/><img loading=\"lazy\" decoding=\"async\" class=\"image content-image image_placeholder\" src=\"https:\/\/tn.com.ar\/resizer\/v2\/dalila-senalada-como-nuevo-amor-de-el-polaco-foto-instagramdalilaoficialok-E6CPAQXMQ5EDRITDBGEWSVOQEE.jpg?auth=ecad8bfacf5b62f2cf55641c7f51d7a3b36aca38e13e377e3e5821481449604f&amp;width=767\" alt=\"Dalila, se\u00f1alada como nuevo amor de El Polaco. (Foto: instagram\/dalilaoficial.ok)\" width=\"767\" height=\"766\" data-testid=\"loading-testid\" \/><\/picture><\/div><figcaption class=\"caption_image\" data-testid=\"figcaption-testid\">\n<div class=\"image_caption \">Dalila, se\u00f1alada como nuevo amor de El Polaco. (Foto: instagram\/dalilaoficial.ok)<\/div>\n<\/figcaption><\/figure>\n<p class=\"paragraph font__body-regular\">Hasta el momento, ni el Polaco ni Dalila emitieron palabra sobre las versiones, pero \u00e9l se mostr\u00f3 entrenando y rodeado de su familia, con quien celebr\u00f3 la llegada de sus 38 a\u00f1os.<\/p>\n<figure class=\"\" data-testid=\"figure-testid\">\n<div class=\"aspect_ratio__container\"><picture class=\"responsive-image\"><source srcset=\"https:\/\/tn.com.ar\/resizer\/v2\/en-intrusos-mostraron-la-foto-de-dalila-besandose-con-el-polaco-foto-captura-de-america-RN35IVV3TZG3BHIHIBPHXSQGGI.JPG?auth=7d6060242bce100c72aca8619250ad5cb232f9a55ef0c264c251edfcf161a008&amp;width=767\" type=\"image\/jpg\" media=\"(max-width: 728px)\" \/><source srcset=\"https:\/\/tn.com.ar\/resizer\/v2\/en-intrusos-mostraron-la-foto-de-dalila-besandose-con-el-polaco-foto-captura-de-america-RN35IVV3TZG3BHIHIBPHXSQGGI.JPG?auth=7d6060242bce100c72aca8619250ad5cb232f9a55ef0c264c251edfcf161a008&amp;width=1023\" type=\"image\/jpg\" media=\"(max-width: 1023px)\" \/><source srcset=\"https:\/\/tn.com.ar\/resizer\/v2\/en-intrusos-mostraron-la-foto-de-dalila-besandose-con-el-polaco-foto-captura-de-america-RN35IVV3TZG3BHIHIBPHXSQGGI.JPG?auth=7d6060242bce100c72aca8619250ad5cb232f9a55ef0c264c251edfcf161a008&amp;width=1440\" type=\"image\/jpg\" \/><img loading=\"lazy\" decoding=\"async\" class=\"image content-image image_placeholder\" src=\"https:\/\/tn.com.ar\/resizer\/v2\/en-intrusos-mostraron-la-foto-de-dalila-besandose-con-el-polaco-foto-captura-de-america-RN35IVV3TZG3BHIHIBPHXSQGGI.JPG?auth=7d6060242bce100c72aca8619250ad5cb232f9a55ef0c264c251edfcf161a008&amp;width=767\" alt=\"En Intrusos mostraron la foto de Dalila bes\u00e1ndose con El Polaco. (Foto: captura de Am\u00e9rica)\" width=\"767\" height=\"426\" data-testid=\"loading-testid\" \/><\/picture><\/div><figcaption class=\"caption_image\" data-testid=\"figcaption-testid\">\n<div class=\"image_caption \">En Intrusos mostraron la foto de Dalila bes\u00e1ndose con El Polaco. (Foto: captura de Am\u00e9rica)<\/div>\n<\/figcaption><\/figure>\n<h2 class=\"font--primary font__display\">Qu\u00e9 pas\u00f3 entre El Polaco y Barby Silenzi<\/h2>\n<p class=\"paragraph font__body-regular\"><b>Barby Silenzi dej\u00f3 a El Polaco<\/b>\u00a0y esta vez ser\u00eda de forma definitiva. As\u00ed se conoci\u00f3 este lunes, cuando la periodista Paula Varela detall\u00f3 que hubo una interna que llev\u00f3 a la bailarina a tomar la dr\u00e1stica decisi\u00f3n. El flechazo se hab\u00eda dado en 2016, cuando fueron compa\u00f1eros del\u00a0<i>Bailando (eltrece).<\/i><\/p>\n<p class=\"paragraph font__body-regular\">En<i>\u00a0Intrusos (Am\u00e9rica)<\/i>, la periodista detall\u00f3 que Silenzi quer\u00eda acompa\u00f1ar a su pareja en la gira por Europa, pero \u00e9l se neg\u00f3 debido al enorme gasto que eso generar\u00eda. Ella lo acept\u00f3, pero al ver im\u00e1genes de sus salidas nocturnas puso el grito en el cielo. Una postal con\u00a0<b>Sof\u00eda Morandi\u00a0<\/b>tambi\u00e9n habr\u00eda desencadenado un esc\u00e1ndalo.<\/p>\n<figure class=\"\" data-testid=\"figure-testid\">\n<div class=\"aspect_ratio__container\"><picture class=\"responsive-image\"><source srcset=\"https:\/\/tn.com.ar\/resizer\/v2\/barby-silenzi-y-el-polaco-se-conocieron-en-el-bailando-foto-instagrambarbysilenzi1-CKALMJSAAJA7JLZGXSEQ6M54RM.jpg?auth=9374ff3fed76d5c58a73abad7640c309ece715e1fce4f0b55382c0a9371c8f59&amp;width=767\" type=\"image\/jpg\" media=\"(max-width: 728px)\" \/><source srcset=\"https:\/\/tn.com.ar\/resizer\/v2\/barby-silenzi-y-el-polaco-se-conocieron-en-el-bailando-foto-instagrambarbysilenzi1-CKALMJSAAJA7JLZGXSEQ6M54RM.jpg?auth=9374ff3fed76d5c58a73abad7640c309ece715e1fce4f0b55382c0a9371c8f59&amp;width=1023\" type=\"image\/jpg\" media=\"(max-width: 1023px)\" \/><source srcset=\"https:\/\/tn.com.ar\/resizer\/v2\/barby-silenzi-y-el-polaco-se-conocieron-en-el-bailando-foto-instagrambarbysilenzi1-CKALMJSAAJA7JLZGXSEQ6M54RM.jpg?auth=9374ff3fed76d5c58a73abad7640c309ece715e1fce4f0b55382c0a9371c8f59&amp;width=1440\" type=\"image\/jpg\" \/><img loading=\"lazy\" decoding=\"async\" class=\"image content-image image_placeholder\" src=\"https:\/\/tn.com.ar\/resizer\/v2\/barby-silenzi-y-el-polaco-se-conocieron-en-el-bailando-foto-instagrambarbysilenzi1-CKALMJSAAJA7JLZGXSEQ6M54RM.jpg?auth=9374ff3fed76d5c58a73abad7640c309ece715e1fce4f0b55382c0a9371c8f59&amp;width=767\" alt=\"Barby Silenzi y El Polaco se conocieron en el &quot;Bailando&quot;. (Foto: instagram\/barbysilenzi1)\" width=\"767\" height=\"430\" data-testid=\"loading-testid\" \/><\/picture><\/div><figcaption class=\"caption_image\" data-testid=\"figcaption-testid\">\n<div class=\"image_caption \">Barby Silenzi y El Polaco se conocieron en el &#8220;Bailando&#8221;. (Foto: instagram\/barbysilenzi1)<\/div>\n<\/figcaption><\/figure>\n<p class=\"paragraph font__body-regular\">La panelista sostuvo que, tras su regreso a Buenos Aires, Ezequiel se dirigi\u00f3 hacia la casa que compart\u00edan para retirar sus pertenencias. Consultada por el tema, Barby solo atin\u00f3 a decir una frase que describi\u00f3 su hartazgo:\u00a0<b>\u201cSe termin\u00f3 el amor\u201d.<\/b>\u00a0Como si fuera poco, en las \u00faltimas horas aparecieron rumores de romance entre el cantante y otra famosa. Se trata de Dalila, una colega de la movida tropical que lo sorprendi\u00f3 en pleno show.<\/p>\n<p class=\"paragraph font__body-regular\">\n<p class=\"paragraph font__body-regular\">\n<\/div>\n<p><\/main><\/div>\n<aside class=\"col-right-rail right-rail\">\n<div id=\"parent-ad-slot-caja\" class=\"ad-container caja_ad \">\n<div class=\"ad-content\">\n<div id=\"ad-slot-caja\" class=\"ad-slot-caja ad-slot\" data-adtype=\"caja\" data-google-query-id=\"CNOa46bxxI0DFbY9uQYdY0oQSw\"><\/div>\n<\/div>\n<\/div>\n<\/aside>\n","protected":false},"excerpt":{"rendered":"<p>A pocos d\u00edas de su separaci\u00f3n, el m\u00fasico qued\u00f3 en el ojo de la tormenta por una foto comprometedora con una colega. El Polaco se separ\u00f3 de Barby Silenzi\u00a0y ya fue visto con otra mujer.\u00a0Una c\u00e1mara lo retrat\u00f3 mientras se daba un beso con una colega de renombre y los rumores de romance ya invadieron [&hellip;]<\/p>\n","protected":false},"author":1,"featured_media":1064,"comment_status":"open","ping_status":"open","sticky":false,"template":"","format":"standard","meta":{"rop_custom_images_group":[],"rop_custom_messages_group":[],"rop_publish_now":"initial","rop_publish_now_accounts":[],"rop_publish_now_history":[],"rop_publish_now_status":"pending","footnotes":"","jetpack_publicize_message":"","jetpack_publicize_feature_enabled":true,"jetpack_social_post_already_shared":true,"jetpack_social_options":{"image_generator_settings":{"template":"highway","enabled":false},"version":2}},"categories":[12],"tags":[],"class_list":{"0":"post-1061","1":"post","2":"type-post","3":"status-publish","4":"format-standard","5":"has-post-thumbnail","7":"category-espectaculos"},"jetpack_publicize_connections":[],"yoast_head":"<!-- This site is optimized with the Yoast SEO plugin v27.3 - https:\/\/yoast.com\/product\/yoast-seo-wordpress\/ -->\n<title>Apareci\u00f3 una foto de El Polaco bes\u00e1ndose con una famosa de la movida tropical y crece el esc\u00e1ndalo con Silenzi - CLAN ESPECTACULOS<\/title>\n<meta name=\"robots\" content=\"index, follow, max-snippet:-1, max-image-preview:large, max-video-preview:-1\" \/>\n<link rel=\"canonical\" href=\"https:\/\/radioclanfm.com\/clanespectaculos\/aparecio-una-foto-de-el-polaco-besandose-con-una-famosa-de-la-movida-tropical-y-crece-el-escandalo-con-silenzi\/\" \/>\n<meta property=\"og:locale\" content=\"es_ES\" \/>\n<meta property=\"og:type\" content=\"article\" \/>\n<meta property=\"og:title\" content=\"Apareci\u00f3 una foto de El Polaco bes\u00e1ndose con una famosa de la movida tropical y crece el esc\u00e1ndalo con Silenzi - CLAN ESPECTACULOS\" \/>\n<meta property=\"og:description\" content=\"A pocos d\u00edas de su separaci\u00f3n, el m\u00fasico qued\u00f3 en el ojo de la tormenta por una foto comprometedora con una colega. El Polaco se separ\u00f3 de Barby Silenzi\u00a0y ya fue visto con otra mujer.\u00a0Una c\u00e1mara lo retrat\u00f3 mientras se daba un beso con una colega de renombre y los rumores de romance ya invadieron [&hellip;]\" \/>\n<meta property=\"og:url\" content=\"https:\/\/radioclanfm.com\/clanespectaculos\/aparecio-una-foto-de-el-polaco-besandose-con-una-famosa-de-la-movida-tropical-y-crece-el-escandalo-con-silenzi\/\" \/>\n<meta property=\"og:site_name\" content=\"CLAN ESPECTACULOS\" \/>\n<meta property=\"article:publisher\" content=\"https:\/\/www.facebook.com\/clanespectaculos\/\" \/>\n<meta property=\"article:published_time\" content=\"2025-05-28T00:16:26+00:00\" \/>\n<meta property=\"og:image\" content=\"https:\/\/radioclanfm.com\/clanespectaculos\/wp-content\/uploads\/sites\/2\/2025\/05\/sTgfQ1oh.jpg\" \/>\n\t<meta property=\"og:image:width\" content=\"900\" \/>\n\t<meta property=\"og:image:height\" content=\"504\" \/>\n\t<meta property=\"og:image:type\" content=\"image\/jpeg\" \/>\n<meta name=\"author\" content=\"E-GRUPOCLAN\" \/>\n<meta name=\"twitter:card\" content=\"summary_large_image\" \/>\n<meta name=\"twitter:creator\" content=\"@clanespectok\" \/>\n<meta name=\"twitter:site\" content=\"@clanespectok\" \/>\n<meta name=\"twitter:label1\" content=\"Escrito por\" \/>\n\t<meta name=\"twitter:data1\" content=\"E-GRUPOCLAN\" \/>\n\t<meta name=\"twitter:label2\" content=\"Tiempo de lectura\" \/>\n\t<meta name=\"twitter:data2\" content=\"2 minutos\" \/>\n<script type=\"application\/ld+json\" class=\"yoast-schema-graph\">{\"@context\":\"https:\\\/\\\/schema.org\",\"@graph\":[{\"@type\":\"Article\",\"@id\":\"https:\\\/\\\/radioclanfm.com\\\/clanespectaculos\\\/aparecio-una-foto-de-el-polaco-besandose-con-una-famosa-de-la-movida-tropical-y-crece-el-escandalo-con-silenzi\\\/#article\",\"isPartOf\":{\"@id\":\"https:\\\/\\\/radioclanfm.com\\\/clanespectaculos\\\/aparecio-una-foto-de-el-polaco-besandose-con-una-famosa-de-la-movida-tropical-y-crece-el-escandalo-con-silenzi\\\/\"},\"author\":{\"name\":\"E-GRUPOCLAN\",\"@id\":\"https:\\\/\\\/radioclanfm.com\\\/clanespectaculos\\\/#\\\/schema\\\/person\\\/9734813083303230f3ad84d99171b20c\"},\"headline\":\"Apareci\u00f3 una foto de El Polaco bes\u00e1ndose con una famosa de la movida tropical y crece el esc\u00e1ndalo con Silenzi\",\"datePublished\":\"2025-05-28T00:16:26+00:00\",\"mainEntityOfPage\":{\"@id\":\"https:\\\/\\\/radioclanfm.com\\\/clanespectaculos\\\/aparecio-una-foto-de-el-polaco-besandose-con-una-famosa-de-la-movida-tropical-y-crece-el-escandalo-con-silenzi\\\/\"},\"wordCount\":459,\"commentCount\":0,\"publisher\":{\"@id\":\"https:\\\/\\\/radioclanfm.com\\\/clanespectaculos\\\/#organization\"},\"image\":{\"@id\":\"https:\\\/\\\/radioclanfm.com\\\/clanespectaculos\\\/aparecio-una-foto-de-el-polaco-besandose-con-una-famosa-de-la-movida-tropical-y-crece-el-escandalo-con-silenzi\\\/#primaryimage\"},\"thumbnailUrl\":\"https:\\\/\\\/radioclanfm.com\\\/clanespectaculos\\\/wp-content\\\/uploads\\\/sites\\\/2\\\/2025\\\/05\\\/sTgfQ1oh.jpg\",\"articleSection\":[\"Espectaculos\"],\"inLanguage\":\"es-AR\",\"potentialAction\":[{\"@type\":\"CommentAction\",\"name\":\"Comment\",\"target\":[\"https:\\\/\\\/radioclanfm.com\\\/clanespectaculos\\\/aparecio-una-foto-de-el-polaco-besandose-con-una-famosa-de-la-movida-tropical-y-crece-el-escandalo-con-silenzi\\\/#respond\"]}]},{\"@type\":\"WebPage\",\"@id\":\"https:\\\/\\\/radioclanfm.com\\\/clanespectaculos\\\/aparecio-una-foto-de-el-polaco-besandose-con-una-famosa-de-la-movida-tropical-y-crece-el-escandalo-con-silenzi\\\/\",\"url\":\"https:\\\/\\\/radioclanfm.com\\\/clanespectaculos\\\/aparecio-una-foto-de-el-polaco-besandose-con-una-famosa-de-la-movida-tropical-y-crece-el-escandalo-con-silenzi\\\/\",\"name\":\"Apareci\u00f3 una foto de El Polaco bes\u00e1ndose con una famosa de la movida tropical y crece el esc\u00e1ndalo con Silenzi - CLAN ESPECTACULOS\",\"isPartOf\":{\"@id\":\"https:\\\/\\\/radioclanfm.com\\\/clanespectaculos\\\/#website\"},\"primaryImageOfPage\":{\"@id\":\"https:\\\/\\\/radioclanfm.com\\\/clanespectaculos\\\/aparecio-una-foto-de-el-polaco-besandose-con-una-famosa-de-la-movida-tropical-y-crece-el-escandalo-con-silenzi\\\/#primaryimage\"},\"image\":{\"@id\":\"https:\\\/\\\/radioclanfm.com\\\/clanespectaculos\\\/aparecio-una-foto-de-el-polaco-besandose-con-una-famosa-de-la-movida-tropical-y-crece-el-escandalo-con-silenzi\\\/#primaryimage\"},\"thumbnailUrl\":\"https:\\\/\\\/radioclanfm.com\\\/clanespectaculos\\\/wp-content\\\/uploads\\\/sites\\\/2\\\/2025\\\/05\\\/sTgfQ1oh.jpg\",\"datePublished\":\"2025-05-28T00:16:26+00:00\",\"breadcrumb\":{\"@id\":\"https:\\\/\\\/radioclanfm.com\\\/clanespectaculos\\\/aparecio-una-foto-de-el-polaco-besandose-con-una-famosa-de-la-movida-tropical-y-crece-el-escandalo-con-silenzi\\\/#breadcrumb\"},\"inLanguage\":\"es-AR\",\"potentialAction\":[{\"@type\":\"ReadAction\",\"target\":[\"https:\\\/\\\/radioclanfm.com\\\/clanespectaculos\\\/aparecio-una-foto-de-el-polaco-besandose-con-una-famosa-de-la-movida-tropical-y-crece-el-escandalo-con-silenzi\\\/\"]}]},{\"@type\":\"ImageObject\",\"inLanguage\":\"es-AR\",\"@id\":\"https:\\\/\\\/radioclanfm.com\\\/clanespectaculos\\\/aparecio-una-foto-de-el-polaco-besandose-con-una-famosa-de-la-movida-tropical-y-crece-el-escandalo-con-silenzi\\\/#primaryimage\",\"url\":\"https:\\\/\\\/radioclanfm.com\\\/clanespectaculos\\\/wp-content\\\/uploads\\\/sites\\\/2\\\/2025\\\/05\\\/sTgfQ1oh.jpg\",\"contentUrl\":\"https:\\\/\\\/radioclanfm.com\\\/clanespectaculos\\\/wp-content\\\/uploads\\\/sites\\\/2\\\/2025\\\/05\\\/sTgfQ1oh.jpg\",\"width\":900,\"height\":504},{\"@type\":\"BreadcrumbList\",\"@id\":\"https:\\\/\\\/radioclanfm.com\\\/clanespectaculos\\\/aparecio-una-foto-de-el-polaco-besandose-con-una-famosa-de-la-movida-tropical-y-crece-el-escandalo-con-silenzi\\\/#breadcrumb\",\"itemListElement\":[{\"@type\":\"ListItem\",\"position\":1,\"name\":\"Inicio\",\"item\":\"https:\\\/\\\/radioclanfm.com\\\/clanespectaculos\\\/\"},{\"@type\":\"ListItem\",\"position\":2,\"name\":\"Apareci\u00f3 una foto de El Polaco bes\u00e1ndose con una famosa de la movida tropical y crece el esc\u00e1ndalo con Silenzi\"}]},{\"@type\":\"WebSite\",\"@id\":\"https:\\\/\\\/radioclanfm.com\\\/clanespectaculos\\\/#website\",\"url\":\"https:\\\/\\\/radioclanfm.com\\\/clanespectaculos\\\/\",\"name\":\"CLAN ESPECTACULOS\",\"description\":\"\",\"publisher\":{\"@id\":\"https:\\\/\\\/radioclanfm.com\\\/clanespectaculos\\\/#organization\"},\"potentialAction\":[{\"@type\":\"SearchAction\",\"target\":{\"@type\":\"EntryPoint\",\"urlTemplate\":\"https:\\\/\\\/radioclanfm.com\\\/clanespectaculos\\\/?s={search_term_string}\"},\"query-input\":{\"@type\":\"PropertyValueSpecification\",\"valueRequired\":true,\"valueName\":\"search_term_string\"}}],\"inLanguage\":\"es-AR\"},{\"@type\":\"Organization\",\"@id\":\"https:\\\/\\\/radioclanfm.com\\\/clanespectaculos\\\/#organization\",\"name\":\"CLAN ESPECTACULOS\",\"url\":\"https:\\\/\\\/radioclanfm.com\\\/clanespectaculos\\\/\",\"logo\":{\"@type\":\"ImageObject\",\"inLanguage\":\"es-AR\",\"@id\":\"https:\\\/\\\/radioclanfm.com\\\/clanespectaculos\\\/#\\\/schema\\\/logo\\\/image\\\/\",\"url\":\"https:\\\/\\\/radioclanfm.com\\\/clanespectaculos\\\/wp-content\\\/uploads\\\/sites\\\/2\\\/2026\\\/04\\\/ChatGPT-Image-23-mar-2026-10_09_00.png\",\"contentUrl\":\"https:\\\/\\\/radioclanfm.com\\\/clanespectaculos\\\/wp-content\\\/uploads\\\/sites\\\/2\\\/2026\\\/04\\\/ChatGPT-Image-23-mar-2026-10_09_00.png\",\"width\":1024,\"height\":1024,\"caption\":\"CLAN ESPECTACULOS\"},\"image\":{\"@id\":\"https:\\\/\\\/radioclanfm.com\\\/clanespectaculos\\\/#\\\/schema\\\/logo\\\/image\\\/\"},\"sameAs\":[\"https:\\\/\\\/www.facebook.com\\\/clanespectaculos\\\/\",\"https:\\\/\\\/x.com\\\/clanespectok\"]},{\"@type\":\"Person\",\"@id\":\"https:\\\/\\\/radioclanfm.com\\\/clanespectaculos\\\/#\\\/schema\\\/person\\\/9734813083303230f3ad84d99171b20c\",\"name\":\"E-GRUPOCLAN\",\"image\":{\"@type\":\"ImageObject\",\"inLanguage\":\"es-AR\",\"@id\":\"https:\\\/\\\/secure.gravatar.com\\\/avatar\\\/af6e19837c3d6a212034a48c7b3818d2ac1826f6025df0155da5a186ad321d79?s=96&d=mm&r=g\",\"url\":\"https:\\\/\\\/secure.gravatar.com\\\/avatar\\\/af6e19837c3d6a212034a48c7b3818d2ac1826f6025df0155da5a186ad321d79?s=96&d=mm&r=g\",\"contentUrl\":\"https:\\\/\\\/secure.gravatar.com\\\/avatar\\\/af6e19837c3d6a212034a48c7b3818d2ac1826f6025df0155da5a186ad321d79?s=96&d=mm&r=g\",\"caption\":\"E-GRUPOCLAN\"},\"sameAs\":[\"https:\\\/\\\/radioclanfm.com\"],\"url\":\"https:\\\/\\\/radioclanfm.com\\\/clanespectaculos\\\/author\\\/admin\\\/\"}]}<\/script>\n<!-- \/ Yoast SEO plugin. -->","yoast_head_json":{"title":"Apareci\u00f3 una foto de El Polaco bes\u00e1ndose con una famosa de la movida tropical y crece el esc\u00e1ndalo con Silenzi - CLAN ESPECTACULOS","robots":{"index":"index","follow":"follow","max-snippet":"max-snippet:-1","max-image-preview":"max-image-preview:large","max-video-preview":"max-video-preview:-1"},"canonical":"https:\/\/radioclanfm.com\/clanespectaculos\/aparecio-una-foto-de-el-polaco-besandose-con-una-famosa-de-la-movida-tropical-y-crece-el-escandalo-con-silenzi\/","og_locale":"es_ES","og_type":"article","og_title":"Apareci\u00f3 una foto de El Polaco bes\u00e1ndose con una famosa de la movida tropical y crece el esc\u00e1ndalo con Silenzi - CLAN ESPECTACULOS","og_description":"A pocos d\u00edas de su separaci\u00f3n, el m\u00fasico qued\u00f3 en el ojo de la tormenta por una foto comprometedora con una colega. El Polaco se separ\u00f3 de Barby Silenzi\u00a0y ya fue visto con otra mujer.\u00a0Una c\u00e1mara lo retrat\u00f3 mientras se daba un beso con una colega de renombre y los rumores de romance ya invadieron [&hellip;]","og_url":"https:\/\/radioclanfm.com\/clanespectaculos\/aparecio-una-foto-de-el-polaco-besandose-con-una-famosa-de-la-movida-tropical-y-crece-el-escandalo-con-silenzi\/","og_site_name":"CLAN ESPECTACULOS","article_publisher":"https:\/\/www.facebook.com\/clanespectaculos\/","article_published_time":"2025-05-28T00:16:26+00:00","og_image":[{"width":900,"height":504,"url":"https:\/\/radioclanfm.com\/clanespectaculos\/wp-content\/uploads\/sites\/2\/2025\/05\/sTgfQ1oh.jpg","type":"image\/jpeg"}],"author":"E-GRUPOCLAN","twitter_card":"summary_large_image","twitter_creator":"@clanespectok","twitter_site":"@clanespectok","twitter_misc":{"Escrito por":"E-GRUPOCLAN","Tiempo de lectura":"2 minutos"},"schema":{"@context":"https:\/\/schema.org","@graph":[{"@type":"Article","@id":"https:\/\/radioclanfm.com\/clanespectaculos\/aparecio-una-foto-de-el-polaco-besandose-con-una-famosa-de-la-movida-tropical-y-crece-el-escandalo-con-silenzi\/#article","isPartOf":{"@id":"https:\/\/radioclanfm.com\/clanespectaculos\/aparecio-una-foto-de-el-polaco-besandose-con-una-famosa-de-la-movida-tropical-y-crece-el-escandalo-con-silenzi\/"},"author":{"name":"E-GRUPOCLAN","@id":"https:\/\/radioclanfm.com\/clanespectaculos\/#\/schema\/person\/9734813083303230f3ad84d99171b20c"},"headline":"Apareci\u00f3 una foto de El Polaco bes\u00e1ndose con una famosa de la movida tropical y crece el esc\u00e1ndalo con Silenzi","datePublished":"2025-05-28T00:16:26+00:00","mainEntityOfPage":{"@id":"https:\/\/radioclanfm.com\/clanespectaculos\/aparecio-una-foto-de-el-polaco-besandose-con-una-famosa-de-la-movida-tropical-y-crece-el-escandalo-con-silenzi\/"},"wordCount":459,"commentCount":0,"publisher":{"@id":"https:\/\/radioclanfm.com\/clanespectaculos\/#organization"},"image":{"@id":"https:\/\/radioclanfm.com\/clanespectaculos\/aparecio-una-foto-de-el-polaco-besandose-con-una-famosa-de-la-movida-tropical-y-crece-el-escandalo-con-silenzi\/#primaryimage"},"thumbnailUrl":"https:\/\/radioclanfm.com\/clanespectaculos\/wp-content\/uploads\/sites\/2\/2025\/05\/sTgfQ1oh.jpg","articleSection":["Espectaculos"],"inLanguage":"es-AR","potentialAction":[{"@type":"CommentAction","name":"Comment","target":["https:\/\/radioclanfm.com\/clanespectaculos\/aparecio-una-foto-de-el-polaco-besandose-con-una-famosa-de-la-movida-tropical-y-crece-el-escandalo-con-silenzi\/#respond"]}]},{"@type":"WebPage","@id":"https:\/\/radioclanfm.com\/clanespectaculos\/aparecio-una-foto-de-el-polaco-besandose-con-una-famosa-de-la-movida-tropical-y-crece-el-escandalo-con-silenzi\/","url":"https:\/\/radioclanfm.com\/clanespectaculos\/aparecio-una-foto-de-el-polaco-besandose-con-una-famosa-de-la-movida-tropical-y-crece-el-escandalo-con-silenzi\/","name":"Apareci\u00f3 una foto de El Polaco bes\u00e1ndose con una famosa de la movida tropical y crece el esc\u00e1ndalo con Silenzi - CLAN ESPECTACULOS","isPartOf":{"@id":"https:\/\/radioclanfm.com\/clanespectaculos\/#website"},"primaryImageOfPage":{"@id":"https:\/\/radioclanfm.com\/clanespectaculos\/aparecio-una-foto-de-el-polaco-besandose-con-una-famosa-de-la-movida-tropical-y-crece-el-escandalo-con-silenzi\/#primaryimage"},"image":{"@id":"https:\/\/radioclanfm.com\/clanespectaculos\/aparecio-una-foto-de-el-polaco-besandose-con-una-famosa-de-la-movida-tropical-y-crece-el-escandalo-con-silenzi\/#primaryimage"},"thumbnailUrl":"https:\/\/radioclanfm.com\/clanespectaculos\/wp-content\/uploads\/sites\/2\/2025\/05\/sTgfQ1oh.jpg","datePublished":"2025-05-28T00:16:26+00:00","breadcrumb":{"@id":"https:\/\/radioclanfm.com\/clanespectaculos\/aparecio-una-foto-de-el-polaco-besandose-con-una-famosa-de-la-movida-tropical-y-crece-el-escandalo-con-silenzi\/#breadcrumb"},"inLanguage":"es-AR","potentialAction":[{"@type":"ReadAction","target":["https:\/\/radioclanfm.com\/clanespectaculos\/aparecio-una-foto-de-el-polaco-besandose-con-una-famosa-de-la-movida-tropical-y-crece-el-escandalo-con-silenzi\/"]}]},{"@type":"ImageObject","inLanguage":"es-AR","@id":"https:\/\/radioclanfm.com\/clanespectaculos\/aparecio-una-foto-de-el-polaco-besandose-con-una-famosa-de-la-movida-tropical-y-crece-el-escandalo-con-silenzi\/#primaryimage","url":"https:\/\/radioclanfm.com\/clanespectaculos\/wp-content\/uploads\/sites\/2\/2025\/05\/sTgfQ1oh.jpg","contentUrl":"https:\/\/radioclanfm.com\/clanespectaculos\/wp-content\/uploads\/sites\/2\/2025\/05\/sTgfQ1oh.jpg","width":900,"height":504},{"@type":"BreadcrumbList","@id":"https:\/\/radioclanfm.com\/clanespectaculos\/aparecio-una-foto-de-el-polaco-besandose-con-una-famosa-de-la-movida-tropical-y-crece-el-escandalo-con-silenzi\/#breadcrumb","itemListElement":[{"@type":"ListItem","position":1,"name":"Inicio","item":"https:\/\/radioclanfm.com\/clanespectaculos\/"},{"@type":"ListItem","position":2,"name":"Apareci\u00f3 una foto de El Polaco bes\u00e1ndose con una famosa de la movida tropical y crece el esc\u00e1ndalo con Silenzi"}]},{"@type":"WebSite","@id":"https:\/\/radioclanfm.com\/clanespectaculos\/#website","url":"https:\/\/radioclanfm.com\/clanespectaculos\/","name":"CLAN ESPECTACULOS","description":"","publisher":{"@id":"https:\/\/radioclanfm.com\/clanespectaculos\/#organization"},"potentialAction":[{"@type":"SearchAction","target":{"@type":"EntryPoint","urlTemplate":"https:\/\/radioclanfm.com\/clanespectaculos\/?s={search_term_string}"},"query-input":{"@type":"PropertyValueSpecification","valueRequired":true,"valueName":"search_term_string"}}],"inLanguage":"es-AR"},{"@type":"Organization","@id":"https:\/\/radioclanfm.com\/clanespectaculos\/#organization","name":"CLAN ESPECTACULOS","url":"https:\/\/radioclanfm.com\/clanespectaculos\/","logo":{"@type":"ImageObject","inLanguage":"es-AR","@id":"https:\/\/radioclanfm.com\/clanespectaculos\/#\/schema\/logo\/image\/","url":"https:\/\/radioclanfm.com\/clanespectaculos\/wp-content\/uploads\/sites\/2\/2026\/04\/ChatGPT-Image-23-mar-2026-10_09_00.png","contentUrl":"https:\/\/radioclanfm.com\/clanespectaculos\/wp-content\/uploads\/sites\/2\/2026\/04\/ChatGPT-Image-23-mar-2026-10_09_00.png","width":1024,"height":1024,"caption":"CLAN ESPECTACULOS"},"image":{"@id":"https:\/\/radioclanfm.com\/clanespectaculos\/#\/schema\/logo\/image\/"},"sameAs":["https:\/\/www.facebook.com\/clanespectaculos\/","https:\/\/x.com\/clanespectok"]},{"@type":"Person","@id":"https:\/\/radioclanfm.com\/clanespectaculos\/#\/schema\/person\/9734813083303230f3ad84d99171b20c","name":"E-GRUPOCLAN","image":{"@type":"ImageObject","inLanguage":"es-AR","@id":"https:\/\/secure.gravatar.com\/avatar\/af6e19837c3d6a212034a48c7b3818d2ac1826f6025df0155da5a186ad321d79?s=96&d=mm&r=g","url":"https:\/\/secure.gravatar.com\/avatar\/af6e19837c3d6a212034a48c7b3818d2ac1826f6025df0155da5a186ad321d79?s=96&d=mm&r=g","contentUrl":"https:\/\/secure.gravatar.com\/avatar\/af6e19837c3d6a212034a48c7b3818d2ac1826f6025df0155da5a186ad321d79?s=96&d=mm&r=g","caption":"E-GRUPOCLAN"},"sameAs":["https:\/\/radioclanfm.com"],"url":"https:\/\/radioclanfm.com\/clanespectaculos\/author\/admin\/"}]}},"_links":{"self":[{"href":"https:\/\/radioclanfm.com\/clanespectaculos\/wp-json\/wp\/v2\/posts\/1061","targetHints":{"allow":["GET"]}}],"collection":[{"href":"https:\/\/radioclanfm.com\/clanespectaculos\/wp-json\/wp\/v2\/posts"}],"about":[{"href":"https:\/\/radioclanfm.com\/clanespectaculos\/wp-json\/wp\/v2\/types\/post"}],"author":[{"embeddable":true,"href":"https:\/\/radioclanfm.com\/clanespectaculos\/wp-json\/wp\/v2\/users\/1"}],"replies":[{"embeddable":true,"href":"https:\/\/radioclanfm.com\/clanespectaculos\/wp-json\/wp\/v2\/comments?post=1061"}],"version-history":[{"count":1,"href":"https:\/\/radioclanfm.com\/clanespectaculos\/wp-json\/wp\/v2\/posts\/1061\/revisions"}],"predecessor-version":[{"id":1065,"href":"https:\/\/radioclanfm.com\/clanespectaculos\/wp-json\/wp\/v2\/posts\/1061\/revisions\/1065"}],"wp:featuredmedia":[{"embeddable":true,"href":"https:\/\/radioclanfm.com\/clanespectaculos\/wp-json\/wp\/v2\/media\/1064"}],"wp:attachment":[{"href":"https:\/\/radioclanfm.com\/clanespectaculos\/wp-json\/wp\/v2\/media?parent=1061"}],"wp:term":[{"taxonomy":"category","embeddable":true,"href":"https:\/\/radioclanfm.com\/clanespectaculos\/wp-json\/wp\/v2\/categories?post=1061"},{"taxonomy":"post_tag","embeddable":true,"href":"https:\/\/radioclanfm.com\/clanespectaculos\/wp-json\/wp\/v2\/tags?post=1061"}],"curies":[{"name":"wp","href":"https:\/\/api.w.org\/{rel}","templated":true}]}}