{"id":10188,"date":"2025-12-18T20:55:55","date_gmt":"2025-12-18T23:55:55","guid":{"rendered":"https:\/\/radioclanfm.com\/clanespectaculos\/?p=10188"},"modified":"2025-12-18T20:55:55","modified_gmt":"2025-12-18T23:55:55","slug":"carla-junqueira-tiro-una-bomba-explosiva-sobre-ana-rosenfeld-esta-a-punto-de-perder-su-matricula-para-siempre","status":"publish","type":"post","link":"https:\/\/radioclanfm.com\/clanespectaculos\/carla-junqueira-tiro-una-bomba-explosiva-sobre-ana-rosenfeld-esta-a-punto-de-perder-su-matricula-para-siempre\/","title":{"rendered":"Carla Junqueira tir\u00f3 una bomba explosiva sobre Ana Rosenfeld: &#8220;Est\u00e1 a punto de perder su matr\u00edcula para siempre&#8221;"},"content":{"rendered":"<p>El conflicto de las abogadas vive su punto m\u00e1ximo. Carla Junqueira denunci\u00f3 a Ana Rosenfeld por el robo de propiedad intelectual e &#8220;inducirla a error&#8221; en la causa de Wanda Nara contra Mauro Icardi. Los detalles que brind\u00f3 en A La Tarde.<\/p>\n<p><strong>Carla Junqueira<\/strong>\u00a0y<strong>\u00a0Ana Rosenfeld<\/strong>\u00a0siguen un fuerte enfrentamiento en la Justicia con una historia que viene desde que la primera asesor\u00f3 a su colega en la causa de Wanda Nara vs. Mauro Icardi. Aleg\u00f3 que no le pagaron y le robaron propiedad intelectual. Hubo una denuncia formal y ahora afirma que la letrada &#8220;est\u00e1 a punto de perder su matr\u00edcula&#8221;.<\/p>\n<p>Directa y con pruebas, Carla Junqueira le respondi\u00f3 a Ana Rosenfeld desde &#8220;DDM&#8221;, programa donde es panelista luego de escuchar las palabras de su colega en &#8220;La Ma\u00f1ana de Moria&#8221;.<\/p>\n<div class=\"content-banner\"><\/div>\n<div class=\"image-align-center\">\n<figure class=\"image\"><img decoding=\"async\" class=\"i-amphtml-fill-content i-amphtml-replaced-content\" src=\"https:\/\/www.pronto.com.ar\/u\/fotografias\/m\/2025\/8\/4\/f768x1-201906_202033_5050.png\" alt=\"\" \/><figcaption>Ana Rosenfeld y Carla Junqueira<\/figcaption><\/figure>\n<\/div>\n<p>La ex abogada de Wanda Nara dijo: &#8220;Que saque la matr\u00edcula para ejercer en la Argentina porque su trabajo es ilegal, no puede firmar en la Rep\u00fablica Argentina. Ella puede ser abogada en su pa\u00eds y no ac\ufffd\ufffd&#8221;.<\/p>\n<div class=\"content-banner\"><\/div>\n<p>Junqueira respondi\u00f3 desde DDM. &#8220;Yo tengo matr\u00edcula en Brasil y por eso puedo ejercer ac\u00e1 como abogada brasileira por el tratado del Mercosur del 2010, la se\u00f1ora lo desconoce porque\u00a0<strong>es una abogada de cabotaje. Por eso intent\u00f3 hacer una denuncia en el Colegio de Abogados que fui sobrese\u00edda&#8221;<\/strong>, comenz\u00f3 desmintiendo a Rosenfeld.<\/p>\n<div class=\"container\">\n<section class=\"noticias_relacionadas_2 en-cuerpo\">\n<header><\/header>\n<ul class=\"listado_relacionadas\">\n<li>\n<div class=\"txt\">\n<h4 class=\"title\">Contundente palabra de la abogada Carla Junqueira que denuncia a Wanda Nara y Ana Rosenfeld: &#8220;Di una asesor\u00eda internacional y no me pagaron&#8221;<\/h4>\n<\/div>\n<\/li>\n<\/ul>\n<\/section>\n<\/div>\n<p>&#8220;Hago derecho internacional. Siempre me present\u00e9 como abogada en derecho internacional y no necesito matr\u00edcula ni ac\u00e1 ni en ning\u00fan lado del mundo&#8221;, agreg\u00f3.<\/p>\n<p>Fue entonces cuando Mart\u00edn Candalaft sum\u00f3 un fuerte dato sobre Rosenfeld: &#8220;A Ana se la suspendieron la matr\u00edcula. Son datos f\u00e1cticos. A Ana Rosenfeld le suspendieron la matr\u00edcula y ella no se dedic\u00f3 a hacer carpinter\u00eda, sigui\u00f3 trabajando como abogada nada m\u00e1s que le firma otra persona&#8221;.<\/p>\n<p>&#8220;Ella defend\u00eda a Juan Darth\u00e9s y desestimaba las violencias precursoras que lider\u00f3 Calu Rivero en ese momento. Impuls\u00f3 que Darth\u00e9s le iniciara una causa de da\u00f1os y perjuicios a la v\u00edctima que era Calu Rivero&#8230; Hay que tener memoria&#8221;, sum\u00f3 Franco Torchia reflexionando y recordando ese caso. &#8220;Hasta que lleg\u00f3 la denuncia de Thelma Fardin, dej\u00f3 de ser abogada de Darth\u00e9s, dio una entrevista y a ra\u00edz de eso le suspenden la matr\u00edcula&#8221;, agreg\u00f3 Candalaft.<\/p>\n<blockquote><p>&#8220;A ella le suspendieron la matr\u00edcula cuando fui al Colegio de Abogados y me contaron que le suspendieron la matr\u00edcula. Yo hice una denuncia contra ella que est\u00e1 muy avanzada en el tribunal de \u00c9tica de Abogados de la capital porque ella s\u00ed est\u00e1 a punto de perder su matr\u00edcula para siempre&#8221;, tir\u00f3 Junqueira de manera explosiva.<\/p><\/blockquote>\n<p>&#8220;La causa de la denuncia es de haberme inducido a error, hacerme creer que Wanda (Nara) me iba a pagar honorarios, me induj\u00f3 a error, me hizo trabajar gratis, me rob\u00f3 propiedad intelectual&#8221;, agreg\u00f3 contundente Carla Junqueira en DDM.<\/p>\n<div class=\"image-align-center\">\n<figure class=\"image\"><img decoding=\"async\" class=\"i-amphtml-fill-content i-amphtml-replaced-content\" src=\"https:\/\/www.pronto.com.ar\/u\/fotografias\/m\/2025\/9\/4\/f768x1-206113_206240_5050.jpg\" alt=\"\" \/><figcaption>Carla Junqueira asesor\u00f3 a Wanda Nara en la causa contra Mauro Icardi<\/figcaption><\/figure>\n<\/div>\n<p>&#8220;Hay pruebas&#8221;, dijo Junqueira sobre su conflicto con Rosenfeld que lleg\u00f3 a la Justicia.<\/p>\n<div class=\"widget-twitter\">\n<div class=\"widget widget-twitter\"><\/div>\n<\/div>\n<p>&nbsp;<\/p>\n","protected":false},"excerpt":{"rendered":"<p>El conflicto de las abogadas vive su punto m\u00e1ximo. Carla Junqueira denunci\u00f3 a Ana Rosenfeld por el robo de propiedad intelectual e &#8220;inducirla a error&#8221; en la causa de Wanda Nara contra Mauro Icardi. Los detalles que brind\u00f3 en A La Tarde. Carla Junqueira\u00a0y\u00a0Ana Rosenfeld\u00a0siguen un fuerte enfrentamiento en la Justicia con una historia que [&hellip;]<\/p>\n","protected":false},"author":1,"featured_media":10191,"comment_status":"open","ping_status":"open","sticky":false,"template":"","format":"standard","meta":{"rop_custom_images_group":[],"rop_custom_messages_group":[],"rop_publish_now":"initial","rop_publish_now_accounts":[],"rop_publish_now_history":[],"rop_publish_now_status":"pending","footnotes":"","jetpack_publicize_message":"","jetpack_publicize_feature_enabled":true,"jetpack_social_post_already_shared":true,"jetpack_social_options":{"image_generator_settings":{"template":"highway","enabled":false},"version":2}},"categories":[12],"tags":[],"class_list":{"0":"post-10188","1":"post","2":"type-post","3":"status-publish","4":"format-standard","5":"has-post-thumbnail","7":"category-espectaculos"},"jetpack_publicize_connections":[],"yoast_head":"<!-- This site is optimized with the Yoast SEO plugin v27.3 - https:\/\/yoast.com\/product\/yoast-seo-wordpress\/ -->\n<title>Carla Junqueira tir\u00f3 una bomba explosiva sobre Ana Rosenfeld: &quot;Est\u00e1 a punto de perder su matr\u00edcula para siempre&quot; - CLAN ESPECTACULOS<\/title>\n<meta name=\"robots\" content=\"index, follow, max-snippet:-1, max-image-preview:large, max-video-preview:-1\" \/>\n<link rel=\"canonical\" href=\"https:\/\/radioclanfm.com\/clanespectaculos\/carla-junqueira-tiro-una-bomba-explosiva-sobre-ana-rosenfeld-esta-a-punto-de-perder-su-matricula-para-siempre\/\" \/>\n<meta property=\"og:locale\" content=\"es_ES\" \/>\n<meta property=\"og:type\" content=\"article\" \/>\n<meta property=\"og:title\" content=\"Carla Junqueira tir\u00f3 una bomba explosiva sobre Ana Rosenfeld: &quot;Est\u00e1 a punto de perder su matr\u00edcula para siempre&quot; - CLAN ESPECTACULOS\" \/>\n<meta property=\"og:description\" content=\"El conflicto de las abogadas vive su punto m\u00e1ximo. Carla Junqueira denunci\u00f3 a Ana Rosenfeld por el robo de propiedad intelectual e &#8220;inducirla a error&#8221; en la causa de Wanda Nara contra Mauro Icardi. Los detalles que brind\u00f3 en A La Tarde. Carla Junqueira\u00a0y\u00a0Ana Rosenfeld\u00a0siguen un fuerte enfrentamiento en la Justicia con una historia que [&hellip;]\" \/>\n<meta property=\"og:url\" content=\"https:\/\/radioclanfm.com\/clanespectaculos\/carla-junqueira-tiro-una-bomba-explosiva-sobre-ana-rosenfeld-esta-a-punto-de-perder-su-matricula-para-siempre\/\" \/>\n<meta property=\"og:site_name\" content=\"CLAN ESPECTACULOS\" \/>\n<meta property=\"article:publisher\" content=\"https:\/\/www.facebook.com\/clanespectaculos\/\" \/>\n<meta property=\"article:published_time\" content=\"2025-12-18T23:55:55+00:00\" \/>\n<meta property=\"og:image\" content=\"https:\/\/radioclanfm.com\/clanespectaculos\/wp-content\/uploads\/sites\/2\/2025\/12\/zws2v1fE.jpg\" \/>\n\t<meta property=\"og:image:width\" content=\"900\" \/>\n\t<meta property=\"og:image:height\" content=\"506\" \/>\n\t<meta property=\"og:image:type\" content=\"image\/jpeg\" \/>\n<meta name=\"author\" content=\"E-GRUPOCLAN\" \/>\n<meta name=\"twitter:card\" content=\"summary_large_image\" \/>\n<meta name=\"twitter:creator\" content=\"@clanespectok\" \/>\n<meta name=\"twitter:site\" content=\"@clanespectok\" \/>\n<meta name=\"twitter:label1\" content=\"Escrito por\" \/>\n\t<meta name=\"twitter:data1\" content=\"E-GRUPOCLAN\" \/>\n\t<meta name=\"twitter:label2\" content=\"Tiempo de lectura\" \/>\n\t<meta name=\"twitter:data2\" content=\"3 minutos\" \/>\n<script type=\"application\/ld+json\" class=\"yoast-schema-graph\">{\"@context\":\"https:\\\/\\\/schema.org\",\"@graph\":[{\"@type\":\"Article\",\"@id\":\"https:\\\/\\\/radioclanfm.com\\\/clanespectaculos\\\/carla-junqueira-tiro-una-bomba-explosiva-sobre-ana-rosenfeld-esta-a-punto-de-perder-su-matricula-para-siempre\\\/#article\",\"isPartOf\":{\"@id\":\"https:\\\/\\\/radioclanfm.com\\\/clanespectaculos\\\/carla-junqueira-tiro-una-bomba-explosiva-sobre-ana-rosenfeld-esta-a-punto-de-perder-su-matricula-para-siempre\\\/\"},\"author\":{\"name\":\"E-GRUPOCLAN\",\"@id\":\"https:\\\/\\\/radioclanfm.com\\\/clanespectaculos\\\/#\\\/schema\\\/person\\\/9734813083303230f3ad84d99171b20c\"},\"headline\":\"Carla Junqueira tir\u00f3 una bomba explosiva sobre Ana Rosenfeld: &#8220;Est\u00e1 a punto de perder su matr\u00edcula para siempre&#8221;\",\"datePublished\":\"2025-12-18T23:55:55+00:00\",\"mainEntityOfPage\":{\"@id\":\"https:\\\/\\\/radioclanfm.com\\\/clanespectaculos\\\/carla-junqueira-tiro-una-bomba-explosiva-sobre-ana-rosenfeld-esta-a-punto-de-perder-su-matricula-para-siempre\\\/\"},\"wordCount\":568,\"commentCount\":0,\"publisher\":{\"@id\":\"https:\\\/\\\/radioclanfm.com\\\/clanespectaculos\\\/#organization\"},\"image\":{\"@id\":\"https:\\\/\\\/radioclanfm.com\\\/clanespectaculos\\\/carla-junqueira-tiro-una-bomba-explosiva-sobre-ana-rosenfeld-esta-a-punto-de-perder-su-matricula-para-siempre\\\/#primaryimage\"},\"thumbnailUrl\":\"https:\\\/\\\/radioclanfm.com\\\/clanespectaculos\\\/wp-content\\\/uploads\\\/sites\\\/2\\\/2025\\\/12\\\/zws2v1fE.jpg\",\"articleSection\":[\"Espectaculos\"],\"inLanguage\":\"es-AR\",\"potentialAction\":[{\"@type\":\"CommentAction\",\"name\":\"Comment\",\"target\":[\"https:\\\/\\\/radioclanfm.com\\\/clanespectaculos\\\/carla-junqueira-tiro-una-bomba-explosiva-sobre-ana-rosenfeld-esta-a-punto-de-perder-su-matricula-para-siempre\\\/#respond\"]}]},{\"@type\":\"WebPage\",\"@id\":\"https:\\\/\\\/radioclanfm.com\\\/clanespectaculos\\\/carla-junqueira-tiro-una-bomba-explosiva-sobre-ana-rosenfeld-esta-a-punto-de-perder-su-matricula-para-siempre\\\/\",\"url\":\"https:\\\/\\\/radioclanfm.com\\\/clanespectaculos\\\/carla-junqueira-tiro-una-bomba-explosiva-sobre-ana-rosenfeld-esta-a-punto-de-perder-su-matricula-para-siempre\\\/\",\"name\":\"Carla Junqueira tir\u00f3 una bomba explosiva sobre Ana Rosenfeld: \\\"Est\u00e1 a punto de perder su matr\u00edcula para siempre\\\" - CLAN ESPECTACULOS\",\"isPartOf\":{\"@id\":\"https:\\\/\\\/radioclanfm.com\\\/clanespectaculos\\\/#website\"},\"primaryImageOfPage\":{\"@id\":\"https:\\\/\\\/radioclanfm.com\\\/clanespectaculos\\\/carla-junqueira-tiro-una-bomba-explosiva-sobre-ana-rosenfeld-esta-a-punto-de-perder-su-matricula-para-siempre\\\/#primaryimage\"},\"image\":{\"@id\":\"https:\\\/\\\/radioclanfm.com\\\/clanespectaculos\\\/carla-junqueira-tiro-una-bomba-explosiva-sobre-ana-rosenfeld-esta-a-punto-de-perder-su-matricula-para-siempre\\\/#primaryimage\"},\"thumbnailUrl\":\"https:\\\/\\\/radioclanfm.com\\\/clanespectaculos\\\/wp-content\\\/uploads\\\/sites\\\/2\\\/2025\\\/12\\\/zws2v1fE.jpg\",\"datePublished\":\"2025-12-18T23:55:55+00:00\",\"breadcrumb\":{\"@id\":\"https:\\\/\\\/radioclanfm.com\\\/clanespectaculos\\\/carla-junqueira-tiro-una-bomba-explosiva-sobre-ana-rosenfeld-esta-a-punto-de-perder-su-matricula-para-siempre\\\/#breadcrumb\"},\"inLanguage\":\"es-AR\",\"potentialAction\":[{\"@type\":\"ReadAction\",\"target\":[\"https:\\\/\\\/radioclanfm.com\\\/clanespectaculos\\\/carla-junqueira-tiro-una-bomba-explosiva-sobre-ana-rosenfeld-esta-a-punto-de-perder-su-matricula-para-siempre\\\/\"]}]},{\"@type\":\"ImageObject\",\"inLanguage\":\"es-AR\",\"@id\":\"https:\\\/\\\/radioclanfm.com\\\/clanespectaculos\\\/carla-junqueira-tiro-una-bomba-explosiva-sobre-ana-rosenfeld-esta-a-punto-de-perder-su-matricula-para-siempre\\\/#primaryimage\",\"url\":\"https:\\\/\\\/radioclanfm.com\\\/clanespectaculos\\\/wp-content\\\/uploads\\\/sites\\\/2\\\/2025\\\/12\\\/zws2v1fE.jpg\",\"contentUrl\":\"https:\\\/\\\/radioclanfm.com\\\/clanespectaculos\\\/wp-content\\\/uploads\\\/sites\\\/2\\\/2025\\\/12\\\/zws2v1fE.jpg\",\"width\":900,\"height\":506},{\"@type\":\"BreadcrumbList\",\"@id\":\"https:\\\/\\\/radioclanfm.com\\\/clanespectaculos\\\/carla-junqueira-tiro-una-bomba-explosiva-sobre-ana-rosenfeld-esta-a-punto-de-perder-su-matricula-para-siempre\\\/#breadcrumb\",\"itemListElement\":[{\"@type\":\"ListItem\",\"position\":1,\"name\":\"Inicio\",\"item\":\"https:\\\/\\\/radioclanfm.com\\\/clanespectaculos\\\/\"},{\"@type\":\"ListItem\",\"position\":2,\"name\":\"Carla Junqueira tir\u00f3 una bomba explosiva sobre Ana Rosenfeld: &#8220;Est\u00e1 a punto de perder su matr\u00edcula para siempre&#8221;\"}]},{\"@type\":\"WebSite\",\"@id\":\"https:\\\/\\\/radioclanfm.com\\\/clanespectaculos\\\/#website\",\"url\":\"https:\\\/\\\/radioclanfm.com\\\/clanespectaculos\\\/\",\"name\":\"CLAN ESPECTACULOS\",\"description\":\"\",\"publisher\":{\"@id\":\"https:\\\/\\\/radioclanfm.com\\\/clanespectaculos\\\/#organization\"},\"potentialAction\":[{\"@type\":\"SearchAction\",\"target\":{\"@type\":\"EntryPoint\",\"urlTemplate\":\"https:\\\/\\\/radioclanfm.com\\\/clanespectaculos\\\/?s={search_term_string}\"},\"query-input\":{\"@type\":\"PropertyValueSpecification\",\"valueRequired\":true,\"valueName\":\"search_term_string\"}}],\"inLanguage\":\"es-AR\"},{\"@type\":\"Organization\",\"@id\":\"https:\\\/\\\/radioclanfm.com\\\/clanespectaculos\\\/#organization\",\"name\":\"CLAN ESPECTACULOS\",\"url\":\"https:\\\/\\\/radioclanfm.com\\\/clanespectaculos\\\/\",\"logo\":{\"@type\":\"ImageObject\",\"inLanguage\":\"es-AR\",\"@id\":\"https:\\\/\\\/radioclanfm.com\\\/clanespectaculos\\\/#\\\/schema\\\/logo\\\/image\\\/\",\"url\":\"https:\\\/\\\/radioclanfm.com\\\/clanespectaculos\\\/wp-content\\\/uploads\\\/sites\\\/2\\\/2026\\\/04\\\/ChatGPT-Image-23-mar-2026-10_09_00.png\",\"contentUrl\":\"https:\\\/\\\/radioclanfm.com\\\/clanespectaculos\\\/wp-content\\\/uploads\\\/sites\\\/2\\\/2026\\\/04\\\/ChatGPT-Image-23-mar-2026-10_09_00.png\",\"width\":1024,\"height\":1024,\"caption\":\"CLAN ESPECTACULOS\"},\"image\":{\"@id\":\"https:\\\/\\\/radioclanfm.com\\\/clanespectaculos\\\/#\\\/schema\\\/logo\\\/image\\\/\"},\"sameAs\":[\"https:\\\/\\\/www.facebook.com\\\/clanespectaculos\\\/\",\"https:\\\/\\\/x.com\\\/clanespectok\"]},{\"@type\":\"Person\",\"@id\":\"https:\\\/\\\/radioclanfm.com\\\/clanespectaculos\\\/#\\\/schema\\\/person\\\/9734813083303230f3ad84d99171b20c\",\"name\":\"E-GRUPOCLAN\",\"image\":{\"@type\":\"ImageObject\",\"inLanguage\":\"es-AR\",\"@id\":\"https:\\\/\\\/secure.gravatar.com\\\/avatar\\\/af6e19837c3d6a212034a48c7b3818d2ac1826f6025df0155da5a186ad321d79?s=96&d=mm&r=g\",\"url\":\"https:\\\/\\\/secure.gravatar.com\\\/avatar\\\/af6e19837c3d6a212034a48c7b3818d2ac1826f6025df0155da5a186ad321d79?s=96&d=mm&r=g\",\"contentUrl\":\"https:\\\/\\\/secure.gravatar.com\\\/avatar\\\/af6e19837c3d6a212034a48c7b3818d2ac1826f6025df0155da5a186ad321d79?s=96&d=mm&r=g\",\"caption\":\"E-GRUPOCLAN\"},\"sameAs\":[\"https:\\\/\\\/radioclanfm.com\"],\"url\":\"https:\\\/\\\/radioclanfm.com\\\/clanespectaculos\\\/author\\\/admin\\\/\"}]}<\/script>\n<!-- \/ Yoast SEO plugin. -->","yoast_head_json":{"title":"Carla Junqueira tir\u00f3 una bomba explosiva sobre Ana Rosenfeld: \"Est\u00e1 a punto de perder su matr\u00edcula para siempre\" - CLAN ESPECTACULOS","robots":{"index":"index","follow":"follow","max-snippet":"max-snippet:-1","max-image-preview":"max-image-preview:large","max-video-preview":"max-video-preview:-1"},"canonical":"https:\/\/radioclanfm.com\/clanespectaculos\/carla-junqueira-tiro-una-bomba-explosiva-sobre-ana-rosenfeld-esta-a-punto-de-perder-su-matricula-para-siempre\/","og_locale":"es_ES","og_type":"article","og_title":"Carla Junqueira tir\u00f3 una bomba explosiva sobre Ana Rosenfeld: \"Est\u00e1 a punto de perder su matr\u00edcula para siempre\" - CLAN ESPECTACULOS","og_description":"El conflicto de las abogadas vive su punto m\u00e1ximo. Carla Junqueira denunci\u00f3 a Ana Rosenfeld por el robo de propiedad intelectual e &#8220;inducirla a error&#8221; en la causa de Wanda Nara contra Mauro Icardi. Los detalles que brind\u00f3 en A La Tarde. Carla Junqueira\u00a0y\u00a0Ana Rosenfeld\u00a0siguen un fuerte enfrentamiento en la Justicia con una historia que [&hellip;]","og_url":"https:\/\/radioclanfm.com\/clanespectaculos\/carla-junqueira-tiro-una-bomba-explosiva-sobre-ana-rosenfeld-esta-a-punto-de-perder-su-matricula-para-siempre\/","og_site_name":"CLAN ESPECTACULOS","article_publisher":"https:\/\/www.facebook.com\/clanespectaculos\/","article_published_time":"2025-12-18T23:55:55+00:00","og_image":[{"width":900,"height":506,"url":"https:\/\/radioclanfm.com\/clanespectaculos\/wp-content\/uploads\/sites\/2\/2025\/12\/zws2v1fE.jpg","type":"image\/jpeg"}],"author":"E-GRUPOCLAN","twitter_card":"summary_large_image","twitter_creator":"@clanespectok","twitter_site":"@clanespectok","twitter_misc":{"Escrito por":"E-GRUPOCLAN","Tiempo de lectura":"3 minutos"},"schema":{"@context":"https:\/\/schema.org","@graph":[{"@type":"Article","@id":"https:\/\/radioclanfm.com\/clanespectaculos\/carla-junqueira-tiro-una-bomba-explosiva-sobre-ana-rosenfeld-esta-a-punto-de-perder-su-matricula-para-siempre\/#article","isPartOf":{"@id":"https:\/\/radioclanfm.com\/clanespectaculos\/carla-junqueira-tiro-una-bomba-explosiva-sobre-ana-rosenfeld-esta-a-punto-de-perder-su-matricula-para-siempre\/"},"author":{"name":"E-GRUPOCLAN","@id":"https:\/\/radioclanfm.com\/clanespectaculos\/#\/schema\/person\/9734813083303230f3ad84d99171b20c"},"headline":"Carla Junqueira tir\u00f3 una bomba explosiva sobre Ana Rosenfeld: &#8220;Est\u00e1 a punto de perder su matr\u00edcula para siempre&#8221;","datePublished":"2025-12-18T23:55:55+00:00","mainEntityOfPage":{"@id":"https:\/\/radioclanfm.com\/clanespectaculos\/carla-junqueira-tiro-una-bomba-explosiva-sobre-ana-rosenfeld-esta-a-punto-de-perder-su-matricula-para-siempre\/"},"wordCount":568,"commentCount":0,"publisher":{"@id":"https:\/\/radioclanfm.com\/clanespectaculos\/#organization"},"image":{"@id":"https:\/\/radioclanfm.com\/clanespectaculos\/carla-junqueira-tiro-una-bomba-explosiva-sobre-ana-rosenfeld-esta-a-punto-de-perder-su-matricula-para-siempre\/#primaryimage"},"thumbnailUrl":"https:\/\/radioclanfm.com\/clanespectaculos\/wp-content\/uploads\/sites\/2\/2025\/12\/zws2v1fE.jpg","articleSection":["Espectaculos"],"inLanguage":"es-AR","potentialAction":[{"@type":"CommentAction","name":"Comment","target":["https:\/\/radioclanfm.com\/clanespectaculos\/carla-junqueira-tiro-una-bomba-explosiva-sobre-ana-rosenfeld-esta-a-punto-de-perder-su-matricula-para-siempre\/#respond"]}]},{"@type":"WebPage","@id":"https:\/\/radioclanfm.com\/clanespectaculos\/carla-junqueira-tiro-una-bomba-explosiva-sobre-ana-rosenfeld-esta-a-punto-de-perder-su-matricula-para-siempre\/","url":"https:\/\/radioclanfm.com\/clanespectaculos\/carla-junqueira-tiro-una-bomba-explosiva-sobre-ana-rosenfeld-esta-a-punto-de-perder-su-matricula-para-siempre\/","name":"Carla Junqueira tir\u00f3 una bomba explosiva sobre Ana Rosenfeld: \"Est\u00e1 a punto de perder su matr\u00edcula para siempre\" - CLAN ESPECTACULOS","isPartOf":{"@id":"https:\/\/radioclanfm.com\/clanespectaculos\/#website"},"primaryImageOfPage":{"@id":"https:\/\/radioclanfm.com\/clanespectaculos\/carla-junqueira-tiro-una-bomba-explosiva-sobre-ana-rosenfeld-esta-a-punto-de-perder-su-matricula-para-siempre\/#primaryimage"},"image":{"@id":"https:\/\/radioclanfm.com\/clanespectaculos\/carla-junqueira-tiro-una-bomba-explosiva-sobre-ana-rosenfeld-esta-a-punto-de-perder-su-matricula-para-siempre\/#primaryimage"},"thumbnailUrl":"https:\/\/radioclanfm.com\/clanespectaculos\/wp-content\/uploads\/sites\/2\/2025\/12\/zws2v1fE.jpg","datePublished":"2025-12-18T23:55:55+00:00","breadcrumb":{"@id":"https:\/\/radioclanfm.com\/clanespectaculos\/carla-junqueira-tiro-una-bomba-explosiva-sobre-ana-rosenfeld-esta-a-punto-de-perder-su-matricula-para-siempre\/#breadcrumb"},"inLanguage":"es-AR","potentialAction":[{"@type":"ReadAction","target":["https:\/\/radioclanfm.com\/clanespectaculos\/carla-junqueira-tiro-una-bomba-explosiva-sobre-ana-rosenfeld-esta-a-punto-de-perder-su-matricula-para-siempre\/"]}]},{"@type":"ImageObject","inLanguage":"es-AR","@id":"https:\/\/radioclanfm.com\/clanespectaculos\/carla-junqueira-tiro-una-bomba-explosiva-sobre-ana-rosenfeld-esta-a-punto-de-perder-su-matricula-para-siempre\/#primaryimage","url":"https:\/\/radioclanfm.com\/clanespectaculos\/wp-content\/uploads\/sites\/2\/2025\/12\/zws2v1fE.jpg","contentUrl":"https:\/\/radioclanfm.com\/clanespectaculos\/wp-content\/uploads\/sites\/2\/2025\/12\/zws2v1fE.jpg","width":900,"height":506},{"@type":"BreadcrumbList","@id":"https:\/\/radioclanfm.com\/clanespectaculos\/carla-junqueira-tiro-una-bomba-explosiva-sobre-ana-rosenfeld-esta-a-punto-de-perder-su-matricula-para-siempre\/#breadcrumb","itemListElement":[{"@type":"ListItem","position":1,"name":"Inicio","item":"https:\/\/radioclanfm.com\/clanespectaculos\/"},{"@type":"ListItem","position":2,"name":"Carla Junqueira tir\u00f3 una bomba explosiva sobre Ana Rosenfeld: &#8220;Est\u00e1 a punto de perder su matr\u00edcula para siempre&#8221;"}]},{"@type":"WebSite","@id":"https:\/\/radioclanfm.com\/clanespectaculos\/#website","url":"https:\/\/radioclanfm.com\/clanespectaculos\/","name":"CLAN ESPECTACULOS","description":"","publisher":{"@id":"https:\/\/radioclanfm.com\/clanespectaculos\/#organization"},"potentialAction":[{"@type":"SearchAction","target":{"@type":"EntryPoint","urlTemplate":"https:\/\/radioclanfm.com\/clanespectaculos\/?s={search_term_string}"},"query-input":{"@type":"PropertyValueSpecification","valueRequired":true,"valueName":"search_term_string"}}],"inLanguage":"es-AR"},{"@type":"Organization","@id":"https:\/\/radioclanfm.com\/clanespectaculos\/#organization","name":"CLAN ESPECTACULOS","url":"https:\/\/radioclanfm.com\/clanespectaculos\/","logo":{"@type":"ImageObject","inLanguage":"es-AR","@id":"https:\/\/radioclanfm.com\/clanespectaculos\/#\/schema\/logo\/image\/","url":"https:\/\/radioclanfm.com\/clanespectaculos\/wp-content\/uploads\/sites\/2\/2026\/04\/ChatGPT-Image-23-mar-2026-10_09_00.png","contentUrl":"https:\/\/radioclanfm.com\/clanespectaculos\/wp-content\/uploads\/sites\/2\/2026\/04\/ChatGPT-Image-23-mar-2026-10_09_00.png","width":1024,"height":1024,"caption":"CLAN ESPECTACULOS"},"image":{"@id":"https:\/\/radioclanfm.com\/clanespectaculos\/#\/schema\/logo\/image\/"},"sameAs":["https:\/\/www.facebook.com\/clanespectaculos\/","https:\/\/x.com\/clanespectok"]},{"@type":"Person","@id":"https:\/\/radioclanfm.com\/clanespectaculos\/#\/schema\/person\/9734813083303230f3ad84d99171b20c","name":"E-GRUPOCLAN","image":{"@type":"ImageObject","inLanguage":"es-AR","@id":"https:\/\/secure.gravatar.com\/avatar\/af6e19837c3d6a212034a48c7b3818d2ac1826f6025df0155da5a186ad321d79?s=96&d=mm&r=g","url":"https:\/\/secure.gravatar.com\/avatar\/af6e19837c3d6a212034a48c7b3818d2ac1826f6025df0155da5a186ad321d79?s=96&d=mm&r=g","contentUrl":"https:\/\/secure.gravatar.com\/avatar\/af6e19837c3d6a212034a48c7b3818d2ac1826f6025df0155da5a186ad321d79?s=96&d=mm&r=g","caption":"E-GRUPOCLAN"},"sameAs":["https:\/\/radioclanfm.com"],"url":"https:\/\/radioclanfm.com\/clanespectaculos\/author\/admin\/"}]}},"_links":{"self":[{"href":"https:\/\/radioclanfm.com\/clanespectaculos\/wp-json\/wp\/v2\/posts\/10188","targetHints":{"allow":["GET"]}}],"collection":[{"href":"https:\/\/radioclanfm.com\/clanespectaculos\/wp-json\/wp\/v2\/posts"}],"about":[{"href":"https:\/\/radioclanfm.com\/clanespectaculos\/wp-json\/wp\/v2\/types\/post"}],"author":[{"embeddable":true,"href":"https:\/\/radioclanfm.com\/clanespectaculos\/wp-json\/wp\/v2\/users\/1"}],"replies":[{"embeddable":true,"href":"https:\/\/radioclanfm.com\/clanespectaculos\/wp-json\/wp\/v2\/comments?post=10188"}],"version-history":[{"count":1,"href":"https:\/\/radioclanfm.com\/clanespectaculos\/wp-json\/wp\/v2\/posts\/10188\/revisions"}],"predecessor-version":[{"id":10192,"href":"https:\/\/radioclanfm.com\/clanespectaculos\/wp-json\/wp\/v2\/posts\/10188\/revisions\/10192"}],"wp:featuredmedia":[{"embeddable":true,"href":"https:\/\/radioclanfm.com\/clanespectaculos\/wp-json\/wp\/v2\/media\/10191"}],"wp:attachment":[{"href":"https:\/\/radioclanfm.com\/clanespectaculos\/wp-json\/wp\/v2\/media?parent=10188"}],"wp:term":[{"taxonomy":"category","embeddable":true,"href":"https:\/\/radioclanfm.com\/clanespectaculos\/wp-json\/wp\/v2\/categories?post=10188"},{"taxonomy":"post_tag","embeddable":true,"href":"https:\/\/radioclanfm.com\/clanespectaculos\/wp-json\/wp\/v2\/tags?post=10188"}],"curies":[{"name":"wp","href":"https:\/\/api.w.org\/{rel}","templated":true}]}}