{"id":1016,"date":"2025-05-27T20:59:32","date_gmt":"2025-05-27T23:59:32","guid":{"rendered":"https:\/\/radioclanfm.com\/clanespectaculos\/?p=1016"},"modified":"2025-05-27T20:59:32","modified_gmt":"2025-05-27T23:59:32","slug":"el-polaco-y-barby-silenzi-mostraron-sus-primeros-dias-de-solteros-y-la-foto-de-la-bailarina-genero-impacto","status":"publish","type":"post","link":"https:\/\/radioclanfm.com\/clanespectaculos\/el-polaco-y-barby-silenzi-mostraron-sus-primeros-dias-de-solteros-y-la-foto-de-la-bailarina-genero-impacto\/","title":{"rendered":"El Polaco y Barby Silenzi mostraron sus primeros d\u00edas de solteros y la foto de la bailarina gener\u00f3 impacto"},"content":{"rendered":"<p>La pareja se hab\u00eda separado varias veces, pero esta \u00faltima ser\u00eda la definitiva. \u201cSe termin\u00f3\u201d, asegur\u00f3 la modelo.<\/p>\n<div class=\"col-content\"><main class=\"col-content\"><\/p>\n<div class=\"default-article-color article__body article__article\">\n<p class=\"paragraph font__body-regular\"><b>Barby Silenzi se cans\u00f3 de El Polaco y decidi\u00f3 terminar el v\u00ednculo<\/b>\u00a0luego de ocho a\u00f1os de relaci\u00f3n. Si bien ya hab\u00edan tenido varias separaciones expr\u00e9s, la bailarina toc\u00f3 fondo al darse cuenta que el artista no la llev\u00f3 con \u00e9l a Europa<b>\u00a0\u201cpara salir de fiesta\u201d<\/b>.<\/p>\n<div class=\"AV67f93cf033780503b00636a7\">\n<div id=\"aniBox\">\n<div id=\"aniplayer_AV67f93cf033780503b00636a7-1748390333430\">\n<div id=\"aniplayer_AV67f93cf033780503b00636a7-1748390333430gui\">\n<div id=\"av-caption\">\n<div id=\"av-close-btn-overlay\" class=\"av-pos-top-left\"><\/div>\n<\/div>\n<\/div>\n<div id=\"anibid\"><\/div>\n<\/div>\n<\/div>\n<\/div>\n<p class=\"paragraph font__body-regular\">En las \u00faltimas horas, y luego de que la noticia saliera a la luz en un programa de TV, ambos mostraron c\u00f3mo fueron sus primeros d\u00edas de solter\u00eda. El m\u00fasico opt\u00f3 por enfocarse en el gimnasio, y la selfie que se sac\u00f3 presumiendo sus m\u00fasculos dejaron con la boca abierta a los fans. B\u00e1rbara no se qued\u00f3 de brazos cruzados.<\/p>\n<p class=\"paragraph font__body-regular\">Silenzi se meti\u00f3 de lleno en la venta de contenido er\u00f3tico y realiz\u00f3 una sesi\u00f3n ultrahot para renovar el material, ya que es una de las m\u00e1ximas figuras argentinas de Divas Play. En sus redes comparti\u00f3 un adelanto de lo que promocionar\u00e1 y levant\u00f3 la temperatura de los usuarios, quienes le remarcaron que estaba mejor que nunca.<\/p>\n<figure class=\"\" data-testid=\"figure-testid\">\n<div class=\"aspect_ratio__container\"><picture class=\"responsive-image\"><source srcset=\"https:\/\/tn.com.ar\/resizer\/v2\/el-polaco-se-enfoco-en-el-gimnasio-mientras-que-silenzi-hizo-una-produccion-hot-foto-instagramelpolaco-barbysilenzi1-3RTKZ2AI3JA6JAHNWGPYUFRGMM.jpg?auth=fb009fd495388b68be2f2f06002e8e8ce56a73802433836e5df420fe3655d3f9&amp;width=767\" type=\"image\/jpg\" media=\"(max-width: 728px)\" \/><source srcset=\"https:\/\/tn.com.ar\/resizer\/v2\/el-polaco-se-enfoco-en-el-gimnasio-mientras-que-silenzi-hizo-una-produccion-hot-foto-instagramelpolaco-barbysilenzi1-3RTKZ2AI3JA6JAHNWGPYUFRGMM.jpg?auth=fb009fd495388b68be2f2f06002e8e8ce56a73802433836e5df420fe3655d3f9&amp;width=1023\" type=\"image\/jpg\" media=\"(max-width: 1023px)\" \/><source srcset=\"https:\/\/tn.com.ar\/resizer\/v2\/el-polaco-se-enfoco-en-el-gimnasio-mientras-que-silenzi-hizo-una-produccion-hot-foto-instagramelpolaco-barbysilenzi1-3RTKZ2AI3JA6JAHNWGPYUFRGMM.jpg?auth=fb009fd495388b68be2f2f06002e8e8ce56a73802433836e5df420fe3655d3f9&amp;width=1440\" type=\"image\/jpg\" \/><img loading=\"lazy\" decoding=\"async\" class=\"image content-image image_placeholder\" src=\"https:\/\/tn.com.ar\/resizer\/v2\/el-polaco-se-enfoco-en-el-gimnasio-mientras-que-silenzi-hizo-una-produccion-hot-foto-instagramelpolaco-barbysilenzi1-3RTKZ2AI3JA6JAHNWGPYUFRGMM.jpg?auth=fb009fd495388b68be2f2f06002e8e8ce56a73802433836e5df420fe3655d3f9&amp;width=767\" alt=\"El Polaco se enfoc\u00f3 en el gimnasio, mientras que Silenzi hizo una producci\u00f3n hot. (Foto: instagram\/elpolaco - barbysilenzi1)\" width=\"767\" height=\"430\" data-testid=\"loading-testid\" \/><\/picture><\/div><figcaption class=\"caption_image\" data-testid=\"figcaption-testid\">\n<div class=\"image_caption \">El Polaco se enfoc\u00f3 en el gimnasio, mientras que Silenzi hizo una producci\u00f3n hot. (Foto: instagram\/elpolaco &#8211; barbysilenzi1)<\/div>\n<\/figcaption><\/figure>\n<h2 class=\"font--primary font__display\">La interna entre El Polaco y Barby Silenzi<\/h2>\n<p class=\"paragraph font__body-regular\"><b>Barby Silenzi dej\u00f3 a El Polaco<\/b>\u00a0y esta vez ser\u00eda de forma definitiva. As\u00ed se conoci\u00f3 este lunes, cuando la periodista Paula Varela detall\u00f3 que hubo una interna que llev\u00f3 a la bailarina a tomar la dr\u00e1stica decisi\u00f3n. El flechazo se hab\u00eda dado en 2016, cuando fueron compa\u00f1eros del\u00a0<i>Bailando (eltrece).<\/i><\/p>\n<p class=\"paragraph font__body-regular\">En<i>\u00a0Intrusos (Am\u00e9rica)<\/i>, la periodista detall\u00f3 que Silenzi quer\u00eda acompa\u00f1ar a su pareja en la gira por Europa, pero \u00e9l se neg\u00f3 debido al enorme gasto que eso generar\u00eda. Ella lo acept\u00f3, pero al ver im\u00e1genes de sus salidas nocturnas puso el grito en el cielo. Una postal con\u00a0<b>Sof\u00eda Morandi\u00a0<\/b>tambi\u00e9n habr\u00eda desencadenado un esc\u00e1ndalo.<\/p>\n<figure class=\"\" data-testid=\"figure-testid\">\n<div class=\"aspect_ratio__container\"><picture class=\"responsive-image\"><source srcset=\"https:\/\/tn.com.ar\/resizer\/v2\/barby-silenzi-y-el-polaco-el-amor-y-la-paciencia-llegaron-a-su-fin-foto-instagrambarbysilenzi1-3WFPWDOJLZBITODSNFIIQTMHIY.jpg?auth=d499fb495343c3939056da859dcb83765dfc47a86f3c4346dcce93ec07c6c3cc&amp;width=767\" type=\"image\/jpg\" media=\"(max-width: 728px)\" \/><source srcset=\"https:\/\/tn.com.ar\/resizer\/v2\/barby-silenzi-y-el-polaco-el-amor-y-la-paciencia-llegaron-a-su-fin-foto-instagrambarbysilenzi1-3WFPWDOJLZBITODSNFIIQTMHIY.jpg?auth=d499fb495343c3939056da859dcb83765dfc47a86f3c4346dcce93ec07c6c3cc&amp;width=1023\" type=\"image\/jpg\" media=\"(max-width: 1023px)\" \/><source srcset=\"https:\/\/tn.com.ar\/resizer\/v2\/barby-silenzi-y-el-polaco-el-amor-y-la-paciencia-llegaron-a-su-fin-foto-instagrambarbysilenzi1-3WFPWDOJLZBITODSNFIIQTMHIY.jpg?auth=d499fb495343c3939056da859dcb83765dfc47a86f3c4346dcce93ec07c6c3cc&amp;width=1440\" type=\"image\/jpg\" \/><img loading=\"lazy\" decoding=\"async\" class=\"image content-image image_placeholder\" src=\"https:\/\/tn.com.ar\/resizer\/v2\/barby-silenzi-y-el-polaco-el-amor-y-la-paciencia-llegaron-a-su-fin-foto-instagrambarbysilenzi1-3WFPWDOJLZBITODSNFIIQTMHIY.jpg?auth=d499fb495343c3939056da859dcb83765dfc47a86f3c4346dcce93ec07c6c3cc&amp;width=767\" alt=\"Barby Silenzi y El Polaco: el amor y la paciencia llegaron a su fin. (Foto: instagram\/barbysilenzi1)\" width=\"767\" height=\"431\" data-testid=\"loading-testid\" \/><\/picture><\/div><figcaption class=\"caption_image\" data-testid=\"figcaption-testid\">\n<div class=\"image_caption \">Barby Silenzi y El Polaco: el amor y la paciencia llegaron a su fin. (Foto: instagram\/barbysilenzi1)<\/div>\n<\/figcaption><\/figure>\n<p class=\"paragraph font__body-regular\">La panelista sostuvo que, tras su regreso a Buenos Aires, Ezequiel se dirigi\u00f3 hacia la casa que compart\u00edan para retirar sus pertenencias. Consultada por el tema, Barby solo atin\u00f3 a decir una frase que describi\u00f3 su hartazgo:<b>\u201cSe termin\u00f3 el amor\u201d.<\/b>Como si fuera poco, en las \u00faltimas horas aparecieron rumores de romance entre el cantante y otra famosa. Se trata de Dalila, una colega de la movida tropical que lo sorprendi\u00f3 en pleno show.<\/p>\n<\/div>\n<p><\/main><\/div>\n<aside class=\"col-right-rail right-rail\">\n<div id=\"parent-ad-slot-caja\" class=\"ad-container caja_ad \">\n<div class=\"ad-content\">\n<div id=\"ad-slot-caja\" class=\"ad-slot-caja ad-slot\" data-adtype=\"caja\" data-google-query-id=\"CLLYpsTtxI0DFftU3QIdA7QaFw\"><\/div>\n<\/div>\n<\/div>\n<\/aside>\n","protected":false},"excerpt":{"rendered":"<p>La pareja se hab\u00eda separado varias veces, pero esta \u00faltima ser\u00eda la definitiva. \u201cSe termin\u00f3\u201d, asegur\u00f3 la modelo. Barby Silenzi se cans\u00f3 de El Polaco y decidi\u00f3 terminar el v\u00ednculo\u00a0luego de ocho a\u00f1os de relaci\u00f3n. Si bien ya hab\u00edan tenido varias separaciones expr\u00e9s, la bailarina toc\u00f3 fondo al darse cuenta que el artista no la [&hellip;]<\/p>\n","protected":false},"author":1,"featured_media":1019,"comment_status":"open","ping_status":"open","sticky":false,"template":"","format":"standard","meta":{"rop_custom_images_group":[],"rop_custom_messages_group":[],"rop_publish_now":"initial","rop_publish_now_accounts":[],"rop_publish_now_history":[],"rop_publish_now_status":"pending","footnotes":"","jetpack_publicize_message":"","jetpack_publicize_feature_enabled":true,"jetpack_social_post_already_shared":true,"jetpack_social_options":{"image_generator_settings":{"template":"highway","enabled":false},"version":2}},"categories":[12],"tags":[],"class_list":{"0":"post-1016","1":"post","2":"type-post","3":"status-publish","4":"format-standard","5":"has-post-thumbnail","7":"category-espectaculos"},"jetpack_publicize_connections":[],"yoast_head":"<!-- This site is optimized with the Yoast SEO plugin v27.3 - https:\/\/yoast.com\/product\/yoast-seo-wordpress\/ -->\n<title>El Polaco y Barby Silenzi mostraron sus primeros d\u00edas de solteros y la foto de la bailarina gener\u00f3 impacto - CLAN ESPECTACULOS<\/title>\n<meta name=\"robots\" content=\"index, follow, max-snippet:-1, max-image-preview:large, max-video-preview:-1\" \/>\n<link rel=\"canonical\" href=\"https:\/\/radioclanfm.com\/clanespectaculos\/el-polaco-y-barby-silenzi-mostraron-sus-primeros-dias-de-solteros-y-la-foto-de-la-bailarina-genero-impacto\/\" \/>\n<meta property=\"og:locale\" content=\"es_ES\" \/>\n<meta property=\"og:type\" content=\"article\" \/>\n<meta property=\"og:title\" content=\"El Polaco y Barby Silenzi mostraron sus primeros d\u00edas de solteros y la foto de la bailarina gener\u00f3 impacto - CLAN ESPECTACULOS\" \/>\n<meta property=\"og:description\" content=\"La pareja se hab\u00eda separado varias veces, pero esta \u00faltima ser\u00eda la definitiva. \u201cSe termin\u00f3\u201d, asegur\u00f3 la modelo. Barby Silenzi se cans\u00f3 de El Polaco y decidi\u00f3 terminar el v\u00ednculo\u00a0luego de ocho a\u00f1os de relaci\u00f3n. Si bien ya hab\u00edan tenido varias separaciones expr\u00e9s, la bailarina toc\u00f3 fondo al darse cuenta que el artista no la [&hellip;]\" \/>\n<meta property=\"og:url\" content=\"https:\/\/radioclanfm.com\/clanespectaculos\/el-polaco-y-barby-silenzi-mostraron-sus-primeros-dias-de-solteros-y-la-foto-de-la-bailarina-genero-impacto\/\" \/>\n<meta property=\"og:site_name\" content=\"CLAN ESPECTACULOS\" \/>\n<meta property=\"article:publisher\" content=\"https:\/\/www.facebook.com\/clanespectaculos\/\" \/>\n<meta property=\"article:published_time\" content=\"2025-05-27T23:59:32+00:00\" \/>\n<meta property=\"og:image\" content=\"https:\/\/radioclanfm.com\/clanespectaculos\/wp-content\/uploads\/sites\/2\/2025\/05\/KpX4EDA4.jpg\" \/>\n\t<meta property=\"og:image:width\" content=\"900\" \/>\n\t<meta property=\"og:image:height\" content=\"504\" \/>\n\t<meta property=\"og:image:type\" content=\"image\/jpeg\" \/>\n<meta name=\"author\" content=\"E-GRUPOCLAN\" \/>\n<meta name=\"twitter:card\" content=\"summary_large_image\" \/>\n<meta name=\"twitter:creator\" content=\"@clanespectok\" \/>\n<meta name=\"twitter:site\" content=\"@clanespectok\" \/>\n<meta name=\"twitter:label1\" content=\"Escrito por\" \/>\n\t<meta name=\"twitter:data1\" content=\"E-GRUPOCLAN\" \/>\n\t<meta name=\"twitter:label2\" content=\"Tiempo de lectura\" \/>\n\t<meta name=\"twitter:data2\" content=\"2 minutos\" \/>\n<script type=\"application\/ld+json\" class=\"yoast-schema-graph\">{\"@context\":\"https:\\\/\\\/schema.org\",\"@graph\":[{\"@type\":\"Article\",\"@id\":\"https:\\\/\\\/radioclanfm.com\\\/clanespectaculos\\\/el-polaco-y-barby-silenzi-mostraron-sus-primeros-dias-de-solteros-y-la-foto-de-la-bailarina-genero-impacto\\\/#article\",\"isPartOf\":{\"@id\":\"https:\\\/\\\/radioclanfm.com\\\/clanespectaculos\\\/el-polaco-y-barby-silenzi-mostraron-sus-primeros-dias-de-solteros-y-la-foto-de-la-bailarina-genero-impacto\\\/\"},\"author\":{\"name\":\"E-GRUPOCLAN\",\"@id\":\"https:\\\/\\\/radioclanfm.com\\\/clanespectaculos\\\/#\\\/schema\\\/person\\\/9734813083303230f3ad84d99171b20c\"},\"headline\":\"El Polaco y Barby Silenzi mostraron sus primeros d\u00edas de solteros y la foto de la bailarina gener\u00f3 impacto\",\"datePublished\":\"2025-05-27T23:59:32+00:00\",\"mainEntityOfPage\":{\"@id\":\"https:\\\/\\\/radioclanfm.com\\\/clanespectaculos\\\/el-polaco-y-barby-silenzi-mostraron-sus-primeros-dias-de-solteros-y-la-foto-de-la-bailarina-genero-impacto\\\/\"},\"wordCount\":459,\"commentCount\":0,\"publisher\":{\"@id\":\"https:\\\/\\\/radioclanfm.com\\\/clanespectaculos\\\/#organization\"},\"image\":{\"@id\":\"https:\\\/\\\/radioclanfm.com\\\/clanespectaculos\\\/el-polaco-y-barby-silenzi-mostraron-sus-primeros-dias-de-solteros-y-la-foto-de-la-bailarina-genero-impacto\\\/#primaryimage\"},\"thumbnailUrl\":\"https:\\\/\\\/radioclanfm.com\\\/clanespectaculos\\\/wp-content\\\/uploads\\\/sites\\\/2\\\/2025\\\/05\\\/KpX4EDA4.jpg\",\"articleSection\":[\"Espectaculos\"],\"inLanguage\":\"es-AR\",\"potentialAction\":[{\"@type\":\"CommentAction\",\"name\":\"Comment\",\"target\":[\"https:\\\/\\\/radioclanfm.com\\\/clanespectaculos\\\/el-polaco-y-barby-silenzi-mostraron-sus-primeros-dias-de-solteros-y-la-foto-de-la-bailarina-genero-impacto\\\/#respond\"]}]},{\"@type\":\"WebPage\",\"@id\":\"https:\\\/\\\/radioclanfm.com\\\/clanespectaculos\\\/el-polaco-y-barby-silenzi-mostraron-sus-primeros-dias-de-solteros-y-la-foto-de-la-bailarina-genero-impacto\\\/\",\"url\":\"https:\\\/\\\/radioclanfm.com\\\/clanespectaculos\\\/el-polaco-y-barby-silenzi-mostraron-sus-primeros-dias-de-solteros-y-la-foto-de-la-bailarina-genero-impacto\\\/\",\"name\":\"El Polaco y Barby Silenzi mostraron sus primeros d\u00edas de solteros y la foto de la bailarina gener\u00f3 impacto - CLAN ESPECTACULOS\",\"isPartOf\":{\"@id\":\"https:\\\/\\\/radioclanfm.com\\\/clanespectaculos\\\/#website\"},\"primaryImageOfPage\":{\"@id\":\"https:\\\/\\\/radioclanfm.com\\\/clanespectaculos\\\/el-polaco-y-barby-silenzi-mostraron-sus-primeros-dias-de-solteros-y-la-foto-de-la-bailarina-genero-impacto\\\/#primaryimage\"},\"image\":{\"@id\":\"https:\\\/\\\/radioclanfm.com\\\/clanespectaculos\\\/el-polaco-y-barby-silenzi-mostraron-sus-primeros-dias-de-solteros-y-la-foto-de-la-bailarina-genero-impacto\\\/#primaryimage\"},\"thumbnailUrl\":\"https:\\\/\\\/radioclanfm.com\\\/clanespectaculos\\\/wp-content\\\/uploads\\\/sites\\\/2\\\/2025\\\/05\\\/KpX4EDA4.jpg\",\"datePublished\":\"2025-05-27T23:59:32+00:00\",\"breadcrumb\":{\"@id\":\"https:\\\/\\\/radioclanfm.com\\\/clanespectaculos\\\/el-polaco-y-barby-silenzi-mostraron-sus-primeros-dias-de-solteros-y-la-foto-de-la-bailarina-genero-impacto\\\/#breadcrumb\"},\"inLanguage\":\"es-AR\",\"potentialAction\":[{\"@type\":\"ReadAction\",\"target\":[\"https:\\\/\\\/radioclanfm.com\\\/clanespectaculos\\\/el-polaco-y-barby-silenzi-mostraron-sus-primeros-dias-de-solteros-y-la-foto-de-la-bailarina-genero-impacto\\\/\"]}]},{\"@type\":\"ImageObject\",\"inLanguage\":\"es-AR\",\"@id\":\"https:\\\/\\\/radioclanfm.com\\\/clanespectaculos\\\/el-polaco-y-barby-silenzi-mostraron-sus-primeros-dias-de-solteros-y-la-foto-de-la-bailarina-genero-impacto\\\/#primaryimage\",\"url\":\"https:\\\/\\\/radioclanfm.com\\\/clanespectaculos\\\/wp-content\\\/uploads\\\/sites\\\/2\\\/2025\\\/05\\\/KpX4EDA4.jpg\",\"contentUrl\":\"https:\\\/\\\/radioclanfm.com\\\/clanespectaculos\\\/wp-content\\\/uploads\\\/sites\\\/2\\\/2025\\\/05\\\/KpX4EDA4.jpg\",\"width\":900,\"height\":504},{\"@type\":\"BreadcrumbList\",\"@id\":\"https:\\\/\\\/radioclanfm.com\\\/clanespectaculos\\\/el-polaco-y-barby-silenzi-mostraron-sus-primeros-dias-de-solteros-y-la-foto-de-la-bailarina-genero-impacto\\\/#breadcrumb\",\"itemListElement\":[{\"@type\":\"ListItem\",\"position\":1,\"name\":\"Inicio\",\"item\":\"https:\\\/\\\/radioclanfm.com\\\/clanespectaculos\\\/\"},{\"@type\":\"ListItem\",\"position\":2,\"name\":\"El Polaco y Barby Silenzi mostraron sus primeros d\u00edas de solteros y la foto de la bailarina gener\u00f3 impacto\"}]},{\"@type\":\"WebSite\",\"@id\":\"https:\\\/\\\/radioclanfm.com\\\/clanespectaculos\\\/#website\",\"url\":\"https:\\\/\\\/radioclanfm.com\\\/clanespectaculos\\\/\",\"name\":\"CLAN ESPECTACULOS\",\"description\":\"\",\"publisher\":{\"@id\":\"https:\\\/\\\/radioclanfm.com\\\/clanespectaculos\\\/#organization\"},\"potentialAction\":[{\"@type\":\"SearchAction\",\"target\":{\"@type\":\"EntryPoint\",\"urlTemplate\":\"https:\\\/\\\/radioclanfm.com\\\/clanespectaculos\\\/?s={search_term_string}\"},\"query-input\":{\"@type\":\"PropertyValueSpecification\",\"valueRequired\":true,\"valueName\":\"search_term_string\"}}],\"inLanguage\":\"es-AR\"},{\"@type\":\"Organization\",\"@id\":\"https:\\\/\\\/radioclanfm.com\\\/clanespectaculos\\\/#organization\",\"name\":\"CLAN ESPECTACULOS\",\"url\":\"https:\\\/\\\/radioclanfm.com\\\/clanespectaculos\\\/\",\"logo\":{\"@type\":\"ImageObject\",\"inLanguage\":\"es-AR\",\"@id\":\"https:\\\/\\\/radioclanfm.com\\\/clanespectaculos\\\/#\\\/schema\\\/logo\\\/image\\\/\",\"url\":\"https:\\\/\\\/radioclanfm.com\\\/clanespectaculos\\\/wp-content\\\/uploads\\\/sites\\\/2\\\/2026\\\/04\\\/ChatGPT-Image-23-mar-2026-10_09_00.png\",\"contentUrl\":\"https:\\\/\\\/radioclanfm.com\\\/clanespectaculos\\\/wp-content\\\/uploads\\\/sites\\\/2\\\/2026\\\/04\\\/ChatGPT-Image-23-mar-2026-10_09_00.png\",\"width\":1024,\"height\":1024,\"caption\":\"CLAN ESPECTACULOS\"},\"image\":{\"@id\":\"https:\\\/\\\/radioclanfm.com\\\/clanespectaculos\\\/#\\\/schema\\\/logo\\\/image\\\/\"},\"sameAs\":[\"https:\\\/\\\/www.facebook.com\\\/clanespectaculos\\\/\",\"https:\\\/\\\/x.com\\\/clanespectok\"]},{\"@type\":\"Person\",\"@id\":\"https:\\\/\\\/radioclanfm.com\\\/clanespectaculos\\\/#\\\/schema\\\/person\\\/9734813083303230f3ad84d99171b20c\",\"name\":\"E-GRUPOCLAN\",\"image\":{\"@type\":\"ImageObject\",\"inLanguage\":\"es-AR\",\"@id\":\"https:\\\/\\\/secure.gravatar.com\\\/avatar\\\/af6e19837c3d6a212034a48c7b3818d2ac1826f6025df0155da5a186ad321d79?s=96&d=mm&r=g\",\"url\":\"https:\\\/\\\/secure.gravatar.com\\\/avatar\\\/af6e19837c3d6a212034a48c7b3818d2ac1826f6025df0155da5a186ad321d79?s=96&d=mm&r=g\",\"contentUrl\":\"https:\\\/\\\/secure.gravatar.com\\\/avatar\\\/af6e19837c3d6a212034a48c7b3818d2ac1826f6025df0155da5a186ad321d79?s=96&d=mm&r=g\",\"caption\":\"E-GRUPOCLAN\"},\"sameAs\":[\"https:\\\/\\\/radioclanfm.com\"],\"url\":\"https:\\\/\\\/radioclanfm.com\\\/clanespectaculos\\\/author\\\/admin\\\/\"}]}<\/script>\n<!-- \/ Yoast SEO plugin. -->","yoast_head_json":{"title":"El Polaco y Barby Silenzi mostraron sus primeros d\u00edas de solteros y la foto de la bailarina gener\u00f3 impacto - CLAN ESPECTACULOS","robots":{"index":"index","follow":"follow","max-snippet":"max-snippet:-1","max-image-preview":"max-image-preview:large","max-video-preview":"max-video-preview:-1"},"canonical":"https:\/\/radioclanfm.com\/clanespectaculos\/el-polaco-y-barby-silenzi-mostraron-sus-primeros-dias-de-solteros-y-la-foto-de-la-bailarina-genero-impacto\/","og_locale":"es_ES","og_type":"article","og_title":"El Polaco y Barby Silenzi mostraron sus primeros d\u00edas de solteros y la foto de la bailarina gener\u00f3 impacto - CLAN ESPECTACULOS","og_description":"La pareja se hab\u00eda separado varias veces, pero esta \u00faltima ser\u00eda la definitiva. \u201cSe termin\u00f3\u201d, asegur\u00f3 la modelo. Barby Silenzi se cans\u00f3 de El Polaco y decidi\u00f3 terminar el v\u00ednculo\u00a0luego de ocho a\u00f1os de relaci\u00f3n. Si bien ya hab\u00edan tenido varias separaciones expr\u00e9s, la bailarina toc\u00f3 fondo al darse cuenta que el artista no la [&hellip;]","og_url":"https:\/\/radioclanfm.com\/clanespectaculos\/el-polaco-y-barby-silenzi-mostraron-sus-primeros-dias-de-solteros-y-la-foto-de-la-bailarina-genero-impacto\/","og_site_name":"CLAN ESPECTACULOS","article_publisher":"https:\/\/www.facebook.com\/clanespectaculos\/","article_published_time":"2025-05-27T23:59:32+00:00","og_image":[{"width":900,"height":504,"url":"https:\/\/radioclanfm.com\/clanespectaculos\/wp-content\/uploads\/sites\/2\/2025\/05\/KpX4EDA4.jpg","type":"image\/jpeg"}],"author":"E-GRUPOCLAN","twitter_card":"summary_large_image","twitter_creator":"@clanespectok","twitter_site":"@clanespectok","twitter_misc":{"Escrito por":"E-GRUPOCLAN","Tiempo de lectura":"2 minutos"},"schema":{"@context":"https:\/\/schema.org","@graph":[{"@type":"Article","@id":"https:\/\/radioclanfm.com\/clanespectaculos\/el-polaco-y-barby-silenzi-mostraron-sus-primeros-dias-de-solteros-y-la-foto-de-la-bailarina-genero-impacto\/#article","isPartOf":{"@id":"https:\/\/radioclanfm.com\/clanespectaculos\/el-polaco-y-barby-silenzi-mostraron-sus-primeros-dias-de-solteros-y-la-foto-de-la-bailarina-genero-impacto\/"},"author":{"name":"E-GRUPOCLAN","@id":"https:\/\/radioclanfm.com\/clanespectaculos\/#\/schema\/person\/9734813083303230f3ad84d99171b20c"},"headline":"El Polaco y Barby Silenzi mostraron sus primeros d\u00edas de solteros y la foto de la bailarina gener\u00f3 impacto","datePublished":"2025-05-27T23:59:32+00:00","mainEntityOfPage":{"@id":"https:\/\/radioclanfm.com\/clanespectaculos\/el-polaco-y-barby-silenzi-mostraron-sus-primeros-dias-de-solteros-y-la-foto-de-la-bailarina-genero-impacto\/"},"wordCount":459,"commentCount":0,"publisher":{"@id":"https:\/\/radioclanfm.com\/clanespectaculos\/#organization"},"image":{"@id":"https:\/\/radioclanfm.com\/clanespectaculos\/el-polaco-y-barby-silenzi-mostraron-sus-primeros-dias-de-solteros-y-la-foto-de-la-bailarina-genero-impacto\/#primaryimage"},"thumbnailUrl":"https:\/\/radioclanfm.com\/clanespectaculos\/wp-content\/uploads\/sites\/2\/2025\/05\/KpX4EDA4.jpg","articleSection":["Espectaculos"],"inLanguage":"es-AR","potentialAction":[{"@type":"CommentAction","name":"Comment","target":["https:\/\/radioclanfm.com\/clanespectaculos\/el-polaco-y-barby-silenzi-mostraron-sus-primeros-dias-de-solteros-y-la-foto-de-la-bailarina-genero-impacto\/#respond"]}]},{"@type":"WebPage","@id":"https:\/\/radioclanfm.com\/clanespectaculos\/el-polaco-y-barby-silenzi-mostraron-sus-primeros-dias-de-solteros-y-la-foto-de-la-bailarina-genero-impacto\/","url":"https:\/\/radioclanfm.com\/clanespectaculos\/el-polaco-y-barby-silenzi-mostraron-sus-primeros-dias-de-solteros-y-la-foto-de-la-bailarina-genero-impacto\/","name":"El Polaco y Barby Silenzi mostraron sus primeros d\u00edas de solteros y la foto de la bailarina gener\u00f3 impacto - CLAN ESPECTACULOS","isPartOf":{"@id":"https:\/\/radioclanfm.com\/clanespectaculos\/#website"},"primaryImageOfPage":{"@id":"https:\/\/radioclanfm.com\/clanespectaculos\/el-polaco-y-barby-silenzi-mostraron-sus-primeros-dias-de-solteros-y-la-foto-de-la-bailarina-genero-impacto\/#primaryimage"},"image":{"@id":"https:\/\/radioclanfm.com\/clanespectaculos\/el-polaco-y-barby-silenzi-mostraron-sus-primeros-dias-de-solteros-y-la-foto-de-la-bailarina-genero-impacto\/#primaryimage"},"thumbnailUrl":"https:\/\/radioclanfm.com\/clanespectaculos\/wp-content\/uploads\/sites\/2\/2025\/05\/KpX4EDA4.jpg","datePublished":"2025-05-27T23:59:32+00:00","breadcrumb":{"@id":"https:\/\/radioclanfm.com\/clanespectaculos\/el-polaco-y-barby-silenzi-mostraron-sus-primeros-dias-de-solteros-y-la-foto-de-la-bailarina-genero-impacto\/#breadcrumb"},"inLanguage":"es-AR","potentialAction":[{"@type":"ReadAction","target":["https:\/\/radioclanfm.com\/clanespectaculos\/el-polaco-y-barby-silenzi-mostraron-sus-primeros-dias-de-solteros-y-la-foto-de-la-bailarina-genero-impacto\/"]}]},{"@type":"ImageObject","inLanguage":"es-AR","@id":"https:\/\/radioclanfm.com\/clanespectaculos\/el-polaco-y-barby-silenzi-mostraron-sus-primeros-dias-de-solteros-y-la-foto-de-la-bailarina-genero-impacto\/#primaryimage","url":"https:\/\/radioclanfm.com\/clanespectaculos\/wp-content\/uploads\/sites\/2\/2025\/05\/KpX4EDA4.jpg","contentUrl":"https:\/\/radioclanfm.com\/clanespectaculos\/wp-content\/uploads\/sites\/2\/2025\/05\/KpX4EDA4.jpg","width":900,"height":504},{"@type":"BreadcrumbList","@id":"https:\/\/radioclanfm.com\/clanespectaculos\/el-polaco-y-barby-silenzi-mostraron-sus-primeros-dias-de-solteros-y-la-foto-de-la-bailarina-genero-impacto\/#breadcrumb","itemListElement":[{"@type":"ListItem","position":1,"name":"Inicio","item":"https:\/\/radioclanfm.com\/clanespectaculos\/"},{"@type":"ListItem","position":2,"name":"El Polaco y Barby Silenzi mostraron sus primeros d\u00edas de solteros y la foto de la bailarina gener\u00f3 impacto"}]},{"@type":"WebSite","@id":"https:\/\/radioclanfm.com\/clanespectaculos\/#website","url":"https:\/\/radioclanfm.com\/clanespectaculos\/","name":"CLAN ESPECTACULOS","description":"","publisher":{"@id":"https:\/\/radioclanfm.com\/clanespectaculos\/#organization"},"potentialAction":[{"@type":"SearchAction","target":{"@type":"EntryPoint","urlTemplate":"https:\/\/radioclanfm.com\/clanespectaculos\/?s={search_term_string}"},"query-input":{"@type":"PropertyValueSpecification","valueRequired":true,"valueName":"search_term_string"}}],"inLanguage":"es-AR"},{"@type":"Organization","@id":"https:\/\/radioclanfm.com\/clanespectaculos\/#organization","name":"CLAN ESPECTACULOS","url":"https:\/\/radioclanfm.com\/clanespectaculos\/","logo":{"@type":"ImageObject","inLanguage":"es-AR","@id":"https:\/\/radioclanfm.com\/clanespectaculos\/#\/schema\/logo\/image\/","url":"https:\/\/radioclanfm.com\/clanespectaculos\/wp-content\/uploads\/sites\/2\/2026\/04\/ChatGPT-Image-23-mar-2026-10_09_00.png","contentUrl":"https:\/\/radioclanfm.com\/clanespectaculos\/wp-content\/uploads\/sites\/2\/2026\/04\/ChatGPT-Image-23-mar-2026-10_09_00.png","width":1024,"height":1024,"caption":"CLAN ESPECTACULOS"},"image":{"@id":"https:\/\/radioclanfm.com\/clanespectaculos\/#\/schema\/logo\/image\/"},"sameAs":["https:\/\/www.facebook.com\/clanespectaculos\/","https:\/\/x.com\/clanespectok"]},{"@type":"Person","@id":"https:\/\/radioclanfm.com\/clanespectaculos\/#\/schema\/person\/9734813083303230f3ad84d99171b20c","name":"E-GRUPOCLAN","image":{"@type":"ImageObject","inLanguage":"es-AR","@id":"https:\/\/secure.gravatar.com\/avatar\/af6e19837c3d6a212034a48c7b3818d2ac1826f6025df0155da5a186ad321d79?s=96&d=mm&r=g","url":"https:\/\/secure.gravatar.com\/avatar\/af6e19837c3d6a212034a48c7b3818d2ac1826f6025df0155da5a186ad321d79?s=96&d=mm&r=g","contentUrl":"https:\/\/secure.gravatar.com\/avatar\/af6e19837c3d6a212034a48c7b3818d2ac1826f6025df0155da5a186ad321d79?s=96&d=mm&r=g","caption":"E-GRUPOCLAN"},"sameAs":["https:\/\/radioclanfm.com"],"url":"https:\/\/radioclanfm.com\/clanespectaculos\/author\/admin\/"}]}},"_links":{"self":[{"href":"https:\/\/radioclanfm.com\/clanespectaculos\/wp-json\/wp\/v2\/posts\/1016","targetHints":{"allow":["GET"]}}],"collection":[{"href":"https:\/\/radioclanfm.com\/clanespectaculos\/wp-json\/wp\/v2\/posts"}],"about":[{"href":"https:\/\/radioclanfm.com\/clanespectaculos\/wp-json\/wp\/v2\/types\/post"}],"author":[{"embeddable":true,"href":"https:\/\/radioclanfm.com\/clanespectaculos\/wp-json\/wp\/v2\/users\/1"}],"replies":[{"embeddable":true,"href":"https:\/\/radioclanfm.com\/clanespectaculos\/wp-json\/wp\/v2\/comments?post=1016"}],"version-history":[{"count":1,"href":"https:\/\/radioclanfm.com\/clanespectaculos\/wp-json\/wp\/v2\/posts\/1016\/revisions"}],"predecessor-version":[{"id":1020,"href":"https:\/\/radioclanfm.com\/clanespectaculos\/wp-json\/wp\/v2\/posts\/1016\/revisions\/1020"}],"wp:featuredmedia":[{"embeddable":true,"href":"https:\/\/radioclanfm.com\/clanespectaculos\/wp-json\/wp\/v2\/media\/1019"}],"wp:attachment":[{"href":"https:\/\/radioclanfm.com\/clanespectaculos\/wp-json\/wp\/v2\/media?parent=1016"}],"wp:term":[{"taxonomy":"category","embeddable":true,"href":"https:\/\/radioclanfm.com\/clanespectaculos\/wp-json\/wp\/v2\/categories?post=1016"},{"taxonomy":"post_tag","embeddable":true,"href":"https:\/\/radioclanfm.com\/clanespectaculos\/wp-json\/wp\/v2\/tags?post=1016"}],"curies":[{"name":"wp","href":"https:\/\/api.w.org\/{rel}","templated":true}]}}